

{"id":10344,"date":"2015-02-26T16:18:23","date_gmt":"2015-02-26T15:18:23","guid":{"rendered":"https:\/\/www.minicrm.hu\/?p=10344"},"modified":"2016-01-30T17:39:37","modified_gmt":"2016-01-30T16:39:37","slug":"uj-cikksorozat-kkv-kozossegi-media-a-tol-z-ig","status":"publish","type":"post","link":"https:\/\/www.minicrm.hu\/blog\/2015\/02-26\/uj-cikksorozat-kkv-kozossegi-media-a-tol-z-ig\/","title":{"rendered":"\u00daj cikksorozat: KKV k\u00f6z\u00f6ss\u00e9gi m\u00e9dia A-t\u00f3l Z-ig"},"content":{"rendered":"<p><strong>\u00dajabb szakmai, online marketing t\u00e9mak\u00f6rt feldolgoz\u00f3 cikksorozatot ind\u00edtunk, melyben a c\u00e9ges k\u00f6z\u00f6ss\u00e9gi m\u00e9diahaszn\u00e1latot fogjuk g\u00f3rcs\u0151 al\u00e1 venni.<\/strong><\/p>\n<p>A k\u00f6vetkez\u0151 7 cikkben megvizsg\u00e1ljuk, hogy mi\u00e9rt is van sz\u00fcks\u00e9g a k\u00f6z\u00f6ss\u00e9gi oldalak TUDATOS \u00e9s KONCEPCION\u00c1LIS haszn\u00e1lat\u00e1ra, valamint megismerj\u00fck a magyar c\u00e9gek sz\u00e1m\u00e1ra is valid, kihagyhatatlan k\u00f6z\u00f6ss\u00e9gi sz\u00edntereket.<\/p>\n<p>Blogunk k\u00f6vet\u0151inek sz\u00e1mottev\u0151 r\u00e9sze v\u00e9lhet\u0151en haszn\u00e1l is ilyen c\u00e9ges k\u00f6z\u00f6ss\u00e9gi oldalakat, ahol term\u00e9k\u00e9r\u0151l vagy szolg\u00e1ltat\u00e1s\u00e1r\u00f3l ad inform\u00e1ci\u00f3kat. A magyar c\u00e9gek k\u00f6z\u00f6tt egyre elterjedtebb \u00e9s m\u00e1r a mikro szektorban is teljesen ismert \u00e9s elfogadott az, hogy egy c\u00e9gnek \u201evan Facebookja\u201d.<\/p>\n<p>Tal\u00e1n m\u00e9g id\u0151t nem sp\u00f3rolva oda is figyeltek r\u00e1, az asszisztensre b\u00edzz\u00e1tok a tartalmak megoszt\u00e1s\u00e1t, \u00e1m enn\u00e9l tov\u00e1bb sajnos m\u00e1r j\u00f3val kisebb sz\u00e1zal\u00e9k jut.<\/p>\n<p><a href=\"https:\/\/minicrm-wp-hu.s3.amazonaws.com\/uploads\/2015\/02\/shutterstock_193510067.jpg\"><img loading=\"lazy\" decoding=\"async\" onerror=\"this.src='https:\/\/minicrm-wp-hu.s3.amazonaws.com\/uploads\/2021\/04\/MC_logo_2021_G-Dark.svg'\" class=\"aligncenter size-full wp-image-10346\" src=\"https:\/\/minicrm-wp-hu.s3.amazonaws.com\/uploads\/2015\/02\/shutterstock_193510067.jpg\" alt=\"A k\u00f6z\u00f6ss\u00e9gi m\u00e9dia KKV felhaszn\u00e1l\u00e1sa - cikksorozat\" width=\"1100\" height=\"753\" srcset=\"https:\/\/minicrm-wp-hu.s3.amazonaws.com\/uploads\/2015\/02\/shutterstock_193510067.jpg 1100w, https:\/\/minicrm-wp-hu.s3.amazonaws.com\/uploads\/2015\/02\/shutterstock_193510067-300x205.jpg 300w, https:\/\/minicrm-wp-hu.s3.amazonaws.com\/uploads\/2015\/02\/shutterstock_193510067-587x402.jpg 587w, https:\/\/minicrm-wp-hu.s3.amazonaws.com\/uploads\/2015\/02\/shutterstock_193510067-438x300.jpg 438w\" sizes=\"auto, (max-width: 1100px) 100vw, 1100px\" \/><\/a><\/p>\n<p>Tarts vel\u00fcnk, k\u00f6vesd cikksorozatunkat \u00e9s a <a title=\"KKV web strat\u00e9gia cikksorozat\" href=\"https:\/\/www.minicrm.hu\/blog\/2014\/09-02\/igy-legyen-jo-kkv-web-strategiaja-hogyan-letezzen-cegunk-weben-cikksorozat\/\">web strat\u00e9gi\u00e1hoz<\/a> hasonl\u00f3an ebben a t\u00e9m\u00e1ban is tegy\u00e9l szert val\u00f3s, haszn\u00e1lhat\u00f3, \u00e9vr\u0151l-\u00e9vre n\u00e9lk\u00fcl\u00f6zhetetlenebb tud\u00e1sra.<\/p>\n<p><strong>Mi\u00e9rt van erre sz\u00fcks\u00e9g egy\u00e1ltal\u00e1n?<\/strong><\/p>\n<p>A v\u00e1lasz egyszer\u0171: mert minden v\u00e1s\u00e1rl\u00f3 \u00e9s szem\u00e9ly online van. Ez\u00e9rt kell neked\u00a0is online lenned. M\u00e9g ha csak a sz\u00e1mokat is n\u00e9zz\u00fck, j\u00f3l kiolvashat\u00f3, hogy ennek az online t\u00f6lt\u00f6tt id\u0151nek a nagy sz\u00e1zal\u00e9k\u00e1t a k\u00f6z\u00f6ss\u00e9gi oldalakon v\u00e9gzik az emberek. Ott l\u00e9pnek kapcsolatba egym\u00e1ssal, besz\u00e9lgetnek, megosztanak tartalmakat, aj\u00e1nlanak term\u00e9keket, k\u00f6vetnek \u00e9rdekes oldalakat \u00e9s c\u00e9geket. Teh\u00e1t a k\u00f6z\u00f6ss\u00e9gi oldalakon fejezik ki \u00e9rdekl\u0151d\u00e9s\u00fcket.<\/p>\n<p>A mai k\u00f6z\u00f6ss\u00e9gi oldalak megfelelnek a sz\u00e1zad eleji k\u00e1v\u00e9z\u00f3knak \u00e9s k\u00f6z\u00f6ss\u00e9gi tereknek, ahol az ember kort\u00f3l, t\u00e1rsadalmi besorol\u00e1st\u00f3l \u00e9s \u00e9rdekl\u0151d\u00e9st\u0151l f\u00fcgg\u0151en t\u00f6lt\u00f6tte az idej\u00e9t. Ezt most is megteszi, csak \u00e9ppen online.<\/p>\n<p>Ezt al\u00e1t\u00e1masztand\u00f3, \u00edme n\u00e9h\u00e1ny adat a k\u00f6z\u00f6ss\u00e9gi oldalakr\u00f3l: India \u00e9s K\u00edna ut\u00e1n a Facebook lenne a harmadik legnagyobb orsz\u00e1g a vil\u00e1gon a t\u00f6bb mint egy milli\u00e1rd \u201elakos\u00e1val\u201d. Az internetez\u0151 feln\u0151ttek 72%-a haszn\u00e1l k\u00f6z\u00f6ss\u00e9gi oldalt. A 18-29-es koroszt\u00e1ly 89%-a tal\u00e1lhat\u00f3 meg valamelyik k\u00f6z\u00f6ss\u00e9gi oldalon. \u00c9s nem mell\u00e9kesen az amerikaiak t\u00f6bb mint 60%-a rendelkezik okostelefonnal, ami j\u00f3l mutatja, hogy az \u00edgy megszerzett 0-24 \u00f3r\u00e1s online kontroll elengedhetetlen az oldaladon, hiszen a felhaszn\u00e1l\u00f3k b\u00e1rmikor hozz\u00e1d navig\u00e1lhatnak.<\/p>\n<p>Ezek a sz\u00e1mok egy\u00e9rtelm\u0171ek \u00e9s minden \u00e9rv felett \u00e1llnak. \u00c9s ezek a sz\u00e1mok magyar\u00e1zz\u00e1k azt a lehet\u0151s\u00e9get, melyet a k\u00f6z\u00f6ss\u00e9gi oldalak rejtenek magukban a c\u00e9ged sz\u00e1m\u00e1ra. Itt k\u00f6lts\u00e9ghat\u00e9kony m\u00f3don, interakt\u00edvan tudsz kapcsolatba l\u00e9pni, s\u0151t, kapcsolatot \u00e9p\u00edteni a k\u00f6z\u00f6ns\u00e9geddel, azaz a v\u00e1s\u00e1rl\u00f3iddal.<\/p>\n<p><strong>Tudatoss\u00e1g<\/strong><\/p>\n<p>Persze ez eddig mind sz\u00e9p \u00e9s j\u00f3, v\u00e9lhet\u0151en t\u00f6bbs\u00e9geteknek mindez m\u00e1r nem \u00fajdons\u00e1g. \u00c1m m\u00e9gis h\u00e1nyan rendelkeznek tudatos, <a title=\"KKV k\u00f6z\u00f6ss\u00e9gi m\u00e9dia\" href=\"https:\/\/www.minicrm.hu\/blog\/2014\/11-04\/igy-legyen-jo-kkv-web-strategiaja-5-resz-kozossegi-media\/\" target=\"_blank\">koncepcion\u00e1lis social media aktivit\u00e1ssal<\/a>? Ha mindenki mag\u00e1ba n\u00e9z, akkor sokan bevallhatj\u00e1tok magatoknak, hogy k\u00f6zel sem gondolkodtok el\u00e9g szigor\u00faan a k\u00f6z\u00f6ss\u00e9gi oldalakkal kapcsolatban, \u00e9s v\u00e9lhet\u0151en messze nem annyi tudatoss\u00e1ggal kezelitek azokat, mint ahogy lehetne.<\/p>\n<p><a href=\"https:\/\/minicrm-wp-hu.s3.amazonaws.com\/uploads\/2015\/02\/shutterstock_193801097.jpg\"><img loading=\"lazy\" decoding=\"async\" onerror=\"this.src='https:\/\/minicrm-wp-hu.s3.amazonaws.com\/uploads\/2021\/04\/MC_logo_2021_G-Dark.svg'\" class=\"aligncenter size-full wp-image-10347\" src=\"https:\/\/minicrm-wp-hu.s3.amazonaws.com\/uploads\/2015\/02\/shutterstock_193801097.jpg\" alt=\"A k\u00f6z\u00f6ss\u00e9gi m\u00e9dia KKV felhaszn\u00e1l\u00e1sa - cikksorozat\" width=\"1100\" height=\"734\" srcset=\"https:\/\/minicrm-wp-hu.s3.amazonaws.com\/uploads\/2015\/02\/shutterstock_193801097.jpg 1100w, https:\/\/minicrm-wp-hu.s3.amazonaws.com\/uploads\/2015\/02\/shutterstock_193801097-300x200.jpg 300w, https:\/\/minicrm-wp-hu.s3.amazonaws.com\/uploads\/2015\/02\/shutterstock_193801097-602x402.jpg 602w, https:\/\/minicrm-wp-hu.s3.amazonaws.com\/uploads\/2015\/02\/shutterstock_193801097-450x300.jpg 450w\" sizes=\"auto, (max-width: 1100px) 100vw, 1100px\" \/><\/a><\/p>\n<p>Term\u00e9szetesen a <a title=\"KKV k\u00f6z\u00f6ss\u00e9gi m\u00e9dia\" href=\"https:\/\/www.minicrm.hu\/blog\/2014\/11-04\/igy-legyen-jo-kkv-web-strategiaja-5-resz-kozossegi-media\/\" target=\"_blank\">k\u00f6z\u00f6ss\u00e9gi m\u00e9di\u00e1kra vonatkoz\u00f3 strat\u00e9gi\u00e1ra<\/a> r\u00e9szletesen is kit\u00e9r\u00fcnk, de a koncepcion\u00e1lis gondolkod\u00e1st \u00e9rdemes a c\u00e9lk\u00f6z\u00f6ns\u00e9g meghat\u00e1roz\u00e1s\u00e1val kezdeni. Rengeteg lehet\u0151s\u00e9ged van arra, hogy legal\u00e1bb egy hozz\u00e1vet\u0151leges k\u00e9pet kapj azokr\u00f3l, akik v\u00e9lhet\u0151en kedvelik a m\u00e1rk\u00e1dat.<\/p>\n<ul>\n<li>Weboldal analitikai adatok.<\/li>\n<li>\u00dcgyfeleink elemz\u00e9se.<\/li>\n<li>Saj\u00e1t tapasztalat.<\/li>\n<li>Hasonl\u00f3 m\u00e1rk\u00e1k oldalainak, k\u00f6z\u00f6ss\u00e9gi m\u00e9diumainak vizsg\u00e1lata.<\/li>\n<\/ul>\n<p>Ezek mind olyan lehet\u0151s\u00e9gek, melyek \u201ek\u00e9zn\u00e9l vannak\u201d, csak meg kell \u0151ket vizsg\u00e1lni. Ha megvan, hogy kikhez sz\u00f3lunk, akkor m\u00e1r csak azt kell meghat\u00e1roznod, <a title=\"KKV tartalommarketing\" href=\"https:\/\/www.minicrm.hu\/blog\/2014\/09-13\/igy-legyen-jo-kkv-web-strategiaja-2-resz-tartalommarketing\/\" target=\"_blank\">hogy mit sz\u00f3ljunk<\/a>. Mi lehet az, ami ezeket a potenci\u00e1lis v\u00e1s\u00e1rl\u00f3kat, azaz a k\u00f6vet\u0151idet \u00e9rdekelhetik? Term\u00e9szetesen a v\u00e1lasz \u00f6sszetett, de egy\u00e9rtelm\u0171: nem kiz\u00e1r\u00f3lag az \u00e1ltalad forgalmazott term\u00e9kek \u00e9s kapcsol\u00f3d\u00f3 inform\u00e1ci\u00f3k. Azok is, de nem csak azok.<\/p>\n<p>A tudatoss\u00e1g m\u00e1sik\u00a0alapt\u00e9zise, hogy nem darabra m\u00e9sz, hanem min\u0151s\u00e9gre. 10 relev\u00e1ns \u00e9s akt\u00edv k\u00f6vet\u0151 sokkal t\u00f6bbet \u00e9r, mint 100 olyan, aki m\u00e1r v\u00e1s\u00e1rolt, vagy teljesen passz\u00edv. A k\u00f6z\u00f6ss\u00e9gi oldalak mechanik\u00e1ja azt mondja, hogy ha a k\u00f6vet\u0151idnek \u00e9rdekes t\u00e9m\u00e1kat t\u00e1lalsz, akkor \u0151k aktivit\u00e1ssal reag\u00e1lnak. \u00cdgy a folyamatos kapcsolat miatt te is el\u00e9red \u0151ket. Ez az el\u00e9r\u00e9s, ez az interakci\u00f3 az, ami mozgatja a k\u00f6z\u00f6ss\u00e9gi oldalakat \u00e9s egyfajta min\u0151s\u00e9gi k\u00e9nyszerben is igyekszik tartani azt.<\/p>\n<p><strong>A cikksorozat<\/strong><\/p>\n<p>A fenti alapgondolatokon fel\u00fcl term\u00e9szetesen m\u00e9lyebb szakmai bemutat\u00e1sba \u00e9s elemz\u00e9sbe is belemegy\u00fcnk. A k\u00f6vetkez\u0151 7 r\u00e9szes cikksorozatban v\u00e9gigvessz\u00fck a legfontosabb k\u00f6z\u00f6ss\u00e9gi oldalakat, melyeket egy magyar KKV-nak \u00e9rdemes haszn\u00e1lnia. Megvizsg\u00e1ljuk, hogy melyikn\u00e9l milyen strat\u00e9gi\u00e1t, \u00fczleti hozz\u00e1\u00e1ll\u00e1st \u00e9rdemes alkalmazni, valamint milyen technik\u00e1kkal \u00e9s tartalmi elemekkel tudod mindezt sikerre vinni.<\/p>\n<p>Rem\u00e9lj\u00fck, hogy ez\u00fattal is vel\u00fcnk tartotok!<\/p>\n<ul>\n<li><a href=\"https:\/\/www.minicrm.hu\/blog\/2015\/02-26\/uj-cikksorozat-kkv-kozossegi-media-a-tol-z-ig\/\"><strong>Cikksorozat bevezet\u0151<\/strong><\/a><\/li>\n<li><a href=\"https:\/\/www.minicrm.hu\/blog\/2015\/03-03\/kkv-kozossegi-media-tol-z-ig-2-resz-alap-tudaskeszlet\/\"><strong>Alap tud\u00e1sk\u00e9szlet egy k\u00f6z\u00f6ss\u00e9gi oldal \u00fczemeltet\u00e9s\u00e9hez<\/strong><\/a><\/li>\n<li><strong><a href=\"https:\/\/www.minicrm.hu\/blog\/2015\/04-13\/kkv-kozossegi-media-a-tol-z-ig-3-resz-facebook-es-google-plus\/\" target=\"_blank\">A Facebook \u00e9s a Google Plus<\/a><\/strong><\/li>\n<li><a href=\"https:\/\/www.minicrm.hu\/blog\/2015\/06-11\/kkv-kozossegi-media-4-resz-twitter-es-linkedin\/\" target=\"_blank\"><strong>Kistes\u00f3k: Twitter \u00e9s a LinkedIn<\/strong><\/a><\/li>\n<li><strong><a href=\"https:\/\/www.minicrm.hu\/blog\/2015\/08-22\/kkv-kozossegi-media-5-resz-multimedia\/\" target=\"_blank\">M\u00e9dia vil\u00e1ga: YouTube, Vimeo \u00e9s Ustream<\/a><\/strong><\/li>\n<li><strong><a href=\"https:\/\/www.minicrm.hu\/blog\/2015\/10-05\/kkv-kozossegi-media-6-resz-kepben-van-a-lenyeg\/\" target=\"_blank\">K\u00e9pben van a l\u00e9nyeg: Instagram, Pinterest, FlickR<\/a><\/strong><\/li>\n<li><strong><a href=\"https:\/\/www.minicrm.hu\/blog\/2015\/11-19\/kkv-kozossegi-media-a-tol-z-ig-zaro-gondolatok\/\" target=\"_blank\">\u00d6sszefoglal\u00f3, z\u00e1r\u00f3 gondolatok<\/a><\/strong><\/li>\n<\/ul>\n<p><strong>Cikkaj\u00e1nl\u00f3<\/strong>: <a href=\"https:\/\/www.minicrm.hu\/blog\/2014\/09-02\/igy-legyen-jo-kkv-web-strategiaja-hogyan-letezzen-cegunk-weben-cikksorozat\/\">KKV web strat\u00e9gia cikksorozat<\/a><\/p>\n","protected":false},"excerpt":{"rendered":"<p>\u00dajabb szakmai, online marketing t\u00e9mak\u00f6rt feldolgoz\u00f3 cikksorozatot ind\u00edtunk, melyben a c\u00e9ges k\u00f6z\u00f6ss\u00e9gi m\u00e9diahaszn\u00e1latot fogjuk g\u00f3rcs\u0151 al\u00e1 venni. A k\u00f6vetkez\u0151 7 cikkben megvizsg\u00e1ljuk, hogy mi\u00e9rt is van sz\u00fcks\u00e9g a k\u00f6z\u00f6ss\u00e9gi oldalak TUDATOS \u00e9s KONCEPCION\u00c1LIS haszn\u00e1lat\u00e1ra, valamint megismerj\u00fck a magyar c\u00e9gek sz\u00e1m\u00e1ra is valid, kihagyhatatlan k\u00f6z\u00f6ss\u00e9gi sz\u00edntereket. Blogunk k\u00f6vet\u0151inek sz\u00e1mottev\u0151 r\u00e9sze v\u00e9lhet\u0151en haszn\u00e1l is ilyen c\u00e9ges k\u00f6z\u00f6ss\u00e9gi [&hellip;]<\/p>\n","protected":false},"author":66,"featured_media":10345,"comment_status":"open","ping_status":"closed","sticky":false,"template":"","format":"gallery","meta":{"inline_featured_image":false,"footnotes":""},"categories":[174],"tags":[349,219],"class_list":["post-10344","post","type-post","status-publish","format-gallery","has-post-thumbnail","hentry","category-marketing","tag-kozossegi-media","tag-online-marketing","post_format-post-format-gallery"],"yoast_head":"<!-- This site is optimized with the Yoast SEO plugin v27.1.1 - https:\/\/yoast.com\/product\/yoast-seo-wordpress\/ -->\n<title>\u00daj cikksorozat: KKV k\u00f6z\u00f6ss\u00e9gi m\u00e9dia A-t\u00f3l Z-ig<\/title>\n<meta name=\"description\" content=\"\u00daj cikksorozat a k\u00f6z\u00f6ss\u00e9gi m\u00e9di\u00e1r\u00f3l a magyar KKV-k r\u00e9sz\u00e9re. Mit, mikor, mi\u00e9rt kell haszn\u00e1lnia egy magyar k\u00f6z\u00e9pv\u00e1llalkoz\u00e1snak?\" \/>\n<meta name=\"robots\" content=\"index, follow, max-snippet:-1, max-image-preview:large, max-video-preview:-1\" \/>\n<link rel=\"canonical\" href=\"https:\/\/www.minicrm.hu\/blog\/2015\/02-26\/uj-cikksorozat-kkv-kozossegi-media-a-tol-z-ig\/\" \/>\n<meta property=\"og:locale\" content=\"hu_HU\" \/>\n<meta property=\"og:type\" content=\"article\" \/>\n<meta property=\"og:title\" content=\"\u00daj cikksorozat: KKV k\u00f6z\u00f6ss\u00e9gi m\u00e9dia A-t\u00f3l Z-ig\" \/>\n<meta property=\"og:description\" content=\"\u00daj cikksorozat a k\u00f6z\u00f6ss\u00e9gi m\u00e9di\u00e1r\u00f3l a magyar KKV-k r\u00e9sz\u00e9re. Mit, mikor, mi\u00e9rt kell haszn\u00e1lnia egy magyar k\u00f6z\u00e9pv\u00e1llalkoz\u00e1snak?\" \/>\n<meta property=\"og:url\" content=\"https:\/\/www.minicrm.hu\/blog\/2015\/02-26\/uj-cikksorozat-kkv-kozossegi-media-a-tol-z-ig\/\" \/>\n<meta property=\"og:site_name\" content=\"MiniCRM Blog\" \/>\n<meta property=\"article:published_time\" content=\"2015-02-26T15:18:23+00:00\" \/>\n<meta property=\"article:modified_time\" content=\"2016-01-30T16:39:37+00:00\" \/>\n<meta property=\"og:image\" content=\"https:\/\/minicrm-wp-hu.s3.amazonaws.com\/uploads\/2015\/02\/shutterstock_111055613.jpg\" \/>\n\t<meta property=\"og:image:width\" content=\"1100\" \/>\n\t<meta property=\"og:image:height\" content=\"893\" \/>\n\t<meta property=\"og:image:type\" content=\"image\/jpeg\" \/>\n<meta name=\"author\" content=\"MiniCRM\" \/>\n<meta name=\"twitter:label1\" content=\"Szerz\u0151:\" \/>\n\t<meta name=\"twitter:data1\" content=\"MiniCRM\" \/>\n\t<meta name=\"twitter:label2\" content=\"Becs\u00fclt olvas\u00e1si id\u0151\" \/>\n\t<meta name=\"twitter:data2\" content=\"5 perc\" \/>\n<script type=\"application\/ld+json\" class=\"yoast-schema-graph\">{\"@context\":\"https:\/\/schema.org\",\"@graph\":[{\"@type\":\"Article\",\"@id\":\"https:\/\/www.minicrm.hu\/blog\/2015\/02-26\/uj-cikksorozat-kkv-kozossegi-media-a-tol-z-ig\/#article\",\"isPartOf\":{\"@id\":\"https:\/\/www.minicrm.hu\/blog\/2015\/02-26\/uj-cikksorozat-kkv-kozossegi-media-a-tol-z-ig\/\"},\"author\":{\"name\":\"MiniCRM\",\"@id\":\"https:\/\/www.minicrm.hu\/blog\/#\/schema\/person\/069da389ff66e1b062bfea11f5435219\"},\"headline\":\"\u00daj cikksorozat: KKV k\u00f6z\u00f6ss\u00e9gi m\u00e9dia A-t\u00f3l Z-ig\",\"datePublished\":\"2015-02-26T15:18:23+00:00\",\"dateModified\":\"2016-01-30T16:39:37+00:00\",\"mainEntityOfPage\":{\"@id\":\"https:\/\/www.minicrm.hu\/blog\/2015\/02-26\/uj-cikksorozat-kkv-kozossegi-media-a-tol-z-ig\/\"},\"wordCount\":1043,\"commentCount\":0,\"publisher\":{\"@id\":\"https:\/\/www.minicrm.hu\/blog\/#organization\"},\"image\":{\"@id\":\"https:\/\/www.minicrm.hu\/blog\/2015\/02-26\/uj-cikksorozat-kkv-kozossegi-media-a-tol-z-ig\/#primaryimage\"},\"thumbnailUrl\":\"https:\/\/minicrm-wp-hu.s3.amazonaws.com\/uploads\/2015\/02\/shutterstock_111055613.jpg\",\"keywords\":[\"K\u00f6z\u00f6ss\u00e9gi m\u00e9dia\",\"Online marketing\"],\"articleSection\":[\"Marketing\"],\"inLanguage\":\"hu\",\"potentialAction\":[{\"@type\":\"CommentAction\",\"name\":\"Comment\",\"target\":[\"https:\/\/www.minicrm.hu\/blog\/2015\/02-26\/uj-cikksorozat-kkv-kozossegi-media-a-tol-z-ig\/#respond\"]}]},{\"@type\":\"WebPage\",\"@id\":\"https:\/\/www.minicrm.hu\/blog\/2015\/02-26\/uj-cikksorozat-kkv-kozossegi-media-a-tol-z-ig\/\",\"url\":\"https:\/\/www.minicrm.hu\/blog\/2015\/02-26\/uj-cikksorozat-kkv-kozossegi-media-a-tol-z-ig\/\",\"name\":\"\u00daj cikksorozat: KKV k\u00f6z\u00f6ss\u00e9gi m\u00e9dia A-t\u00f3l Z-ig\",\"isPartOf\":{\"@id\":\"https:\/\/www.minicrm.hu\/blog\/#website\"},\"primaryImageOfPage\":{\"@id\":\"https:\/\/www.minicrm.hu\/blog\/2015\/02-26\/uj-cikksorozat-kkv-kozossegi-media-a-tol-z-ig\/#primaryimage\"},\"image\":{\"@id\":\"https:\/\/www.minicrm.hu\/blog\/2015\/02-26\/uj-cikksorozat-kkv-kozossegi-media-a-tol-z-ig\/#primaryimage\"},\"thumbnailUrl\":\"https:\/\/minicrm-wp-hu.s3.amazonaws.com\/uploads\/2015\/02\/shutterstock_111055613.jpg\",\"datePublished\":\"2015-02-26T15:18:23+00:00\",\"dateModified\":\"2016-01-30T16:39:37+00:00\",\"description\":\"\u00daj cikksorozat a k\u00f6z\u00f6ss\u00e9gi m\u00e9di\u00e1r\u00f3l a magyar KKV-k r\u00e9sz\u00e9re. Mit, mikor, mi\u00e9rt kell haszn\u00e1lnia egy magyar k\u00f6z\u00e9pv\u00e1llalkoz\u00e1snak?\",\"breadcrumb\":{\"@id\":\"https:\/\/www.minicrm.hu\/blog\/2015\/02-26\/uj-cikksorozat-kkv-kozossegi-media-a-tol-z-ig\/#breadcrumb\"},\"inLanguage\":\"hu\",\"potentialAction\":[{\"@type\":\"ReadAction\",\"target\":[\"https:\/\/www.minicrm.hu\/blog\/2015\/02-26\/uj-cikksorozat-kkv-kozossegi-media-a-tol-z-ig\/\"]}]},{\"@type\":\"ImageObject\",\"inLanguage\":\"hu\",\"@id\":\"https:\/\/www.minicrm.hu\/blog\/2015\/02-26\/uj-cikksorozat-kkv-kozossegi-media-a-tol-z-ig\/#primaryimage\",\"url\":\"https:\/\/minicrm-wp-hu.s3.amazonaws.com\/uploads\/2015\/02\/shutterstock_111055613.jpg\",\"contentUrl\":\"https:\/\/minicrm-wp-hu.s3.amazonaws.com\/uploads\/2015\/02\/shutterstock_111055613.jpg\",\"width\":1100,\"height\":893,\"caption\":\"A k\u00f6z\u00f6ss\u00e9gi m\u00e9dia KKV felhaszn\u00e1l\u00e1sa - cikksorozat\"},{\"@type\":\"BreadcrumbList\",\"@id\":\"https:\/\/www.minicrm.hu\/blog\/2015\/02-26\/uj-cikksorozat-kkv-kozossegi-media-a-tol-z-ig\/#breadcrumb\",\"itemListElement\":[{\"@type\":\"ListItem\",\"position\":1,\"name\":\"Home\",\"item\":\"https:\/\/www.minicrm.hu\/blog\/\"},{\"@type\":\"ListItem\",\"position\":2,\"name\":\"\u00daj cikksorozat: KKV k\u00f6z\u00f6ss\u00e9gi m\u00e9dia A-t\u00f3l Z-ig\"}]},{\"@type\":\"WebSite\",\"@id\":\"https:\/\/www.minicrm.hu\/blog\/#website\",\"url\":\"https:\/\/www.minicrm.hu\/blog\/\",\"name\":\"MiniCRM Blog\",\"description\":\"CRM Blog\",\"publisher\":{\"@id\":\"https:\/\/www.minicrm.hu\/blog\/#organization\"},\"potentialAction\":[{\"@type\":\"SearchAction\",\"target\":{\"@type\":\"EntryPoint\",\"urlTemplate\":\"https:\/\/www.minicrm.hu\/blog\/?s={search_term_string}\"},\"query-input\":{\"@type\":\"PropertyValueSpecification\",\"valueRequired\":true,\"valueName\":\"search_term_string\"}}],\"inLanguage\":\"hu\"},{\"@type\":\"Organization\",\"@id\":\"https:\/\/www.minicrm.hu\/blog\/#organization\",\"name\":\"MiniCRM Blog\",\"url\":\"https:\/\/www.minicrm.hu\/blog\/\",\"logo\":{\"@type\":\"ImageObject\",\"inLanguage\":\"hu\",\"@id\":\"https:\/\/www.minicrm.hu\/blog\/#\/schema\/logo\/image\/\",\"url\":\"https:\/\/minicrm-wp-hu.s3.amazonaws.com\/uploads\/2021\/04\/cropped-MC-logo-Blog-2021_G-Dark.png\",\"contentUrl\":\"https:\/\/minicrm-wp-hu.s3.amazonaws.com\/uploads\/2021\/04\/cropped-MC-logo-Blog-2021_G-Dark.png\",\"width\":91,\"height\":89,\"caption\":\"MiniCRM Blog\"},\"image\":{\"@id\":\"https:\/\/www.minicrm.hu\/blog\/#\/schema\/logo\/image\/\"}},{\"@type\":\"Person\",\"@id\":\"https:\/\/www.minicrm.hu\/blog\/#\/schema\/person\/069da389ff66e1b062bfea11f5435219\",\"name\":\"MiniCRM\",\"image\":{\"@type\":\"ImageObject\",\"inLanguage\":\"hu\",\"@id\":\"https:\/\/www.minicrm.hu\/blog\/#\/schema\/person\/image\/\",\"url\":\"https:\/\/secure.gravatar.com\/avatar\/dcefd6bba8934b04bb248dd2c1a6d1aefd3e2560e872f17db31afd984ef19a13?s=96&r=g\",\"contentUrl\":\"https:\/\/secure.gravatar.com\/avatar\/dcefd6bba8934b04bb248dd2c1a6d1aefd3e2560e872f17db31afd984ef19a13?s=96&r=g\",\"caption\":\"MiniCRM\"},\"sameAs\":[\"https:\/\/www.minicrm.hu\/\"],\"url\":\"https:\/\/www.minicrm.hu\/blog\/author\/minicrm\/\"}]}<\/script>\n<!-- \/ Yoast SEO plugin. -->","yoast_head_json":{"title":"\u00daj cikksorozat: KKV k\u00f6z\u00f6ss\u00e9gi m\u00e9dia A-t\u00f3l Z-ig","description":"\u00daj cikksorozat a k\u00f6z\u00f6ss\u00e9gi m\u00e9di\u00e1r\u00f3l a magyar KKV-k r\u00e9sz\u00e9re. Mit, mikor, mi\u00e9rt kell haszn\u00e1lnia egy magyar k\u00f6z\u00e9pv\u00e1llalkoz\u00e1snak?","robots":{"index":"index","follow":"follow","max-snippet":"max-snippet:-1","max-image-preview":"max-image-preview:large","max-video-preview":"max-video-preview:-1"},"canonical":"https:\/\/www.minicrm.hu\/blog\/2015\/02-26\/uj-cikksorozat-kkv-kozossegi-media-a-tol-z-ig\/","og_locale":"hu_HU","og_type":"article","og_title":"\u00daj cikksorozat: KKV k\u00f6z\u00f6ss\u00e9gi m\u00e9dia A-t\u00f3l Z-ig","og_description":"\u00daj cikksorozat a k\u00f6z\u00f6ss\u00e9gi m\u00e9di\u00e1r\u00f3l a magyar KKV-k r\u00e9sz\u00e9re. Mit, mikor, mi\u00e9rt kell haszn\u00e1lnia egy magyar k\u00f6z\u00e9pv\u00e1llalkoz\u00e1snak?","og_url":"https:\/\/www.minicrm.hu\/blog\/2015\/02-26\/uj-cikksorozat-kkv-kozossegi-media-a-tol-z-ig\/","og_site_name":"MiniCRM Blog","article_published_time":"2015-02-26T15:18:23+00:00","article_modified_time":"2016-01-30T16:39:37+00:00","og_image":[{"width":1100,"height":893,"url":"https:\/\/minicrm-wp-hu.s3.amazonaws.com\/uploads\/2015\/02\/shutterstock_111055613.jpg","type":"image\/jpeg"}],"author":"MiniCRM","twitter_misc":{"Szerz\u0151:":"MiniCRM","Becs\u00fclt olvas\u00e1si id\u0151":"5 perc"},"schema":{"@context":"https:\/\/schema.org","@graph":[{"@type":"Article","@id":"https:\/\/www.minicrm.hu\/blog\/2015\/02-26\/uj-cikksorozat-kkv-kozossegi-media-a-tol-z-ig\/#article","isPartOf":{"@id":"https:\/\/www.minicrm.hu\/blog\/2015\/02-26\/uj-cikksorozat-kkv-kozossegi-media-a-tol-z-ig\/"},"author":{"name":"MiniCRM","@id":"https:\/\/www.minicrm.hu\/blog\/#\/schema\/person\/069da389ff66e1b062bfea11f5435219"},"headline":"\u00daj cikksorozat: KKV k\u00f6z\u00f6ss\u00e9gi m\u00e9dia A-t\u00f3l Z-ig","datePublished":"2015-02-26T15:18:23+00:00","dateModified":"2016-01-30T16:39:37+00:00","mainEntityOfPage":{"@id":"https:\/\/www.minicrm.hu\/blog\/2015\/02-26\/uj-cikksorozat-kkv-kozossegi-media-a-tol-z-ig\/"},"wordCount":1043,"commentCount":0,"publisher":{"@id":"https:\/\/www.minicrm.hu\/blog\/#organization"},"image":{"@id":"https:\/\/www.minicrm.hu\/blog\/2015\/02-26\/uj-cikksorozat-kkv-kozossegi-media-a-tol-z-ig\/#primaryimage"},"thumbnailUrl":"https:\/\/minicrm-wp-hu.s3.amazonaws.com\/uploads\/2015\/02\/shutterstock_111055613.jpg","keywords":["K\u00f6z\u00f6ss\u00e9gi m\u00e9dia","Online marketing"],"articleSection":["Marketing"],"inLanguage":"hu","potentialAction":[{"@type":"CommentAction","name":"Comment","target":["https:\/\/www.minicrm.hu\/blog\/2015\/02-26\/uj-cikksorozat-kkv-kozossegi-media-a-tol-z-ig\/#respond"]}]},{"@type":"WebPage","@id":"https:\/\/www.minicrm.hu\/blog\/2015\/02-26\/uj-cikksorozat-kkv-kozossegi-media-a-tol-z-ig\/","url":"https:\/\/www.minicrm.hu\/blog\/2015\/02-26\/uj-cikksorozat-kkv-kozossegi-media-a-tol-z-ig\/","name":"\u00daj cikksorozat: KKV k\u00f6z\u00f6ss\u00e9gi m\u00e9dia A-t\u00f3l Z-ig","isPartOf":{"@id":"https:\/\/www.minicrm.hu\/blog\/#website"},"primaryImageOfPage":{"@id":"https:\/\/www.minicrm.hu\/blog\/2015\/02-26\/uj-cikksorozat-kkv-kozossegi-media-a-tol-z-ig\/#primaryimage"},"image":{"@id":"https:\/\/www.minicrm.hu\/blog\/2015\/02-26\/uj-cikksorozat-kkv-kozossegi-media-a-tol-z-ig\/#primaryimage"},"thumbnailUrl":"https:\/\/minicrm-wp-hu.s3.amazonaws.com\/uploads\/2015\/02\/shutterstock_111055613.jpg","datePublished":"2015-02-26T15:18:23+00:00","dateModified":"2016-01-30T16:39:37+00:00","description":"\u00daj cikksorozat a k\u00f6z\u00f6ss\u00e9gi m\u00e9di\u00e1r\u00f3l a magyar KKV-k r\u00e9sz\u00e9re. Mit, mikor, mi\u00e9rt kell haszn\u00e1lnia egy magyar k\u00f6z\u00e9pv\u00e1llalkoz\u00e1snak?","breadcrumb":{"@id":"https:\/\/www.minicrm.hu\/blog\/2015\/02-26\/uj-cikksorozat-kkv-kozossegi-media-a-tol-z-ig\/#breadcrumb"},"inLanguage":"hu","potentialAction":[{"@type":"ReadAction","target":["https:\/\/www.minicrm.hu\/blog\/2015\/02-26\/uj-cikksorozat-kkv-kozossegi-media-a-tol-z-ig\/"]}]},{"@type":"ImageObject","inLanguage":"hu","@id":"https:\/\/www.minicrm.hu\/blog\/2015\/02-26\/uj-cikksorozat-kkv-kozossegi-media-a-tol-z-ig\/#primaryimage","url":"https:\/\/minicrm-wp-hu.s3.amazonaws.com\/uploads\/2015\/02\/shutterstock_111055613.jpg","contentUrl":"https:\/\/minicrm-wp-hu.s3.amazonaws.com\/uploads\/2015\/02\/shutterstock_111055613.jpg","width":1100,"height":893,"caption":"A k\u00f6z\u00f6ss\u00e9gi m\u00e9dia KKV felhaszn\u00e1l\u00e1sa - cikksorozat"},{"@type":"BreadcrumbList","@id":"https:\/\/www.minicrm.hu\/blog\/2015\/02-26\/uj-cikksorozat-kkv-kozossegi-media-a-tol-z-ig\/#breadcrumb","itemListElement":[{"@type":"ListItem","position":1,"name":"Home","item":"https:\/\/www.minicrm.hu\/blog\/"},{"@type":"ListItem","position":2,"name":"\u00daj cikksorozat: KKV k\u00f6z\u00f6ss\u00e9gi m\u00e9dia A-t\u00f3l Z-ig"}]},{"@type":"WebSite","@id":"https:\/\/www.minicrm.hu\/blog\/#website","url":"https:\/\/www.minicrm.hu\/blog\/","name":"MiniCRM Blog","description":"CRM Blog","publisher":{"@id":"https:\/\/www.minicrm.hu\/blog\/#organization"},"potentialAction":[{"@type":"SearchAction","target":{"@type":"EntryPoint","urlTemplate":"https:\/\/www.minicrm.hu\/blog\/?s={search_term_string}"},"query-input":{"@type":"PropertyValueSpecification","valueRequired":true,"valueName":"search_term_string"}}],"inLanguage":"hu"},{"@type":"Organization","@id":"https:\/\/www.minicrm.hu\/blog\/#organization","name":"MiniCRM Blog","url":"https:\/\/www.minicrm.hu\/blog\/","logo":{"@type":"ImageObject","inLanguage":"hu","@id":"https:\/\/www.minicrm.hu\/blog\/#\/schema\/logo\/image\/","url":"https:\/\/minicrm-wp-hu.s3.amazonaws.com\/uploads\/2021\/04\/cropped-MC-logo-Blog-2021_G-Dark.png","contentUrl":"https:\/\/minicrm-wp-hu.s3.amazonaws.com\/uploads\/2021\/04\/cropped-MC-logo-Blog-2021_G-Dark.png","width":91,"height":89,"caption":"MiniCRM Blog"},"image":{"@id":"https:\/\/www.minicrm.hu\/blog\/#\/schema\/logo\/image\/"}},{"@type":"Person","@id":"https:\/\/www.minicrm.hu\/blog\/#\/schema\/person\/069da389ff66e1b062bfea11f5435219","name":"MiniCRM","image":{"@type":"ImageObject","inLanguage":"hu","@id":"https:\/\/www.minicrm.hu\/blog\/#\/schema\/person\/image\/","url":"https:\/\/secure.gravatar.com\/avatar\/dcefd6bba8934b04bb248dd2c1a6d1aefd3e2560e872f17db31afd984ef19a13?s=96&r=g","contentUrl":"https:\/\/secure.gravatar.com\/avatar\/dcefd6bba8934b04bb248dd2c1a6d1aefd3e2560e872f17db31afd984ef19a13?s=96&r=g","caption":"MiniCRM"},"sameAs":["https:\/\/www.minicrm.hu\/"],"url":"https:\/\/www.minicrm.hu\/blog\/author\/minicrm\/"}]}},"_links":{"self":[{"href":"https:\/\/www.minicrm.hu\/blog\/wp-json\/wp\/v2\/posts\/10344","targetHints":{"allow":["GET"]}}],"collection":[{"href":"https:\/\/www.minicrm.hu\/blog\/wp-json\/wp\/v2\/posts"}],"about":[{"href":"https:\/\/www.minicrm.hu\/blog\/wp-json\/wp\/v2\/types\/post"}],"author":[{"embeddable":true,"href":"https:\/\/www.minicrm.hu\/blog\/wp-json\/wp\/v2\/users\/66"}],"replies":[{"embeddable":true,"href":"https:\/\/www.minicrm.hu\/blog\/wp-json\/wp\/v2\/comments?post=10344"}],"version-history":[{"count":7,"href":"https:\/\/www.minicrm.hu\/blog\/wp-json\/wp\/v2\/posts\/10344\/revisions"}],"predecessor-version":[{"id":11508,"href":"https:\/\/www.minicrm.hu\/blog\/wp-json\/wp\/v2\/posts\/10344\/revisions\/11508"}],"wp:featuredmedia":[{"embeddable":true,"href":"https:\/\/www.minicrm.hu\/blog\/wp-json\/wp\/v2\/media\/10345"}],"wp:attachment":[{"href":"https:\/\/www.minicrm.hu\/blog\/wp-json\/wp\/v2\/media?parent=10344"}],"wp:term":[{"taxonomy":"category","embeddable":true,"href":"https:\/\/www.minicrm.hu\/blog\/wp-json\/wp\/v2\/categories?post=10344"},{"taxonomy":"post_tag","embeddable":true,"href":"https:\/\/www.minicrm.hu\/blog\/wp-json\/wp\/v2\/tags?post=10344"}],"curies":[{"name":"wp","href":"https:\/\/api.w.org\/{rel}","templated":true}]}}