

{"id":10510,"date":"2015-03-27T12:08:34","date_gmt":"2015-03-27T11:08:34","guid":{"rendered":"https:\/\/www.minicrm.hu\/blog\/?p=10510"},"modified":"2015-04-04T11:48:26","modified_gmt":"2015-04-04T09:48:26","slug":"interju-a-kozep-europai-noi-startup-verseny-kitalalojaval","status":"publish","type":"post","link":"https:\/\/www.minicrm.hu\/blog\/2015\/03-27\/interju-a-kozep-europai-noi-startup-verseny-kitalalojaval\/","title":{"rendered":"Interj\u00fa a K\u00f6z\u00e9p-Eur\u00f3pai N\u0151i Startup Verseny kital\u00e1l\u00f3j\u00e1val"},"content":{"rendered":"<p>A <a href=\"http:\/\/www.womenstartupcompetition.com\">K\u00f6z\u00e9p-Eur\u00f3pai N\u0151i Startup<\/a> versenyt id\u00e9n m\u00e1sodszor rendezik meg. 11, t\u00f6bbs\u00e9g\u00e9ben n\u0151i tulajdonosokkal\/alap\u00edt\u00f3kkal rendelkez\u0151 startup verseng a megnyerhet\u0151 befektet\u00e9s\u00e9rt \u00e9s az egy\u00e9b d\u00edjak\u00e9rt.<\/p>\n<p>M\u00fcller Tam\u00e1s, a verseny kital\u00e1l\u00f3ja \u00e9rt\u00e9kes\u00edt\u00e9si \u00e9s marketing-szakember, aki m\u00e1r t\u00f6bb, mint hat \u00e9ve seg\u00edti a magyar startupok fejl\u0151d\u00e9s\u00e9t tan\u00e1csad\u00f3k\u00e9nt \u00e9s mentork\u00e9nt, jelenleg t\u00f6bbek k\u00f6z\u00f6tt a Budapest Launchpad k\u00f6zhaszn\u00fa egyes\u00fclet aleln\u00f6kek\u00e9nt, a Hackathon-in-a-box mentorak\u00e9nt, \u00e9s a StartupS\u2019exIt alap\u00edt\u00f3jak\u00e9nt. Tam\u00e1ssal arr\u00f3l besz\u00e9lgett\u00fcnk, honnan j\u00f6tt a verseny \u00f6tlete, hogyan lehet egy startup-versenyt megval\u00f3s\u00edtani, \u00e9s mit tan\u00e1csol a hazai startupoknak.<\/p>\n<p><strong>&#8211; Hogyan j\u00f6tt a verseny \u00f6tlete?<\/strong><\/p>\n<p>Kor\u00e1bban is voltak \u00f6tleteink, amelyekkel n\u0151ket c\u00e9lcsoportot pr\u00f3b\u00e1ltuk t\u00e1mogatni \u2013 ilyen volt az ingyenfoto.hu amit egy fot\u00f3s bar\u00e1tom tal\u00e1lt ki, hogy seg\u00edts\u00e9get ny\u00fajtson azoknak a modelleknek, akikkel kifizettetnek 200-300 ezer forintot egy olyan portf\u00f3li\u00f3\u00e9rt, amit azt\u00e1n nem tudnak majd haszn\u00e1lni.<\/p>\n<p>Azt\u00e1n persze kider\u00fclt, hogy nem csak a modelleket seg\u00edti egy ilyen v\u00e1llalkoz\u00e1s \u2013 rengeteg olyan telefon j\u00f6tt, amiben anyuk\u00e1k k\u00e9telkedtek abban, hogy r\u00f3luk lehets\u00e9ges j\u00f3 k\u00e9pet csin\u00e1lni, amire a h\u00e1romgyerekes asszisztens\u00fck \u00e1tk\u00fcldte a r\u00f3la k\u00e9sz\u00fclt k\u00e9peket, hogy meggy\u0151zze az \u00e9rdekl\u0151d\u0151ket. Ez a projekt t\u00e9nyleg megmutatta, hogy seg\u00edt\u0151 sz\u00e1nd\u00e9kkal mekkora v\u00e1ltoz\u00e1sokat, \u00f6nbizalomn\u00f6vel\u00e9st lehet el\u00e9rni.<\/p>\n<p>A CarnationGroup (ma Possible) keret\u00e9ben is seg\u00edtettem szervezni nemzetk\u00f6zi versenyeket, teh\u00e1t az \u00f6tlet, hogy legyen egy startup verseny, soha nem \u00e1llt t\u00e1vol a gondolataimt\u00f3l. Az, hogy ezt k\u00fcl\u00f6n, n\u0151k sz\u00e1m\u00e1ra tegy\u00fck el\u00e9rhet\u0151v\u00e9, igaz\u00e1b\u00f3l onnan j\u00f6tt, hogy a kor\u00e1bbi versenyeken megjelen\u0151 projektekb\u0151l sok esetben hi\u00e1nyzott egyfajta n\u0151i finoms\u00e1g, \u00e9rz\u00e9kenys\u00e9g \u2013 a projektek <em>geek<\/em> jelleg\u0171ek voltak, nagyon profit-orient\u00e1ltak.<\/p>\n<p>Innen j\u00f6tt az \u00f6tlet, hogy legyen egy n\u0151i startup-verseny, ahol egy m\u00e1sik szeml\u00e9let is megnyilv\u00e1nulhat. Ez\u00e9rt gondoltuk, hogy l\u00e9trehozunk egy olyan versenyt, ahol a n\u0151k\u00e9 a f\u0151szerep \u2013 de nem elszepar\u00e1ltan a f\u00e9rfiakt\u00f3l. Nem volt el\u0151\u00edrva, hogy 100%-ban n\u0151k legyenek a startup munkat\u00e1rsai, csak n\u0151i tulajdonost\u00f6bbs\u00e9gnek kellett lennie.<\/p>\n<p>Eur\u00f3p\u00e1ban ma mind\u00f6ssze 21% a n\u0151i alap\u00edt\u00e1s\u00fa v\u00e1llalkoz\u00e1sok ar\u00e1nya. Az\u00e9rt is hoztuk l\u00e9tre ezt a rendezv\u00e9nyt, hogy ezt az ar\u00e1nyt egy kicsit seg\u00edts\u00fck emelni, hogy azt az alulreprezent\u00e1lt r\u00e9teget, amit ma a n\u0151i startupperek jelentenek, a figyelem k\u00f6z\u00e9ppontj\u00e1ba helyezz\u00fck.<\/p>\n<p>Hisz\u00fcnk abban, hogy ezek a n\u0151k fogj\u00e1k tudni a k\u00f6vetkez\u0151 gener\u00e1ci\u00f3t seg\u00edteni \u2013 a jelenlegi, befektet\u00e9st kap\u00f3 n\u0151i startupperek lesznek a k\u00f6vetkez\u0151 befektet\u0151k.<\/p>\n<p><strong>&#8211; Mi t\u00f6rt\u00e9nt a tavalyi versenyz\u0151kkel? M\u00e9g kapcsolatban vagytok vel\u00fck?<\/strong><\/p>\n<p>Kapcsolatban vagyunk, a r\u00e9sztvev\u0151k egym\u00e1ssal is besz\u00e9lgetnek. A tavalyi nyertes az id\u00e9n egy 400 ezer doll\u00e1ros befektet\u00e9st nyert Los Angelesben a legnagyobb CES rendezv\u00e9nyen; egy m\u00e1sik, horv\u00e1t startup pedig a r\u00e9gi\u00f3j\u00e1ban seg\u00edti a startup-k\u00f6z\u00f6ss\u00e9get \u2013 f\u0151leg n\u0151knek adva \u00e1t a megtanultakat.<\/p>\n<p>&#8211; Van-e v\u00e1ltoz\u00e1s a tavalyi versenyhez k\u00e9pest \u00e9rdekl\u0151d\u00e9s tekintet\u00e9ben?<\/p>\n<p>T\u00f6bben jelentkeztek, mint tavaly \u2013 sokan m\u00e9g a r\u00e9gi\u00f3n k\u00edv\u00fclr\u0151l is, chilei, brazil jelentkez\u0151 is volt, akiket el kellett sajnos utas\u00edtanunk, ha nem tal\u00e1ltunk helyi k\u00f6t\u0151d\u00e9st.<\/p>\n<p>Min\u0151s\u00e9gben is sokkal er\u0151sebbek voltak a jelentkez\u0151k \u2013 az online zs\u0171rinek nem volt egyszer\u0171 dolga a kiv\u00e1laszt\u00e1skor.<\/p>\n<p><strong>&#8211; Milyen t\u00edpus\u00fa startupok jelentkeznek?<\/strong><\/p>\n<p>Nagyr\u00e9szt megjelentek azok a kulcsszegmensek, amire a legt\u00f6bb finansz\u00edroz\u00e1s j\u00f6n, amik a csapb\u00f3l is folynak. Itt azonban a j\u00f3t\u00e9konys\u00e1gi, adom\u00e1nyoz\u00f3 applik\u00e1ci\u00f3kt\u00f3l a textildiz\u00e1jnig, a divat, oktat\u00e1s is reprezent\u00e1lva volt.<\/p>\n<p>Nem is akartunk kiz\u00e1r\u00f3lagos szegmenst meghat\u00e1rozni. Az online zs\u0171rit is pr\u00f3b\u00e1ltuk \u00fagy \u00f6sszeszedni, hogy minden ipar\u00e1g k\u00e9pviseltesse mag\u00e1t.<\/p>\n<p><strong>&#8211; Honnan \u00e9rkeztek a verseny szponzorai, partnerei?<\/strong><\/p>\n<p>Mi kerest\u00fck meg a szponzorainkat \u2013 m\u00e9g mindig sok c\u00e9gnek van m\u00f3dja ilyen t\u00e1mogat\u00e1sra, p\u00e9ld\u00e1ul EU-s t\u00e1mogat\u00e1sokb\u00f3l, de az auton\u00f3m \u00f6sszefog\u00e1s m\u00e9g nagyon v\u00e1rat mag\u00e1ra. Az idei \u00e9vben annak \u00f6r\u00fcltem, hogy olyan t\u00e1mogat\u00f3k is megjelentek a befektet\u0151i oldalr\u00f3l, akik eddig nem felt\u00e9tlen\u00fcl akartak rendezv\u00e9nyeket t\u00e1mogatni \u2013 mostanra az ut\u00e1np\u00f3tl\u00e1s-gener\u00e1l\u00e1st m\u00e1r fontosabbnak tartj\u00e1k, \u00e9s \u00e1tl\u00e1tj\u00e1k, hogy erre igenis kell \u00e1ldozni. Nem csak a startupperek fejl\u0151dnek, hanem a befektet\u0151i oldal is v\u00e1ltozott az elm\u00falt egy \u00e9vben.<\/p>\n<p>A megnyerhet\u0151 befektet\u00e9s azokb\u00f3l a befektet\u00e9si alapokb\u00f3l j\u00f6tt, akik sz\u00e1nd\u00e9knyilatkozatot \u00edrtak al\u00e1, hogy mennyi az az \u00f6sszeg, amit befektetn\u00e9nek, ha a csapatok pitch-e elnyeri a tetsz\u00e9s\u00fcket. 511 ezer eur\u00f3 ez jelenleg \u2013 Amerik\u00e1ban ez egy minim\u00e1lis szintalap, de a r\u00e9gi\u00f3ban, indul\u00e1shoz n\u00e9ha 2-3 milli\u00f3 forint is el\u00e9g lehet startupok sz\u00e1m\u00e1ra. Ez m\u00e1r seg\u00edthet \u00e1tl\u00e9pni egy olyan l\u00e9pcs\u0151t, amit egyed\u00fcl, csal\u00e1di kassz\u00e1b\u00f3l nem felt\u00e9tlen\u00fcl lehet megfinansz\u00edrozni.<\/p>\n<p><strong>&#8211; Hogyan zajlik a verseny?<\/strong><\/p>\n<p>A Demo Day el\u0151tt a csapatok oktat\u00e1son vesznek r\u00e9szt \u2013 f\u0151leg az el\u0151ad\u00f3i k\u00e9szs\u00e9gekre koncentr\u00e1lunk, nagy seg\u00edts\u00e9get kaptunk tapasztalt tr\u00e9nerekt\u0151l pl. David Trayford-t\u00f3l, akiknek fantasztikus technik\u00e1ik vannak arra, hogyan lehet j\u00f3l fel\u00e9p\u00edteni egy el\u0151ad\u00e1st, vagy olyan szakemberek is j\u00f6ttek, mint Drew Gerber, aki PR-oldalr\u00f3l mondta el, mi az, ami m\u0171k\u00f6dik a sajt\u00f3kapcsolatokban, \u00e9s mi az, ami nem.<\/p>\n<p>K\u00f6zben persze az \u00fczleti tervre is koncentr\u00e1ltunk, \u00e9s az azokban felmer\u00fcl\u0151 k\u00e9rd\u00e9sekre, probl\u00e9m\u00e1kra \u2013 ami a befektet\u0151k oldal\u00e1r\u00f3l felmer\u00fclhet. Az \u00fczleti modellhez a Budapest Launchpad mentorai, \u00e9s a Traction Tribe oldal\u00e1r\u00f3l is \u00e9rkezett seg\u00edts\u00e9g \u2013 ut\u00f3bbiak f\u0151leg az amerikai piaccal kapcsolatban ny\u00fajtottak felvil\u00e1gos\u00edt\u00e1st.<\/p>\n<p>A tavalyi Startup Tavasz nyertese is seg\u00edtett, aki k\u00e9t hetes tanulm\u00e1ny\u00fatr\u00f3l \u00e9rkezett \u00e9ppen most vissza Amerik\u00e1b\u00f3l, ahol v\u00e9gigj\u00e1rt rengeteg inkub\u00e1tort.<\/p>\n<p><strong>&#8211; Kicsit elt\u00e1volodva a versenyt\u0151l: Te m\u00e1r \u00e9vek \u00f3ta seg\u00edted startupok elrugaszkod\u00e1s\u00e1t. Mit emeln\u00e9l ki, mit tan\u00e1csoln\u00e1l azoknak, akik frissen ind\u00edtottak startupot?<\/strong><\/p>\n<p>Arra koncentr\u00e1ljanak, hogy min\u00e9l el\u0151bb elad\u00e1st tudjanak produk\u00e1lni \u2013 ne a befektet\u0151i p\u00e9nzre pr\u00f3b\u00e1ljanak hajtani, hanem min\u00e9l el\u0151bb sz\u00fclessen bev\u00e9tel\u00fck. Nem szabad elfelejteni, hogy a befektet\u0151k a p\u00e9nz\u00fck n\u00e9gyszeres\u00e9t szeretn\u00e9k viszontl\u00e1tni. Aki k\u00e9pes m\u00e1r el\u0151re termelni, bev\u00e9telb\u0151l, szponzorp\u00e9nzekb\u0151l \u2013 k\u00e9s\u0151bb sokkal k\u00f6nnyebb lesz. A befektet\u0151k is sz\u00edvesebben adnak olyanoknak, akik meg tudj\u00e1k mutatni, hogy m\u00e1r vannak \u00fczleti kapcsolataik, \u00e9letk\u00e9pes a c\u00e9g.<\/p>\n<p>A m\u00e1rcius 24-\u00e9n lezajlott megm\u00e9rettet\u00e9sen a k\u00f6vetkez\u0151 eredm\u00e9nyek sz\u00fclettek:<\/p>\n<p>I. <a href=\"http:\/\/gubbio.hu\/language\/en\/\">Gubbio<\/a> &#8211; Magyarorsz\u00e1g<\/p>\n<p>A Gubbio egy olyan, egyedi ig\u00e9nyekre szabott mobil applik\u00e1ci\u00f3, ami autizmussal \u00e9l\u0151 gyermekeket \u00e9s k\u00f6rnyezet\u00fcket seg\u00edti a h\u00e9tk\u00f6znapi kommunik\u00e1ci\u00f3s neh\u00e9zs\u00e9gek \u00e1thidal\u00e1s\u00e1ban. Az app nem kiz\u00e1r\u00f3lag eduk\u00e1ci\u00f3s jelleg\u0171 funkci\u00f3kkal rendelkezik, mint ink\u00e1bb a praktikus inform\u00e1ci\u00f3cser\u00e9t \u00e9s a napi rutinm\u0171veleteket k\u00f6nny\u00edti meg a sz\u00fcl\u0151k \u00e9s nevel\u0151k sz\u00e1m\u00e1ra.<\/p>\n<p>II. <a href=\"http:\/\/www.getcomfee.com\/\">Comfee<\/a> &#8211; \u00c9sztorsz\u00e1g<\/p>\n<p>A Comfee egy olyan \u201csmart home\u201d megold\u00e1st k\u00edn\u00e1l a felhaszn\u00e1l\u00f3k sz\u00e1mra, amelynek seg\u00edts\u00e9g\u00e9vel a s\u00f6t\u00e9t\u00edt\u0151k a f\u00e9nyer\u0151ss\u00e9gre, bels\u0151 h\u0151m\u00e9rs\u00e9kletre reag\u00e1lva, az adott napszaknak megfelel\u0151 pozici\u00f3ba helyezkednek, \u00edgy energi\u00e1t \u00e9s id\u0151t sp\u00f3rolva tulajdonosuknak. A Comfee napelemmel m\u0171k\u00f6dik, \u00e9s a megl\u00e9v\u0151 relux\u00e1ra illeszthet\u0151, modul\u00e1ris megold\u00e1s.<\/p>\n<p>III. <a href=\"https:\/\/keytooffice.com\/\">. Key2office<\/a> &#8211; Ausztria<\/p>\n<p>A Key2Office egy olyan k\u00f6z\u00f6ss\u00e9gi B2B iroda megoszt\u00f3 h\u00e1l\u00f3zat ki\u00e9p\u00edt\u00e9s\u00e9n dolgozik, amely Eur\u00f3pa k\u00fcl\u00f6nb\u00f6z\u0151 orsz\u00e1gaiban \u00fcres irod\u00e1t vagy t\u00e1rgyal\u00f3t keres\u0151 felhaszn\u00e1l\u00f3kat kapcsol \u00f6ssze, szabad kapacit\u00e1ssal rendelkez\u0151 munkaterekkel egy egyszer\u0171 mobiltelefonos alkalmaz\u00e1s seg\u00edts\u00e9g\u00e9vel. A c\u00e9g egyik alap\u00edt\u00f3ja, Vladlena Taraskina elmondta, hogy az applik\u00e1ci\u00f3 \u00f6tlete a saj\u00e1t \u00e9lm\u00e9nyeikb\u0151l fakad \u2013 startupk\u00e9nt rengeteg id\u0151t t\u00f6lt\u00f6ttek k\u00e1v\u00e9z\u00f3kban, ami nem volt ide\u00e1lis hely a befektet\u0151kkel val\u00f3 tal\u00e1lkoz\u00e1sra.<\/p>\n","protected":false},"excerpt":{"rendered":"<p>A K\u00f6z\u00e9p-Eur\u00f3pai N\u0151i Startup versenyt id\u00e9n m\u00e1sodszor rendezik meg. 11, t\u00f6bbs\u00e9g\u00e9ben n\u0151i tulajdonosokkal\/alap\u00edt\u00f3kkal rendelkez\u0151 startup verseng a megnyerhet\u0151 befektet\u00e9s\u00e9rt \u00e9s az egy\u00e9b d\u00edjak\u00e9rt. M\u00fcller Tam\u00e1s, a verseny kital\u00e1l\u00f3ja \u00e9rt\u00e9kes\u00edt\u00e9si \u00e9s marketing-szakember, aki m\u00e1r t\u00f6bb, mint hat \u00e9ve seg\u00edti a magyar startupok fejl\u0151d\u00e9s\u00e9t tan\u00e1csad\u00f3k\u00e9nt \u00e9s mentork\u00e9nt, jelenleg t\u00f6bbek k\u00f6z\u00f6tt a Budapest Launchpad k\u00f6zhaszn\u00fa egyes\u00fclet aleln\u00f6kek\u00e9nt, a [&hellip;]<\/p>\n","protected":false},"author":66,"featured_media":10511,"comment_status":"open","ping_status":"closed","sticky":false,"template":"","format":"gallery","meta":{"inline_featured_image":false,"footnotes":""},"categories":[28,392],"tags":[],"class_list":["post-10510","post","type-post","status-publish","format-gallery","has-post-thumbnail","hentry","category-cegvezetes","category-startup","post_format-post-format-gallery"],"yoast_head":"<!-- This site is optimized with the Yoast SEO plugin v27.1.1 - https:\/\/yoast.com\/product\/yoast-seo-wordpress\/ -->\n<title>Interj\u00fa a K\u00f6z\u00e9p-Eur\u00f3pai N\u0151i Startup Verseny kital\u00e1l\u00f3j\u00e1val<\/title>\n<meta name=\"description\" content=\"A K\u00f6z\u00e9p-Eur\u00f3pai N\u0151i Startup versenyt id\u00e9n m\u00e1sodszor rendezik meg. 11, t\u00f6bbs\u00e9g\u00e9ben n\u0151i tulajdonosokkal\/alap\u00edt\u00f3kkal rendelkez\u0151 startup verseng a megnyerhet\u0151\" \/>\n<meta name=\"robots\" content=\"index, follow, max-snippet:-1, max-image-preview:large, max-video-preview:-1\" \/>\n<link rel=\"canonical\" href=\"https:\/\/www.minicrm.hu\/blog\/2015\/03-27\/interju-a-kozep-europai-noi-startup-verseny-kitalalojaval\/\" \/>\n<meta property=\"og:locale\" content=\"hu_HU\" \/>\n<meta property=\"og:type\" content=\"article\" \/>\n<meta property=\"og:title\" content=\"Interj\u00fa a K\u00f6z\u00e9p-Eur\u00f3pai N\u0151i Startup Verseny kital\u00e1l\u00f3j\u00e1val\" \/>\n<meta property=\"og:description\" content=\"A K\u00f6z\u00e9p-Eur\u00f3pai N\u0151i Startup versenyt id\u00e9n m\u00e1sodszor rendezik meg. 11, t\u00f6bbs\u00e9g\u00e9ben n\u0151i tulajdonosokkal\/alap\u00edt\u00f3kkal rendelkez\u0151 startup verseng a megnyerhet\u0151\" \/>\n<meta property=\"og:url\" content=\"https:\/\/www.minicrm.hu\/blog\/2015\/03-27\/interju-a-kozep-europai-noi-startup-verseny-kitalalojaval\/\" \/>\n<meta property=\"og:site_name\" content=\"MiniCRM Blog\" \/>\n<meta property=\"article:published_time\" content=\"2015-03-27T11:08:34+00:00\" \/>\n<meta property=\"article:modified_time\" content=\"2015-04-04T09:48:26+00:00\" \/>\n<meta property=\"og:image\" content=\"https:\/\/minicrm-wp-hu.s3.amazonaws.com\/uploads\/2015\/03\/IMG_1119_2.jpg\" \/>\n\t<meta property=\"og:image:width\" content=\"1296\" \/>\n\t<meta property=\"og:image:height\" content=\"864\" \/>\n\t<meta property=\"og:image:type\" content=\"image\/jpeg\" \/>\n<meta name=\"author\" content=\"MiniCRM\" \/>\n<meta name=\"twitter:label1\" content=\"Szerz\u0151:\" \/>\n\t<meta name=\"twitter:data1\" content=\"MiniCRM\" \/>\n\t<meta name=\"twitter:label2\" content=\"Becs\u00fclt olvas\u00e1si id\u0151\" \/>\n\t<meta name=\"twitter:data2\" content=\"8 perc\" \/>\n<script type=\"application\/ld+json\" class=\"yoast-schema-graph\">{\"@context\":\"https:\/\/schema.org\",\"@graph\":[{\"@type\":\"Article\",\"@id\":\"https:\/\/www.minicrm.hu\/blog\/2015\/03-27\/interju-a-kozep-europai-noi-startup-verseny-kitalalojaval\/#article\",\"isPartOf\":{\"@id\":\"https:\/\/www.minicrm.hu\/blog\/2015\/03-27\/interju-a-kozep-europai-noi-startup-verseny-kitalalojaval\/\"},\"author\":{\"name\":\"MiniCRM\",\"@id\":\"https:\/\/www.minicrm.hu\/blog\/#\/schema\/person\/069da389ff66e1b062bfea11f5435219\"},\"headline\":\"Interj\u00fa a K\u00f6z\u00e9p-Eur\u00f3pai N\u0151i Startup Verseny kital\u00e1l\u00f3j\u00e1val\",\"datePublished\":\"2015-03-27T11:08:34+00:00\",\"dateModified\":\"2015-04-04T09:48:26+00:00\",\"mainEntityOfPage\":{\"@id\":\"https:\/\/www.minicrm.hu\/blog\/2015\/03-27\/interju-a-kozep-europai-noi-startup-verseny-kitalalojaval\/\"},\"wordCount\":1560,\"commentCount\":0,\"publisher\":{\"@id\":\"https:\/\/www.minicrm.hu\/blog\/#organization\"},\"image\":{\"@id\":\"https:\/\/www.minicrm.hu\/blog\/2015\/03-27\/interju-a-kozep-europai-noi-startup-verseny-kitalalojaval\/#primaryimage\"},\"thumbnailUrl\":\"https:\/\/minicrm-wp-hu.s3.amazonaws.com\/uploads\/2015\/03\/IMG_1119_2.jpg\",\"articleSection\":[\"C\u00e9gvezet\u00e9s\",\"Startup\"],\"inLanguage\":\"hu\",\"potentialAction\":[{\"@type\":\"CommentAction\",\"name\":\"Comment\",\"target\":[\"https:\/\/www.minicrm.hu\/blog\/2015\/03-27\/interju-a-kozep-europai-noi-startup-verseny-kitalalojaval\/#respond\"]}]},{\"@type\":\"WebPage\",\"@id\":\"https:\/\/www.minicrm.hu\/blog\/2015\/03-27\/interju-a-kozep-europai-noi-startup-verseny-kitalalojaval\/\",\"url\":\"https:\/\/www.minicrm.hu\/blog\/2015\/03-27\/interju-a-kozep-europai-noi-startup-verseny-kitalalojaval\/\",\"name\":\"Interj\u00fa a K\u00f6z\u00e9p-Eur\u00f3pai N\u0151i Startup Verseny kital\u00e1l\u00f3j\u00e1val\",\"isPartOf\":{\"@id\":\"https:\/\/www.minicrm.hu\/blog\/#website\"},\"primaryImageOfPage\":{\"@id\":\"https:\/\/www.minicrm.hu\/blog\/2015\/03-27\/interju-a-kozep-europai-noi-startup-verseny-kitalalojaval\/#primaryimage\"},\"image\":{\"@id\":\"https:\/\/www.minicrm.hu\/blog\/2015\/03-27\/interju-a-kozep-europai-noi-startup-verseny-kitalalojaval\/#primaryimage\"},\"thumbnailUrl\":\"https:\/\/minicrm-wp-hu.s3.amazonaws.com\/uploads\/2015\/03\/IMG_1119_2.jpg\",\"datePublished\":\"2015-03-27T11:08:34+00:00\",\"dateModified\":\"2015-04-04T09:48:26+00:00\",\"description\":\"A K\u00f6z\u00e9p-Eur\u00f3pai N\u0151i Startup versenyt id\u00e9n m\u00e1sodszor rendezik meg. 11, t\u00f6bbs\u00e9g\u00e9ben n\u0151i tulajdonosokkal\/alap\u00edt\u00f3kkal rendelkez\u0151 startup verseng a megnyerhet\u0151\",\"breadcrumb\":{\"@id\":\"https:\/\/www.minicrm.hu\/blog\/2015\/03-27\/interju-a-kozep-europai-noi-startup-verseny-kitalalojaval\/#breadcrumb\"},\"inLanguage\":\"hu\",\"potentialAction\":[{\"@type\":\"ReadAction\",\"target\":[\"https:\/\/www.minicrm.hu\/blog\/2015\/03-27\/interju-a-kozep-europai-noi-startup-verseny-kitalalojaval\/\"]}]},{\"@type\":\"ImageObject\",\"inLanguage\":\"hu\",\"@id\":\"https:\/\/www.minicrm.hu\/blog\/2015\/03-27\/interju-a-kozep-europai-noi-startup-verseny-kitalalojaval\/#primaryimage\",\"url\":\"https:\/\/minicrm-wp-hu.s3.amazonaws.com\/uploads\/2015\/03\/IMG_1119_2.jpg\",\"contentUrl\":\"https:\/\/minicrm-wp-hu.s3.amazonaws.com\/uploads\/2015\/03\/IMG_1119_2.jpg\",\"width\":1296,\"height\":864},{\"@type\":\"BreadcrumbList\",\"@id\":\"https:\/\/www.minicrm.hu\/blog\/2015\/03-27\/interju-a-kozep-europai-noi-startup-verseny-kitalalojaval\/#breadcrumb\",\"itemListElement\":[{\"@type\":\"ListItem\",\"position\":1,\"name\":\"Home\",\"item\":\"https:\/\/www.minicrm.hu\/blog\/\"},{\"@type\":\"ListItem\",\"position\":2,\"name\":\"Interj\u00fa a K\u00f6z\u00e9p-Eur\u00f3pai N\u0151i Startup Verseny kital\u00e1l\u00f3j\u00e1val\"}]},{\"@type\":\"WebSite\",\"@id\":\"https:\/\/www.minicrm.hu\/blog\/#website\",\"url\":\"https:\/\/www.minicrm.hu\/blog\/\",\"name\":\"MiniCRM Blog\",\"description\":\"CRM Blog\",\"publisher\":{\"@id\":\"https:\/\/www.minicrm.hu\/blog\/#organization\"},\"potentialAction\":[{\"@type\":\"SearchAction\",\"target\":{\"@type\":\"EntryPoint\",\"urlTemplate\":\"https:\/\/www.minicrm.hu\/blog\/?s={search_term_string}\"},\"query-input\":{\"@type\":\"PropertyValueSpecification\",\"valueRequired\":true,\"valueName\":\"search_term_string\"}}],\"inLanguage\":\"hu\"},{\"@type\":\"Organization\",\"@id\":\"https:\/\/www.minicrm.hu\/blog\/#organization\",\"name\":\"MiniCRM Blog\",\"url\":\"https:\/\/www.minicrm.hu\/blog\/\",\"logo\":{\"@type\":\"ImageObject\",\"inLanguage\":\"hu\",\"@id\":\"https:\/\/www.minicrm.hu\/blog\/#\/schema\/logo\/image\/\",\"url\":\"https:\/\/minicrm-wp-hu.s3.amazonaws.com\/uploads\/2021\/04\/cropped-MC-logo-Blog-2021_G-Dark.png\",\"contentUrl\":\"https:\/\/minicrm-wp-hu.s3.amazonaws.com\/uploads\/2021\/04\/cropped-MC-logo-Blog-2021_G-Dark.png\",\"width\":91,\"height\":89,\"caption\":\"MiniCRM Blog\"},\"image\":{\"@id\":\"https:\/\/www.minicrm.hu\/blog\/#\/schema\/logo\/image\/\"}},{\"@type\":\"Person\",\"@id\":\"https:\/\/www.minicrm.hu\/blog\/#\/schema\/person\/069da389ff66e1b062bfea11f5435219\",\"name\":\"MiniCRM\",\"image\":{\"@type\":\"ImageObject\",\"inLanguage\":\"hu\",\"@id\":\"https:\/\/www.minicrm.hu\/blog\/#\/schema\/person\/image\/\",\"url\":\"https:\/\/secure.gravatar.com\/avatar\/dcefd6bba8934b04bb248dd2c1a6d1aefd3e2560e872f17db31afd984ef19a13?s=96&r=g\",\"contentUrl\":\"https:\/\/secure.gravatar.com\/avatar\/dcefd6bba8934b04bb248dd2c1a6d1aefd3e2560e872f17db31afd984ef19a13?s=96&r=g\",\"caption\":\"MiniCRM\"},\"sameAs\":[\"https:\/\/www.minicrm.hu\/\"],\"url\":\"https:\/\/www.minicrm.hu\/blog\/author\/minicrm\/\"}]}<\/script>\n<!-- \/ Yoast SEO plugin. -->","yoast_head_json":{"title":"Interj\u00fa a K\u00f6z\u00e9p-Eur\u00f3pai N\u0151i Startup Verseny kital\u00e1l\u00f3j\u00e1val","description":"A K\u00f6z\u00e9p-Eur\u00f3pai N\u0151i Startup versenyt id\u00e9n m\u00e1sodszor rendezik meg. 11, t\u00f6bbs\u00e9g\u00e9ben n\u0151i tulajdonosokkal\/alap\u00edt\u00f3kkal rendelkez\u0151 startup verseng a megnyerhet\u0151","robots":{"index":"index","follow":"follow","max-snippet":"max-snippet:-1","max-image-preview":"max-image-preview:large","max-video-preview":"max-video-preview:-1"},"canonical":"https:\/\/www.minicrm.hu\/blog\/2015\/03-27\/interju-a-kozep-europai-noi-startup-verseny-kitalalojaval\/","og_locale":"hu_HU","og_type":"article","og_title":"Interj\u00fa a K\u00f6z\u00e9p-Eur\u00f3pai N\u0151i Startup Verseny kital\u00e1l\u00f3j\u00e1val","og_description":"A K\u00f6z\u00e9p-Eur\u00f3pai N\u0151i Startup versenyt id\u00e9n m\u00e1sodszor rendezik meg. 11, t\u00f6bbs\u00e9g\u00e9ben n\u0151i tulajdonosokkal\/alap\u00edt\u00f3kkal rendelkez\u0151 startup verseng a megnyerhet\u0151","og_url":"https:\/\/www.minicrm.hu\/blog\/2015\/03-27\/interju-a-kozep-europai-noi-startup-verseny-kitalalojaval\/","og_site_name":"MiniCRM Blog","article_published_time":"2015-03-27T11:08:34+00:00","article_modified_time":"2015-04-04T09:48:26+00:00","og_image":[{"width":1296,"height":864,"url":"https:\/\/minicrm-wp-hu.s3.amazonaws.com\/uploads\/2015\/03\/IMG_1119_2.jpg","type":"image\/jpeg"}],"author":"MiniCRM","twitter_misc":{"Szerz\u0151:":"MiniCRM","Becs\u00fclt olvas\u00e1si id\u0151":"8 perc"},"schema":{"@context":"https:\/\/schema.org","@graph":[{"@type":"Article","@id":"https:\/\/www.minicrm.hu\/blog\/2015\/03-27\/interju-a-kozep-europai-noi-startup-verseny-kitalalojaval\/#article","isPartOf":{"@id":"https:\/\/www.minicrm.hu\/blog\/2015\/03-27\/interju-a-kozep-europai-noi-startup-verseny-kitalalojaval\/"},"author":{"name":"MiniCRM","@id":"https:\/\/www.minicrm.hu\/blog\/#\/schema\/person\/069da389ff66e1b062bfea11f5435219"},"headline":"Interj\u00fa a K\u00f6z\u00e9p-Eur\u00f3pai N\u0151i Startup Verseny kital\u00e1l\u00f3j\u00e1val","datePublished":"2015-03-27T11:08:34+00:00","dateModified":"2015-04-04T09:48:26+00:00","mainEntityOfPage":{"@id":"https:\/\/www.minicrm.hu\/blog\/2015\/03-27\/interju-a-kozep-europai-noi-startup-verseny-kitalalojaval\/"},"wordCount":1560,"commentCount":0,"publisher":{"@id":"https:\/\/www.minicrm.hu\/blog\/#organization"},"image":{"@id":"https:\/\/www.minicrm.hu\/blog\/2015\/03-27\/interju-a-kozep-europai-noi-startup-verseny-kitalalojaval\/#primaryimage"},"thumbnailUrl":"https:\/\/minicrm-wp-hu.s3.amazonaws.com\/uploads\/2015\/03\/IMG_1119_2.jpg","articleSection":["C\u00e9gvezet\u00e9s","Startup"],"inLanguage":"hu","potentialAction":[{"@type":"CommentAction","name":"Comment","target":["https:\/\/www.minicrm.hu\/blog\/2015\/03-27\/interju-a-kozep-europai-noi-startup-verseny-kitalalojaval\/#respond"]}]},{"@type":"WebPage","@id":"https:\/\/www.minicrm.hu\/blog\/2015\/03-27\/interju-a-kozep-europai-noi-startup-verseny-kitalalojaval\/","url":"https:\/\/www.minicrm.hu\/blog\/2015\/03-27\/interju-a-kozep-europai-noi-startup-verseny-kitalalojaval\/","name":"Interj\u00fa a K\u00f6z\u00e9p-Eur\u00f3pai N\u0151i Startup Verseny kital\u00e1l\u00f3j\u00e1val","isPartOf":{"@id":"https:\/\/www.minicrm.hu\/blog\/#website"},"primaryImageOfPage":{"@id":"https:\/\/www.minicrm.hu\/blog\/2015\/03-27\/interju-a-kozep-europai-noi-startup-verseny-kitalalojaval\/#primaryimage"},"image":{"@id":"https:\/\/www.minicrm.hu\/blog\/2015\/03-27\/interju-a-kozep-europai-noi-startup-verseny-kitalalojaval\/#primaryimage"},"thumbnailUrl":"https:\/\/minicrm-wp-hu.s3.amazonaws.com\/uploads\/2015\/03\/IMG_1119_2.jpg","datePublished":"2015-03-27T11:08:34+00:00","dateModified":"2015-04-04T09:48:26+00:00","description":"A K\u00f6z\u00e9p-Eur\u00f3pai N\u0151i Startup versenyt id\u00e9n m\u00e1sodszor rendezik meg. 11, t\u00f6bbs\u00e9g\u00e9ben n\u0151i tulajdonosokkal\/alap\u00edt\u00f3kkal rendelkez\u0151 startup verseng a megnyerhet\u0151","breadcrumb":{"@id":"https:\/\/www.minicrm.hu\/blog\/2015\/03-27\/interju-a-kozep-europai-noi-startup-verseny-kitalalojaval\/#breadcrumb"},"inLanguage":"hu","potentialAction":[{"@type":"ReadAction","target":["https:\/\/www.minicrm.hu\/blog\/2015\/03-27\/interju-a-kozep-europai-noi-startup-verseny-kitalalojaval\/"]}]},{"@type":"ImageObject","inLanguage":"hu","@id":"https:\/\/www.minicrm.hu\/blog\/2015\/03-27\/interju-a-kozep-europai-noi-startup-verseny-kitalalojaval\/#primaryimage","url":"https:\/\/minicrm-wp-hu.s3.amazonaws.com\/uploads\/2015\/03\/IMG_1119_2.jpg","contentUrl":"https:\/\/minicrm-wp-hu.s3.amazonaws.com\/uploads\/2015\/03\/IMG_1119_2.jpg","width":1296,"height":864},{"@type":"BreadcrumbList","@id":"https:\/\/www.minicrm.hu\/blog\/2015\/03-27\/interju-a-kozep-europai-noi-startup-verseny-kitalalojaval\/#breadcrumb","itemListElement":[{"@type":"ListItem","position":1,"name":"Home","item":"https:\/\/www.minicrm.hu\/blog\/"},{"@type":"ListItem","position":2,"name":"Interj\u00fa a K\u00f6z\u00e9p-Eur\u00f3pai N\u0151i Startup Verseny kital\u00e1l\u00f3j\u00e1val"}]},{"@type":"WebSite","@id":"https:\/\/www.minicrm.hu\/blog\/#website","url":"https:\/\/www.minicrm.hu\/blog\/","name":"MiniCRM Blog","description":"CRM Blog","publisher":{"@id":"https:\/\/www.minicrm.hu\/blog\/#organization"},"potentialAction":[{"@type":"SearchAction","target":{"@type":"EntryPoint","urlTemplate":"https:\/\/www.minicrm.hu\/blog\/?s={search_term_string}"},"query-input":{"@type":"PropertyValueSpecification","valueRequired":true,"valueName":"search_term_string"}}],"inLanguage":"hu"},{"@type":"Organization","@id":"https:\/\/www.minicrm.hu\/blog\/#organization","name":"MiniCRM Blog","url":"https:\/\/www.minicrm.hu\/blog\/","logo":{"@type":"ImageObject","inLanguage":"hu","@id":"https:\/\/www.minicrm.hu\/blog\/#\/schema\/logo\/image\/","url":"https:\/\/minicrm-wp-hu.s3.amazonaws.com\/uploads\/2021\/04\/cropped-MC-logo-Blog-2021_G-Dark.png","contentUrl":"https:\/\/minicrm-wp-hu.s3.amazonaws.com\/uploads\/2021\/04\/cropped-MC-logo-Blog-2021_G-Dark.png","width":91,"height":89,"caption":"MiniCRM Blog"},"image":{"@id":"https:\/\/www.minicrm.hu\/blog\/#\/schema\/logo\/image\/"}},{"@type":"Person","@id":"https:\/\/www.minicrm.hu\/blog\/#\/schema\/person\/069da389ff66e1b062bfea11f5435219","name":"MiniCRM","image":{"@type":"ImageObject","inLanguage":"hu","@id":"https:\/\/www.minicrm.hu\/blog\/#\/schema\/person\/image\/","url":"https:\/\/secure.gravatar.com\/avatar\/dcefd6bba8934b04bb248dd2c1a6d1aefd3e2560e872f17db31afd984ef19a13?s=96&r=g","contentUrl":"https:\/\/secure.gravatar.com\/avatar\/dcefd6bba8934b04bb248dd2c1a6d1aefd3e2560e872f17db31afd984ef19a13?s=96&r=g","caption":"MiniCRM"},"sameAs":["https:\/\/www.minicrm.hu\/"],"url":"https:\/\/www.minicrm.hu\/blog\/author\/minicrm\/"}]}},"_links":{"self":[{"href":"https:\/\/www.minicrm.hu\/blog\/wp-json\/wp\/v2\/posts\/10510","targetHints":{"allow":["GET"]}}],"collection":[{"href":"https:\/\/www.minicrm.hu\/blog\/wp-json\/wp\/v2\/posts"}],"about":[{"href":"https:\/\/www.minicrm.hu\/blog\/wp-json\/wp\/v2\/types\/post"}],"author":[{"embeddable":true,"href":"https:\/\/www.minicrm.hu\/blog\/wp-json\/wp\/v2\/users\/66"}],"replies":[{"embeddable":true,"href":"https:\/\/www.minicrm.hu\/blog\/wp-json\/wp\/v2\/comments?post=10510"}],"version-history":[{"count":3,"href":"https:\/\/www.minicrm.hu\/blog\/wp-json\/wp\/v2\/posts\/10510\/revisions"}],"predecessor-version":[{"id":10516,"href":"https:\/\/www.minicrm.hu\/blog\/wp-json\/wp\/v2\/posts\/10510\/revisions\/10516"}],"wp:featuredmedia":[{"embeddable":true,"href":"https:\/\/www.minicrm.hu\/blog\/wp-json\/wp\/v2\/media\/10511"}],"wp:attachment":[{"href":"https:\/\/www.minicrm.hu\/blog\/wp-json\/wp\/v2\/media?parent=10510"}],"wp:term":[{"taxonomy":"category","embeddable":true,"href":"https:\/\/www.minicrm.hu\/blog\/wp-json\/wp\/v2\/categories?post=10510"},{"taxonomy":"post_tag","embeddable":true,"href":"https:\/\/www.minicrm.hu\/blog\/wp-json\/wp\/v2\/tags?post=10510"}],"curies":[{"name":"wp","href":"https:\/\/api.w.org\/{rel}","templated":true}]}}