

{"id":10517,"date":"2015-04-13T14:08:57","date_gmt":"2015-04-13T12:08:57","guid":{"rendered":"https:\/\/www.minicrm.hu\/blog\/?p=10517"},"modified":"2015-11-19T13:54:46","modified_gmt":"2015-11-19T12:54:46","slug":"kkv-kozossegi-media-a-tol-z-ig-3-resz-facebook-es-google-plus","status":"publish","type":"post","link":"https:\/\/www.minicrm.hu\/blog\/2015\/04-13\/kkv-kozossegi-media-a-tol-z-ig-3-resz-facebook-es-google-plus\/","title":{"rendered":"KKV k\u00f6z\u00f6ss\u00e9gi m\u00e9dia A-t\u00f3l Z-ig 3. r\u00e9sz: Facebook \u00e9s Google Plus"},"content":{"rendered":"<p>A KKV-s k\u00f6z\u00f6ss\u00e9gi m\u00e9dia haszn\u00e1lattal foglalkoz\u00f3 cikksorozatunk harmadik r\u00e9sz\u00e9ben a k\u00f6z\u00f6ss\u00e9g\u00e9p\u00edt\u0151k k\u00e9t alappill\u00e9r\u00e9hez \u00e9rkezt\u00fcnk. V\u00e9gigvessz\u00fck a Facebook \u00e9s a Google Plus \u00fczleti felhaszn\u00e1l\u00e1s\u00e1val kapcsolatos legfontosabb alapelveket \u00e9s tudnival\u00f3kat.<\/p>\n<p>A legismertebb k\u00f6z\u00f6ss\u00e9gi oldalt 2004-ben az\u00e9rt alkott\u00e1k, hogy egyetemi hallgat\u00f3k k\u00f6z\u00f6tt interakt\u00edv \u00e9s egyszer\u0171s\u00edtett kommunik\u00e1ci\u00f3t alkosson. Mint ismerj\u00fck a t\u00f6rt\u00e9netet, a terv t\u00f6bb mint j\u00f3l s\u00fclt el, hiszen az\u00f3ta nem csak haz\u00e1nkban, hanem az eg\u00e9sz vil\u00e1gon a legismertebb \u00e9s legink\u00e1bb haszn\u00e1lt k\u00f6z\u00f6ss\u00e9gi oldal lett.<\/p>\n<p>B\u00e1r min\u00e9l ink\u00e1bb nyugatabbra megy\u00fcnk, ann\u00e1l ink\u00e1bb l\u00e1tszik a k\u00f6z\u00f6ss\u00e9gi m\u00e9dia felhaszn\u00e1l\u00e1snak \u00faj, tematiz\u00e1l\u00f3d\u00f3 trendje (t\u00e9mak\u00f6r, m\u00e9dia t\u00edpus, koroszt\u00e1ly szempontb\u00f3l), addig haz\u00e1nkban m\u00e9g mindig egyeduralkod\u00f3 ak\u00e1r felhaszn\u00e1l\u00f3i, ak\u00e1r \u00fczleti szempontb\u00f3l.<\/p>\n<p><a href=\"https:\/\/minicrm-wp-hu.s3.amazonaws.com\/uploads\/2015\/04\/ceges_kkv_smm.jpg\"><img loading=\"lazy\" decoding=\"async\" onerror=\"this.src='https:\/\/minicrm-wp-hu.s3.amazonaws.com\/uploads\/2021\/04\/MC_logo_2021_G-Dark.svg'\" class=\"aligncenter size-full wp-image-10520\" src=\"https:\/\/minicrm-wp-hu.s3.amazonaws.com\/uploads\/2015\/04\/ceges_kkv_smm.jpg\" alt=\"KKV k\u00f6z\u00f6ss\u00e9gi m\u00e9dia\" width=\"1500\" height=\"1341\" srcset=\"https:\/\/minicrm-wp-hu.s3.amazonaws.com\/uploads\/2015\/04\/ceges_kkv_smm.jpg 1432w, https:\/\/minicrm-wp-hu.s3.amazonaws.com\/uploads\/2015\/04\/ceges_kkv_smm-300x268.jpg 300w, https:\/\/minicrm-wp-hu.s3.amazonaws.com\/uploads\/2015\/04\/ceges_kkv_smm-450x402.jpg 450w, https:\/\/minicrm-wp-hu.s3.amazonaws.com\/uploads\/2015\/04\/ceges_kkv_smm-336x300.jpg 336w\" sizes=\"auto, (max-width: 1500px) 100vw, 1500px\" \/><\/a><\/p>\n<p>Gyakorlatilag kijelenthet\u0151, hogy a hazai akt\u00edvan internetez\u0151k szinte teljes eg\u00e9sze el\u00e9rhet\u0151 a Facebookon kereszt\u00fcl. \u00c9s ezt \u00fczletileg ki is kell haszn\u00e1lni!<\/p>\n<p>Az ut\u00f3bbi \u00e9vekben, h\u00e1la a n\u00e9pszer\u0171s\u00e9gnek, ezen egykori t\u00e9zisek fr\u00e1zisokk\u00e1 v\u00e1ltak, a tudatosabb v\u00e1llalkoz\u00f3k z\u00f6me \u2013 legal\u00e1bb \u2013 jelen van egy c\u00e9ges oldallal. Persze az m\u00e1s k\u00e9rd\u00e9s, hogy val\u00f3ban ki van-e haszn\u00e1lva ez a platform? Val\u00f3ban \u00fagy haszn\u00e1ljuk-e c\u00e9ges Facebook oldalunkat, ahogyan az a nagy k\u00f6nyvben meg van \u00edrva?<\/p>\n<p>Sajnos, nem sajnos, ez nem \u00edgy van, de pozit\u00edvan szeml\u00e9lve elmondhatjuk, hogy a v\u00e1llalkoz\u00f3i k\u00f6ztudatba legal\u00e1bb m\u00e1r eljutottak olyan fogalmak, mint a Facebook, k\u00f6z\u00f6ss\u00e9gi oldal \u00e9s a megoszt\u00e1s.<\/p>\n<p><strong>A legfontosabb elemek, ir\u00e1nyelvek<\/strong><\/p>\n<p>Felt\u00e9telezz\u00fck olvas\u00f3inkr\u00f3l, hogy a Facebookr\u00f3l sz\u00f3l\u00f3 fejezetben nem arr\u00f3l kell besz\u00e9ln\u00fcnk, hogy m\u00e9gis mi\u00e9rt nem a legfontosabb m\u00e9r\u0151sz\u00e1m a l\u00e1jkok sz\u00e1ma, \u00e9s hogy hossz\u00fa t\u00e1von mi\u00e9rt nem \u00e9r el \u00e9rdemi aktivit\u00e1st felhaszn\u00e1l\u00f3it\u00f3l a kiz\u00e1r\u00f3lag term\u00e9keik f\u00e9nyez\u00e9s\u00e9vel foglalkoz\u00f3 c\u00e9ges oldalak.<\/p>\n<p>A k\u00f6vetkez\u0151kben a MoZ.com anyaga alapj\u00e1n olyan kiemelten fontos elemeket, r\u00e9szeket vesz\u00fcnk \u00e1t, melyek meg\u00e9rt\u00e9se \u00e9s haszn\u00e1lata alapvet\u0151en meghat\u00e1rozza \u00e9s form\u00e1lja az FB aktivit\u00e1sunkat, \u00e9s az \u00fczletileg sikeres jelenl\u00e9t fel\u00e9 ir\u00e1ny\u00edtja mindazt.<\/p>\n<p><strong>Tartalom, tartalmi elemek<\/strong><\/p>\n<p>B\u00e1rmi, amit megosztunk, azaz k\u00f6zz\u00e9tesz\u00fcnk a Facebookon, tartalomnak sz\u00e1m\u00edt. A h\u00edrfolyam rendszere rendelkezik egy \u201eeloszt\u00f3\u201d algoritmussal, mely azt sz\u00e1molja ki, hogy az adott felhaszn\u00e1l\u00f3 mely tartalmakat l\u00e1ssa k\u00f6zvetlen\u00fcl az \u00e1ltala kedvelt oldalak megoszt\u00e1sai k\u00f6z\u00fcl. A c\u00e9lunk ide beker\u00fclni, ez\u00e9rt olyan tartalmat kell megosztanunk, mely hasznos vagy \u00e9rdekes lehet a k\u00f6vet\u0151nknek, hiszen ez az algoritmus a felhaszn\u00e1l\u00f3 \u00e9rdekl\u0151d\u00e9si k\u00f6r\u00e9b\u0151l fog v\u00e1logatni a h\u00edrfolyam\u00e1ra. Ez az \u00e9rdekl\u0151d\u00e9si k\u00f6r pedig az egy\u00e9b k\u00f6vetet oldalak hasonl\u00f3s\u00e1g\u00e1t\u00f3l, \u201ekiosztogatott\u201d l\u00e1jkok, kommentek \u00e9s megoszt\u00e1sok \u00f6sszess\u00e9g\u00e9t\u0151l f\u00fcgg.<\/p>\n<p>Teh\u00e1t, ha megosztunk, gondoljunk arra: csak akkor \u00e9rhetj\u00fck el a c\u00e9lunkat, ha a megosztand\u00f3 tartalmat \u2013minimum!- mi is sz\u00edvesen l\u00e1tn\u00e1nk viszont a falunkon.<\/p>\n<p><strong>Id\u0151z\u00edt\u00e9s<\/strong><\/p>\n<p>A Facebookon (\u00e9s \u00e1ltal\u00e1ban a k\u00f6z\u00f6ss\u00e9gi oldalakon) val\u00f3 kommunik\u00e1ci\u00f3 egyik titka az id\u0151z\u00edt\u00e9s. Vannak olyan alapvet\u0151 ir\u00e1nyelvek, melyek seg\u00edthetnek elindulni: ilyen, hogy h\u00e9tv\u00e9g\u00e9n nem \u00e9rdemes tartalmat megosztani (maximum ism\u00e9telt kontentet), illetve a 10-12, valamint a 16-18 \u00e9s a 20-22 \u00f3rai id\u0151pontok, melyekkel \u00e9rdemes oper\u00e1lni. Term\u00e9szetesen itt is minden k\u00f6z\u00f6ss\u00e9g m\u00e1s, jelent\u0151sen elt\u00e9r\u0151 felhaszn\u00e1l\u00f3i szok\u00e1sokkal b\u00edr egy fiataloknak sz\u00f3l\u00f3 oldal, mint mondjuk egy \u00fczleti \u00e9lettel foglalkoz\u00f3.<\/p>\n<p><a href=\"https:\/\/minicrm-wp-hu.s3.amazonaws.com\/uploads\/2015\/04\/ceges_kkv_kozossegi_oldalak.jpg\"><img loading=\"lazy\" decoding=\"async\" onerror=\"this.src='https:\/\/minicrm-wp-hu.s3.amazonaws.com\/uploads\/2021\/04\/MC_logo_2021_G-Dark.svg'\" class=\"aligncenter size-full wp-image-10521\" src=\"https:\/\/minicrm-wp-hu.s3.amazonaws.com\/uploads\/2015\/04\/ceges_kkv_kozossegi_oldalak.jpg\" alt=\"KKV k\u00f6z\u00f6ss\u00e9gi m\u00e9dia\" width=\"1500\" height=\"1000\" srcset=\"https:\/\/minicrm-wp-hu.s3.amazonaws.com\/uploads\/2015\/04\/ceges_kkv_kozossegi_oldalak.jpg 1500w, https:\/\/minicrm-wp-hu.s3.amazonaws.com\/uploads\/2015\/04\/ceges_kkv_kozossegi_oldalak-300x200.jpg 300w, https:\/\/minicrm-wp-hu.s3.amazonaws.com\/uploads\/2015\/04\/ceges_kkv_kozossegi_oldalak-603x402.jpg 603w, https:\/\/minicrm-wp-hu.s3.amazonaws.com\/uploads\/2015\/04\/ceges_kkv_kozossegi_oldalak-450x300.jpg 450w\" sizes=\"auto, (max-width: 1500px) 100vw, 1500px\" \/><\/a><\/p>\n<p>Ismerj\u00fck meg a k\u00f6z\u00f6ns\u00e9g\u00fcnket, elemezz\u00fck, hogy melyek azok az id\u0151pontok, amikor a kor\u00e1bbi posztjaink j\u00f3l, jobban teljes\u00edtettek. Ez\u00e1ltal fel\u00e1ll\u00edthatunk magunknak egy prefer\u00e1lt megoszt\u00e1si \u00fctemez\u00e9st, mellyel jelent\u0151sen n\u00f6velhetj\u00fck a posztjaink el\u00e9r\u00e9seinek m\u00e9rt\u00e9k\u00e9t.<\/p>\n<p><strong>Moder\u00e1ci\u00f3<\/strong><\/p>\n<p>Egy Facebook oldalt \u00fczemeltetve bizonyos hatalom ker\u00fcl a kez\u00fcnkbe, v\u00e9gig kell gondolnunk, hogy a megoszt\u00e1sainkkal kapcsolatos kommenteket milyen m\u00f3don, st\u00edlusban moder\u00e1ljuk. Nagyon fontos ezt el\u0151re tiszt\u00e1zni, hiszen mind a teljes \u201eszabadon hagy\u00e1s\u201d, mind a tot\u00e1lis kontroll sz\u00fclhet j\u00f3 \u00e9s nagyon k\u00e1ros eredm\u00e9nyeket. \u00dcgyelj\u00fcnk arra, hogy az el\u0151re lefektetett, a t\u00f6bbi hozz\u00e1f\u00e9r\u00e9ssel rendelkez\u0151 munkat\u00e1rsunkkal is egyeztetett ir\u00e1nyelveket konzekvensen betartjuk. Lehet, hogy egy term\u00e9k\u00fcnkh\u00f6z negat\u00edv kritika t\u00e1rsul, de a tapasztalat azt mutatja, hogy ezek t\u00f6rl\u00e9se ink\u00e1bb sz\u00fcl negat\u00edv attit\u0171d\u00f6t, mintsem annak a kritik\u00e1nak, probl\u00e9m\u00e1nak az intelligens, objekt\u00edv kezel\u00e9se. Legy\u00fcnk objekt\u00edvek, t\u00fcrelmesek, t\u00e1rgyilagosak \u00e9s merj\u00fck le\u00edrni, \u201eKedves \u00fcgyfel\u00fcnk, \u00d6nnek igaza van, eln\u00e9z\u00e9st a kellemetlens\u00e9g\u00e9rt, kapcsolattart\u00f3nk azonnal keresni fogja \u00d6nt, hogy a probl\u00e9m\u00e1j\u00e1t miel\u0151bb megoldjuk\u201d.<\/p>\n<p><strong>K\u00f6z\u00f6ss\u00e9gk\u00e9nt kezel\u00e9s<\/strong><\/p>\n<p>Ez is egy olyan pont, amikor alapvet\u0151 t\u00e9ziseket \u00e1llap\u00edtunk meg. Figyelj\u00fcnk arra, hogy a Facebookon alak\u00edtott \u00e9s folyamatosan figyelmet kap\u00f3 k\u00f6z\u00f6ss\u00e9g\u00fcnket val\u00f3ban \u201e\u00e9rz\u0151 csoportk\u00e9nt\u201d kezelj\u00fck. Ne robotoknak, droidoknak, p\u00e9nznek tekints\u00fck \u0151ket. \u00c9p\u00edts\u00fck be a kommunik\u00e1ci\u00f3nkba a tudatukat, mert \u00e9rz\u00e9kelni fogj\u00e1k, hogy van-e lelke a vel\u00fck szemben mutatott viselked\u00e9s\u00fcnknek, vagy csak sales csatornak\u00e9nt tekint\u00fcnk r\u00e1juk. Ez egy nagyon fontos sikerfaktor, megfigyelhet\u0151, hogy a nagy aktivit\u00e1ssal rendelkez\u0151 oldalaknak k\u00f6z\u00f6ss\u00e9ge van, a kommunik\u00e1ci\u00f3ban pedig st\u00edlus, l\u00e9lek \u00e9s tudat fedezhet\u0151 fel.<\/p>\n<p><strong>C\u00e9lok meghat\u00e1roz\u00e1sa<\/strong><\/p>\n<p>Ahogyan egy landing (\u00e9rkez\u0151) oldal, vagy egy komolyabb kamp\u00e1ny eset\u00e9ben is fontos meghat\u00e1rozni a c\u00e9lunkat, \u00fczenet\u00fcnket, \u00fagy a Facebook oldalunkn\u00e1l is n\u00e9lk\u00fcl\u00f6zhetetlen, hogy a kezdeti l\u00e9p\u00e9sekn\u00e9l is tiszt\u00e1ban legy\u00fcnk azzal, melyek a f\u0151 c\u00e9ljaink. Pontosan kell tudnunk, hogy a FB oldalunkkal mit akarunk el\u00e9rni: k\u00f6z\u00f6ss\u00e9get \u00e9p\u00edteni, eladni, prom\u00f3t\u00e1lni, kapcsolatot tartani,esetleg visszajelz\u00e9seket kapni term\u00e9keinkr\u0151l? V\u00e1laszthatunk egyet, de ak\u00e1r t\u00f6bbet is, a l\u00e9nyeg az, hogy a l\u00e1togat\u00f3, felhaszn\u00e1l\u00f3 egy konzekvens koncepci\u00f3val tal\u00e1lkozzon, hiszen ha tudja, hogy \u201emire val\u00f3\u201d az adott FB oldal, akkor \u0151 is arra fogja haszn\u00e1lni.<\/p>\n<p>&nbsp;<\/p>\n<p><strong>Tuti tippek r\u00f6viden:<\/strong><\/p>\n<ul>\n<li><strong>Naponta 1-3 db megoszt\u00e1s, d\u00e9lel\u0151tt, d\u00e9lut\u00e1n \u00e9s 1 az esti \u00f3r\u00e1kban<\/strong><\/li>\n<li><strong>A h\u00e9tk\u00f6znapok m\u00e1sodik fel\u00e9re tervezz\u00fck be a leger\u0151sebb megoszt\u00e1sunkat<\/strong><\/li>\n<li><strong>Legal\u00e1bb 3 \u00f3ra legyen 1-1 megoszt\u00e1s k\u00f6z\u00f6tt<\/strong><\/li>\n<li><strong>Tegy\u00fcnk fel k\u00e9rd\u00e9seket, k\u00e9rj\u00fcnk ki v\u00e9lem\u00e9nyt, jelent\u0151sen t\u00f6bb reakci\u00f3t v\u00e1lthatunk ki<\/strong><\/li>\n<li><strong>Elemezz\u00fck a kor\u00e1bbi megoszt\u00e1sokat \u00e9s azok siker\u00e9t (mikor osztottuk meg, milyen t\u00edpus\u00fa volt a tartalom?)<\/strong><\/li>\n<li><strong>K\u00e9pfelt\u00f6lt\u00e9ssel osszunk meg tartalmat (le\u00edr\u00e1sba a linket), jelent\u0151sen t\u00f6bb el\u00e9r\u00e9st \u00e9rnek el a k\u00e9pek<\/strong><\/li>\n<li><strong>A megoszt\u00e1saink le\u00edr\u00e1sait 150-200 karakterre maximaliz\u00e1ljuk<\/strong><\/li>\n<li><strong>Nyugodtan haszn\u00e1ljunk hangulatjeleket (pl. smiley), szem\u00e9lyesebb\u00e9 teszi a kommunik\u00e1ci\u00f3t<\/strong><\/li>\n<\/ul>\n<p>&nbsp;<\/p>\n<p><strong>Google Plus<\/strong><\/p>\n<p>A Facebookhoz legink\u00e1bb hasonl\u00f3 tartalmak megoszt\u00e1s\u00e1ra alkalmas k\u00f6z\u00f6ss\u00e9gi fel\u00fclet a Google Plus, melyet a Google 2011-ben az\u00e9rt ind\u00edtott el, hogy \u201elegy\u0151zze\u201d a Facebookot \u00e9s a Twittert. A nagy tervekb\u0151l nem lett semmi, glob\u00e1lisan 6-15 milli\u00f3 akt\u00edv felhaszn\u00e1l\u00f3t tudott csak szerezni, annak ellen\u00e9re is, hogy minden Gmail hozz\u00e1f\u00e9r\u00e9shez Google Plus is duk\u00e1lt p\u00e1r kattint\u00e1s ut\u00e1n.<\/p>\n<p>Ennek ellen\u00e9re egy c\u00e9g \u2013 egyel\u0151re \u2013 nem ker\u00fclheti ki az \u00e1ltala l\u00e9trehozott tartalmak Google Plus-on t\u00f6rt\u00e9n\u0151 megoszt\u00e1s\u00e1t. Ennek okai els\u0151sorban a keres\u0151optimaliz\u00e1l\u00e1sban kereshet\u0151k, mintsem \u00f3ri\u00e1si k\u00f6z\u00f6ss\u00e9gi aktivit\u00e1sban.<\/p>\n<p><a href=\"https:\/\/minicrm-wp-hu.s3.amazonaws.com\/uploads\/2015\/04\/ceges_kkv_google_plus.jpg\"><img loading=\"lazy\" decoding=\"async\" onerror=\"this.src='https:\/\/minicrm-wp-hu.s3.amazonaws.com\/uploads\/2021\/04\/MC_logo_2021_G-Dark.svg'\" class=\"aligncenter size-full wp-image-10522\" src=\"https:\/\/minicrm-wp-hu.s3.amazonaws.com\/uploads\/2015\/04\/ceges_kkv_google_plus.jpg\" alt=\"KKV k\u00f6z\u00f6ss\u00e9gi m\u00e9dia\" width=\"1500\" height=\"1000\" srcset=\"https:\/\/minicrm-wp-hu.s3.amazonaws.com\/uploads\/2015\/04\/ceges_kkv_google_plus.jpg 1500w, https:\/\/minicrm-wp-hu.s3.amazonaws.com\/uploads\/2015\/04\/ceges_kkv_google_plus-300x200.jpg 300w, https:\/\/minicrm-wp-hu.s3.amazonaws.com\/uploads\/2015\/04\/ceges_kkv_google_plus-603x402.jpg 603w, https:\/\/minicrm-wp-hu.s3.amazonaws.com\/uploads\/2015\/04\/ceges_kkv_google_plus-450x300.jpg 450w\" sizes=\"auto, (max-width: 1500px) 100vw, 1500px\" \/><\/a><\/p>\n<p>Elmagyar\u00e1zom: sok\u00e1ig a Google \u00fagy pr\u00f3b\u00e1lta \u201er\u00e1nk er\u0151ltetni\u201d k\u00f6z\u00f6ss\u00e9gi oldal\u00e1t, hogy a Google Plus-on t\u00f6rt\u00e9n\u0151 megoszt\u00e1sokat (teh\u00e1t linkeket, \u00e9s a hozz\u00e1 tartoz\u00f3 domaineket) magasabban \u00e9rt\u00e9kelte algoritmus\u00e1ban, mint a Facebookon vagy m\u00e1s k\u00f6z\u00f6ss\u00e9gi oldalakon t\u00f6rt\u00e9n\u0151ket. Emiatt egyfajta link\u00e9p\u00edt\u00e9si strat\u00e9giar\u00e9szk\u00e9nt szerepelt \u00e1ltal\u00e1ban az itt t\u00f6rt\u00e9n\u0151 k\u00f6z\u00f6ss\u00e9g \u00e9s oldal l\u00e9trehoz\u00e1sa, hiszen az itt megosztott, az oldalunkra mutat\u00f3 tartalmakat a keres\u0151robotok jobban jutalmazt\u00e1k, \u00edgy t\u00f6bb \u201epontot\u201d adtak hozz\u00e1 a c\u00e9g\u00fcnk weboldal\u00e1nak keres\u0151motorokban el\u00e9rt rangj\u00e1hoz, helyez\u00e9s\u00e9hez.<\/p>\n<p>Fontos megjegyezni, hogy a Google ezt sz\u00e9pen lassan kiegyenl\u00edtette, a leg\u00fajabb algoritmus friss\u00edt\u00e9sek sz\u00e9pen elt\u00fcntett\u00e9k ezt az el\u0151nyt, manaps\u00e1g l\u00e9nyeg\u00e9ben ugyan annyit \u00e9rhet egy Facebook \u00e9s egy Google Plus megoszt\u00e1s is.<\/p>\n<p>Term\u00e9szetesen ezen fel\u00fcl is \u00e9rdemes er\u0151forr\u00e1st elk\u00fcl\u00f6n\u00edteni a Google Plus-os oldalak l\u00e9trehoz\u00e1s\u00e1ra, hiszen magyar felhaszn\u00e1l\u00f3kat is el\u00e9rhet\u00fcnk, \u00e9s b\u00e1r jelent\u0151sen, s\u0151t nagys\u00e1grendekkel kevesebbet, mint mondjuk a Facebookon, \u00e1m mivel a FB-os tartalmi \u00e9s megoszt\u00e1si strat\u00e9gi\u00e1nk l\u00e9nyeg\u00e9ben \u00e1t\u00fcltethet\u0151 a Google Plus-ra, \u00edgy az oda t\u00f6rt\u00e9n\u0151 megoszt\u00e1s nem j\u00e1r jelent\u0151s t\u00f6bbletmunk\u00e1val.<\/p>\n<p>Persze demogr\u00e1fiailag kimutathat\u00f3 n\u00e9mi k\u00fcl\u00f6nbs\u00e9g a Facebook \u00e9s a Google Plus k\u00f6z\u00f6tt, a Google term\u00e9k\u00e9t glob\u00e1lisan 10 \u00e9vvel fiatalabbak haszn\u00e1lj\u00e1k, ink\u00e1bb f\u00e9rfiak \u00e9s a fel\u00fcletb\u0151l ad\u00f3d\u00f3an jellemz\u0151bben a hosszabb tartalmak \u00e9s megoszt\u00e1sok.<\/p>\n<p><strong>A legfontosabb elemek, ir\u00e1nyelvek<\/strong><\/p>\n<p>A Google Plus egyik nagy el\u0151nye, hogy Google term\u00e9k, \u00edgy k\u00f6nnyen \u00f6sszekapcsolhat\u00f3 \u00e9s \u00f6sszehangolhat\u00f3 m\u00e1s Google term\u00e9kekkel, teh\u00e1t ha megh\u00edvunk valakit egy esem\u00e9nyre, akkor annak Gmail-es napt\u00e1r\u00e1ba is beker\u00fcl az esem\u00e9ny automatikusan. Ilyen \u00e9s ehhez hasonl\u00f3 k\u00e9nyelmi funkci\u00f3k tartj\u00e1k \u00e9letben \u00e9s adnak l\u00e9tjogosults\u00e1got a Google Plus-nak.<\/p>\n<p>\u00c9rdemes prom\u00f3t\u00e1lni Google Plus-os oldalunkat a t\u00f6bbi k\u00f6z\u00f6ss\u00e9gi platformunkon, \u00edgy k\u00f6nnyed\u00e9n felhaszn\u00e1l\u00f3kat ir\u00e1ny\u00edthatunk oda, term\u00e9szetesen ez csak akkor m\u0171k\u00f6dik gyakorlatban, ha n\u00e9mi exkluzivit\u00e1ssal ruh\u00e1zzuk fel a G+ oldalunkat, ami\u00e9rt meg\u00e9ri oda is \u00e1tmennie egy k\u00f6z\u00f6ss\u00e9gi tagunknak.<\/p>\n<p><strong>Adjunk hozz\u00e1 \u00e9rt\u00e9ket<\/strong><\/p>\n<p>Ahhoz, hogy \u00e9letk\u00e9pes legyen ezen a platformon is a k\u00f6z\u00f6ss\u00e9gi oldalunk, \u00e9rdemes platform-exkluz\u00edv tartalmakat gener\u00e1lnunk. B\u00e1r alapvet\u0151en haszn\u00e1lhatjuk \u201et\u00fck\u00f6r oldalk\u00e9nt\u201d is, ahhoz, hogy \u00e9rdemben szerezhess\u00fcnk k\u00f6vet\u0151ket, id\u0151nk\u00e9nt musz\u00e1j lesz olyan tartalmat megosztanunk, melyet kiz\u00e1r\u00f3lag ezen a platformra sz\u00e1nunk. Ezt az exkluz\u00edv kontentet pedig meg is tudjuk hirdetni a t\u00f6bbi k\u00f6z\u00f6ss\u00e9gi oldalon, \u00edgy prom\u00f3t\u00e1lva azt.<\/p>\n<p><a href=\"https:\/\/minicrm-wp-hu.s3.amazonaws.com\/uploads\/2015\/04\/ceges_facebook_21.jpg\"><img loading=\"lazy\" decoding=\"async\" onerror=\"this.src='https:\/\/minicrm-wp-hu.s3.amazonaws.com\/uploads\/2021\/04\/MC_logo_2021_G-Dark.svg'\" class=\"aligncenter size-full wp-image-10526\" src=\"https:\/\/minicrm-wp-hu.s3.amazonaws.com\/uploads\/2015\/04\/ceges_facebook_21.jpg\" alt=\"KKV k\u00f6z\u00f6ss\u00e9gi m\u00e9dia\" width=\"1500\" height=\"1125\" srcset=\"https:\/\/minicrm-wp-hu.s3.amazonaws.com\/uploads\/2015\/04\/ceges_facebook_21.jpg 1500w, https:\/\/minicrm-wp-hu.s3.amazonaws.com\/uploads\/2015\/04\/ceges_facebook_21-300x225.jpg 300w, https:\/\/minicrm-wp-hu.s3.amazonaws.com\/uploads\/2015\/04\/ceges_facebook_21-536x402.jpg 536w, https:\/\/minicrm-wp-hu.s3.amazonaws.com\/uploads\/2015\/04\/ceges_facebook_21-400x300.jpg 400w\" sizes=\"auto, (max-width: 1500px) 100vw, 1500px\" \/><\/a><\/p>\n<p><strong>Reag\u00e1l\u00e1s<\/strong><\/p>\n<p>Nagyon \u00fcgyelj\u00fcnk arra, hogy a kev\u00e9sb\u00e9 haszn\u00e1lt k\u00f6z\u00f6ss\u00e9gi helyeinken feltett felhaszn\u00e1l\u00f3i k\u00e9rd\u00e9sekre mindenk\u00e9ppen reag\u00e1ljunk, hiszen ha m\u00e1r az adott felhaszn\u00e1l\u00f3 odaker\u00fclt \u00e9s m\u00e9g k\u00e9rd\u00e9st vagy v\u00e9lem\u00e9nyt is megfogalmazott, akkor nem tehetj\u00fck meg, hogy nem reag\u00e1lunk r\u00e1. Ez\u00e9rt a monitoroz\u00e1s nagyon fontos a kisebb k\u00f6z\u00f6ss\u00e9gi platformok eset\u00e9ben!<\/p>\n<p><strong>+Name tag<\/strong><\/p>\n<p>Twitteren @ jellel jel\u00f6lhet\u00fcnk szem\u00e9lyeket vagy oldalakat, addig Google Plus-on ezt + jellel tehetj\u00fck, funkci\u00f3ja ugyan az, hasznoss\u00e1ga hasonl\u00f3an eredm\u00e9nyesnek nevezhet\u0151. Ha van \u00e9rintett szem\u00e9ly vagy oldal, mely kapcsol\u00f3dik a megoszt\u00e1sunkhoz, ne felejts\u00fck el be-tagelni azt!<\/p>\n<p><strong>Tuti tippek r\u00f6viden:<\/strong><\/p>\n<ul>\n<li>\u201e+\u201d jellel jel\u00f6lj\u00fck be a szem\u00e9lyeket, oldalakat, akik vagy amik \u00e9rintettek<\/li>\n<li>Megoszt\u00e1sainkhoz itt hosszabban is \u00edrhatunk megjegyz\u00e9st, hiszen a platform alkalmas arra<\/li>\n<li>Hozzunk l\u00e9tre esem\u00e9nyeket, h\u00edvjunk meg r\u00e1 mindenkit, aki \u00e9rintett lehet!<\/li>\n<li>K\u00e9pek itt is nagyon j\u00f3l m\u0171k\u00f6dnek<\/li>\n<li>Megoszt\u00e1saink c\u00edm\u00e9re nagyon figyelj\u00fcnk, hiszen azok nem csak tartalmi \u00e9rtelemben fontosak, hanem a keres\u0151motorokban t\u00f6rt\u00e9n\u0151 megjelen\u00e9sben is<\/li>\n<li>Form\u00e1zzuk a sz\u00f6veget, van lehet\u0151s\u00e9g\u00fcnk d\u0151lt, \u00e1th\u00fazott \u00e9s k\u00f6v\u00e9r bet\u0171ket is haszn\u00e1lni<\/li>\n<li>T\u00e9m\u00e1inkat az \u00fagynevezett \u201ehashtagekkel\u201d jel\u00f6lhetj\u00fck # jellel<\/li>\n<\/ul>\n<p>&nbsp;<\/p>\n<p>\u00d6sszess\u00e9g\u00e9ben l\u00e1thatjuk, hogy a fenti alap ir\u00e1nyelveket betartva, ezek szerint alak\u00edtva ir\u00e1ny\u00edt\u00e1si gondolatmenet\u00fcnket sikeres \u00e9s aktivit\u00e1st kiv\u00e1lt\u00f3 c\u00e9ges Facebook\/Google Plus oldalt tudunk l\u00e9trehozni. A legfontosabb, hogy itt is annyit v\u00e1rjunk el az adott eszk\u00f6zt\u0151l, amennyit beletesz\u00fcnk. A k\u00f6z\u00f6ss\u00e9gi oldalakkal kapcsolatos projektek nagy sz\u00e1zal\u00e9ka hossz\u00fa t\u00e1v\u00fa, \u00e1m megt\u00e9r\u00fcl\u0151 befektet\u00e9s.<\/p>\n<p>A cikksorozat k\u00f6vetkez\u0151 r\u00e9sz\u00e9ben m\u00e1st\u00edpus\u00fa tartalmakra koncentr\u00e1l\u00f3 k\u00f6z\u00f6ss\u00e9gi oldalakat mutatunk be, melyekkel tov\u00e1bb b\u0151v\u00edthetj\u00fck c\u00e9ges kommunik\u00e1ci\u00f3s csatorn\u00e1inkat.<\/p>\n<p>Rem\u00e9lj\u00fck, hogy ez\u00fattal is vel\u00fcnk tartanak!<\/p>\n<ul>\n<li><a href=\"https:\/\/www.minicrm.hu\/blog\/2015\/02-26\/uj-cikksorozat-kkv-kozossegi-media-a-tol-z-ig\/\"><strong>Cikksorozat bevezet\u0151<\/strong><\/a><\/li>\n<li><a href=\"https:\/\/www.minicrm.hu\/blog\/2015\/03-03\/kkv-kozossegi-media-tol-z-ig-2-resz-alap-tudaskeszlet\/\"><strong>Alap tud\u00e1sk\u00e9szlet egy k\u00f6z\u00f6ss\u00e9gi oldal \u00fczemeltet\u00e9s\u00e9hez<\/strong><\/a><\/li>\n<li><strong><a href=\"https:\/\/www.minicrm.hu\/blog\/2015\/04-13\/kkv-kozossegi-media-a-tol-z-ig-3-resz-facebook-es-google-plus\/\" target=\"_blank\">A Facebook \u00e9s a Google Plus<\/a><\/strong><\/li>\n<li><a href=\"https:\/\/www.minicrm.hu\/blog\/2015\/06-11\/kkv-kozossegi-media-4-resz-twitter-es-linkedin\/\" target=\"_blank\"><strong>Kistes\u00f3k: Twitter \u00e9s a LinkedIn<\/strong><\/a><\/li>\n<li><strong><a href=\"https:\/\/www.minicrm.hu\/blog\/2015\/08-22\/kkv-kozossegi-media-5-resz-multimedia\/\" target=\"_blank\">M\u00e9dia vil\u00e1ga: YouTube, Vimeo \u00e9s Ustream<\/a><\/strong><\/li>\n<li><strong><a href=\"https:\/\/www.minicrm.hu\/blog\/2015\/10-05\/kkv-kozossegi-media-6-resz-kepben-van-a-lenyeg\/\" target=\"_blank\">K\u00e9pben van a l\u00e9nyeg: Instagram, Pinterest, FlickR<\/a><\/strong><\/li>\n<li><strong><a href=\"https:\/\/www.minicrm.hu\/blog\/2015\/11-19\/kkv-kozossegi-media-a-tol-z-ig-zaro-gondolatok\/\" target=\"_blank\">\u00d6sszefoglal\u00f3, z\u00e1r\u00f3 gondolatok<\/a><\/strong><\/li>\n<\/ul>\n<p><strong>Cikkaj\u00e1nl\u00f3<\/strong>: <a href=\"https:\/\/www.minicrm.hu\/blog\/2014\/09-02\/igy-legyen-jo-kkv-web-strategiaja-hogyan-letezzen-cegunk-weben-cikksorozat\/\">KKV web strat\u00e9gia cikksorozat<\/a><\/p>\n","protected":false},"excerpt":{"rendered":"<p>A KKV-s k\u00f6z\u00f6ss\u00e9gi m\u00e9dia haszn\u00e1lattal foglalkoz\u00f3 cikksorozatunk harmadik r\u00e9sz\u00e9ben a k\u00f6z\u00f6ss\u00e9g\u00e9p\u00edt\u0151k k\u00e9t alappill\u00e9r\u00e9hez \u00e9rkezt\u00fcnk. V\u00e9gigvessz\u00fck a Facebook \u00e9s a Google Plus \u00fczleti felhaszn\u00e1l\u00e1s\u00e1val kapcsolatos legfontosabb alapelveket \u00e9s tudnival\u00f3kat. A legismertebb k\u00f6z\u00f6ss\u00e9gi oldalt 2004-ben az\u00e9rt alkott\u00e1k, hogy egyetemi hallgat\u00f3k k\u00f6z\u00f6tt interakt\u00edv \u00e9s egyszer\u0171s\u00edtett kommunik\u00e1ci\u00f3t alkosson. Mint ismerj\u00fck a t\u00f6rt\u00e9netet, a terv t\u00f6bb mint j\u00f3l s\u00fclt el, [&hellip;]<\/p>\n","protected":false},"author":66,"featured_media":10523,"comment_status":"open","ping_status":"closed","sticky":false,"template":"","format":"gallery","meta":{"inline_featured_image":false,"footnotes":""},"categories":[174],"tags":[411,412,349,413],"class_list":["post-10517","post","type-post","status-publish","format-gallery","has-post-thumbnail","hentry","category-marketing","tag-facebook","tag-google-plus","tag-kozossegi-media","tag-social-media","post_format-post-format-gallery"],"yoast_head":"<!-- This site is optimized with the Yoast SEO plugin v27.1.1 - https:\/\/yoast.com\/product\/yoast-seo-wordpress\/ -->\n<title>KKV k\u00f6z\u00f6ss\u00e9gi m\u00e9dia A-t\u00f3l Z-ig 3. r\u00e9sz: Facebook \u00e9s Google Plus<\/title>\n<meta name=\"description\" content=\"A KKV-s k\u00f6z\u00f6ss\u00e9gi m\u00e9dia haszn\u00e1lattal foglalkoz\u00f3 cikksorozatunk harmadik r\u00e9sz\u00e9ben a k\u00f6z\u00f6ss\u00e9g\u00e9p\u00edt\u0151k k\u00e9t alappill\u00e9r\u00e9hez \u00e9rkezt\u00fcnk. V\u00e9gigvessz\u00fck a Facebook \u00e9s\" \/>\n<meta name=\"robots\" content=\"index, follow, max-snippet:-1, max-image-preview:large, max-video-preview:-1\" \/>\n<link rel=\"canonical\" href=\"https:\/\/www.minicrm.hu\/blog\/2015\/04-13\/kkv-kozossegi-media-a-tol-z-ig-3-resz-facebook-es-google-plus\/\" \/>\n<meta property=\"og:locale\" content=\"hu_HU\" \/>\n<meta property=\"og:type\" content=\"article\" \/>\n<meta property=\"og:title\" content=\"KKV k\u00f6z\u00f6ss\u00e9gi m\u00e9dia A-t\u00f3l Z-ig 3. r\u00e9sz: Facebook \u00e9s Google Plus\" \/>\n<meta property=\"og:description\" content=\"A KKV-s k\u00f6z\u00f6ss\u00e9gi m\u00e9dia haszn\u00e1lattal foglalkoz\u00f3 cikksorozatunk harmadik r\u00e9sz\u00e9ben a k\u00f6z\u00f6ss\u00e9g\u00e9p\u00edt\u0151k k\u00e9t alappill\u00e9r\u00e9hez \u00e9rkezt\u00fcnk. V\u00e9gigvessz\u00fck a Facebook \u00e9s\" \/>\n<meta property=\"og:url\" content=\"https:\/\/www.minicrm.hu\/blog\/2015\/04-13\/kkv-kozossegi-media-a-tol-z-ig-3-resz-facebook-es-google-plus\/\" \/>\n<meta property=\"og:site_name\" content=\"MiniCRM Blog\" \/>\n<meta property=\"article:published_time\" content=\"2015-04-13T12:08:57+00:00\" \/>\n<meta property=\"article:modified_time\" content=\"2015-11-19T12:54:46+00:00\" \/>\n<meta property=\"og:image\" content=\"https:\/\/minicrm-wp-hu.s3.amazonaws.com\/uploads\/2015\/04\/ceges_kkv_social.jpg\" \/>\n\t<meta property=\"og:image:width\" content=\"1500\" \/>\n\t<meta property=\"og:image:height\" content=\"1013\" \/>\n\t<meta property=\"og:image:type\" content=\"image\/jpeg\" \/>\n<meta name=\"author\" content=\"MiniCRM\" \/>\n<meta name=\"twitter:label1\" content=\"Szerz\u0151:\" \/>\n\t<meta name=\"twitter:data1\" content=\"MiniCRM\" \/>\n\t<meta name=\"twitter:label2\" content=\"Becs\u00fclt olvas\u00e1si id\u0151\" \/>\n\t<meta name=\"twitter:data2\" content=\"12 perc\" \/>\n<script type=\"application\/ld+json\" class=\"yoast-schema-graph\">{\"@context\":\"https:\/\/schema.org\",\"@graph\":[{\"@type\":\"Article\",\"@id\":\"https:\/\/www.minicrm.hu\/blog\/2015\/04-13\/kkv-kozossegi-media-a-tol-z-ig-3-resz-facebook-es-google-plus\/#article\",\"isPartOf\":{\"@id\":\"https:\/\/www.minicrm.hu\/blog\/2015\/04-13\/kkv-kozossegi-media-a-tol-z-ig-3-resz-facebook-es-google-plus\/\"},\"author\":{\"name\":\"MiniCRM\",\"@id\":\"https:\/\/www.minicrm.hu\/blog\/#\/schema\/person\/069da389ff66e1b062bfea11f5435219\"},\"headline\":\"KKV k\u00f6z\u00f6ss\u00e9gi m\u00e9dia A-t\u00f3l Z-ig 3. r\u00e9sz: Facebook \u00e9s Google Plus\",\"datePublished\":\"2015-04-13T12:08:57+00:00\",\"dateModified\":\"2015-11-19T12:54:46+00:00\",\"mainEntityOfPage\":{\"@id\":\"https:\/\/www.minicrm.hu\/blog\/2015\/04-13\/kkv-kozossegi-media-a-tol-z-ig-3-resz-facebook-es-google-plus\/\"},\"wordCount\":2350,\"commentCount\":0,\"publisher\":{\"@id\":\"https:\/\/www.minicrm.hu\/blog\/#organization\"},\"image\":{\"@id\":\"https:\/\/www.minicrm.hu\/blog\/2015\/04-13\/kkv-kozossegi-media-a-tol-z-ig-3-resz-facebook-es-google-plus\/#primaryimage\"},\"thumbnailUrl\":\"https:\/\/minicrm-wp-hu.s3.amazonaws.com\/uploads\/2015\/04\/ceges_kkv_social.jpg\",\"keywords\":[\"facebook\",\"google plus\",\"K\u00f6z\u00f6ss\u00e9gi m\u00e9dia\",\"social media\"],\"articleSection\":[\"Marketing\"],\"inLanguage\":\"hu\",\"potentialAction\":[{\"@type\":\"CommentAction\",\"name\":\"Comment\",\"target\":[\"https:\/\/www.minicrm.hu\/blog\/2015\/04-13\/kkv-kozossegi-media-a-tol-z-ig-3-resz-facebook-es-google-plus\/#respond\"]}]},{\"@type\":\"WebPage\",\"@id\":\"https:\/\/www.minicrm.hu\/blog\/2015\/04-13\/kkv-kozossegi-media-a-tol-z-ig-3-resz-facebook-es-google-plus\/\",\"url\":\"https:\/\/www.minicrm.hu\/blog\/2015\/04-13\/kkv-kozossegi-media-a-tol-z-ig-3-resz-facebook-es-google-plus\/\",\"name\":\"KKV k\u00f6z\u00f6ss\u00e9gi m\u00e9dia A-t\u00f3l Z-ig 3. r\u00e9sz: Facebook \u00e9s Google Plus\",\"isPartOf\":{\"@id\":\"https:\/\/www.minicrm.hu\/blog\/#website\"},\"primaryImageOfPage\":{\"@id\":\"https:\/\/www.minicrm.hu\/blog\/2015\/04-13\/kkv-kozossegi-media-a-tol-z-ig-3-resz-facebook-es-google-plus\/#primaryimage\"},\"image\":{\"@id\":\"https:\/\/www.minicrm.hu\/blog\/2015\/04-13\/kkv-kozossegi-media-a-tol-z-ig-3-resz-facebook-es-google-plus\/#primaryimage\"},\"thumbnailUrl\":\"https:\/\/minicrm-wp-hu.s3.amazonaws.com\/uploads\/2015\/04\/ceges_kkv_social.jpg\",\"datePublished\":\"2015-04-13T12:08:57+00:00\",\"dateModified\":\"2015-11-19T12:54:46+00:00\",\"description\":\"A KKV-s k\u00f6z\u00f6ss\u00e9gi m\u00e9dia haszn\u00e1lattal foglalkoz\u00f3 cikksorozatunk harmadik r\u00e9sz\u00e9ben a k\u00f6z\u00f6ss\u00e9g\u00e9p\u00edt\u0151k k\u00e9t alappill\u00e9r\u00e9hez \u00e9rkezt\u00fcnk. V\u00e9gigvessz\u00fck a Facebook \u00e9s\",\"breadcrumb\":{\"@id\":\"https:\/\/www.minicrm.hu\/blog\/2015\/04-13\/kkv-kozossegi-media-a-tol-z-ig-3-resz-facebook-es-google-plus\/#breadcrumb\"},\"inLanguage\":\"hu\",\"potentialAction\":[{\"@type\":\"ReadAction\",\"target\":[\"https:\/\/www.minicrm.hu\/blog\/2015\/04-13\/kkv-kozossegi-media-a-tol-z-ig-3-resz-facebook-es-google-plus\/\"]}]},{\"@type\":\"ImageObject\",\"inLanguage\":\"hu\",\"@id\":\"https:\/\/www.minicrm.hu\/blog\/2015\/04-13\/kkv-kozossegi-media-a-tol-z-ig-3-resz-facebook-es-google-plus\/#primaryimage\",\"url\":\"https:\/\/minicrm-wp-hu.s3.amazonaws.com\/uploads\/2015\/04\/ceges_kkv_social.jpg\",\"contentUrl\":\"https:\/\/minicrm-wp-hu.s3.amazonaws.com\/uploads\/2015\/04\/ceges_kkv_social.jpg\",\"width\":1500,\"height\":1013,\"caption\":\"KKV k\u00f6z\u00f6ss\u00e9gi m\u00e9dia\"},{\"@type\":\"BreadcrumbList\",\"@id\":\"https:\/\/www.minicrm.hu\/blog\/2015\/04-13\/kkv-kozossegi-media-a-tol-z-ig-3-resz-facebook-es-google-plus\/#breadcrumb\",\"itemListElement\":[{\"@type\":\"ListItem\",\"position\":1,\"name\":\"Home\",\"item\":\"https:\/\/www.minicrm.hu\/blog\/\"},{\"@type\":\"ListItem\",\"position\":2,\"name\":\"KKV k\u00f6z\u00f6ss\u00e9gi m\u00e9dia A-t\u00f3l Z-ig 3. r\u00e9sz: Facebook \u00e9s Google Plus\"}]},{\"@type\":\"WebSite\",\"@id\":\"https:\/\/www.minicrm.hu\/blog\/#website\",\"url\":\"https:\/\/www.minicrm.hu\/blog\/\",\"name\":\"MiniCRM Blog\",\"description\":\"CRM Blog\",\"publisher\":{\"@id\":\"https:\/\/www.minicrm.hu\/blog\/#organization\"},\"potentialAction\":[{\"@type\":\"SearchAction\",\"target\":{\"@type\":\"EntryPoint\",\"urlTemplate\":\"https:\/\/www.minicrm.hu\/blog\/?s={search_term_string}\"},\"query-input\":{\"@type\":\"PropertyValueSpecification\",\"valueRequired\":true,\"valueName\":\"search_term_string\"}}],\"inLanguage\":\"hu\"},{\"@type\":\"Organization\",\"@id\":\"https:\/\/www.minicrm.hu\/blog\/#organization\",\"name\":\"MiniCRM Blog\",\"url\":\"https:\/\/www.minicrm.hu\/blog\/\",\"logo\":{\"@type\":\"ImageObject\",\"inLanguage\":\"hu\",\"@id\":\"https:\/\/www.minicrm.hu\/blog\/#\/schema\/logo\/image\/\",\"url\":\"https:\/\/minicrm-wp-hu.s3.amazonaws.com\/uploads\/2021\/04\/cropped-MC-logo-Blog-2021_G-Dark.png\",\"contentUrl\":\"https:\/\/minicrm-wp-hu.s3.amazonaws.com\/uploads\/2021\/04\/cropped-MC-logo-Blog-2021_G-Dark.png\",\"width\":91,\"height\":89,\"caption\":\"MiniCRM Blog\"},\"image\":{\"@id\":\"https:\/\/www.minicrm.hu\/blog\/#\/schema\/logo\/image\/\"}},{\"@type\":\"Person\",\"@id\":\"https:\/\/www.minicrm.hu\/blog\/#\/schema\/person\/069da389ff66e1b062bfea11f5435219\",\"name\":\"MiniCRM\",\"image\":{\"@type\":\"ImageObject\",\"inLanguage\":\"hu\",\"@id\":\"https:\/\/www.minicrm.hu\/blog\/#\/schema\/person\/image\/\",\"url\":\"https:\/\/secure.gravatar.com\/avatar\/dcefd6bba8934b04bb248dd2c1a6d1aefd3e2560e872f17db31afd984ef19a13?s=96&r=g\",\"contentUrl\":\"https:\/\/secure.gravatar.com\/avatar\/dcefd6bba8934b04bb248dd2c1a6d1aefd3e2560e872f17db31afd984ef19a13?s=96&r=g\",\"caption\":\"MiniCRM\"},\"sameAs\":[\"https:\/\/www.minicrm.hu\/\"],\"url\":\"https:\/\/www.minicrm.hu\/blog\/author\/minicrm\/\"}]}<\/script>\n<!-- \/ Yoast SEO plugin. -->","yoast_head_json":{"title":"KKV k\u00f6z\u00f6ss\u00e9gi m\u00e9dia A-t\u00f3l Z-ig 3. r\u00e9sz: Facebook \u00e9s Google Plus","description":"A KKV-s k\u00f6z\u00f6ss\u00e9gi m\u00e9dia haszn\u00e1lattal foglalkoz\u00f3 cikksorozatunk harmadik r\u00e9sz\u00e9ben a k\u00f6z\u00f6ss\u00e9g\u00e9p\u00edt\u0151k k\u00e9t alappill\u00e9r\u00e9hez \u00e9rkezt\u00fcnk. V\u00e9gigvessz\u00fck a Facebook \u00e9s","robots":{"index":"index","follow":"follow","max-snippet":"max-snippet:-1","max-image-preview":"max-image-preview:large","max-video-preview":"max-video-preview:-1"},"canonical":"https:\/\/www.minicrm.hu\/blog\/2015\/04-13\/kkv-kozossegi-media-a-tol-z-ig-3-resz-facebook-es-google-plus\/","og_locale":"hu_HU","og_type":"article","og_title":"KKV k\u00f6z\u00f6ss\u00e9gi m\u00e9dia A-t\u00f3l Z-ig 3. r\u00e9sz: Facebook \u00e9s Google Plus","og_description":"A KKV-s k\u00f6z\u00f6ss\u00e9gi m\u00e9dia haszn\u00e1lattal foglalkoz\u00f3 cikksorozatunk harmadik r\u00e9sz\u00e9ben a k\u00f6z\u00f6ss\u00e9g\u00e9p\u00edt\u0151k k\u00e9t alappill\u00e9r\u00e9hez \u00e9rkezt\u00fcnk. V\u00e9gigvessz\u00fck a Facebook \u00e9s","og_url":"https:\/\/www.minicrm.hu\/blog\/2015\/04-13\/kkv-kozossegi-media-a-tol-z-ig-3-resz-facebook-es-google-plus\/","og_site_name":"MiniCRM Blog","article_published_time":"2015-04-13T12:08:57+00:00","article_modified_time":"2015-11-19T12:54:46+00:00","og_image":[{"width":1500,"height":1013,"url":"https:\/\/minicrm-wp-hu.s3.amazonaws.com\/uploads\/2015\/04\/ceges_kkv_social.jpg","type":"image\/jpeg"}],"author":"MiniCRM","twitter_misc":{"Szerz\u0151:":"MiniCRM","Becs\u00fclt olvas\u00e1si id\u0151":"12 perc"},"schema":{"@context":"https:\/\/schema.org","@graph":[{"@type":"Article","@id":"https:\/\/www.minicrm.hu\/blog\/2015\/04-13\/kkv-kozossegi-media-a-tol-z-ig-3-resz-facebook-es-google-plus\/#article","isPartOf":{"@id":"https:\/\/www.minicrm.hu\/blog\/2015\/04-13\/kkv-kozossegi-media-a-tol-z-ig-3-resz-facebook-es-google-plus\/"},"author":{"name":"MiniCRM","@id":"https:\/\/www.minicrm.hu\/blog\/#\/schema\/person\/069da389ff66e1b062bfea11f5435219"},"headline":"KKV k\u00f6z\u00f6ss\u00e9gi m\u00e9dia A-t\u00f3l Z-ig 3. r\u00e9sz: Facebook \u00e9s Google Plus","datePublished":"2015-04-13T12:08:57+00:00","dateModified":"2015-11-19T12:54:46+00:00","mainEntityOfPage":{"@id":"https:\/\/www.minicrm.hu\/blog\/2015\/04-13\/kkv-kozossegi-media-a-tol-z-ig-3-resz-facebook-es-google-plus\/"},"wordCount":2350,"commentCount":0,"publisher":{"@id":"https:\/\/www.minicrm.hu\/blog\/#organization"},"image":{"@id":"https:\/\/www.minicrm.hu\/blog\/2015\/04-13\/kkv-kozossegi-media-a-tol-z-ig-3-resz-facebook-es-google-plus\/#primaryimage"},"thumbnailUrl":"https:\/\/minicrm-wp-hu.s3.amazonaws.com\/uploads\/2015\/04\/ceges_kkv_social.jpg","keywords":["facebook","google plus","K\u00f6z\u00f6ss\u00e9gi m\u00e9dia","social media"],"articleSection":["Marketing"],"inLanguage":"hu","potentialAction":[{"@type":"CommentAction","name":"Comment","target":["https:\/\/www.minicrm.hu\/blog\/2015\/04-13\/kkv-kozossegi-media-a-tol-z-ig-3-resz-facebook-es-google-plus\/#respond"]}]},{"@type":"WebPage","@id":"https:\/\/www.minicrm.hu\/blog\/2015\/04-13\/kkv-kozossegi-media-a-tol-z-ig-3-resz-facebook-es-google-plus\/","url":"https:\/\/www.minicrm.hu\/blog\/2015\/04-13\/kkv-kozossegi-media-a-tol-z-ig-3-resz-facebook-es-google-plus\/","name":"KKV k\u00f6z\u00f6ss\u00e9gi m\u00e9dia A-t\u00f3l Z-ig 3. r\u00e9sz: Facebook \u00e9s Google Plus","isPartOf":{"@id":"https:\/\/www.minicrm.hu\/blog\/#website"},"primaryImageOfPage":{"@id":"https:\/\/www.minicrm.hu\/blog\/2015\/04-13\/kkv-kozossegi-media-a-tol-z-ig-3-resz-facebook-es-google-plus\/#primaryimage"},"image":{"@id":"https:\/\/www.minicrm.hu\/blog\/2015\/04-13\/kkv-kozossegi-media-a-tol-z-ig-3-resz-facebook-es-google-plus\/#primaryimage"},"thumbnailUrl":"https:\/\/minicrm-wp-hu.s3.amazonaws.com\/uploads\/2015\/04\/ceges_kkv_social.jpg","datePublished":"2015-04-13T12:08:57+00:00","dateModified":"2015-11-19T12:54:46+00:00","description":"A KKV-s k\u00f6z\u00f6ss\u00e9gi m\u00e9dia haszn\u00e1lattal foglalkoz\u00f3 cikksorozatunk harmadik r\u00e9sz\u00e9ben a k\u00f6z\u00f6ss\u00e9g\u00e9p\u00edt\u0151k k\u00e9t alappill\u00e9r\u00e9hez \u00e9rkezt\u00fcnk. V\u00e9gigvessz\u00fck a Facebook \u00e9s","breadcrumb":{"@id":"https:\/\/www.minicrm.hu\/blog\/2015\/04-13\/kkv-kozossegi-media-a-tol-z-ig-3-resz-facebook-es-google-plus\/#breadcrumb"},"inLanguage":"hu","potentialAction":[{"@type":"ReadAction","target":["https:\/\/www.minicrm.hu\/blog\/2015\/04-13\/kkv-kozossegi-media-a-tol-z-ig-3-resz-facebook-es-google-plus\/"]}]},{"@type":"ImageObject","inLanguage":"hu","@id":"https:\/\/www.minicrm.hu\/blog\/2015\/04-13\/kkv-kozossegi-media-a-tol-z-ig-3-resz-facebook-es-google-plus\/#primaryimage","url":"https:\/\/minicrm-wp-hu.s3.amazonaws.com\/uploads\/2015\/04\/ceges_kkv_social.jpg","contentUrl":"https:\/\/minicrm-wp-hu.s3.amazonaws.com\/uploads\/2015\/04\/ceges_kkv_social.jpg","width":1500,"height":1013,"caption":"KKV k\u00f6z\u00f6ss\u00e9gi m\u00e9dia"},{"@type":"BreadcrumbList","@id":"https:\/\/www.minicrm.hu\/blog\/2015\/04-13\/kkv-kozossegi-media-a-tol-z-ig-3-resz-facebook-es-google-plus\/#breadcrumb","itemListElement":[{"@type":"ListItem","position":1,"name":"Home","item":"https:\/\/www.minicrm.hu\/blog\/"},{"@type":"ListItem","position":2,"name":"KKV k\u00f6z\u00f6ss\u00e9gi m\u00e9dia A-t\u00f3l Z-ig 3. r\u00e9sz: Facebook \u00e9s Google Plus"}]},{"@type":"WebSite","@id":"https:\/\/www.minicrm.hu\/blog\/#website","url":"https:\/\/www.minicrm.hu\/blog\/","name":"MiniCRM Blog","description":"CRM Blog","publisher":{"@id":"https:\/\/www.minicrm.hu\/blog\/#organization"},"potentialAction":[{"@type":"SearchAction","target":{"@type":"EntryPoint","urlTemplate":"https:\/\/www.minicrm.hu\/blog\/?s={search_term_string}"},"query-input":{"@type":"PropertyValueSpecification","valueRequired":true,"valueName":"search_term_string"}}],"inLanguage":"hu"},{"@type":"Organization","@id":"https:\/\/www.minicrm.hu\/blog\/#organization","name":"MiniCRM Blog","url":"https:\/\/www.minicrm.hu\/blog\/","logo":{"@type":"ImageObject","inLanguage":"hu","@id":"https:\/\/www.minicrm.hu\/blog\/#\/schema\/logo\/image\/","url":"https:\/\/minicrm-wp-hu.s3.amazonaws.com\/uploads\/2021\/04\/cropped-MC-logo-Blog-2021_G-Dark.png","contentUrl":"https:\/\/minicrm-wp-hu.s3.amazonaws.com\/uploads\/2021\/04\/cropped-MC-logo-Blog-2021_G-Dark.png","width":91,"height":89,"caption":"MiniCRM Blog"},"image":{"@id":"https:\/\/www.minicrm.hu\/blog\/#\/schema\/logo\/image\/"}},{"@type":"Person","@id":"https:\/\/www.minicrm.hu\/blog\/#\/schema\/person\/069da389ff66e1b062bfea11f5435219","name":"MiniCRM","image":{"@type":"ImageObject","inLanguage":"hu","@id":"https:\/\/www.minicrm.hu\/blog\/#\/schema\/person\/image\/","url":"https:\/\/secure.gravatar.com\/avatar\/dcefd6bba8934b04bb248dd2c1a6d1aefd3e2560e872f17db31afd984ef19a13?s=96&r=g","contentUrl":"https:\/\/secure.gravatar.com\/avatar\/dcefd6bba8934b04bb248dd2c1a6d1aefd3e2560e872f17db31afd984ef19a13?s=96&r=g","caption":"MiniCRM"},"sameAs":["https:\/\/www.minicrm.hu\/"],"url":"https:\/\/www.minicrm.hu\/blog\/author\/minicrm\/"}]}},"_links":{"self":[{"href":"https:\/\/www.minicrm.hu\/blog\/wp-json\/wp\/v2\/posts\/10517","targetHints":{"allow":["GET"]}}],"collection":[{"href":"https:\/\/www.minicrm.hu\/blog\/wp-json\/wp\/v2\/posts"}],"about":[{"href":"https:\/\/www.minicrm.hu\/blog\/wp-json\/wp\/v2\/types\/post"}],"author":[{"embeddable":true,"href":"https:\/\/www.minicrm.hu\/blog\/wp-json\/wp\/v2\/users\/66"}],"replies":[{"embeddable":true,"href":"https:\/\/www.minicrm.hu\/blog\/wp-json\/wp\/v2\/comments?post=10517"}],"version-history":[{"count":3,"href":"https:\/\/www.minicrm.hu\/blog\/wp-json\/wp\/v2\/posts\/10517\/revisions"}],"predecessor-version":[{"id":10538,"href":"https:\/\/www.minicrm.hu\/blog\/wp-json\/wp\/v2\/posts\/10517\/revisions\/10538"}],"wp:featuredmedia":[{"embeddable":true,"href":"https:\/\/www.minicrm.hu\/blog\/wp-json\/wp\/v2\/media\/10523"}],"wp:attachment":[{"href":"https:\/\/www.minicrm.hu\/blog\/wp-json\/wp\/v2\/media?parent=10517"}],"wp:term":[{"taxonomy":"category","embeddable":true,"href":"https:\/\/www.minicrm.hu\/blog\/wp-json\/wp\/v2\/categories?post=10517"},{"taxonomy":"post_tag","embeddable":true,"href":"https:\/\/www.minicrm.hu\/blog\/wp-json\/wp\/v2\/tags?post=10517"}],"curies":[{"name":"wp","href":"https:\/\/api.w.org\/{rel}","templated":true}]}}