

{"id":11089,"date":"2015-08-14T16:25:32","date_gmt":"2015-08-14T14:25:32","guid":{"rendered":"https:\/\/www.minicrm.hu\/blog\/?p=11089"},"modified":"2021-07-15T08:23:50","modified_gmt":"2021-07-15T06:23:50","slug":"bisnode-integracio-erkezett-a-minicrmbe","status":"publish","type":"post","link":"https:\/\/www.minicrm.hu\/blog\/2015\/08-14\/bisnode-integracio-erkezett-a-minicrmbe\/","title":{"rendered":"Bisnode integr\u00e1ci\u00f3 \u00e9rkezett a MiniCRM-be"},"content":{"rendered":"<p><span style=\"font-weight: 400;\">A <a href=\"http:\/\/www.bisnode.hu\/\" target=\"_blank\" rel=\"noopener\">Bisnode<\/a> <\/span><span style=\"font-weight: 400;\">Eur\u00f3pa egyik vezet\u0151 digit\u00e1lis \u00fczleti inform\u00e1ci\u00f3szolg\u00e1ltat\u00f3ja, amely c\u00e9gekr\u0151l t\u00e1rolt inform\u00e1ci\u00f3it <\/span><span style=\"font-weight: 400;\">m\u00e1r MiniCRM-ben is l\u00e1thatod az \u00faj Bisnode <a href=\"https:\/\/www.minicrm.hu\/tour\/integrations\/\">integr\u00e1ci\u00f3<\/a> seg\u00edts\u00e9g\u00e9vel.<\/span><\/p>\n<p><span style=\"font-weight: 400;\">\u00c9rdekl\u0151d\u0151idr\u0151l m\u00e1r k\u00f6nnyed\u00e9n megkaphatod az al\u00e1bbi adatokat: ad\u00f3sz\u00e1m, alapt\u0151ke, alap\u00edt\u00e1s \u00e9ve, \u00e9ves \u00e1rbev\u00e9tel, alkalmazottak sz\u00e1ma, tev\u00e9kenys\u00e9gi k\u00f6r, bisnode friss\u00edt\u00e9s d\u00e1tuma, bisnode kock\u00e1zati besorol\u00e1s, weboldal, \u00f6sszefoglal\u00f3, \u00e1llapot, telefonsz\u00e1m \u00e9s email.\u00a0<\/span><span style=\"font-weight: 400;\"><br \/>\n<\/span><span style=\"font-weight: 400;\">Megl\u00e9v\u0151 \u00e9rdekl\u0151d\u0151k eset\u00e9ben, a fenti adatokat, ak\u00e1r egyes\u00e9vel is le lehet k\u00e9rni, de haszn\u00e1lhatsz <\/span><a href=\"https:\/\/www.minicrm.hu\/help\/adatlapok-szurese\/\" target=\"_blank\" rel=\"noopener\"><span style=\"font-weight: 400;\">sz\u0171r\u0151ket<\/span><\/a><span style=\"font-weight: 400;\"> is, hogy \u00e9rdekl\u0151d\u0151id egy csoportj\u00e1t t\u00f6ltsd fel friss adatokkal.<br \/>\n<\/span><span style=\"font-weight: 400;\">\u00daj \u00e9rdekl\u0151d\u0151k felv\u00e9telekor a rendszer automatikusan megkeresi a Bisnode adatb\u00e1zisban is az \u00e9ppen r\u00f6gz\u00edt\u00e9sre ker\u00fcl\u0151 c\u00e9get \u00e9s felk\u00edn\u00e1lja a lehet\u0151s\u00e9get, hogy kieg\u00e9sz\u00edtse az \u00fajonnan felvett \u00e9rdekl\u0151d\u0151 adatait.<\/span><\/p>\n<p>Mit jelent ez gyakorlatban? Rengeteg megsp\u00f3rolt id\u0151t, amit azzal t\u00f6lthetsz, hogy \u00e9rdekl\u0151d\u0151idet lez\u00e1rd \u00e9s nem azzal, hogy inform\u00e1ci\u00f3t vad\u00e1szol r\u00f3luk. Engedd meg, hogy egy gyakorlati p\u00e9ld\u00e1val tegyem \u00e9rthet\u0151bb\u00e9 a fenti \u00e1ll\u00edt\u00e1somat.<\/p>\n<p><span style=\"font-weight: 400;\">A MiniCRM-en bel\u00fcl mindannyian k\u00f6vetj\u00fck a <\/span><a href=\"https:\/\/www.minicrm.hu\/blog\/2015\/07-02\/fejszeelezes\/\"><span style=\"font-weight: 400;\">fejsze\u00e9lez\u00e9s<\/span><\/a><span style=\"font-weight: 400;\"> elv\u00e9t. Ennek r\u00e9szek\u00e9nt megpr\u00f3b\u00e1lunk azokra a teend\u0151kre koncentr\u00e1lni, amik t\u00e9nylegesen el\u0151r\u00e9bb visznek \u00e9s megpr\u00f3b\u00e1lunk minden olyan teend\u0151t automatiz\u00e1lni, amit lehet. Ebbe a k\u00f6rbe tartozik az inform\u00e1ci\u00f3gy\u0171jt\u00e9s \u00e9rdekl\u0151d\u0151inkr\u0151l.<\/span><\/p>\n<p><span style=\"font-weight: 400;\">Az <\/span><a href=\"https:\/\/www.minicrm.hu\/blog\/2015\/07-31\/uj-ertekesitesi-szemlelet-nyomaban\/\"><span style=\"font-weight: 400;\">\u00faj \u00e9rt\u00e9kes\u00edt\u00e9si szeml\u00e9let\u00fcnk<\/span><\/a><span style=\"font-weight: 400;\"> kialak\u00edt\u00e1s\u00e1ban is kulcsszerepet j\u00e1tszott a megfelel\u0151 min\u0151s\u00e9g\u0171 kvalifik\u00e1ci\u00f3 vagyis \u00fcgyf\u00e9lmin\u0151s\u00edt\u00e9s. Olyannyira, hogy k\u00fcl\u00f6n mez\u0151t szentelt\u00fcnk minden \u00fcgyf\u00e9l ilyen m\u00f3don t\u00f6rt\u00e9n\u0151 bekategoriz\u00e1l\u00e1s\u00e1ra.<br \/>\n<\/span><span style=\"font-weight: 400;\">Min\u0151s\u00edt\u00e9s: Minden felvett \u00e9rdekl\u0151d\u0151 \u00fcgyf\u00e9lmin\u0151s\u00edt\u00e9sen esik \u00e1t objekt\u00edv szempontok szerint (ipar\u00e1g, c\u00e9gm\u00e9ret, \u00e9ves \u00e1rbev\u00e9tel, alkalmazottak sz\u00e1ma stb.), ak\u00e1r an\u00e9lk\u00fcl, hogy egyetlen sz\u00f3t v\u00e1ltottunk volna vel\u00fck. Minden MiniCRM rendszert haszn\u00e1l\u00f3 v\u00e1llalkoz\u00e1snak pontosan kell defini\u00e1lnia saj\u00e1t c\u00e9lcsoportj\u00e1t, hogy a min\u0151s\u00edt\u00e9st logikusan \u00e9s j\u00f3l v\u00e9gezhess\u00e9k munkat\u00e1rsaik. A min\u0151s\u00edt\u00e9s \u00e1ltal\u00e1ban \u00e1lland\u00f3 \u00e9s csak t\u00e1g id\u0151k\u00f6z\u00f6nk\u00e9nt (1-2 \u00e9v) v\u00e1ltozik. <\/span><\/p>\n<ul>\n<li style=\"list-style-type: none;\">\n<ul>\n<li style=\"font-weight: 400;\"><span style=\"font-weight: 400;\">Nem c\u00e9lcsoport: Az \u00e9rdekl\u0151d\u0151 c\u00e9g nem egyezik a meghat\u00e1rozott \u00fcgyf\u00e9lprofillal. \u00c1ltal\u00e1ban nem vagy csak ritk\u00e1n v\u00e1s\u00e1rolnak.<\/span><\/li>\n<li style=\"font-weight: 400;\"><span style=\"font-weight: 400;\">C\u00e9lcsoport: Ide\u00e1lis \u00fcgyf\u00e9ljel\u00f6lt, akit a v\u00e1llalat meg szeretne c\u00e9lozni<\/span><\/li>\n<li style=\"font-weight: 400;\"><span style=\"font-weight: 400;\">VIP: A c\u00e9lcsoporton bel\u00fcli kiemelt figyelmet \u00e9rdeml\u0151k k\u00f6re, \u0151k k\u00f6ltik a legt\u00f6bbet<\/span><\/li>\n<\/ul>\n<\/li>\n<\/ul>\n<p><span style=\"font-weight: 400;\">Mivel a kvalifik\u00e1ci\u00f3nak objekt\u00edv m\u00e9r\u0151sz\u00e1mokon kell alapulnia, elv\u00e9gz\u00e9s\u00e9hez elengedhetetlen a pontos inform\u00e1ci\u00f3k ismerete. Pontos inform\u00e1ci\u00f3t viszont neh\u00e9z tal\u00e1lni. Ezzel mi is\u00a0<\/span><span style=\"font-weight: 400;\">szembes\u00fclt\u00fcnk, mikor esetenk\u00e9nt hosszadalmas interneten val\u00f3 kutakod\u00e1s el\u0151zte meg azt, hogy egy \u00e9rdekl\u0151d\u0151r\u0151l kider\u00fclj\u00f6n, nem \u00e9rdemes vele foglalkozni.<br \/>\n<\/span><span style=\"font-weight: 400;\">A be\u00e9p\u00edtett Bisnode adatb\u00e1zis lek\u00e9rdez\u00e9ssel pont az ilyen probl\u00e9m\u00e1kat szeretn\u00e9 orvosolni. Hogy belek\u00f3stolj ennek a sz\u00e9ps\u00e9g\u00e9be, havi 100 Bisnode lek\u00e9rdez\u00e9s lek\u00e9rdez\u00e9s ingyen j\u00e1r MiniCRM el\u0151fizet\u00e9sedhez.<\/span><\/p>\n<p><span style=\"font-weight: 400;\">K\u00edv\u00e1nunk neked haszontalan feladatokt\u00f3l mentes, produkt\u00edv napot.<\/span><\/p>\n<p><span style=\"font-weight: 400;\">R\u00e9szletes infrom\u00e1ci\u00f3k\u00e9rt l\u00e1togass el a help oldalunkra: <\/span><a href=\"https:\/\/www.minicrm.hu\/help\/bisnode\/\" target=\"_blank\" rel=\"noopener\"><span style=\"font-weight: 400;\">https:\/\/www.minicrm.hu\/help\/bisnode\/<\/span><\/a><\/p>\n","protected":false},"excerpt":{"rendered":"<p>A Bisnode Eur\u00f3pa egyik vezet\u0151 digit\u00e1lis \u00fczleti inform\u00e1ci\u00f3szolg\u00e1ltat\u00f3ja, amely c\u00e9gekr\u0151l t\u00e1rolt inform\u00e1ci\u00f3it m\u00e1r MiniCRM-ben is l\u00e1thatod az \u00faj Bisnode integr\u00e1ci\u00f3 seg\u00edts\u00e9g\u00e9vel. \u00c9rdekl\u0151d\u0151idr\u0151l m\u00e1r k\u00f6nnyed\u00e9n megkaphatod az al\u00e1bbi adatokat: ad\u00f3sz\u00e1m, alapt\u0151ke, alap\u00edt\u00e1s \u00e9ve, \u00e9ves \u00e1rbev\u00e9tel, alkalmazottak sz\u00e1ma, tev\u00e9kenys\u00e9gi k\u00f6r, bisnode friss\u00edt\u00e9s d\u00e1tuma, bisnode kock\u00e1zati besorol\u00e1s, weboldal, \u00f6sszefoglal\u00f3, \u00e1llapot, telefonsz\u00e1m \u00e9s email.\u00a0 Megl\u00e9v\u0151 \u00e9rdekl\u0151d\u0151k eset\u00e9ben, a fenti [&hellip;]<\/p>\n","protected":false},"author":66,"featured_media":11096,"comment_status":"open","ping_status":"closed","sticky":false,"template":"","format":"gallery","meta":{"inline_featured_image":false,"footnotes":""},"categories":[24,376],"tags":[418,419],"class_list":["post-11089","post","type-post","status-publish","format-gallery","has-post-thumbnail","hentry","category-ertekesites","category-minicrm","tag-bisnode","tag-integracio","post_format-post-format-gallery"],"yoast_head":"<!-- This site is optimized with the Yoast SEO plugin v27.1.1 - https:\/\/yoast.com\/product\/yoast-seo-wordpress\/ -->\n<title>Bisnode integr\u00e1ci\u00f3 \u00e9rkezett a MiniCRM-be<\/title>\n<meta name=\"description\" content=\"A Bisnode Eur\u00f3pa egyik vezet\u0151 digit\u00e1lis \u00fczleti inform\u00e1ci\u00f3szolg\u00e1ltat\u00f3ja, amely c\u00e9gekr\u0151l t\u00e1rolt inform\u00e1ci\u00f3it m\u00e1r MiniCRM-ben is l\u00e1thatod az \u00faj Bisnode\" \/>\n<meta name=\"robots\" content=\"index, follow, max-snippet:-1, max-image-preview:large, max-video-preview:-1\" \/>\n<link rel=\"canonical\" href=\"https:\/\/www.minicrm.hu\/blog\/2015\/08-14\/bisnode-integracio-erkezett-a-minicrmbe\/\" \/>\n<meta property=\"og:locale\" content=\"hu_HU\" \/>\n<meta property=\"og:type\" content=\"article\" \/>\n<meta property=\"og:title\" content=\"Bisnode integr\u00e1ci\u00f3 \u00e9rkezett a MiniCRM-be\" \/>\n<meta property=\"og:description\" content=\"A Bisnode Eur\u00f3pa egyik vezet\u0151 digit\u00e1lis \u00fczleti inform\u00e1ci\u00f3szolg\u00e1ltat\u00f3ja, amely c\u00e9gekr\u0151l t\u00e1rolt inform\u00e1ci\u00f3it m\u00e1r MiniCRM-ben is l\u00e1thatod az \u00faj Bisnode\" \/>\n<meta property=\"og:url\" content=\"https:\/\/www.minicrm.hu\/blog\/2015\/08-14\/bisnode-integracio-erkezett-a-minicrmbe\/\" \/>\n<meta property=\"og:site_name\" content=\"MiniCRM Blog\" \/>\n<meta property=\"article:published_time\" content=\"2015-08-14T14:25:32+00:00\" \/>\n<meta property=\"article:modified_time\" content=\"2021-07-15T06:23:50+00:00\" \/>\n<meta property=\"og:image\" content=\"https:\/\/minicrm-wp-hu.s3.amazonaws.com\/uploads\/2015\/08\/bisnode.jpg\" \/>\n\t<meta property=\"og:image:width\" content=\"767\" \/>\n\t<meta property=\"og:image:height\" content=\"402\" \/>\n\t<meta property=\"og:image:type\" content=\"image\/jpeg\" \/>\n<meta name=\"author\" content=\"MiniCRM\" \/>\n<meta name=\"twitter:label1\" content=\"Szerz\u0151:\" \/>\n\t<meta name=\"twitter:data1\" content=\"MiniCRM\" \/>\n\t<meta name=\"twitter:label2\" content=\"Becs\u00fclt olvas\u00e1si id\u0151\" \/>\n\t<meta name=\"twitter:data2\" content=\"2 perc\" \/>\n<script type=\"application\/ld+json\" class=\"yoast-schema-graph\">{\"@context\":\"https:\/\/schema.org\",\"@graph\":[{\"@type\":\"Article\",\"@id\":\"https:\/\/www.minicrm.hu\/blog\/2015\/08-14\/bisnode-integracio-erkezett-a-minicrmbe\/#article\",\"isPartOf\":{\"@id\":\"https:\/\/www.minicrm.hu\/blog\/2015\/08-14\/bisnode-integracio-erkezett-a-minicrmbe\/\"},\"author\":{\"name\":\"MiniCRM\",\"@id\":\"https:\/\/www.minicrm.hu\/blog\/#\/schema\/person\/069da389ff66e1b062bfea11f5435219\"},\"headline\":\"Bisnode integr\u00e1ci\u00f3 \u00e9rkezett a MiniCRM-be\",\"datePublished\":\"2015-08-14T14:25:32+00:00\",\"dateModified\":\"2021-07-15T06:23:50+00:00\",\"mainEntityOfPage\":{\"@id\":\"https:\/\/www.minicrm.hu\/blog\/2015\/08-14\/bisnode-integracio-erkezett-a-minicrmbe\/\"},\"wordCount\":627,\"commentCount\":0,\"publisher\":{\"@id\":\"https:\/\/www.minicrm.hu\/blog\/#organization\"},\"image\":{\"@id\":\"https:\/\/www.minicrm.hu\/blog\/2015\/08-14\/bisnode-integracio-erkezett-a-minicrmbe\/#primaryimage\"},\"thumbnailUrl\":\"https:\/\/minicrm-wp-hu.s3.amazonaws.com\/uploads\/2015\/08\/bisnode.jpg\",\"keywords\":[\"Bisnode\",\"integr\u00e1ci\u00f3\"],\"articleSection\":[\"\u00c9rt\u00e9kes\u00edt\u00e9s\",\"MiniCRM\"],\"inLanguage\":\"hu\",\"potentialAction\":[{\"@type\":\"CommentAction\",\"name\":\"Comment\",\"target\":[\"https:\/\/www.minicrm.hu\/blog\/2015\/08-14\/bisnode-integracio-erkezett-a-minicrmbe\/#respond\"]}]},{\"@type\":\"WebPage\",\"@id\":\"https:\/\/www.minicrm.hu\/blog\/2015\/08-14\/bisnode-integracio-erkezett-a-minicrmbe\/\",\"url\":\"https:\/\/www.minicrm.hu\/blog\/2015\/08-14\/bisnode-integracio-erkezett-a-minicrmbe\/\",\"name\":\"Bisnode integr\u00e1ci\u00f3 \u00e9rkezett a MiniCRM-be\",\"isPartOf\":{\"@id\":\"https:\/\/www.minicrm.hu\/blog\/#website\"},\"primaryImageOfPage\":{\"@id\":\"https:\/\/www.minicrm.hu\/blog\/2015\/08-14\/bisnode-integracio-erkezett-a-minicrmbe\/#primaryimage\"},\"image\":{\"@id\":\"https:\/\/www.minicrm.hu\/blog\/2015\/08-14\/bisnode-integracio-erkezett-a-minicrmbe\/#primaryimage\"},\"thumbnailUrl\":\"https:\/\/minicrm-wp-hu.s3.amazonaws.com\/uploads\/2015\/08\/bisnode.jpg\",\"datePublished\":\"2015-08-14T14:25:32+00:00\",\"dateModified\":\"2021-07-15T06:23:50+00:00\",\"description\":\"A Bisnode Eur\u00f3pa egyik vezet\u0151 digit\u00e1lis \u00fczleti inform\u00e1ci\u00f3szolg\u00e1ltat\u00f3ja, amely c\u00e9gekr\u0151l t\u00e1rolt inform\u00e1ci\u00f3it m\u00e1r MiniCRM-ben is l\u00e1thatod az \u00faj Bisnode\",\"breadcrumb\":{\"@id\":\"https:\/\/www.minicrm.hu\/blog\/2015\/08-14\/bisnode-integracio-erkezett-a-minicrmbe\/#breadcrumb\"},\"inLanguage\":\"hu\",\"potentialAction\":[{\"@type\":\"ReadAction\",\"target\":[\"https:\/\/www.minicrm.hu\/blog\/2015\/08-14\/bisnode-integracio-erkezett-a-minicrmbe\/\"]}]},{\"@type\":\"ImageObject\",\"inLanguage\":\"hu\",\"@id\":\"https:\/\/www.minicrm.hu\/blog\/2015\/08-14\/bisnode-integracio-erkezett-a-minicrmbe\/#primaryimage\",\"url\":\"https:\/\/minicrm-wp-hu.s3.amazonaws.com\/uploads\/2015\/08\/bisnode.jpg\",\"contentUrl\":\"https:\/\/minicrm-wp-hu.s3.amazonaws.com\/uploads\/2015\/08\/bisnode.jpg\",\"width\":767,\"height\":402},{\"@type\":\"BreadcrumbList\",\"@id\":\"https:\/\/www.minicrm.hu\/blog\/2015\/08-14\/bisnode-integracio-erkezett-a-minicrmbe\/#breadcrumb\",\"itemListElement\":[{\"@type\":\"ListItem\",\"position\":1,\"name\":\"Home\",\"item\":\"https:\/\/www.minicrm.hu\/blog\/\"},{\"@type\":\"ListItem\",\"position\":2,\"name\":\"Bisnode integr\u00e1ci\u00f3 \u00e9rkezett a MiniCRM-be\"}]},{\"@type\":\"WebSite\",\"@id\":\"https:\/\/www.minicrm.hu\/blog\/#website\",\"url\":\"https:\/\/www.minicrm.hu\/blog\/\",\"name\":\"MiniCRM Blog\",\"description\":\"CRM Blog\",\"publisher\":{\"@id\":\"https:\/\/www.minicrm.hu\/blog\/#organization\"},\"potentialAction\":[{\"@type\":\"SearchAction\",\"target\":{\"@type\":\"EntryPoint\",\"urlTemplate\":\"https:\/\/www.minicrm.hu\/blog\/?s={search_term_string}\"},\"query-input\":{\"@type\":\"PropertyValueSpecification\",\"valueRequired\":true,\"valueName\":\"search_term_string\"}}],\"inLanguage\":\"hu\"},{\"@type\":\"Organization\",\"@id\":\"https:\/\/www.minicrm.hu\/blog\/#organization\",\"name\":\"MiniCRM Blog\",\"url\":\"https:\/\/www.minicrm.hu\/blog\/\",\"logo\":{\"@type\":\"ImageObject\",\"inLanguage\":\"hu\",\"@id\":\"https:\/\/www.minicrm.hu\/blog\/#\/schema\/logo\/image\/\",\"url\":\"https:\/\/minicrm-wp-hu.s3.amazonaws.com\/uploads\/2021\/04\/cropped-MC-logo-Blog-2021_G-Dark.png\",\"contentUrl\":\"https:\/\/minicrm-wp-hu.s3.amazonaws.com\/uploads\/2021\/04\/cropped-MC-logo-Blog-2021_G-Dark.png\",\"width\":91,\"height\":89,\"caption\":\"MiniCRM Blog\"},\"image\":{\"@id\":\"https:\/\/www.minicrm.hu\/blog\/#\/schema\/logo\/image\/\"}},{\"@type\":\"Person\",\"@id\":\"https:\/\/www.minicrm.hu\/blog\/#\/schema\/person\/069da389ff66e1b062bfea11f5435219\",\"name\":\"MiniCRM\",\"image\":{\"@type\":\"ImageObject\",\"inLanguage\":\"hu\",\"@id\":\"https:\/\/www.minicrm.hu\/blog\/#\/schema\/person\/image\/\",\"url\":\"https:\/\/secure.gravatar.com\/avatar\/dcefd6bba8934b04bb248dd2c1a6d1aefd3e2560e872f17db31afd984ef19a13?s=96&r=g\",\"contentUrl\":\"https:\/\/secure.gravatar.com\/avatar\/dcefd6bba8934b04bb248dd2c1a6d1aefd3e2560e872f17db31afd984ef19a13?s=96&r=g\",\"caption\":\"MiniCRM\"},\"sameAs\":[\"https:\/\/www.minicrm.hu\/\"],\"url\":\"https:\/\/www.minicrm.hu\/blog\/author\/minicrm\/\"}]}<\/script>\n<!-- \/ Yoast SEO plugin. -->","yoast_head_json":{"title":"Bisnode integr\u00e1ci\u00f3 \u00e9rkezett a MiniCRM-be","description":"A Bisnode Eur\u00f3pa egyik vezet\u0151 digit\u00e1lis \u00fczleti inform\u00e1ci\u00f3szolg\u00e1ltat\u00f3ja, amely c\u00e9gekr\u0151l t\u00e1rolt inform\u00e1ci\u00f3it m\u00e1r MiniCRM-ben is l\u00e1thatod az \u00faj Bisnode","robots":{"index":"index","follow":"follow","max-snippet":"max-snippet:-1","max-image-preview":"max-image-preview:large","max-video-preview":"max-video-preview:-1"},"canonical":"https:\/\/www.minicrm.hu\/blog\/2015\/08-14\/bisnode-integracio-erkezett-a-minicrmbe\/","og_locale":"hu_HU","og_type":"article","og_title":"Bisnode integr\u00e1ci\u00f3 \u00e9rkezett a MiniCRM-be","og_description":"A Bisnode Eur\u00f3pa egyik vezet\u0151 digit\u00e1lis \u00fczleti inform\u00e1ci\u00f3szolg\u00e1ltat\u00f3ja, amely c\u00e9gekr\u0151l t\u00e1rolt inform\u00e1ci\u00f3it m\u00e1r MiniCRM-ben is l\u00e1thatod az \u00faj Bisnode","og_url":"https:\/\/www.minicrm.hu\/blog\/2015\/08-14\/bisnode-integracio-erkezett-a-minicrmbe\/","og_site_name":"MiniCRM Blog","article_published_time":"2015-08-14T14:25:32+00:00","article_modified_time":"2021-07-15T06:23:50+00:00","og_image":[{"width":767,"height":402,"url":"https:\/\/minicrm-wp-hu.s3.amazonaws.com\/uploads\/2015\/08\/bisnode.jpg","type":"image\/jpeg"}],"author":"MiniCRM","twitter_misc":{"Szerz\u0151:":"MiniCRM","Becs\u00fclt olvas\u00e1si id\u0151":"2 perc"},"schema":{"@context":"https:\/\/schema.org","@graph":[{"@type":"Article","@id":"https:\/\/www.minicrm.hu\/blog\/2015\/08-14\/bisnode-integracio-erkezett-a-minicrmbe\/#article","isPartOf":{"@id":"https:\/\/www.minicrm.hu\/blog\/2015\/08-14\/bisnode-integracio-erkezett-a-minicrmbe\/"},"author":{"name":"MiniCRM","@id":"https:\/\/www.minicrm.hu\/blog\/#\/schema\/person\/069da389ff66e1b062bfea11f5435219"},"headline":"Bisnode integr\u00e1ci\u00f3 \u00e9rkezett a MiniCRM-be","datePublished":"2015-08-14T14:25:32+00:00","dateModified":"2021-07-15T06:23:50+00:00","mainEntityOfPage":{"@id":"https:\/\/www.minicrm.hu\/blog\/2015\/08-14\/bisnode-integracio-erkezett-a-minicrmbe\/"},"wordCount":627,"commentCount":0,"publisher":{"@id":"https:\/\/www.minicrm.hu\/blog\/#organization"},"image":{"@id":"https:\/\/www.minicrm.hu\/blog\/2015\/08-14\/bisnode-integracio-erkezett-a-minicrmbe\/#primaryimage"},"thumbnailUrl":"https:\/\/minicrm-wp-hu.s3.amazonaws.com\/uploads\/2015\/08\/bisnode.jpg","keywords":["Bisnode","integr\u00e1ci\u00f3"],"articleSection":["\u00c9rt\u00e9kes\u00edt\u00e9s","MiniCRM"],"inLanguage":"hu","potentialAction":[{"@type":"CommentAction","name":"Comment","target":["https:\/\/www.minicrm.hu\/blog\/2015\/08-14\/bisnode-integracio-erkezett-a-minicrmbe\/#respond"]}]},{"@type":"WebPage","@id":"https:\/\/www.minicrm.hu\/blog\/2015\/08-14\/bisnode-integracio-erkezett-a-minicrmbe\/","url":"https:\/\/www.minicrm.hu\/blog\/2015\/08-14\/bisnode-integracio-erkezett-a-minicrmbe\/","name":"Bisnode integr\u00e1ci\u00f3 \u00e9rkezett a MiniCRM-be","isPartOf":{"@id":"https:\/\/www.minicrm.hu\/blog\/#website"},"primaryImageOfPage":{"@id":"https:\/\/www.minicrm.hu\/blog\/2015\/08-14\/bisnode-integracio-erkezett-a-minicrmbe\/#primaryimage"},"image":{"@id":"https:\/\/www.minicrm.hu\/blog\/2015\/08-14\/bisnode-integracio-erkezett-a-minicrmbe\/#primaryimage"},"thumbnailUrl":"https:\/\/minicrm-wp-hu.s3.amazonaws.com\/uploads\/2015\/08\/bisnode.jpg","datePublished":"2015-08-14T14:25:32+00:00","dateModified":"2021-07-15T06:23:50+00:00","description":"A Bisnode Eur\u00f3pa egyik vezet\u0151 digit\u00e1lis \u00fczleti inform\u00e1ci\u00f3szolg\u00e1ltat\u00f3ja, amely c\u00e9gekr\u0151l t\u00e1rolt inform\u00e1ci\u00f3it m\u00e1r MiniCRM-ben is l\u00e1thatod az \u00faj Bisnode","breadcrumb":{"@id":"https:\/\/www.minicrm.hu\/blog\/2015\/08-14\/bisnode-integracio-erkezett-a-minicrmbe\/#breadcrumb"},"inLanguage":"hu","potentialAction":[{"@type":"ReadAction","target":["https:\/\/www.minicrm.hu\/blog\/2015\/08-14\/bisnode-integracio-erkezett-a-minicrmbe\/"]}]},{"@type":"ImageObject","inLanguage":"hu","@id":"https:\/\/www.minicrm.hu\/blog\/2015\/08-14\/bisnode-integracio-erkezett-a-minicrmbe\/#primaryimage","url":"https:\/\/minicrm-wp-hu.s3.amazonaws.com\/uploads\/2015\/08\/bisnode.jpg","contentUrl":"https:\/\/minicrm-wp-hu.s3.amazonaws.com\/uploads\/2015\/08\/bisnode.jpg","width":767,"height":402},{"@type":"BreadcrumbList","@id":"https:\/\/www.minicrm.hu\/blog\/2015\/08-14\/bisnode-integracio-erkezett-a-minicrmbe\/#breadcrumb","itemListElement":[{"@type":"ListItem","position":1,"name":"Home","item":"https:\/\/www.minicrm.hu\/blog\/"},{"@type":"ListItem","position":2,"name":"Bisnode integr\u00e1ci\u00f3 \u00e9rkezett a MiniCRM-be"}]},{"@type":"WebSite","@id":"https:\/\/www.minicrm.hu\/blog\/#website","url":"https:\/\/www.minicrm.hu\/blog\/","name":"MiniCRM Blog","description":"CRM Blog","publisher":{"@id":"https:\/\/www.minicrm.hu\/blog\/#organization"},"potentialAction":[{"@type":"SearchAction","target":{"@type":"EntryPoint","urlTemplate":"https:\/\/www.minicrm.hu\/blog\/?s={search_term_string}"},"query-input":{"@type":"PropertyValueSpecification","valueRequired":true,"valueName":"search_term_string"}}],"inLanguage":"hu"},{"@type":"Organization","@id":"https:\/\/www.minicrm.hu\/blog\/#organization","name":"MiniCRM Blog","url":"https:\/\/www.minicrm.hu\/blog\/","logo":{"@type":"ImageObject","inLanguage":"hu","@id":"https:\/\/www.minicrm.hu\/blog\/#\/schema\/logo\/image\/","url":"https:\/\/minicrm-wp-hu.s3.amazonaws.com\/uploads\/2021\/04\/cropped-MC-logo-Blog-2021_G-Dark.png","contentUrl":"https:\/\/minicrm-wp-hu.s3.amazonaws.com\/uploads\/2021\/04\/cropped-MC-logo-Blog-2021_G-Dark.png","width":91,"height":89,"caption":"MiniCRM Blog"},"image":{"@id":"https:\/\/www.minicrm.hu\/blog\/#\/schema\/logo\/image\/"}},{"@type":"Person","@id":"https:\/\/www.minicrm.hu\/blog\/#\/schema\/person\/069da389ff66e1b062bfea11f5435219","name":"MiniCRM","image":{"@type":"ImageObject","inLanguage":"hu","@id":"https:\/\/www.minicrm.hu\/blog\/#\/schema\/person\/image\/","url":"https:\/\/secure.gravatar.com\/avatar\/dcefd6bba8934b04bb248dd2c1a6d1aefd3e2560e872f17db31afd984ef19a13?s=96&r=g","contentUrl":"https:\/\/secure.gravatar.com\/avatar\/dcefd6bba8934b04bb248dd2c1a6d1aefd3e2560e872f17db31afd984ef19a13?s=96&r=g","caption":"MiniCRM"},"sameAs":["https:\/\/www.minicrm.hu\/"],"url":"https:\/\/www.minicrm.hu\/blog\/author\/minicrm\/"}]}},"_links":{"self":[{"href":"https:\/\/www.minicrm.hu\/blog\/wp-json\/wp\/v2\/posts\/11089","targetHints":{"allow":["GET"]}}],"collection":[{"href":"https:\/\/www.minicrm.hu\/blog\/wp-json\/wp\/v2\/posts"}],"about":[{"href":"https:\/\/www.minicrm.hu\/blog\/wp-json\/wp\/v2\/types\/post"}],"author":[{"embeddable":true,"href":"https:\/\/www.minicrm.hu\/blog\/wp-json\/wp\/v2\/users\/66"}],"replies":[{"embeddable":true,"href":"https:\/\/www.minicrm.hu\/blog\/wp-json\/wp\/v2\/comments?post=11089"}],"version-history":[{"count":2,"href":"https:\/\/www.minicrm.hu\/blog\/wp-json\/wp\/v2\/posts\/11089\/revisions"}],"predecessor-version":[{"id":15009,"href":"https:\/\/www.minicrm.hu\/blog\/wp-json\/wp\/v2\/posts\/11089\/revisions\/15009"}],"wp:featuredmedia":[{"embeddable":true,"href":"https:\/\/www.minicrm.hu\/blog\/wp-json\/wp\/v2\/media\/11096"}],"wp:attachment":[{"href":"https:\/\/www.minicrm.hu\/blog\/wp-json\/wp\/v2\/media?parent=11089"}],"wp:term":[{"taxonomy":"category","embeddable":true,"href":"https:\/\/www.minicrm.hu\/blog\/wp-json\/wp\/v2\/categories?post=11089"},{"taxonomy":"post_tag","embeddable":true,"href":"https:\/\/www.minicrm.hu\/blog\/wp-json\/wp\/v2\/tags?post=11089"}],"curies":[{"name":"wp","href":"https:\/\/api.w.org\/{rel}","templated":true}]}}