

{"id":11682,"date":"2016-06-22T10:25:18","date_gmt":"2016-06-22T08:25:18","guid":{"rendered":"https:\/\/www.minicrm.hu\/blog\/?p=11682"},"modified":"2016-06-22T10:27:11","modified_gmt":"2016-06-22T08:27:11","slug":"vevomegtartas-webaruhazban-minicrm-mel","status":"publish","type":"post","link":"https:\/\/www.minicrm.hu\/blog\/2016\/06-22\/vevomegtartas-webaruhazban-minicrm-mel\/","title":{"rendered":"Vev\u0151megtart\u00e1s webshopban, MiniCRM-mel"},"content":{"rendered":"<p><span style=\"font-weight: 400;\">Egyik \u00faj fejleszt\u00e9s\u00fcnk a web\u00e1ruh\u00e1z tulajdonosoknak sz\u00f3l. Webshop modul seg\u00edts\u00e9g\u00e9vel vev\u0151megtart\u00f3, vev\u0151visszahoz\u00f3 kamp\u00e1nyokat \u00e9p\u00edthetsz. El\u00e9rheted, hogy marketing k\u00f6lts\u00e9geid akt\u00edv \u00fcgyf\u00e9lb\u00e1zis \u00e9p\u00edt\u00e9s\u00e9re tudd ford\u00edtani, ne csak egyszeri v\u00e1s\u00e1rl\u00f3k szerz\u00e9s\u00e9re, hiszen a nyeres\u00e9ges web\u00e1ruh\u00e1z kulcsa az \u00fcgyf\u00e9l\u00e9rt\u00e9k maximaliz\u00e1l\u00e1sa.<\/span><\/p>\n<p><span style=\"font-weight: 400;\">Web\u00e1ruh\u00e1zadban (vagy leend\u0151 web\u00e1ruh\u00e1zadban) sorakoznak a term\u00e9kek, j\u00f6nnek a vev\u0151k, sz\u00e9pen n\u0151 a bev\u00e9tel. De mi biztos\u00edtja, hogy vev\u0151id holnap, egy h\u00f3nap m\u00falva, \u00e9s egy \u00e9v m\u00falva is t\u0151led fognak v\u00e1s\u00e1rolni? Hogyan \u00e9rd el, hogy \u00faj vev\u0151id egyszeri 10.000 Ft helyett 5-10 v\u00e1s\u00e1rl\u00e1s sor\u00e1n t\u00f6bb mint 100.000 Ft-ot k\u00f6ltsenek egy \u00e9v alatt?<\/span><\/p>\n<p><span style=\"font-weight: 400;\">A MiniCRM Webshop \u00e9s Megrendel\u00e9s moduljai \u00fagy lettek kialak\u00edtva, hogy web\u00e1ruh\u00e1zaddal \u00f6sszek\u00f6tve seg\u00edtsenek min\u00e9l t\u00f6bb inform\u00e1ci\u00f3t gy\u0171jteni v\u00e1s\u00e1rl\u00f3idr\u00f3l, majd ezeket felhaszn\u00e1lva, min\u00e9l szem\u00e9lyre szabottabb kamp\u00e1nyokat tudj k\u00fcldeni nekik. <\/span><\/p>\n<p><span style=\"font-weight: 400;\">Ahhoz, hogy vev\u0151idet tov\u00e1bbi v\u00e1s\u00e1rl\u00e1sra buzd\u00edthasd, feliratkoz\u00f3idat pedig az els\u0151 v\u00e1s\u00e1rl\u00e1s fel\u00e9 tereld, aj\u00e1nlott email kamp\u00e1nyokat ind\u00edtani nekik. A pontos c\u00e9lz\u00e1s azonban elengedhetetlen ahhoz, hogy kamp\u00e1nyaid sikeresek legyenek, \u00e9s ne csak a list\u00e1dat \u00e9gesd vel\u00fck. Ha mindig minden levelet elk\u00fcldesz az \u00f6sszes \u00fcgyfelednek, egyre alacsonyabb megnyit\u00e1si ar\u00e1nyt fogsz tapasztalni. Val\u00f3sz\u00edn\u0171leg Te sem olvasod el egy olyan c\u00e9g leveleit, amely folyton \u00e9rdektelen tartalommal bomb\u00e1z T\u00e9ged. Mi\u00e9rt olvasn\u00e1l egyed\u00fcl\u00e1ll\u00f3 f\u00e9rfik\u00e9nt kismamaruh\u00e1kr\u00f3l vagy fiatal l\u00e1nyk\u00e9nt horg\u00e1szfelszerel\u00e9sekr\u0151l?<\/span><\/p>\n<p>Vev\u0151idet automatikusan csoportos\u00edtjuk az \u00f6sszes megrendel\u00e9s \u00e9s az utols\u00f3 megrendel\u00e9s id\u0151pontja alapj\u00e1n. Az al\u00e1bbi t\u00e1bl\u00e1zatban l\u00e1thatod, hogyan is n\u00e9z ez ki egy lehets\u00e9ges webshopn\u00e1l:<\/p>\n<p><span style=\"font-weight: 400;\"><img loading=\"lazy\" decoding=\"async\" onerror=\"this.src='https:\/\/minicrm-wp-hu.s3.amazonaws.com\/uploads\/2021\/04\/MC_logo_2021_G-Dark.svg'\" class=\"aligncenter size-full wp-image-11683\" src=\"https:\/\/minicrm-wp-hu.s3.amazonaws.com\/uploads\/2016\/06\/ugyfeleletciklus_csoportositas.png\" alt=\"ugyfeleletciklus_csoportositas\" width=\"1200\" height=\"526\" srcset=\"https:\/\/minicrm-wp-hu.s3.amazonaws.com\/uploads\/2016\/06\/ugyfeleletciklus_csoportositas.png 1200w, https:\/\/minicrm-wp-hu.s3.amazonaws.com\/uploads\/2016\/06\/ugyfeleletciklus_csoportositas-300x132.png 300w, https:\/\/minicrm-wp-hu.s3.amazonaws.com\/uploads\/2016\/06\/ugyfeleletciklus_csoportositas-768x337.png 768w, https:\/\/minicrm-wp-hu.s3.amazonaws.com\/uploads\/2016\/06\/ugyfeleletciklus_csoportositas-767x336.png 767w, https:\/\/minicrm-wp-hu.s3.amazonaws.com\/uploads\/2016\/06\/ugyfeleletciklus_csoportositas-500x219.png 500w\" sizes=\"auto, (max-width: 1200px) 100vw, 1200px\" \/><\/span><\/p>\n<p><span style=\"font-weight: 400;\">Fel\u00fcl l\u00e1tod az utols\u00f3 rendel\u00e9s \u00f3ta eltelt napokat, bal oldalon pedig a sikeres rendel\u00e9sek sz\u00e1m\u00e1t. Ezek k\u00fcl\u00f6nb\u00f6z\u0151 metszete adja az \u00e9letciklus alap\u00fa vev\u0151szegmenseket.<\/span><\/p>\n<p><span style=\"font-weight: 400;\">\u00c9rthet\u0151, de mi k\u00fcl\u00f6nb\u00f6zteti meg az egyik csoportot a m\u00e1sikt\u00f3l? Mit kell m\u00e1sk\u00e9pp csin\u00e1lni, hogyan kell kommunik\u00e1lni a k\u00fcl\u00f6nb\u00f6z\u0151 csoportokkal? N\u00e9zz\u00fck sorban:<\/span><\/p>\n<p><b>\u00daj vev\u0151<\/b><span style=\"font-weight: 400;\"> (Els\u0151 v\u00e1s\u00e1rl\u00e1sa az elm\u00falt 30 napban volt)<\/span><\/p>\n<ul>\n<li style=\"font-weight: 400;\"><span style=\"font-weight: 400;\">K\u00fcldj szem\u00e9lyes k\u00f6sz\u00f6n\u0151levelet a v\u00e1s\u00e1rl\u00e1s ut\u00e1n<\/span><\/li>\n<li style=\"font-weight: 400;\"><span style=\"font-weight: 400;\">Mondd el a t\u00f6rt\u00e9netet a c\u00e9ged m\u00f6g\u00f6tt<\/span><\/li>\n<li style=\"font-weight: 400;\"><span style=\"font-weight: 400;\">Tudasd vel\u00fck, hogy t\u00e9nyleg fontosak neked<\/span><\/li>\n<li style=\"font-weight: 400;\"><span style=\"font-weight: 400;\">Mutasd meg, milyen k\u00f6z\u00f6ss\u00e9gi csatorn\u00e1n \u00e9rnek el, hogy szem\u00e9lyesebb\u00e9 tedd a kapcsolatot<\/span><\/li>\n<\/ul>\n<p><b>T\u00f6bbsz\u00f6r rendelt, \u00edg\u00e9retes<\/b><span style=\"font-weight: 400;\"> (2-3 megrendel\u00e9se volt, v\u00e1s\u00e1rolt az elm\u00falt 60 napban)<\/span><\/p>\n<ul>\n<li style=\"font-weight: 400;\"><span style=\"font-weight: 400;\">Gondolkozz el azon, hogy ingyenes sz\u00e1ll\u00edt\u00e1st \u00e9s extra aj\u00e1nd\u00e9kot aj\u00e1nlasz fel a k\u00f6vetkez\u0151 rendel\u00e9s\u00e9hez<\/span><\/li>\n<li style=\"font-weight: 400;\"><span style=\"font-weight: 400;\">Aj\u00e1nlj term\u00e9keket az el\u0151z\u0151 rendel\u00e9sek alapj\u00e1n<\/span><\/li>\n<\/ul>\n<p><b>T\u00f6rzsv\u00e1s\u00e1rl\u00f3<\/b><span style=\"font-weight: 400;\"> (4+ rendel\u00e9se volt, v\u00e1s\u00e1rolt az elm\u00falt 90 napban)<\/span><\/p>\n<ul>\n<li style=\"font-weight: 400;\"><span style=\"font-weight: 400;\">Teremtsd meg a kiz\u00e1r\u00f3lagoss\u00e1g l\u00e9gk\u00f6r\u00e9t<\/span><\/li>\n<li style=\"font-weight: 400;\"><span style=\"font-weight: 400;\">Gondolkozz el h\u0171s\u00e9gprogram ind\u00edt\u00e1s\u00e1n<\/span><\/li>\n<li style=\"font-weight: 400;\"><span style=\"font-weight: 400;\">K\u00e9rj v\u00e9lem\u00e9nyt \u00e9s referenci\u00e1t t\u0151l\u00fck. Ha lehet f\u00e9nyk\u00e9ppel egy\u00fctt.<\/span><\/li>\n<li style=\"font-weight: 400;\"><span style=\"font-weight: 400;\">Oszd meg leg\u00e9rdekesebb \u00fajdons\u00e1gaidat vel\u00fck<\/span><\/li>\n<\/ul>\n<p><b>Passz\u00edv vev\u0151<\/b><span style=\"font-weight: 400;\"> (1-3 megrendel\u00e9se volt, t\u00f6bb mint 30\/60 napja nem v\u00e1s\u00e1rolt)<\/span><\/p>\n<ul>\n<li style=\"font-weight: 400;\"><span style=\"font-weight: 400;\">Aj\u00e1nld a legn\u00e9pszer\u0171bb term\u00e9kedet, amit mindenki \u00f6r\u00f6mmel venne<\/span><\/li>\n<li style=\"font-weight: 400;\"><span style=\"font-weight: 400;\">K\u00fcldj egyszer haszn\u00e1latos kedvezm\u00e9nyes k\u00f3dot, hogy r\u00f6vid\u00edtsd az \u00fajrarendel\u00e9si id\u0151t<\/span><\/li>\n<\/ul>\n<p><b>Elvesztett vev\u0151<\/b><span style=\"font-weight: 400;\"> (1-3 megrendel\u00e9se volt, t\u00f6bb mint 90 napja nem v\u00e1s\u00e1rolt)<\/span><\/p>\n<ul>\n<li style=\"font-weight: 400;\"><span style=\"font-weight: 400;\">Haszn\u00e1lj felt\u0171n\u0151 t\u00e1rgyat emailjeidn\u00e9l, hogy \u00fajra felkeltsd az \u00e9rdekl\u0151d\u00e9st<\/span><\/li>\n<li style=\"font-weight: 400;\"><span style=\"font-weight: 400;\">L\u00e9gy kitart\u00f3 \u00e9s rendszeresen k\u00fcldj nekik \u00fczenetet. Mivel nem v\u00e1s\u00e1rolnak, mit vesz\u00edthetsz?<\/span><\/li>\n<\/ul>\n<p><b>Passz\u00edv t\u00f6rzsv\u00e1s\u00e1rl\u00f3<\/b><span style=\"font-weight: 400;\"> (4+ megrendel\u00e9se volt, 91 &#8211; 365 napja nem v\u00e1s\u00e1rolt)<\/span><\/p>\n<ul>\n<li style=\"font-weight: 400;\"><span style=\"font-weight: 400;\">Szem\u00e9lyesen vedd fel vel\u00fck a kapcsolatot, hogy megtudd, mi t\u00f6rt\u00e9nt<\/span><\/li>\n<li style=\"font-weight: 400;\"><span style=\"font-weight: 400;\">K\u00fcldj el\u00e9gedetts\u00e9gi k\u00e9rd\u0151\u00edvet, ha nem tudod m\u00e1sk\u00e9pp el\u00e9rni \u0151ket<\/span><\/li>\n<li style=\"font-weight: 400;\"><span style=\"font-weight: 400;\">Aj\u00e1nlj fel kedvezm\u00e9nyt a nagy \u00e9rt\u00e9k\u0171 megrendel\u00e9sekre<\/span><\/li>\n<li style=\"font-weight: 400;\"><span style=\"font-weight: 400;\">Promot\u00e1ld el\u0151z\u0151 szezonv\u00e9gi term\u00e9keidet, amelyeket, m\u00e1r nehezebb megtal\u00e1lni<\/span><\/li>\n<\/ul>\n<p><b>Elvesztett t\u00f6rzsv\u00e1s\u00e1rl\u00f3<\/b><span style=\"font-weight: 400;\"> (4+ megrendel\u00e9se volt, t\u00f6bb mint 365 napja nem v\u00e1s\u00e1rolt)<\/span><\/p>\n<ul>\n<li style=\"font-weight: 400;\"><span style=\"font-weight: 400;\">Szem\u00e9lyesen vedd fel a kapcsolatot vel\u00fck, hogy megtudd, mi a probl\u00e9ma<\/span><\/li>\n<li style=\"font-weight: 400;\"><span style=\"font-weight: 400;\">Elemezd az egyedi adatokat, h\u00e1tha szegmensen bel\u00fcli mint\u00e1t tudsz azonos\u00edtani<\/span><\/li>\n<\/ul>\n<p><span style=\"font-weight: 400;\">4 egyszer\u0171 automatizmusb\u00f3l m\u00e1r ki lehet alak\u00edtani egy olyan folyamatot, amely a vev\u0151v\u00e9 v\u00e1l\u00e1st\u00f3l a t\u00f6rzsv\u00e1s\u00e1rl\u00f3i szint el\u00e9r\u00e9s\u00e9ig v\u00e9gigk\u00eds\u00e9ri leend\u0151 \u00fcgyfeleid:<\/span><\/p>\n<ul>\n<li><b>Feliratkoz\u00f3knak, \u00faj regisztr\u00e1l\u00f3knak<\/b><span style=\"font-weight: 400;\">: c\u00e9l az \u00e9rdekl\u0151d\u0151ket eljuttatni az els\u0151 v\u00e1s\u00e1rl\u00e1sig (pl. legn\u00e9pszer\u0171bb term\u00e9kek\/term\u00e9kcsoportok bemutat\u00e1sa, eduk\u00e1ci\u00f3s emailek arr\u00f3l, mi\u00e9rt \u00e9ri meg az adott term\u00e9ket megv\u00e1s\u00e1rolni, bizalom\u00e9p\u00edt\u00e9s)<\/span><\/li>\n<li><b>Egyszeri v\u00e1s\u00e1rl\u00f3knak:<\/b><span style=\"font-weight: 400;\"> c\u00e9l min\u00e9l gyorsabban eljuttatni a vev\u0151t a m\u00e1sodik v\u00e1s\u00e1rl\u00e1sig (pl. t\u00f6rzsv\u00e1s\u00e1rl\u00f3i program prom\u00f3ci\u00f3ja, legn\u00e9pszer\u0171bb term\u00e9kekhez kieg\u00e9sz\u00edt\u0151 aj\u00e1nl\u00e1sa)<\/span><\/li>\n<li><b>T\u00f6rzsv\u00e1s\u00e1rl\u00f3knak:<\/b><span style=\"font-weight: 400;\"> c\u00e9l maxim\u00e1lis \u00fcgyf\u00e9l\u00e9rt\u00e9ket kihozni bel\u0151le (pl. exkluz\u00edv prom\u00f3ci\u00f3k csak t\u00f6rzsv\u00e1s\u00e1rl\u00f3knak)<\/span><\/li>\n<li><b><b>Kosarukat elhagyott v\u00e1s\u00e1rl\u00f3knak: <\/b><span style=\"font-weight: 400;\">c\u00e9l a kosarukat elhagyott felhaszn\u00e1l\u00f3kat arra buzd\u00edtani, hogy megvegy\u00e9k a kor\u00e1bban elhagyott term\u00e9keket (pl. kedvezm\u00e9ny felk\u00edn\u00e1l\u00e1sa abban az esetben, ha m\u00e9gis \u00fagy d\u00f6nt, hogy megrendeli az adott term\u00e9ke(ke)t)<\/span><\/b><\/li>\n<\/ul>\n<p><span style=\"font-weight: 400;\">K\u00f6zhiedelemmel ellent\u00e9tben nem az a l\u00e9nyeg, hogy a marketing \u00fczenet a lehet\u0151 legt\u00f6bb embert el\u00e9rje. A c\u00e9l az, hogy el\u00e9g olyan embert el\u00e9rjen, akik val\u00f3ban reag\u00e1lnak \u00e9s ezen kereszt\u00fcl teljes\u00fclhetnek a kit\u0171z\u00f6tt c\u00e9lok.<\/span><\/p>\n<p><span style=\"font-weight: 400;\">A legt\u00f6bb csatorn\u00e1n az el\u00e9r\u00e9s mennyis\u00e9g\u00e9t\u0151l f\u00fcgg a marketing k\u00f6lts\u00e9ge. Ha a c\u00e9l 1.000 db k\u00e9k bigy\u00f3 elad\u00e1sa, az ide\u00e1lis marketing kamp\u00e1ny csak azt a 750 v\u00e1s\u00e1rl\u00f3t \u00e9ri el, akik az 1.000 db k\u00e9k bigy\u00f3nyi megrendel\u00e9st leadj\u00e1k.<\/span><\/p>\n<p><span style=\"font-weight: 400;\">Ez\u00e9rt fontos a megfelel\u0151 c\u00e9lz\u00e1s, ami nemcsak a vev\u0151k \u00e9letciklusa alapj\u00e1n val\u00f3s\u00edthat\u00f3 meg, hanem:<\/span><\/p>\n<ul>\n<li style=\"font-weight: 400;\"><b>\u00c9rdekl\u0151d\u00e9si ter\u00fclet alapj\u00e1n<\/b><span style=\"font-weight: 400;\"><br \/>\n<\/span><span style=\"font-weight: 400;\">Melyik kamp\u00e1ny hozta be az \u00e9rdekl\u0151d\u0151t? Milyen inform\u00e1ci\u00f3kat gy\u0171jt\u00f6tt be az \u00e9rt\u00e9kes\u00edt\u00e9s? Melyik kor\u00e1bbi email kamp\u00e1nyokra, milyen t\u00e9m\u00e1kra kattintott kor\u00e1bban?<\/span><\/li>\n<li style=\"font-weight: 400;\"><b>Hat\u00e1rid\u0151 lej\u00e1rat alapj\u00e1n<\/b><b><br \/>\n<\/b><span style=\"font-weight: 400;\">Mikor j\u00e1r le a garancia a v\u00e1s\u00e1rolt term\u00e9ken? Mikor lehet aktu\u00e1lis \u00fajra a v\u00e1s\u00e1rl\u00e1s kop\u00e1s, fogy\u00e1s vagy szezon\u00e1lis jelleg miatt? Mikor j\u00e1r le \u00fcgyf\u00e9l szerz\u0151d\u00e9se?<\/span><\/li>\n<\/ul>\n<p><strong>Hogyan tud mindezekben seg\u00edteni a MiniCRM?<\/strong><\/p>\n<ul>\n<li style=\"font-weight: 400;\"><span style=\"font-weight: 400;\">Az \u00fcgyf\u00e9lszegment\u00e1l\u00e1s egyszer\u0171en megval\u00f3s\u00edthat\u00f3 az el\u0151bb le\u00edrtaknak megfelel\u0151en<\/span><\/li>\n<li style=\"font-weight: 400;\"><span style=\"font-weight: 400;\">Ezut\u00e1n p\u00e1r kattint\u00e1ssal kik\u00fcldhet\u0151 a megfelel\u0151 szegmensnek a megfelel\u0151 tartalom \u00e9s ugyanilyen k\u00f6nnyed\u00e9n el\u00e9rhet\u0151k a kamp\u00e1nyr\u00f3l k\u00e9sz\u00fclt riportok (megnyit\u00e1si-, \u00e1tkattint\u00e1si ar\u00e1ny)<\/span><\/li>\n<li style=\"font-weight: 400;\"><span style=\"font-weight: 400;\">Az \u00c9rt\u00e9kes\u00edt\u00e9s modul haszn\u00e1lat\u00e1val t\u00e1mogatni lehet a webshopos elad\u00e1sokat, pl. a telefonos \u00e9rt\u00e9kes\u00edt\u0151 felh\u00edvhatja a VIP \u00fcgyfeleket, ezzel is n\u00f6velve az elk\u00f6telezetts\u00e9g\u00fcket<\/span><\/li>\n<li style=\"font-weight: 400;\"><span style=\"font-weight: 400;\">\u00dcgyfelekhez k\u00f6nnyed\u00e9n lehet teend\u0151ket felvenni ak\u00e1r automatikusan is, pl. ha a rendel\u00e9si \u00f6sszeg vagy az \u00e9ves \u00e1rbev\u00e9tel meghalad egy bizonyos \u00f6sszeget, automatikus teend\u0151 j\u00f6n l\u00e9tre az \u00e9rt\u00e9kes\u00edt\u0151nek, hogy h\u00edvja fel az \u00fcgyfelet<\/span><\/li>\n<li style=\"font-weight: 400;\"><span style=\"font-weight: 400;\">K\u00f6nnyed\u00e9n lehet sz\u00e1ml\u00e1t gener\u00e1lni a rendel\u00e9st k\u00f6vet\u0151en a MiniCRM-b\u0151l<\/span><\/li>\n<\/ul>\n<p><span style=\"font-weight: 400;\">A MiniCRM be\u00e9p\u00edtett elektronikus <\/span><a href=\"https:\/\/www.minicrm.hu\/help\/szamlazo\/\" target=\"_blank\"><span style=\"font-weight: 400;\">sz\u00e1mlakezel\u0151vel<\/span><\/a><span style=\"font-weight: 400;\"> rendelkezik, \u00edgy egy kattint\u00e1ssal l\u00e9tre lehet hozni elektronikus sz\u00e1ml\u00e1t, aj\u00e1nlatot vagy d\u00edjbek\u00e9r\u0151t egy megrendel\u00e9sb\u0151l \u00e9s ford\u00edtva. <\/span><\/p>\n<p><span style=\"font-weight: 400;\">A MiniCRM be\u00e9p\u00edtett integr\u00e1ci\u00f3val rendelkezik a Shoprenter webshopokhoz, amely be\u00e1ll\u00edt\u00e1s\u00e1hoz programoz\u00f3i tud\u00e1s nem sz\u00fcks\u00e9ges \u00e9s ak\u00e1r f\u00e9l \u00f3ra alatt is elv\u00e9gezhet\u0151, ellenben van lehet\u0151s\u00e9g egyedi fejleszt\u00e9s\u0171 webshoppal is \u00f6sszek\u00f6tni a rendszert. Ennek kivitelez\u00e9s\u00e9r\u0151l pedig a <a href=\"https:\/\/www.minicrm.hu\/help\/\" target=\"_blank\">s\u00fag\u00f3ban<\/a><\/span><span style=\"font-weight: 400;\">\u00a0tal\u00e1lhatsz r\u00e9szletes le\u00edr\u00e1st.<\/span><\/p>\n<p><em>A fentiek ismeret\u00e9ben, hat\u00e9kony vev\u0151megtart\u00e1st \u00e9s min\u00e9l sikeresebb web\u00e1ruh\u00e1zat k\u00edv\u00e1nunk!<\/em><\/p>\n","protected":false},"excerpt":{"rendered":"<p>Egyik \u00faj fejleszt\u00e9s\u00fcnk a web\u00e1ruh\u00e1z tulajdonosoknak sz\u00f3l. Webshop modul seg\u00edts\u00e9g\u00e9vel vev\u0151megtart\u00f3, vev\u0151visszahoz\u00f3 kamp\u00e1nyokat \u00e9p\u00edthetsz. El\u00e9rheted, hogy marketing k\u00f6lts\u00e9geid akt\u00edv \u00fcgyf\u00e9lb\u00e1zis \u00e9p\u00edt\u00e9s\u00e9re tudd ford\u00edtani, ne csak egyszeri v\u00e1s\u00e1rl\u00f3k szerz\u00e9s\u00e9re, hiszen a nyeres\u00e9ges web\u00e1ruh\u00e1z kulcsa az \u00fcgyf\u00e9l\u00e9rt\u00e9k maximaliz\u00e1l\u00e1sa. Web\u00e1ruh\u00e1zadban (vagy leend\u0151 web\u00e1ruh\u00e1zadban) sorakoznak a term\u00e9kek, j\u00f6nnek a vev\u0151k, sz\u00e9pen n\u0151 a bev\u00e9tel. De mi biztos\u00edtja, hogy vev\u0151id [&hellip;]<\/p>\n","protected":false},"author":21,"featured_media":11688,"comment_status":"open","ping_status":"closed","sticky":false,"template":"","format":"gallery","meta":{"inline_featured_image":false,"footnotes":""},"categories":[174,376],"tags":[210,433],"class_list":["post-11682","post","type-post","status-publish","format-gallery","has-post-thumbnail","hentry","category-marketing","category-minicrm","tag-email-marketing","tag-ujdonsag","post_format-post-format-gallery"],"yoast_head":"<!-- This site is optimized with the Yoast SEO plugin v27.1.1 - https:\/\/yoast.com\/product\/yoast-seo-wordpress\/ -->\n<title>Vev\u0151megtart\u00e1s webshopban, MiniCRM-mel<\/title>\n<meta name=\"description\" content=\"Egyik \u00faj fejleszt\u00e9s\u00fcnk a web\u00e1ruh\u00e1z tulajdonosoknak sz\u00f3l. Webshop modul seg\u00edts\u00e9g\u00e9vel vev\u0151megtart\u00f3, vev\u0151visszahoz\u00f3 kamp\u00e1nyokat \u00e9p\u00edthetsz. El\u00e9rheted, hogy\" \/>\n<meta name=\"robots\" content=\"index, follow, max-snippet:-1, max-image-preview:large, max-video-preview:-1\" \/>\n<link rel=\"canonical\" href=\"https:\/\/www.minicrm.hu\/blog\/2016\/06-22\/vevomegtartas-webaruhazban-minicrm-mel\/\" \/>\n<meta property=\"og:locale\" content=\"hu_HU\" \/>\n<meta property=\"og:type\" content=\"article\" \/>\n<meta property=\"og:title\" content=\"Vev\u0151megtart\u00e1s webshopban, MiniCRM-mel\" \/>\n<meta property=\"og:description\" content=\"Egyik \u00faj fejleszt\u00e9s\u00fcnk a web\u00e1ruh\u00e1z tulajdonosoknak sz\u00f3l. Webshop modul seg\u00edts\u00e9g\u00e9vel vev\u0151megtart\u00f3, vev\u0151visszahoz\u00f3 kamp\u00e1nyokat \u00e9p\u00edthetsz. El\u00e9rheted, hogy\" \/>\n<meta property=\"og:url\" content=\"https:\/\/www.minicrm.hu\/blog\/2016\/06-22\/vevomegtartas-webaruhazban-minicrm-mel\/\" \/>\n<meta property=\"og:site_name\" content=\"MiniCRM Blog\" \/>\n<meta property=\"article:published_time\" content=\"2016-06-22T08:25:18+00:00\" \/>\n<meta property=\"article:modified_time\" content=\"2016-06-22T08:27:11+00:00\" \/>\n<meta property=\"og:image\" content=\"https:\/\/minicrm-wp-hu.s3.amazonaws.com\/uploads\/2016\/06\/webshop_targeted_campaign.jpg\" \/>\n\t<meta property=\"og:image:width\" content=\"767\" \/>\n\t<meta property=\"og:image:height\" content=\"402\" \/>\n\t<meta property=\"og:image:type\" content=\"image\/jpeg\" \/>\n<meta name=\"author\" content=\"L\u00edvia F\u00fcl\u00f6p\" \/>\n<meta name=\"twitter:label1\" content=\"Szerz\u0151:\" \/>\n\t<meta name=\"twitter:data1\" content=\"L\u00edvia F\u00fcl\u00f6p\" \/>\n\t<meta name=\"twitter:label2\" content=\"Becs\u00fclt olvas\u00e1si id\u0151\" \/>\n\t<meta name=\"twitter:data2\" content=\"7 perc\" \/>\n<script type=\"application\/ld+json\" class=\"yoast-schema-graph\">{\"@context\":\"https:\/\/schema.org\",\"@graph\":[{\"@type\":\"Article\",\"@id\":\"https:\/\/www.minicrm.hu\/blog\/2016\/06-22\/vevomegtartas-webaruhazban-minicrm-mel\/#article\",\"isPartOf\":{\"@id\":\"https:\/\/www.minicrm.hu\/blog\/2016\/06-22\/vevomegtartas-webaruhazban-minicrm-mel\/\"},\"author\":{\"name\":\"L\u00edvia F\u00fcl\u00f6p\",\"@id\":\"https:\/\/www.minicrm.hu\/blog\/#\/schema\/person\/0063bca47bc09d508384cc964ae03065\"},\"headline\":\"Vev\u0151megtart\u00e1s webshopban, MiniCRM-mel\",\"datePublished\":\"2016-06-22T08:25:18+00:00\",\"dateModified\":\"2016-06-22T08:27:11+00:00\",\"mainEntityOfPage\":{\"@id\":\"https:\/\/www.minicrm.hu\/blog\/2016\/06-22\/vevomegtartas-webaruhazban-minicrm-mel\/\"},\"wordCount\":1499,\"commentCount\":0,\"publisher\":{\"@id\":\"https:\/\/www.minicrm.hu\/blog\/#organization\"},\"image\":{\"@id\":\"https:\/\/www.minicrm.hu\/blog\/2016\/06-22\/vevomegtartas-webaruhazban-minicrm-mel\/#primaryimage\"},\"thumbnailUrl\":\"https:\/\/minicrm-wp-hu.s3.amazonaws.com\/uploads\/2016\/06\/webshop_targeted_campaign.jpg\",\"keywords\":[\"Email marketing\",\"\u00fajdons\u00e1g\"],\"articleSection\":[\"Marketing\",\"MiniCRM\"],\"inLanguage\":\"hu\",\"potentialAction\":[{\"@type\":\"CommentAction\",\"name\":\"Comment\",\"target\":[\"https:\/\/www.minicrm.hu\/blog\/2016\/06-22\/vevomegtartas-webaruhazban-minicrm-mel\/#respond\"]}]},{\"@type\":\"WebPage\",\"@id\":\"https:\/\/www.minicrm.hu\/blog\/2016\/06-22\/vevomegtartas-webaruhazban-minicrm-mel\/\",\"url\":\"https:\/\/www.minicrm.hu\/blog\/2016\/06-22\/vevomegtartas-webaruhazban-minicrm-mel\/\",\"name\":\"Vev\u0151megtart\u00e1s webshopban, MiniCRM-mel\",\"isPartOf\":{\"@id\":\"https:\/\/www.minicrm.hu\/blog\/#website\"},\"primaryImageOfPage\":{\"@id\":\"https:\/\/www.minicrm.hu\/blog\/2016\/06-22\/vevomegtartas-webaruhazban-minicrm-mel\/#primaryimage\"},\"image\":{\"@id\":\"https:\/\/www.minicrm.hu\/blog\/2016\/06-22\/vevomegtartas-webaruhazban-minicrm-mel\/#primaryimage\"},\"thumbnailUrl\":\"https:\/\/minicrm-wp-hu.s3.amazonaws.com\/uploads\/2016\/06\/webshop_targeted_campaign.jpg\",\"datePublished\":\"2016-06-22T08:25:18+00:00\",\"dateModified\":\"2016-06-22T08:27:11+00:00\",\"description\":\"Egyik \u00faj fejleszt\u00e9s\u00fcnk a web\u00e1ruh\u00e1z tulajdonosoknak sz\u00f3l. Webshop modul seg\u00edts\u00e9g\u00e9vel vev\u0151megtart\u00f3, vev\u0151visszahoz\u00f3 kamp\u00e1nyokat \u00e9p\u00edthetsz. El\u00e9rheted, hogy\",\"breadcrumb\":{\"@id\":\"https:\/\/www.minicrm.hu\/blog\/2016\/06-22\/vevomegtartas-webaruhazban-minicrm-mel\/#breadcrumb\"},\"inLanguage\":\"hu\",\"potentialAction\":[{\"@type\":\"ReadAction\",\"target\":[\"https:\/\/www.minicrm.hu\/blog\/2016\/06-22\/vevomegtartas-webaruhazban-minicrm-mel\/\"]}]},{\"@type\":\"ImageObject\",\"inLanguage\":\"hu\",\"@id\":\"https:\/\/www.minicrm.hu\/blog\/2016\/06-22\/vevomegtartas-webaruhazban-minicrm-mel\/#primaryimage\",\"url\":\"https:\/\/minicrm-wp-hu.s3.amazonaws.com\/uploads\/2016\/06\/webshop_targeted_campaign.jpg\",\"contentUrl\":\"https:\/\/minicrm-wp-hu.s3.amazonaws.com\/uploads\/2016\/06\/webshop_targeted_campaign.jpg\",\"width\":767,\"height\":402},{\"@type\":\"BreadcrumbList\",\"@id\":\"https:\/\/www.minicrm.hu\/blog\/2016\/06-22\/vevomegtartas-webaruhazban-minicrm-mel\/#breadcrumb\",\"itemListElement\":[{\"@type\":\"ListItem\",\"position\":1,\"name\":\"Home\",\"item\":\"https:\/\/www.minicrm.hu\/blog\/\"},{\"@type\":\"ListItem\",\"position\":2,\"name\":\"Vev\u0151megtart\u00e1s webshopban, MiniCRM-mel\"}]},{\"@type\":\"WebSite\",\"@id\":\"https:\/\/www.minicrm.hu\/blog\/#website\",\"url\":\"https:\/\/www.minicrm.hu\/blog\/\",\"name\":\"MiniCRM Blog\",\"description\":\"CRM Blog\",\"publisher\":{\"@id\":\"https:\/\/www.minicrm.hu\/blog\/#organization\"},\"potentialAction\":[{\"@type\":\"SearchAction\",\"target\":{\"@type\":\"EntryPoint\",\"urlTemplate\":\"https:\/\/www.minicrm.hu\/blog\/?s={search_term_string}\"},\"query-input\":{\"@type\":\"PropertyValueSpecification\",\"valueRequired\":true,\"valueName\":\"search_term_string\"}}],\"inLanguage\":\"hu\"},{\"@type\":\"Organization\",\"@id\":\"https:\/\/www.minicrm.hu\/blog\/#organization\",\"name\":\"MiniCRM Blog\",\"url\":\"https:\/\/www.minicrm.hu\/blog\/\",\"logo\":{\"@type\":\"ImageObject\",\"inLanguage\":\"hu\",\"@id\":\"https:\/\/www.minicrm.hu\/blog\/#\/schema\/logo\/image\/\",\"url\":\"https:\/\/minicrm-wp-hu.s3.amazonaws.com\/uploads\/2021\/04\/cropped-MC-logo-Blog-2021_G-Dark.png\",\"contentUrl\":\"https:\/\/minicrm-wp-hu.s3.amazonaws.com\/uploads\/2021\/04\/cropped-MC-logo-Blog-2021_G-Dark.png\",\"width\":91,\"height\":89,\"caption\":\"MiniCRM Blog\"},\"image\":{\"@id\":\"https:\/\/www.minicrm.hu\/blog\/#\/schema\/logo\/image\/\"}},{\"@type\":\"Person\",\"@id\":\"https:\/\/www.minicrm.hu\/blog\/#\/schema\/person\/0063bca47bc09d508384cc964ae03065\",\"name\":\"L\u00edvia F\u00fcl\u00f6p\",\"image\":{\"@type\":\"ImageObject\",\"inLanguage\":\"hu\",\"@id\":\"https:\/\/www.minicrm.hu\/blog\/#\/schema\/person\/image\/\",\"url\":\"https:\/\/minicrm-wp-hu.s3.amazonaws.com\/uploads\/2015\/04\/Livi-96x96.jpg\",\"contentUrl\":\"https:\/\/minicrm-wp-hu.s3.amazonaws.com\/uploads\/2015\/04\/Livi-96x96.jpg\",\"caption\":\"L\u00edvia F\u00fcl\u00f6p\"},\"sameAs\":[\"https:\/\/www.minicrm.hu\/blog\/\"],\"url\":\"https:\/\/www.minicrm.hu\/blog\/author\/livia\/\"}]}<\/script>\n<!-- \/ Yoast SEO plugin. -->","yoast_head_json":{"title":"Vev\u0151megtart\u00e1s webshopban, MiniCRM-mel","description":"Egyik \u00faj fejleszt\u00e9s\u00fcnk a web\u00e1ruh\u00e1z tulajdonosoknak sz\u00f3l. Webshop modul seg\u00edts\u00e9g\u00e9vel vev\u0151megtart\u00f3, vev\u0151visszahoz\u00f3 kamp\u00e1nyokat \u00e9p\u00edthetsz. El\u00e9rheted, hogy","robots":{"index":"index","follow":"follow","max-snippet":"max-snippet:-1","max-image-preview":"max-image-preview:large","max-video-preview":"max-video-preview:-1"},"canonical":"https:\/\/www.minicrm.hu\/blog\/2016\/06-22\/vevomegtartas-webaruhazban-minicrm-mel\/","og_locale":"hu_HU","og_type":"article","og_title":"Vev\u0151megtart\u00e1s webshopban, MiniCRM-mel","og_description":"Egyik \u00faj fejleszt\u00e9s\u00fcnk a web\u00e1ruh\u00e1z tulajdonosoknak sz\u00f3l. Webshop modul seg\u00edts\u00e9g\u00e9vel vev\u0151megtart\u00f3, vev\u0151visszahoz\u00f3 kamp\u00e1nyokat \u00e9p\u00edthetsz. El\u00e9rheted, hogy","og_url":"https:\/\/www.minicrm.hu\/blog\/2016\/06-22\/vevomegtartas-webaruhazban-minicrm-mel\/","og_site_name":"MiniCRM Blog","article_published_time":"2016-06-22T08:25:18+00:00","article_modified_time":"2016-06-22T08:27:11+00:00","og_image":[{"width":767,"height":402,"url":"https:\/\/minicrm-wp-hu.s3.amazonaws.com\/uploads\/2016\/06\/webshop_targeted_campaign.jpg","type":"image\/jpeg"}],"author":"L\u00edvia F\u00fcl\u00f6p","twitter_misc":{"Szerz\u0151:":"L\u00edvia F\u00fcl\u00f6p","Becs\u00fclt olvas\u00e1si id\u0151":"7 perc"},"schema":{"@context":"https:\/\/schema.org","@graph":[{"@type":"Article","@id":"https:\/\/www.minicrm.hu\/blog\/2016\/06-22\/vevomegtartas-webaruhazban-minicrm-mel\/#article","isPartOf":{"@id":"https:\/\/www.minicrm.hu\/blog\/2016\/06-22\/vevomegtartas-webaruhazban-minicrm-mel\/"},"author":{"name":"L\u00edvia F\u00fcl\u00f6p","@id":"https:\/\/www.minicrm.hu\/blog\/#\/schema\/person\/0063bca47bc09d508384cc964ae03065"},"headline":"Vev\u0151megtart\u00e1s webshopban, MiniCRM-mel","datePublished":"2016-06-22T08:25:18+00:00","dateModified":"2016-06-22T08:27:11+00:00","mainEntityOfPage":{"@id":"https:\/\/www.minicrm.hu\/blog\/2016\/06-22\/vevomegtartas-webaruhazban-minicrm-mel\/"},"wordCount":1499,"commentCount":0,"publisher":{"@id":"https:\/\/www.minicrm.hu\/blog\/#organization"},"image":{"@id":"https:\/\/www.minicrm.hu\/blog\/2016\/06-22\/vevomegtartas-webaruhazban-minicrm-mel\/#primaryimage"},"thumbnailUrl":"https:\/\/minicrm-wp-hu.s3.amazonaws.com\/uploads\/2016\/06\/webshop_targeted_campaign.jpg","keywords":["Email marketing","\u00fajdons\u00e1g"],"articleSection":["Marketing","MiniCRM"],"inLanguage":"hu","potentialAction":[{"@type":"CommentAction","name":"Comment","target":["https:\/\/www.minicrm.hu\/blog\/2016\/06-22\/vevomegtartas-webaruhazban-minicrm-mel\/#respond"]}]},{"@type":"WebPage","@id":"https:\/\/www.minicrm.hu\/blog\/2016\/06-22\/vevomegtartas-webaruhazban-minicrm-mel\/","url":"https:\/\/www.minicrm.hu\/blog\/2016\/06-22\/vevomegtartas-webaruhazban-minicrm-mel\/","name":"Vev\u0151megtart\u00e1s webshopban, MiniCRM-mel","isPartOf":{"@id":"https:\/\/www.minicrm.hu\/blog\/#website"},"primaryImageOfPage":{"@id":"https:\/\/www.minicrm.hu\/blog\/2016\/06-22\/vevomegtartas-webaruhazban-minicrm-mel\/#primaryimage"},"image":{"@id":"https:\/\/www.minicrm.hu\/blog\/2016\/06-22\/vevomegtartas-webaruhazban-minicrm-mel\/#primaryimage"},"thumbnailUrl":"https:\/\/minicrm-wp-hu.s3.amazonaws.com\/uploads\/2016\/06\/webshop_targeted_campaign.jpg","datePublished":"2016-06-22T08:25:18+00:00","dateModified":"2016-06-22T08:27:11+00:00","description":"Egyik \u00faj fejleszt\u00e9s\u00fcnk a web\u00e1ruh\u00e1z tulajdonosoknak sz\u00f3l. Webshop modul seg\u00edts\u00e9g\u00e9vel vev\u0151megtart\u00f3, vev\u0151visszahoz\u00f3 kamp\u00e1nyokat \u00e9p\u00edthetsz. El\u00e9rheted, hogy","breadcrumb":{"@id":"https:\/\/www.minicrm.hu\/blog\/2016\/06-22\/vevomegtartas-webaruhazban-minicrm-mel\/#breadcrumb"},"inLanguage":"hu","potentialAction":[{"@type":"ReadAction","target":["https:\/\/www.minicrm.hu\/blog\/2016\/06-22\/vevomegtartas-webaruhazban-minicrm-mel\/"]}]},{"@type":"ImageObject","inLanguage":"hu","@id":"https:\/\/www.minicrm.hu\/blog\/2016\/06-22\/vevomegtartas-webaruhazban-minicrm-mel\/#primaryimage","url":"https:\/\/minicrm-wp-hu.s3.amazonaws.com\/uploads\/2016\/06\/webshop_targeted_campaign.jpg","contentUrl":"https:\/\/minicrm-wp-hu.s3.amazonaws.com\/uploads\/2016\/06\/webshop_targeted_campaign.jpg","width":767,"height":402},{"@type":"BreadcrumbList","@id":"https:\/\/www.minicrm.hu\/blog\/2016\/06-22\/vevomegtartas-webaruhazban-minicrm-mel\/#breadcrumb","itemListElement":[{"@type":"ListItem","position":1,"name":"Home","item":"https:\/\/www.minicrm.hu\/blog\/"},{"@type":"ListItem","position":2,"name":"Vev\u0151megtart\u00e1s webshopban, MiniCRM-mel"}]},{"@type":"WebSite","@id":"https:\/\/www.minicrm.hu\/blog\/#website","url":"https:\/\/www.minicrm.hu\/blog\/","name":"MiniCRM Blog","description":"CRM Blog","publisher":{"@id":"https:\/\/www.minicrm.hu\/blog\/#organization"},"potentialAction":[{"@type":"SearchAction","target":{"@type":"EntryPoint","urlTemplate":"https:\/\/www.minicrm.hu\/blog\/?s={search_term_string}"},"query-input":{"@type":"PropertyValueSpecification","valueRequired":true,"valueName":"search_term_string"}}],"inLanguage":"hu"},{"@type":"Organization","@id":"https:\/\/www.minicrm.hu\/blog\/#organization","name":"MiniCRM Blog","url":"https:\/\/www.minicrm.hu\/blog\/","logo":{"@type":"ImageObject","inLanguage":"hu","@id":"https:\/\/www.minicrm.hu\/blog\/#\/schema\/logo\/image\/","url":"https:\/\/minicrm-wp-hu.s3.amazonaws.com\/uploads\/2021\/04\/cropped-MC-logo-Blog-2021_G-Dark.png","contentUrl":"https:\/\/minicrm-wp-hu.s3.amazonaws.com\/uploads\/2021\/04\/cropped-MC-logo-Blog-2021_G-Dark.png","width":91,"height":89,"caption":"MiniCRM Blog"},"image":{"@id":"https:\/\/www.minicrm.hu\/blog\/#\/schema\/logo\/image\/"}},{"@type":"Person","@id":"https:\/\/www.minicrm.hu\/blog\/#\/schema\/person\/0063bca47bc09d508384cc964ae03065","name":"L\u00edvia F\u00fcl\u00f6p","image":{"@type":"ImageObject","inLanguage":"hu","@id":"https:\/\/www.minicrm.hu\/blog\/#\/schema\/person\/image\/","url":"https:\/\/minicrm-wp-hu.s3.amazonaws.com\/uploads\/2015\/04\/Livi-96x96.jpg","contentUrl":"https:\/\/minicrm-wp-hu.s3.amazonaws.com\/uploads\/2015\/04\/Livi-96x96.jpg","caption":"L\u00edvia F\u00fcl\u00f6p"},"sameAs":["https:\/\/www.minicrm.hu\/blog\/"],"url":"https:\/\/www.minicrm.hu\/blog\/author\/livia\/"}]}},"_links":{"self":[{"href":"https:\/\/www.minicrm.hu\/blog\/wp-json\/wp\/v2\/posts\/11682","targetHints":{"allow":["GET"]}}],"collection":[{"href":"https:\/\/www.minicrm.hu\/blog\/wp-json\/wp\/v2\/posts"}],"about":[{"href":"https:\/\/www.minicrm.hu\/blog\/wp-json\/wp\/v2\/types\/post"}],"author":[{"embeddable":true,"href":"https:\/\/www.minicrm.hu\/blog\/wp-json\/wp\/v2\/users\/21"}],"replies":[{"embeddable":true,"href":"https:\/\/www.minicrm.hu\/blog\/wp-json\/wp\/v2\/comments?post=11682"}],"version-history":[{"count":9,"href":"https:\/\/www.minicrm.hu\/blog\/wp-json\/wp\/v2\/posts\/11682\/revisions"}],"predecessor-version":[{"id":11694,"href":"https:\/\/www.minicrm.hu\/blog\/wp-json\/wp\/v2\/posts\/11682\/revisions\/11694"}],"wp:featuredmedia":[{"embeddable":true,"href":"https:\/\/www.minicrm.hu\/blog\/wp-json\/wp\/v2\/media\/11688"}],"wp:attachment":[{"href":"https:\/\/www.minicrm.hu\/blog\/wp-json\/wp\/v2\/media?parent=11682"}],"wp:term":[{"taxonomy":"category","embeddable":true,"href":"https:\/\/www.minicrm.hu\/blog\/wp-json\/wp\/v2\/categories?post=11682"},{"taxonomy":"post_tag","embeddable":true,"href":"https:\/\/www.minicrm.hu\/blog\/wp-json\/wp\/v2\/tags?post=11682"}],"curies":[{"name":"wp","href":"https:\/\/api.w.org\/{rel}","templated":true}]}}