

{"id":13335,"date":"2020-02-13T10:38:38","date_gmt":"2020-02-13T09:38:38","guid":{"rendered":"https:\/\/www.minicrm.hu\/blog\/?p=13335"},"modified":"2021-09-22T08:44:12","modified_gmt":"2021-09-22T06:44:12","slug":"kik-a-szellem-erdeklodok-es-miert-rettegj-toluk","status":"publish","type":"post","link":"https:\/\/www.minicrm.hu\/blog\/2020\/02-13\/kik-a-szellem-erdeklodok-es-miert-rettegj-toluk\/","title":{"rendered":"Kik a szellem \u00e9rdekl\u0151d\u0151k \u00e9s mi\u00e9rt rettegj t\u0151l\u00fck?"},"content":{"rendered":"\n<p>A szellem \u00e9rdekl\u0151d\u0151kr\u0151l neh\u00e9z lenne izgalmas filmet csin\u00e1lni. \u0150k nem ijesztgetnek f\u00fcgg\u00f6ny\u00f6k m\u00f6g\u00fcl, nem b\u00fajnak el\u0151 \u00e9jszaka az \u00e1gy al\u00f3l, de m\u00e9g csak a csapokat sem tekergetik, hogy fr\u00e1szt hozzanak a csinos f\u0151szerepl\u0151 l\u00e1nyra. C\u00e9gtulajdonosk\u00e9nt m\u00e9gis jobb, ha rettegsz t\u0151l\u00fck!<\/p>\n\n\n\n<p>Vel\u00fck az a baj, hogy nagyon csendben vannak. Annyira, hogy val\u00f3sz\u00edn\u0171leg soha nem fogsz tudni a l\u00e9tez\u00e9s\u00fckr\u0151l sem. \u0150k a bajkever\u00e9snek egy sokkal kev\u00e9sb\u00e9 izgalmas, de legal\u00e1bb annyira v\u00e9rfagyaszt\u00f3 form\u00e1j\u00e1t m\u0171velik.&nbsp;<\/p>\n\n\n\n<p>Lassan, de biztosan t\u00f6nkreteszik a c\u00e9gedet.&nbsp;<\/p>\n\n\n\n<p>Bocs a spoiler\u00e9rt!&nbsp;<\/p>\n\n\n\n<p>Na, de hadd mutassam be \u0151ket rendesen. \u0150k azok az \u00e9rdekl\u0151d\u0151k, akikr\u0151l soha nem fogsz tudni. Akik sehol nincsenek r\u00f6gz\u00edtve, akik csak betelefon\u00e1ltak, de nem vette fel senki az adatukat, akik e-mailt k\u00fcldtek, de elkeveredtek az inbox-ban, akikr\u0151l sim\u00e1n megfeledkeztetek, vagy akik csak egy n\u00e9vjegyk\u00e1rty\u00e1t adtak, ami 6 h\u00f3napja hever a t\u00f6bbi k\u00f6z\u00f6tt.&nbsp;<\/p>\n\n\n\n<!--more-->\n\n\n\n<p>\u00c9n magam is sokszor voltam m\u00e1r ilyen l\u00e1thatatlan \u00e9rdekl\u0151d\u0151. F\u0151leg mostan\u00e1ban, hogy a menyasszonyommal esk\u00fcv\u0151t pr\u00f3b\u00e1lunk szervezni. T\u00edz e-mailb\u0151l jellemz\u0151en 5-6 helyr\u0151l kapunk valami v\u00e1lasz-szer\u0171t, ut\u00e1nk\u00f6vet\u00e9ssel pedig \u00f6sszesen egyszer tal\u00e1lkoztunk.<\/p>\n\n\n\n<p>Az a tapasztalatom, hogy olyan c\u00e9gekt\u0151l, ahol nincs tudatos adatr\u00f6gz\u00edt\u00e9s, csak akkor tudsz v\u00e1s\u00e1rolni, ha nagyon akarsz. Ha t\u00e9nyleg minden v\u00e1gyad az, hogy csakis t\u0151l\u00fck v\u00e1s\u00e1rolj. Egy\u00e9bk\u00e9nt egy pillanat alatt elfelejtenek.&nbsp;<\/p>\n\n\n\n<p>\u00c9s Magyarorsz\u00e1gon bizony ez a t\u00f6bbs\u00e9g.<\/p>\n\n\n\n<p>Nem az\u00e9rt, mert a dolgoz\u00f3k tesznek az eg\u00e9szre (\u00e1ltal\u00e1ban), hanem mert \u00edgy is van ezer dolguk napk\u00f6zben, nincs kapacit\u00e1suk ahhoz, hogy eml\u00e9kezzenek arra, hogy h\u00e1rom napja v\u00e1laszoltak valakinek \u00e9s az\u00f3ta nem hallottak fel\u0151l\u00fck.&nbsp;<\/p>\n\n\n\n<p>Ha nincs rendszer, ami <a href=\"https:\/\/www.minicrm.hu\/blog\/2020\/02-03\/12-ok-ami-miatt-tobbet-ertekesit-egy-crm-et-hasznalo-ceg\/\">szem\u00fck el\u0151tt tartja a teend\u0151ket<\/a>, figyelmezteti az \u00e9rdekl\u0151d\u0151kre, akik fel\u0151l nem hallottak egy ideje, akkor csak az isteni szikra fogja \u0151ket seg\u00edteni. Az meg ritk\u00e1n j\u00f6n.&nbsp;<\/p>\n\n\n\n<p>\u00cdgy jellemz\u0151en nem der\u00fcl ki, hogy az e-mailes megkeres\u00e9sre k\u00fcld\u00f6tt v\u00e1laszokra mondjuk 10-b\u0151l 9-szer nem \u00e9rkezik v\u00e1lasz. Pedig, ha ez m\u00e9rve lenne, l\u00e1tsz\u00f3dna, hogy itt be kellene avatkozni, de ez sosem der\u00fcl ki.<\/p>\n\n\n\n<p>Emiatt jellemz\u0151 az, hogy c\u00e9gek azt gondolj\u00e1k nincs sz\u00fcks\u00e9g\u00fck ut\u00e1nk\u00f6vet\u00e9sre. Minek? Kit? M\u00e1r mindenkinek k\u00fcldt\u00fcnk \u00e1raj\u00e1nlatot, akiket IGAZ\u00c1N \u00e9rdekel a term\u00e9k\u00fcnk\/szolg\u00e1ltat\u00e1sunk.&nbsp;<\/p>\n\n\n\n<p>A probl\u00e9ma ezzel az, hogy a szellem \u00e9rdekl\u0151d\u0151k k\u00f6z\u00f6tt is megb\u00fajik rengeteg potenci\u00e1lis fizet\u0151 \u00fcgyf\u00e9l, akiket r\u00e1ad\u00e1sul minden m\u00e1gia n\u00e9lk\u00fcl el\u0151 lehet csalogatni. Csak egy kis figyelemre van sz\u00fcks\u00e9g.&nbsp;<\/p>\n\n\n\n<p>Sz\u00f3val z\u00e1r\u00e1sk\u00e9nt azt mondom, m\u00e9gse rettegj a szellem \u00e9rdekl\u0151d\u0151kt\u0151l, ink\u00e1bb adj nekik es\u00e9lyt, hogy val\u00f3di \u00e9rdekl\u0151d\u0151v\u00e9 v\u00e1ljanak. Ha m\u00e9g nincs <a href=\"https:\/\/www.minicrm.hu\/mi-az-a-crm\/\">CRM-ed<\/a>, akkor legal\u00e1bb jegyezz\u00e9tek fel a h\u00edv\u00e1sokat valahol \u00e9s tartsatok katon\u00e1s rendet az inboxotokban.<\/p>\n\n\n\n<div class=\"well\" style=\"display:inline-block; width:100%; text-align:center; margin-top:25px; margin-bottom:25px; padding-bottom:25px;\">\n<h2 style=\"text-align:left; margin-bottom:25px;\">ISMERD MEG A MINICRM-ET<\/h2>\n<p style=\"text-align:left;\">\nA CRM m\u00e1ra kin\u0151tte mag\u00e1t a leghaszn\u00e1ltabb c\u00e9ges szoftverr\u00e9 a vil\u00e1gon \u00e9s Magyarorsz\u00e1gon is egyre nagyobb teret h\u00f3d\u00edt. Csatlakozz imm\u00e1ron t\u00f6bb, mint 4000 c\u00e9gvezet\u0151h\u00f6z, akik hetente tartott rendezv\u00e9nyinken ismerkedett meg az alapokkal.\n<\/p>\n<a class=\"btn btn-primary\" href=\"https:\/\/www.minicrm.hu\/signup\/try\/\" style=\"margin-right:20px; font-size:17px; font-weight:bold;\" target=\"_blank\" rel=\"noopener noreferrer\"><i class=\"fas fa-angle-left\"><\/i> Ink\u00e1bb egyed\u00fcl kipr\u00f3b\u00e1lom<\/a><a class=\"btn btn-warning\" href=\"https:\/\/www.minicrm.hu\/workshop\/\" style=\"font-size:17px; font-weight:bold;\" target=\"_blank\" rel=\"noopener noreferrer\">\u00c9rdekel a k\u00e9pz\u00e9s <i class=\"fas fa-angle-right\"><\/i><\/a>\n<\/div>\n","protected":false},"excerpt":{"rendered":"<p>A szellem \u00e9rdekl\u0151d\u0151kr\u0151l neh\u00e9z lenne izgalmas filmet csin\u00e1lni. \u0150k nem ijesztgetnek f\u00fcgg\u00f6ny\u00f6k m\u00f6g\u00fcl, nem b\u00fajnak el\u0151 \u00e9jszaka az \u00e1gy al\u00f3l, de m\u00e9g csak a csapokat sem tekergetik, hogy fr\u00e1szt hozzanak a csinos f\u0151szerepl\u0151 l\u00e1nyra. C\u00e9gtulajdonosk\u00e9nt m\u00e9gis jobb, ha rettegsz t\u0151l\u00fck! Vel\u00fck az a baj, hogy nagyon csendben vannak. Annyira, hogy val\u00f3sz\u00edn\u0171leg soha nem fogsz tudni [&hellip;]<\/p>\n","protected":false},"author":66,"featured_media":13377,"comment_status":"open","ping_status":"closed","sticky":false,"template":"","format":"gallery","meta":{"inline_featured_image":false,"footnotes":""},"categories":[24],"tags":[573,570],"class_list":["post-13335","post","type-post","status-publish","format-gallery","has-post-thumbnail","hentry","category-ertekesites","tag-elfelejetett-erdeklodok","tag-szellem-erdeklodok","post_format-post-format-gallery"],"yoast_head":"<!-- This site is optimized with the Yoast SEO plugin v27.1.1 - https:\/\/yoast.com\/product\/yoast-seo-wordpress\/ -->\n<title>Kik a szellem \u00e9rdekl\u0151d\u0151k \u00e9s mi\u00e9rt rettegj t\u0151l\u00fck?<\/title>\n<meta name=\"description\" content=\"A szellem \u00e9rdekl\u0151d\u0151kr\u0151l neh\u00e9z lenne izgalmas filmet csin\u00e1lni. \u0150k nem ijesztgetnek f\u00fcgg\u00f6ny\u00f6k m\u00f6g\u00fcl, nem b\u00fajnak el\u0151 \u00e9jszaka az \u00e1gy al\u00f3l, de m\u00e9g csak a\" \/>\n<meta name=\"robots\" content=\"index, follow, max-snippet:-1, max-image-preview:large, max-video-preview:-1\" \/>\n<link rel=\"canonical\" href=\"https:\/\/www.minicrm.hu\/blog\/2020\/02-13\/kik-a-szellem-erdeklodok-es-miert-rettegj-toluk\/\" \/>\n<meta property=\"og:locale\" content=\"hu_HU\" \/>\n<meta property=\"og:type\" content=\"article\" \/>\n<meta property=\"og:title\" content=\"Kik a szellem \u00e9rdekl\u0151d\u0151k \u00e9s mi\u00e9rt rettegj t\u0151l\u00fck?\" \/>\n<meta property=\"og:description\" content=\"A szellem \u00e9rdekl\u0151d\u0151kr\u0151l neh\u00e9z lenne izgalmas filmet csin\u00e1lni. \u0150k nem ijesztgetnek f\u00fcgg\u00f6ny\u00f6k m\u00f6g\u00fcl, nem b\u00fajnak el\u0151 \u00e9jszaka az \u00e1gy al\u00f3l, de m\u00e9g csak a csapokat sem tekergetik, hogy fr\u00e1szt hozzanak a csinos f\u0151szerepl\u0151 l\u00e1nyra. C\u00e9gtulajdonosk\u00e9nt m\u00e9gis jobb, ha rettegsz t\u0151l\u00fck!\" \/>\n<meta property=\"og:url\" content=\"https:\/\/www.minicrm.hu\/blog\/2020\/02-13\/kik-a-szellem-erdeklodok-es-miert-rettegj-toluk\/\" \/>\n<meta property=\"og:site_name\" content=\"MiniCRM Blog\" \/>\n<meta property=\"article:published_time\" content=\"2020-02-13T09:38:38+00:00\" \/>\n<meta property=\"article:modified_time\" content=\"2021-09-22T06:44:12+00:00\" \/>\n<meta property=\"og:image\" content=\"https:\/\/minicrm-wp-hu.s3.amazonaws.com\/uploads\/2020\/02\/ghost-fb.jpg\" \/>\n\t<meta property=\"og:image:width\" content=\"1200\" \/>\n\t<meta property=\"og:image:height\" content=\"628\" \/>\n\t<meta property=\"og:image:type\" content=\"image\/jpeg\" \/>\n<meta name=\"author\" content=\"MiniCRM\" \/>\n<meta name=\"twitter:label1\" content=\"Szerz\u0151:\" \/>\n\t<meta name=\"twitter:data1\" content=\"T\u00f3th Norbert\" \/>\n\t<meta name=\"twitter:label2\" content=\"Becs\u00fclt olvas\u00e1si id\u0151\" \/>\n\t<meta name=\"twitter:data2\" content=\"2 perc\" \/>\n<script type=\"application\/ld+json\" class=\"yoast-schema-graph\">{\"@context\":\"https:\/\/schema.org\",\"@graph\":[{\"@type\":\"Article\",\"@id\":\"https:\/\/www.minicrm.hu\/blog\/2020\/02-13\/kik-a-szellem-erdeklodok-es-miert-rettegj-toluk\/#article\",\"isPartOf\":{\"@id\":\"https:\/\/www.minicrm.hu\/blog\/2020\/02-13\/kik-a-szellem-erdeklodok-es-miert-rettegj-toluk\/\"},\"author\":{\"name\":\"MiniCRM\",\"@id\":\"https:\/\/www.minicrm.hu\/blog\/#\/schema\/person\/069da389ff66e1b062bfea11f5435219\"},\"headline\":\"Kik a szellem \u00e9rdekl\u0151d\u0151k \u00e9s mi\u00e9rt rettegj t\u0151l\u00fck?\",\"datePublished\":\"2020-02-13T09:38:38+00:00\",\"dateModified\":\"2021-09-22T06:44:12+00:00\",\"mainEntityOfPage\":{\"@id\":\"https:\/\/www.minicrm.hu\/blog\/2020\/02-13\/kik-a-szellem-erdeklodok-es-miert-rettegj-toluk\/\"},\"wordCount\":641,\"commentCount\":0,\"publisher\":{\"@id\":\"https:\/\/www.minicrm.hu\/blog\/#organization\"},\"image\":{\"@id\":\"https:\/\/www.minicrm.hu\/blog\/2020\/02-13\/kik-a-szellem-erdeklodok-es-miert-rettegj-toluk\/#primaryimage\"},\"thumbnailUrl\":\"https:\/\/minicrm-wp-hu.s3.amazonaws.com\/uploads\/2020\/02\/ghost.jpg\",\"keywords\":[\"elfelejetett \u00e9rdekl\u0151d\u0151k\",\"szellem \u00e9rdekl\u0151d\u0151k\"],\"articleSection\":[\"\u00c9rt\u00e9kes\u00edt\u00e9s\"],\"inLanguage\":\"hu\",\"potentialAction\":[{\"@type\":\"CommentAction\",\"name\":\"Comment\",\"target\":[\"https:\/\/www.minicrm.hu\/blog\/2020\/02-13\/kik-a-szellem-erdeklodok-es-miert-rettegj-toluk\/#respond\"]}]},{\"@type\":\"WebPage\",\"@id\":\"https:\/\/www.minicrm.hu\/blog\/2020\/02-13\/kik-a-szellem-erdeklodok-es-miert-rettegj-toluk\/\",\"url\":\"https:\/\/www.minicrm.hu\/blog\/2020\/02-13\/kik-a-szellem-erdeklodok-es-miert-rettegj-toluk\/\",\"name\":\"Kik a szellem \u00e9rdekl\u0151d\u0151k \u00e9s mi\u00e9rt rettegj t\u0151l\u00fck?\",\"isPartOf\":{\"@id\":\"https:\/\/www.minicrm.hu\/blog\/#website\"},\"primaryImageOfPage\":{\"@id\":\"https:\/\/www.minicrm.hu\/blog\/2020\/02-13\/kik-a-szellem-erdeklodok-es-miert-rettegj-toluk\/#primaryimage\"},\"image\":{\"@id\":\"https:\/\/www.minicrm.hu\/blog\/2020\/02-13\/kik-a-szellem-erdeklodok-es-miert-rettegj-toluk\/#primaryimage\"},\"thumbnailUrl\":\"https:\/\/minicrm-wp-hu.s3.amazonaws.com\/uploads\/2020\/02\/ghost.jpg\",\"datePublished\":\"2020-02-13T09:38:38+00:00\",\"dateModified\":\"2021-09-22T06:44:12+00:00\",\"description\":\"A szellem \u00e9rdekl\u0151d\u0151kr\u0151l neh\u00e9z lenne izgalmas filmet csin\u00e1lni. \u0150k nem ijesztgetnek f\u00fcgg\u00f6ny\u00f6k m\u00f6g\u00fcl, nem b\u00fajnak el\u0151 \u00e9jszaka az \u00e1gy al\u00f3l, de m\u00e9g csak a\",\"breadcrumb\":{\"@id\":\"https:\/\/www.minicrm.hu\/blog\/2020\/02-13\/kik-a-szellem-erdeklodok-es-miert-rettegj-toluk\/#breadcrumb\"},\"inLanguage\":\"hu\",\"potentialAction\":[{\"@type\":\"ReadAction\",\"target\":[\"https:\/\/www.minicrm.hu\/blog\/2020\/02-13\/kik-a-szellem-erdeklodok-es-miert-rettegj-toluk\/\"]}]},{\"@type\":\"ImageObject\",\"inLanguage\":\"hu\",\"@id\":\"https:\/\/www.minicrm.hu\/blog\/2020\/02-13\/kik-a-szellem-erdeklodok-es-miert-rettegj-toluk\/#primaryimage\",\"url\":\"https:\/\/minicrm-wp-hu.s3.amazonaws.com\/uploads\/2020\/02\/ghost.jpg\",\"contentUrl\":\"https:\/\/minicrm-wp-hu.s3.amazonaws.com\/uploads\/2020\/02\/ghost.jpg\",\"width\":622,\"height\":463},{\"@type\":\"BreadcrumbList\",\"@id\":\"https:\/\/www.minicrm.hu\/blog\/2020\/02-13\/kik-a-szellem-erdeklodok-es-miert-rettegj-toluk\/#breadcrumb\",\"itemListElement\":[{\"@type\":\"ListItem\",\"position\":1,\"name\":\"Home\",\"item\":\"https:\/\/www.minicrm.hu\/blog\/\"},{\"@type\":\"ListItem\",\"position\":2,\"name\":\"Kik a szellem \u00e9rdekl\u0151d\u0151k \u00e9s mi\u00e9rt rettegj t\u0151l\u00fck?\"}]},{\"@type\":\"WebSite\",\"@id\":\"https:\/\/www.minicrm.hu\/blog\/#website\",\"url\":\"https:\/\/www.minicrm.hu\/blog\/\",\"name\":\"MiniCRM Blog\",\"description\":\"CRM Blog\",\"publisher\":{\"@id\":\"https:\/\/www.minicrm.hu\/blog\/#organization\"},\"potentialAction\":[{\"@type\":\"SearchAction\",\"target\":{\"@type\":\"EntryPoint\",\"urlTemplate\":\"https:\/\/www.minicrm.hu\/blog\/?s={search_term_string}\"},\"query-input\":{\"@type\":\"PropertyValueSpecification\",\"valueRequired\":true,\"valueName\":\"search_term_string\"}}],\"inLanguage\":\"hu\"},{\"@type\":\"Organization\",\"@id\":\"https:\/\/www.minicrm.hu\/blog\/#organization\",\"name\":\"MiniCRM Blog\",\"url\":\"https:\/\/www.minicrm.hu\/blog\/\",\"logo\":{\"@type\":\"ImageObject\",\"inLanguage\":\"hu\",\"@id\":\"https:\/\/www.minicrm.hu\/blog\/#\/schema\/logo\/image\/\",\"url\":\"https:\/\/minicrm-wp-hu.s3.amazonaws.com\/uploads\/2021\/04\/cropped-MC-logo-Blog-2021_G-Dark.png\",\"contentUrl\":\"https:\/\/minicrm-wp-hu.s3.amazonaws.com\/uploads\/2021\/04\/cropped-MC-logo-Blog-2021_G-Dark.png\",\"width\":91,\"height\":89,\"caption\":\"MiniCRM Blog\"},\"image\":{\"@id\":\"https:\/\/www.minicrm.hu\/blog\/#\/schema\/logo\/image\/\"}},{\"@type\":\"Person\",\"@id\":\"https:\/\/www.minicrm.hu\/blog\/#\/schema\/person\/069da389ff66e1b062bfea11f5435219\",\"name\":\"MiniCRM\",\"image\":{\"@type\":\"ImageObject\",\"inLanguage\":\"hu\",\"@id\":\"https:\/\/www.minicrm.hu\/blog\/#\/schema\/person\/image\/\",\"url\":\"https:\/\/secure.gravatar.com\/avatar\/dcefd6bba8934b04bb248dd2c1a6d1aefd3e2560e872f17db31afd984ef19a13?s=96&r=g\",\"contentUrl\":\"https:\/\/secure.gravatar.com\/avatar\/dcefd6bba8934b04bb248dd2c1a6d1aefd3e2560e872f17db31afd984ef19a13?s=96&r=g\",\"caption\":\"MiniCRM\"},\"sameAs\":[\"https:\/\/www.minicrm.hu\/\"],\"url\":\"\"}]}<\/script>\n<!-- \/ Yoast SEO plugin. -->","yoast_head_json":{"title":"Kik a szellem \u00e9rdekl\u0151d\u0151k \u00e9s mi\u00e9rt rettegj t\u0151l\u00fck?","description":"A szellem \u00e9rdekl\u0151d\u0151kr\u0151l neh\u00e9z lenne izgalmas filmet csin\u00e1lni. \u0150k nem ijesztgetnek f\u00fcgg\u00f6ny\u00f6k m\u00f6g\u00fcl, nem b\u00fajnak el\u0151 \u00e9jszaka az \u00e1gy al\u00f3l, de m\u00e9g csak a","robots":{"index":"index","follow":"follow","max-snippet":"max-snippet:-1","max-image-preview":"max-image-preview:large","max-video-preview":"max-video-preview:-1"},"canonical":"https:\/\/www.minicrm.hu\/blog\/2020\/02-13\/kik-a-szellem-erdeklodok-es-miert-rettegj-toluk\/","og_locale":"hu_HU","og_type":"article","og_title":"Kik a szellem \u00e9rdekl\u0151d\u0151k \u00e9s mi\u00e9rt rettegj t\u0151l\u00fck?","og_description":"A szellem \u00e9rdekl\u0151d\u0151kr\u0151l neh\u00e9z lenne izgalmas filmet csin\u00e1lni. \u0150k nem ijesztgetnek f\u00fcgg\u00f6ny\u00f6k m\u00f6g\u00fcl, nem b\u00fajnak el\u0151 \u00e9jszaka az \u00e1gy al\u00f3l, de m\u00e9g csak a csapokat sem tekergetik, hogy fr\u00e1szt hozzanak a csinos f\u0151szerepl\u0151 l\u00e1nyra. C\u00e9gtulajdonosk\u00e9nt m\u00e9gis jobb, ha rettegsz t\u0151l\u00fck!","og_url":"https:\/\/www.minicrm.hu\/blog\/2020\/02-13\/kik-a-szellem-erdeklodok-es-miert-rettegj-toluk\/","og_site_name":"MiniCRM Blog","article_published_time":"2020-02-13T09:38:38+00:00","article_modified_time":"2021-09-22T06:44:12+00:00","og_image":[{"width":1200,"height":628,"url":"https:\/\/minicrm-wp-hu.s3.amazonaws.com\/uploads\/2020\/02\/ghost-fb.jpg","type":"image\/jpeg"}],"author":"MiniCRM","twitter_misc":{"Szerz\u0151:":"T\u00f3th Norbert","Becs\u00fclt olvas\u00e1si id\u0151":"2 perc"},"schema":{"@context":"https:\/\/schema.org","@graph":[{"@type":"Article","@id":"https:\/\/www.minicrm.hu\/blog\/2020\/02-13\/kik-a-szellem-erdeklodok-es-miert-rettegj-toluk\/#article","isPartOf":{"@id":"https:\/\/www.minicrm.hu\/blog\/2020\/02-13\/kik-a-szellem-erdeklodok-es-miert-rettegj-toluk\/"},"author":{"name":"MiniCRM","@id":"https:\/\/www.minicrm.hu\/blog\/#\/schema\/person\/069da389ff66e1b062bfea11f5435219"},"headline":"Kik a szellem \u00e9rdekl\u0151d\u0151k \u00e9s mi\u00e9rt rettegj t\u0151l\u00fck?","datePublished":"2020-02-13T09:38:38+00:00","dateModified":"2021-09-22T06:44:12+00:00","mainEntityOfPage":{"@id":"https:\/\/www.minicrm.hu\/blog\/2020\/02-13\/kik-a-szellem-erdeklodok-es-miert-rettegj-toluk\/"},"wordCount":641,"commentCount":0,"publisher":{"@id":"https:\/\/www.minicrm.hu\/blog\/#organization"},"image":{"@id":"https:\/\/www.minicrm.hu\/blog\/2020\/02-13\/kik-a-szellem-erdeklodok-es-miert-rettegj-toluk\/#primaryimage"},"thumbnailUrl":"https:\/\/minicrm-wp-hu.s3.amazonaws.com\/uploads\/2020\/02\/ghost.jpg","keywords":["elfelejetett \u00e9rdekl\u0151d\u0151k","szellem \u00e9rdekl\u0151d\u0151k"],"articleSection":["\u00c9rt\u00e9kes\u00edt\u00e9s"],"inLanguage":"hu","potentialAction":[{"@type":"CommentAction","name":"Comment","target":["https:\/\/www.minicrm.hu\/blog\/2020\/02-13\/kik-a-szellem-erdeklodok-es-miert-rettegj-toluk\/#respond"]}]},{"@type":"WebPage","@id":"https:\/\/www.minicrm.hu\/blog\/2020\/02-13\/kik-a-szellem-erdeklodok-es-miert-rettegj-toluk\/","url":"https:\/\/www.minicrm.hu\/blog\/2020\/02-13\/kik-a-szellem-erdeklodok-es-miert-rettegj-toluk\/","name":"Kik a szellem \u00e9rdekl\u0151d\u0151k \u00e9s mi\u00e9rt rettegj t\u0151l\u00fck?","isPartOf":{"@id":"https:\/\/www.minicrm.hu\/blog\/#website"},"primaryImageOfPage":{"@id":"https:\/\/www.minicrm.hu\/blog\/2020\/02-13\/kik-a-szellem-erdeklodok-es-miert-rettegj-toluk\/#primaryimage"},"image":{"@id":"https:\/\/www.minicrm.hu\/blog\/2020\/02-13\/kik-a-szellem-erdeklodok-es-miert-rettegj-toluk\/#primaryimage"},"thumbnailUrl":"https:\/\/minicrm-wp-hu.s3.amazonaws.com\/uploads\/2020\/02\/ghost.jpg","datePublished":"2020-02-13T09:38:38+00:00","dateModified":"2021-09-22T06:44:12+00:00","description":"A szellem \u00e9rdekl\u0151d\u0151kr\u0151l neh\u00e9z lenne izgalmas filmet csin\u00e1lni. \u0150k nem ijesztgetnek f\u00fcgg\u00f6ny\u00f6k m\u00f6g\u00fcl, nem b\u00fajnak el\u0151 \u00e9jszaka az \u00e1gy al\u00f3l, de m\u00e9g csak a","breadcrumb":{"@id":"https:\/\/www.minicrm.hu\/blog\/2020\/02-13\/kik-a-szellem-erdeklodok-es-miert-rettegj-toluk\/#breadcrumb"},"inLanguage":"hu","potentialAction":[{"@type":"ReadAction","target":["https:\/\/www.minicrm.hu\/blog\/2020\/02-13\/kik-a-szellem-erdeklodok-es-miert-rettegj-toluk\/"]}]},{"@type":"ImageObject","inLanguage":"hu","@id":"https:\/\/www.minicrm.hu\/blog\/2020\/02-13\/kik-a-szellem-erdeklodok-es-miert-rettegj-toluk\/#primaryimage","url":"https:\/\/minicrm-wp-hu.s3.amazonaws.com\/uploads\/2020\/02\/ghost.jpg","contentUrl":"https:\/\/minicrm-wp-hu.s3.amazonaws.com\/uploads\/2020\/02\/ghost.jpg","width":622,"height":463},{"@type":"BreadcrumbList","@id":"https:\/\/www.minicrm.hu\/blog\/2020\/02-13\/kik-a-szellem-erdeklodok-es-miert-rettegj-toluk\/#breadcrumb","itemListElement":[{"@type":"ListItem","position":1,"name":"Home","item":"https:\/\/www.minicrm.hu\/blog\/"},{"@type":"ListItem","position":2,"name":"Kik a szellem \u00e9rdekl\u0151d\u0151k \u00e9s mi\u00e9rt rettegj t\u0151l\u00fck?"}]},{"@type":"WebSite","@id":"https:\/\/www.minicrm.hu\/blog\/#website","url":"https:\/\/www.minicrm.hu\/blog\/","name":"MiniCRM Blog","description":"CRM Blog","publisher":{"@id":"https:\/\/www.minicrm.hu\/blog\/#organization"},"potentialAction":[{"@type":"SearchAction","target":{"@type":"EntryPoint","urlTemplate":"https:\/\/www.minicrm.hu\/blog\/?s={search_term_string}"},"query-input":{"@type":"PropertyValueSpecification","valueRequired":true,"valueName":"search_term_string"}}],"inLanguage":"hu"},{"@type":"Organization","@id":"https:\/\/www.minicrm.hu\/blog\/#organization","name":"MiniCRM Blog","url":"https:\/\/www.minicrm.hu\/blog\/","logo":{"@type":"ImageObject","inLanguage":"hu","@id":"https:\/\/www.minicrm.hu\/blog\/#\/schema\/logo\/image\/","url":"https:\/\/minicrm-wp-hu.s3.amazonaws.com\/uploads\/2021\/04\/cropped-MC-logo-Blog-2021_G-Dark.png","contentUrl":"https:\/\/minicrm-wp-hu.s3.amazonaws.com\/uploads\/2021\/04\/cropped-MC-logo-Blog-2021_G-Dark.png","width":91,"height":89,"caption":"MiniCRM Blog"},"image":{"@id":"https:\/\/www.minicrm.hu\/blog\/#\/schema\/logo\/image\/"}},{"@type":"Person","@id":"https:\/\/www.minicrm.hu\/blog\/#\/schema\/person\/069da389ff66e1b062bfea11f5435219","name":"MiniCRM","image":{"@type":"ImageObject","inLanguage":"hu","@id":"https:\/\/www.minicrm.hu\/blog\/#\/schema\/person\/image\/","url":"https:\/\/secure.gravatar.com\/avatar\/dcefd6bba8934b04bb248dd2c1a6d1aefd3e2560e872f17db31afd984ef19a13?s=96&r=g","contentUrl":"https:\/\/secure.gravatar.com\/avatar\/dcefd6bba8934b04bb248dd2c1a6d1aefd3e2560e872f17db31afd984ef19a13?s=96&r=g","caption":"MiniCRM"},"sameAs":["https:\/\/www.minicrm.hu\/"],"url":""}]}},"_links":{"self":[{"href":"https:\/\/www.minicrm.hu\/blog\/wp-json\/wp\/v2\/posts\/13335","targetHints":{"allow":["GET"]}}],"collection":[{"href":"https:\/\/www.minicrm.hu\/blog\/wp-json\/wp\/v2\/posts"}],"about":[{"href":"https:\/\/www.minicrm.hu\/blog\/wp-json\/wp\/v2\/types\/post"}],"author":[{"embeddable":true,"href":"https:\/\/www.minicrm.hu\/blog\/wp-json\/wp\/v2\/users\/66"}],"replies":[{"embeddable":true,"href":"https:\/\/www.minicrm.hu\/blog\/wp-json\/wp\/v2\/comments?post=13335"}],"version-history":[{"count":2,"href":"https:\/\/www.minicrm.hu\/blog\/wp-json\/wp\/v2\/posts\/13335\/revisions"}],"predecessor-version":[{"id":15600,"href":"https:\/\/www.minicrm.hu\/blog\/wp-json\/wp\/v2\/posts\/13335\/revisions\/15600"}],"wp:featuredmedia":[{"embeddable":true,"href":"https:\/\/www.minicrm.hu\/blog\/wp-json\/wp\/v2\/media\/13377"}],"wp:attachment":[{"href":"https:\/\/www.minicrm.hu\/blog\/wp-json\/wp\/v2\/media?parent=13335"}],"wp:term":[{"taxonomy":"category","embeddable":true,"href":"https:\/\/www.minicrm.hu\/blog\/wp-json\/wp\/v2\/categories?post=13335"},{"taxonomy":"post_tag","embeddable":true,"href":"https:\/\/www.minicrm.hu\/blog\/wp-json\/wp\/v2\/tags?post=13335"}],"curies":[{"name":"wp","href":"https:\/\/api.w.org\/{rel}","templated":true}]}}