

{"id":14247,"date":"2020-03-27T10:29:13","date_gmt":"2020-03-27T09:29:13","guid":{"rendered":"https:\/\/www.minicrm.hu\/blog\/?p=14247"},"modified":"2023-02-03T13:18:19","modified_gmt":"2023-02-03T12:18:19","slug":"interju-igy-ert-el-rekordbevetelt-egy-ceg-a-valsag-elso-napjaiban","status":"publish","type":"post","link":"https:\/\/www.minicrm.hu\/blog\/2020\/03-27\/interju-igy-ert-el-rekordbevetelt-egy-ceg-a-valsag-elso-napjaiban\/","title":{"rendered":"Interj\u00fa: \u00cdgy szerzett rekordsz\u00e1m\u00fa \u00faj \u00fcgyfelet egy c\u00e9g a v\u00e1ls\u00e1g els\u0151 napjaiban"},"content":{"rendered":"\r\n<p>Az <a href=\"https:\/\/miclub.hu\/\" target=\"_blank\" rel=\"noopener noreferrer\">miclub.hu<\/a> alap\u00edt\u00f3j\u00e1val m\u00e9g febru\u00e1rban tervezt\u00fcnk interj\u00fat k\u00e9sz\u00edteni, de v\u00e9g\u00fcl csak m\u00e1rcius m\u00e1sodik fel\u00e9re siker\u00fclt id\u0151pontot egyeztetn\u00fcnk. \u00c9s milyen j\u00f3, hogy \u00edgy alakult! Hiszen \u00edgy Sur\u00e1nyi Ferenc \u00e9lesl\u00e1t\u00e1s\u00fa v\u00e1llalkoz\u00f3k\u00e9nt megoszthatta vel\u00fcnk gondolatait \u00e9s tapasztalatait a m\u00e1rcius k\u00f6zep\u00e9n kialakult kr\u00edzishelyzettel \u00e9s a t\u00e1vmunk\u00e1val kapcsolatban is. Olvass tov\u00e1bb, ha k\u00edv\u00e1ncsi vagy, mit tan\u00e1csol az a c\u00e9gvezet\u0151, aki a kialakult kr\u00edzis m\u00e1sodik napj\u00e1n realiz\u00e1lta a valaha volt legnagyobb napi forgalmat a c\u00e9g\u00e9ben!<\/p>\r\n\r\n\r\n\r\n<p><!--more--><\/p>\r\n\r\n\r\n\r\n<figure class=\"wp-block-image size-full\"><img loading=\"lazy\" decoding=\"async\" width=\"1815\" height=\"1280\" onerror=\"this.src='https:\/\/minicrm-wp-hu.s3.amazonaws.com\/uploads\/2021\/04\/MC_logo_2021_G-Dark.svg'\" class=\"wp-image-14265\" src=\"https:\/\/minicrm-wp-hu.s3.amazonaws.com\/uploads\/2020\/03\/kep2-1-scaled.jpg\" alt=\"Sur\u00e1nyi Ferenc\" srcset=\"https:\/\/minicrm-wp-hu.s3.amazonaws.com\/uploads\/2020\/03\/kep2-1-scaled.jpg 1815w, https:\/\/minicrm-wp-hu.s3.amazonaws.com\/uploads\/2020\/03\/kep2-1-300x212.jpg 300w, https:\/\/minicrm-wp-hu.s3.amazonaws.com\/uploads\/2020\/03\/kep2-1-570x402.jpg 570w, https:\/\/minicrm-wp-hu.s3.amazonaws.com\/uploads\/2020\/03\/kep2-1-768x541.jpg 768w, https:\/\/minicrm-wp-hu.s3.amazonaws.com\/uploads\/2020\/03\/kep2-1-1536x1083.jpg 1536w, https:\/\/minicrm-wp-hu.s3.amazonaws.com\/uploads\/2020\/03\/kep2-1-2048x1444.jpg 2048w, https:\/\/minicrm-wp-hu.s3.amazonaws.com\/uploads\/2020\/03\/kep2-1-426x300.jpg 426w\" sizes=\"auto, (max-width: 1815px) 100vw, 1815px\" \/><\/figure>\r\n\r\n\r\n\r\n<p><strong>K\u00e9rlek, foglald \u00f6ssze p\u00e1r sz\u00f3ban, hogy mivel foglalkozik a c\u00e9getek! Mit \u00e9rdemes tudni r\u00f3latok?<\/strong><\/p>\r\n\r\n\r\n\r\n<p>Egy web\u00e1ruh\u00e1zra k\u00f6thet\u0151<a href=\"https:\/\/www.minicrm.hu\/blog\/2023\/02-03\/mi-az-a-chatgpt\/\" target=\"_blank\" rel=\"noopener\"> mesters\u00e9ges intelligencia szoftvert<\/a> fejleszt\u00fcnk \u00e9s \u00e9rt\u00e9kes\u00edt\u00fcnk. Ennek legfontosabb el\u0151nye az, hogy semmit nem sz\u00fcks\u00e9ges megtanulni vagy egyed\u00fcl be\u00e1ll\u00edtani hozz\u00e1, mert a szoftver teljesen \u00f6nm\u0171k\u00f6d\u0151. Megfigyeli a l\u00e1togat\u00f3k viselked\u00e9s\u00e9t a web\u00e1ruh\u00e1zban, profilozza \u0151ket, majd szem\u00e9lyre szabott kommunik\u00e1ci\u00f3t v\u00e9gez. Ez egy kev\u00e9s emberi er\u0151forr\u00e1st ig\u00e9nyl\u0151 \u00e9s igen eredm\u00e9nyes megold\u00e1s.<\/p>\r\n\r\n\r\n\r\n<p><strong>El\u00e9g egyedi szolg\u00e1ltat\u00e1snak t\u0171nik. Honnan j\u00f6tt az \u00f6tlet?<\/strong><\/p>\r\n\r\n\r\n\r\n<p>Ennek gondolata t\u00f6bb mint 10 \u00e9ve fogalmaz\u00f3dott meg benn\u00fcnk, amikor az akkori web\u00e1ruh\u00e1zam elkezdett hirtelen n\u00f6vekedni. Komoly kih\u00edv\u00e1st jelentett sz\u00e1munkra a j\u00f3 online marketinges munkat\u00e1rsak megtal\u00e1l\u00e1sa \u00e9s finansz\u00edroz\u00e1sa. Ez\u00e9rt elkezdt\u00fcnk egyre t\u00f6bb mindent automatiz\u00e1lni \u00e9s m\u00e9rni, m\u00edg kb. 2 \u00e9v ut\u00e1n eljutottunk oda, hogy szinte m\u00e1r csak a g\u00e9p dolgozott, ami r\u00e1ad\u00e1sul jobb eredm\u00e9nyeket \u00e9rt el, mint kor\u00e1bban a marketing csapatunk.<\/p>\r\n\r\n\r\n\r\n<p>K\u00e9s\u0151bb elkezdt\u00fck m\u00e1sok sz\u00e1m\u00e1ra is fejleszteni \u00e9s el\u00e9rhet\u0151v\u00e9 tenni a rendszert. Ma ott tartunk, hogy nagyj\u00e1b\u00f3l sz\u00e1z magyarorsz\u00e1gi \u00e9s k\u00f6rnyez\u0151 orsz\u00e1gokban l\u00e9v\u0151 k\u00f6zepes illetve nagy web\u00e1ruh\u00e1z haszn\u00e1lja a szoftver\u00fcnket.<\/p>\r\n\r\n\r\n\r\n<p><strong>Ezek nem semmi eredm\u00e9nyek! Jelenleg \u00f6sszesen h\u00e1ny koll\u00e9ga seg\u00edti a c\u00e9gn\u00e9l a munk\u00e1tokat?<\/strong><\/p>\r\n\r\n\r\n\r\n<p>Most \u00f6sszesen 47 f\u0151 dolgozik a c\u00e9gn\u00e9l, legnagyobb r\u00e9sz\u00fck egy\u00e9bk\u00e9nt <a href=\"https:\/\/www.minicrm.hu\/blog\/2022\/07-06\/10-home-office-program-es-alkalmazas\/\">t\u00e1vmunk\u00e1b\u00f3l v\u00e9gzi a feladatait.<\/a> Az irod\u00e1ban maximum 3 f\u0151 szokott lenni, mindenki m\u00e1s otthonr\u00f3l dolgozik.<\/p>\r\n\r\n\r\n\r\n<p><strong>Ezek szerint t\u00f6bb mint 40 ember munk\u00e1j\u00e1t ir\u00e1ny\u00edtj\u00e1tok t\u00e1volr\u00f3l. Erre most biztosan sok c\u00e9g irigykedik, ahol most k\u00e9nyszer\u00fclnek t\u00e1vmunk\u00e1ra v\u00e1ltani, hiszen sz\u00e1motokra most semmit nem v\u00e1ltozik a fel\u00e1ll\u00e1s. Eredetileg is \u00edgy indult a c\u00e9g, vagy csak k\u00e9s\u0151bb \u00e1lltatok \u00e1t otthoni munkav\u00e9gz\u00e9sre?<\/strong><\/p>\r\n\r\n\r\n\r\n<p>Nem, \u00fagy indultunk, hogy egy \u00e1lland\u00f3 irodahelyis\u00e9get b\u00e9relt\u00fcnk. Ahogy b\u0151v\u00fclt a c\u00e9g \u00e9s \u00e9rkeztek az \u00fajabb \u00e9s \u00fajabb koll\u00e9g\u00e1k, pr\u00f3b\u00e1ltunk \u00faj, nagyobb helyet tal\u00e1lni a csapatnak, de egyre ink\u00e1bb sz\u00e1lltak el a k\u00f6lts\u00e9geink emiatt. R\u00e1ad\u00e1sul azt is \u00e9szrevett\u00fck, hogy egyre nehezebb j\u00f3 munkat\u00e1rsakat tal\u00e1lni a k\u00f6rny\u00e9k\u00fcnkr\u0151l. Amikor pedig m\u00e9gis siker\u00fclt, a budapesti b\u00e9rekkel kellett versenyezn\u00fcnk vid\u00e9ki c\u00e9gk\u00e9nt.<\/p>\r\n\r\n\r\n\r\n<div class=\"alert alert-warning\" role=\"alert\">Ekkor vett\u00fcnk egy \u00f3ri\u00e1si leveg\u0151t, \u00e9s meg\u00e1llap\u00edtottuk, hogy a t\u00e1vmunk\u00e1ban val\u00f3 foglalkoztat\u00e1s mindk\u00e9t probl\u00e9m\u00e1ra megold\u00e1st jelent.<\/div>\r\n\r\n\r\n\r\n<p>A v\u00e1ltoztat\u00e1s mellett d\u00f6nt\u00f6tt\u00fcnk, ami eleinte el\u00e9g neh\u00e9znek bizonyult, az \u00e1t\u00e1ll\u00e1s sok kih\u00edv\u00e1st hordozott mag\u00e1ban.<\/p>\r\n\r\n\r\n\r\n<p><strong>De ha j\u00f3l sejtem, v\u00e9g\u00fcl val\u00f3ban j\u00f3 d\u00f6nt\u00e9snek bizonyult&#8230;<\/strong><\/p>\r\n\r\n\r\n\r\n<p>Abszol\u00fat! S\u0151t, \u00edgy ut\u00f3lag azt mondom, hogy sokkal hamarabb kellett volna ezt megl\u00e9pn\u00fcnk. A v\u00e1llalkoz\u00e1s \u00e9s annak fejl\u0151d\u00e9si lehet\u0151s\u00e9geinek egy teljesen \u00faj dimenzi\u00f3j\u00e1t jelentette.<\/p>\r\n\r\n\r\n\r\n<p>A legfontosabb, hogy \u00edgy nem vagyunk \u201cbez\u00e1rva\u201d, hiszen nemcsak a k\u00f6rny\u00e9kr\u0151l, hanem b\u00e1rhonnan tudunk \u00faj munkaer\u0151t toborozni. R\u00e1tal\u00e1lunk a munkaer\u0151piac egy olyan kiakn\u00e1zatlan r\u00e9teg\u00e9re, akikkel \u00f6r\u00f6m egy\u00fctt dolgozni. A felel\u0151ss\u00e9gv\u00e1llal\u00e1si szintj\u00fck p\u00e1ratlan, maguk\u00e9nak \u00e9rzik a munkahelyi probl\u00e9m\u00e1kat \u00e9s kih\u00edv\u00e1sokat, emellett hihetetlen\u00fcl magas szinten termelnek, ami a statisztik\u00e1kb\u00f3l egy\u00e9rtelm\u0171en kit\u0171nik.<\/p>\r\n\r\n\r\n\r\n<p><strong>Ha m\u00e1r a statisztik\u00e1kat eml\u00edted: hogyan m\u00e9ritek a t\u00e1volr\u00f3l dolgoz\u00f3 koll\u00e9g\u00e1k teljes\u00edtm\u00e9ny\u00e9t? \u00c9s egy\u00e1ltal\u00e1n hogyan ir\u00e1ny\u00edtj\u00e1tok a munkav\u00e9gz\u00e9st?<\/strong><\/p>\r\n\r\n\r\n\r\n<p>Rengeteg c\u00e9gn\u00e9l a mai napig ledolgozott munka\u00f3r\u00e1kban m\u00e9rik a teljes\u00edtm\u00e9nyt, de ezek a c\u00e9gek a t\u00e1vmunk\u00e1ra val\u00f3 \u00e1t\u00e1ll\u00e1s ut\u00e1n nem fognak sok\u00e1ig fennmaradni, ez szinte biztos. Ilyenkor ugyanis<\/p>\r\n\r\n\r\n\r\n<div class=\"alert alert-warning\" role=\"alert\">nem a munkaid\u0151t, hanem a termel\u00e9st, az eredm\u00e9nyeket \u00e9rdemes kontroll alatt tartani.<\/div>\r\n\r\n\r\n\r\n<p>Ebben egy j\u00f3l kialak\u00edtott 3 l\u00e9pcs\u0151b\u0151l \u00e1ll\u00f3 m\u00f3dszer seg\u00edt nek\u00fcnk, ami egy\u00fcttesen azt eredm\u00e9nyezi, hogy minim\u00e1lis n\u00e1lunk a hib\u00e1z\u00e1si lehet\u0151s\u00e9g vagy az elfelejtett feladatok sz\u00e1ma.<\/p>\r\n\r\n\r\n\r\n<p>Az els\u0151 l\u00e9pcs\u0151, hogy mindent m\u00e9rhet\u0151 \u00e9s ellen\u0151rizhet\u0151 folyamatokra bontunk, \u00edgy k\u00e9pesek vagyunk kontrollt gyakorolni szinte minden felett. Ha ez megvan, m\u00e1sodik l\u00e9p\u00e9sk\u00e9nt j\u00f6n a MiniCRM, ahol ezt a defini\u00e1lt folyamatot lek\u00e9pezz\u00fck, \u00e9s \u00fan. alertekkel szerelj\u00fck fel, ami jelez a koll\u00e9g\u00e1nak vagy a felettes\u00e9nek, ha elakad\u00e1st vagy hib\u00e1t \u00e9rz\u00e9kel a folyamatban. A harmadik l\u00e9pcs\u0151 pedig egy hat\u00e9kony munkaellen\u0151rz\u0151 szoftver, ami minden koll\u00e9ga elv\u00e9gzett munk\u00e1j\u00e1t \u00e9lesben fel\u00fcgyeli.<\/p>\r\n\r\n\r\n\r\n<p><strong>Mi volt sz\u00e1motokra a legnagyobb kih\u00edv\u00e1s a t\u00e1vmunk\u00e1ra val\u00f3 \u00e1t\u00e1ll\u00e1sban?<\/strong><\/p>\r\n\r\n\r\n\r\n<p>Az egyik a kontrolling megval\u00f3s\u00edt\u00e1sa, azaz hogy m\u00e9rni tudjuk az eredm\u00e9nyeket, a teljes\u00edtm\u00e9nyt. A m\u00e1sik pedig az, hogy tudjunk igazodni a munkat\u00e1rsak egyedi id\u0151beoszt\u00e1s\u00e1hoz. Az els\u0151 kih\u00edv\u00e1sra adott megold\u00e1sunkat az im\u00e9nt m\u00e1r kifejtettem, a m\u00e1sodik m\u00e1r nehezebben megfoghat\u00f3.<\/p>\r\n\r\n\r\n\r\n<figure class=\"wp-block-image size-full\"><img loading=\"lazy\" decoding=\"async\" width=\"1026\" height=\"697\" onerror=\"this.src='https:\/\/minicrm-wp-hu.s3.amazonaws.com\/uploads\/2021\/04\/MC_logo_2021_G-Dark.svg'\" class=\"wp-image-14286\" src=\"https:\/\/minicrm-wp-hu.s3.amazonaws.com\/uploads\/2020\/03\/84249065_790341864798357_4426130993014898688_n.jpg\" alt=\"Sur\u00e1nyi Ferenc\" srcset=\"https:\/\/minicrm-wp-hu.s3.amazonaws.com\/uploads\/2020\/03\/84249065_790341864798357_4426130993014898688_n.jpg 1026w, https:\/\/minicrm-wp-hu.s3.amazonaws.com\/uploads\/2020\/03\/84249065_790341864798357_4426130993014898688_n-300x204.jpg 300w, https:\/\/minicrm-wp-hu.s3.amazonaws.com\/uploads\/2020\/03\/84249065_790341864798357_4426130993014898688_n-592x402.jpg 592w, https:\/\/minicrm-wp-hu.s3.amazonaws.com\/uploads\/2020\/03\/84249065_790341864798357_4426130993014898688_n-768x522.jpg 768w, https:\/\/minicrm-wp-hu.s3.amazonaws.com\/uploads\/2020\/03\/84249065_790341864798357_4426130993014898688_n-442x300.jpg 442w\" sizes=\"auto, (max-width: 1026px) 100vw, 1026px\" \/><\/figure>\r\n\r\n\r\n\r\n<p>Id\u0151 volt, m\u00edg megtanultunk \u00edgy dolgozni, de m\u00e1ra m\u00e1r a munkahelyi kult\u00far\u00e1nak a r\u00e9sze lett a tolerancia. Azt kell mondanom, abszol\u00fat meg\u00e9rte, mert \u00edgy nagyon \u00e9rt\u00e9kes \u00e9s loj\u00e1lis munkaer\u0151h\u00f6z jutottunk. Azoknak a c\u00e9geknek is azt tan\u00e1csolom, ahol most \u00e1llnak \u00e1t t\u00e1vmunk\u00e1ra, hogy tan\u00fas\u00edtsanak toleranci\u00e1t, k\u00fcl\u00f6n\u00f6sen a csal\u00e1dos munkav\u00e1llal\u00f3k id\u0151beoszt\u00e1sa fel\u00e9, \u00e9s meglesz ennek is a gy\u00fcm\u00f6lcse.<\/p>\r\n\r\n\r\n\r\n<p><strong>Egy kicsit t\u00e9rj\u00fcnk vissza a MiniCRM-re. Pontosan mennyi szerepe van a rendszernek n\u00e1latok a t\u00e1vmunk\u00e1ban?<\/strong><\/p>\r\n\r\n\r\n\r\n<p>\u0150szint\u00e9n sz\u00f3lva, ha elvenn\u00e9d t\u0151lem, bez\u00e1rn\u00e1m a c\u00e9gemet! N\u00e1lunk a MiniCRM az alf\u00e1ja \u00e9s omeg\u00e1ja mindennek, a folyamataink ott vannak defini\u00e1lja. Minden koll\u00e9g\u00e1nak reggelente az els\u0151 dolga az, hogy bel\u00e9p a rendszerbe, \u00e9s megn\u00e9zi, hogy mik az adott napra esed\u00e9kes teend\u0151i.<\/p>\r\n\r\n\r\n\r\n<p>A teend\u0151ket nagyon prec\u00edzen \u00e9p\u00edtett\u00fck fel: szinte mindegyik \u00fagy m\u0171k\u00f6dik, hogy amikor valaki egyet lez\u00e1r, automatikusan ny\u00edlik egy m\u00e1sik koll\u00e9g\u00e1nak egy \u00fajabb. Ahogy eml\u00edtettem, rengeteg automatizmus \u00e1ltal vez\u00e9relt alert\u00fcnk van, amik seg\u00edtenek kik\u00fcsz\u00f6b\u00f6lni a hib\u00e1kat.<\/p>\r\n\r\n\r\n\r\n<p>Egy\u00e9bk\u00e9nt k\u00f6r\u00fclbel\u00fcl 3-4 h\u00f3nappal azut\u00e1n, hogy bevezett\u00fck a rendszert, elkezdt\u00fcnk a MiniCRM k\u00f6r\u00e9 egyedi fejleszt\u00e9seket csin\u00e1lni, hogy teljes k\u00f6r\u0171en kontroll\u00e1lhassunk minden folyamatot a c\u00e9gben.<\/p>\r\n\r\n\r\n\r\n<div class=\"alert alert-warning\" role=\"alert\">\u00cdgy ma m\u00e1r l\u00e9nyeg\u00e9ben a MiniCRM a gerince a rendszernek, ez az, ami mindent \u00f6sszefog.<\/div>\r\n\r\n\r\n\r\n<p><strong>Besz\u00e9lj\u00fcnk egy kicsit a mindenkit \u00e9rint\u0151 aktualit\u00e1sokr\u00f3l. Mit gondolsz, mi az, amire mindenk\u00e9ppen sz\u00fcks\u00e9ge lesz egy, ak\u00e1r t\u00e1vmunk\u00e1ra v\u00e1lt\u00f3 c\u00e9gnek az elk\u00f6vetkez\u0151 id\u0151szakban a fennmarad\u00e1shoz?<\/strong><\/p>\r\n\r\n\r\n\r\n<p>Azt gondolom, a mostani id\u0151szakban ezerszer nagyobb hangs\u00falyt kell fektetn\u00fcnk a gyors cselekv\u00e9sre, mint b\u00e1rmikor kor\u00e1bban. Ha ezt nem tessz\u00fck meg, vill\u00e1mgyorsan h\u00e1tr\u00e1nyba fogunk kezelni. Nem v\u00e9letlen\u00fcl tan\u00e1csolja minden v\u00e1ls\u00e1gkezel\u00e9sr\u0151l sz\u00f3l\u00f3 szakirodalom ugyanazt:<\/p>\r\n\r\n\r\n\r\n<p style=\"font-size: 18px;\"><em>mindegy mit csin\u00e1lsz, de nagyon gyorsan d\u00f6nts \u00e9s cselekedj, ne maradj egy helyben!<\/em><\/p>\r\n\r\n\r\n\r\n<p>Emellett a c\u00e9gek sz\u00e1m\u00e1ra a m\u00e1sik legfontosabb k\u00e9rd\u00e9s a hat\u00e9konys\u00e1g lesz, ami ebben az id\u0151szakban elengedhetetlen lesz a fennmarad\u00e1shoz. Ha pedig valahol nincsenek kialak\u00edtva folyamatok, az hatalmas g\u00e1tja lesz az eredm\u00e9nyes m\u0171k\u00f6d\u00e9snek. Ha pedig folyamatok, akkor sz\u00fcks\u00e9g lesz egy rendszerre, ahol mindezt lekezelhetj\u00fck.<\/p>\r\n\r\n\r\n\r\n<div class=\"alert alert-warning\" role=\"alert\">Mi az\u00e9rt d\u00f6nt\u00f6tt\u00fcnk a MiniCRM mellett, mert vill\u00e1mgyorsan lehet bevezetni \u00e9s vill\u00e1mgyorsan lehet vele eredm\u00e9nyeket el\u00e9rni.<\/div>\r\n\r\n\r\n\r\n<p>Ha valaki ma nagyon gyorsan akarja a c\u00e9ge hat\u00e9konys\u00e1g\u00e1t n\u00f6velni, akkor nincs lehet\u0151s\u00e9ge arra, hogy t\u00f6bb h\u00f3napot \u00e9s milli\u00f3kat r\u00e1sz\u00e1njon erre. Ma kell d\u00f6nt\u00e9st hozni. \u00c9s a MiniCRM minden tekintetben partner ebben, mint ahogy k\u00e9s\u0151bb a n\u00f6veked\u00e9sben is.<\/p>\r\n\r\n\r\n\r\n<p><strong>Lenne m\u00e9g valamit, amit ezen c\u00e9gek vezet\u0151inek tan\u00e1csoln\u00e1l?<\/strong><\/p>\r\n\r\n\r\n\r\n<p>\u00dagy gondolom, egy j\u00f3 c\u00e9g egyik legfontosabb k\u00e9pess\u00e9ge a v\u00e1ltoz\u00e1sra val\u00f3 k\u00e9pess\u00e9g, ez\u00e9rt a legfontosabb tan\u00e1csom tal\u00e1n az, hogy merjenek v\u00e1ltoztatni.<\/p>\r\n\r\n\r\n\r\n<p style=\"font-size: 18px;\"><em>Ha most nem v\u00e1ltozunk meg, egyszer\u0171en nincs hely\u00fcnk a j\u00f6v\u0151ben.<\/em><\/p>\r\n\r\n\r\n\r\n<p>Meg kell tudnunk v\u00e1ltoztatni magunkban azt a hozz\u00e1\u00e1ll\u00e1st, ami szerint a munkat\u00e1rsamnak eg\u00e9sz nap ott kell \u00fclnie mellettem ahhoz, hogy elv\u00e9gezze a munk\u00e1j\u00e1t, hogy eg\u00e9sz nap l\u00e1thassam mit csin\u00e1l, \u00e9s ellen\u0151rizhessem, hogy felveszi-e a telefont.<\/p>\r\n\r\n\r\n\r\n<p>Helyette itt az ideje olyan folyamatokat \u00e9s olyan rendszert \u00e9p\u00edteni mindenkinek, ami mindezt figyeli a vezet\u0151k helyett, r\u00e1ad\u00e1sul ezerszer hat\u00e9konyabban, mint ahogy azt egy \u00e9l\u0151 ember k\u00e9pes megtenni.<\/p>\r\n\r\n\r\n\r\n<p><strong>Mindezek f\u00e9ny\u00e9ben nagyon k\u00edv\u00e1ncsi vagyok arra, hogy ti hogyan reag\u00e1ltok a kialakult v\u00e1ls\u00e1ghelyzetre? Min v\u00e1ltoztattatok?<\/strong><\/p>\r\n\r\n\r\n\r\n<p>Mi egy olyan \u00fczlet\u00e1gban dolgozunk, ahol hihetetlen\u00fcl fontos a szem\u00e9lyes kontakt, hiszen egy nagy \u00e9rt\u00e9k\u0171 term\u00e9ket forgalmazunk, \u00e9s emiatt sajnos nem megval\u00f3s\u00edthat\u00f3, hogy csak online \u00e9rt\u00e9kes\u00edts\u00fcnk.<\/p>\r\n\r\n\r\n\r\n<p>Most, hogy a szem\u00e9lyes tal\u00e1lkoz\u00f3k lemond\u00e1sa miatt rengeteg kapacit\u00e1sunk felszabadult, elgondolkodtunk, hogy kiknek tudn\u00e1nk \u00edgy eladni? Kik azok, akikkel nem kell tal\u00e1lkoznunk? A v\u00e1lasz egy\u00e9rtelm\u0171 volt: azoknak, akik a szoftver\u00fcnket m\u00e1r l\u00e1tt\u00e1k, de valami miatt m\u00e9gsem vett\u00e9k meg kor\u00e1bban. \u0150ket kezdt\u00fck el felkeresni most, \u00e9s ennek megold\u00e1s\u00e1ban kifejezetten j\u00f3l j\u00f6tt, hogy van CRM rendszer\u00fcnk. Itt ugyanis l\u00e1tjuk, hogy kik a kor\u00e1bbi elvesztett \u00e9rdekl\u0151d\u0151ink, akikkel az \u0151r\u00fclt nagy rohan\u00e1s \u00e9s n\u00f6veked\u00e9s miatt eddig nem tudtunk foglalkozni.<\/p>\r\n\r\n\r\n\r\n<p>Ennek az eredm\u00e9nye az lett, hogy m\u00e1rcius k\u00f6zep\u00e9n, <a href=\"https:\/\/www.minicrm.hu\/blog\/2022\/08-25\/gazdasagi_valsag_2022_megoldasok\/\">k\u00f6zvetlen\u00fcl a v\u00e1ls\u00e1g kialakul\u00e1sakor<\/a> a valaha volt legsikeresebb napunkat k\u00f6nyvelhett\u00fck el.<\/p>\r\n\r\n\r\n\r\n<p><strong>Nem semmi eredm\u00e9ny! \u00c9s mik a tov\u00e1bbi terveitek az elk\u00f6vetkez\u0151 id\u0151szakban?<\/strong><\/p>\r\n\r\n\r\n\r\n<p>\u00dagy tervezz\u00fck, hogy a k\u00f6vetkez\u0151 p\u00e1r h\u00f3napot mi a kor\u00e1bbi \u00e9rdekl\u0151d\u0151k megkeres\u00e9s\u00e9vel fogjuk megoldani, \u00e9s \u00fagy l\u00e1tom, hogy \u00f6sszess\u00e9g\u00e9ben nagyon j\u00f3l fogunk kij\u00f6nni bel\u0151le.<\/p>\r\n\r\n\r\n\r\n<p>Ez a j\u00e1rv\u00e1ny \u00e9s a v\u00e1ls\u00e1g sok k\u00e1rt okoz, de van egy el\u0151nye is, sz\u00e1munkra legal\u00e1bbis biztosan:<\/p>\r\n\r\n\r\n\r\n<div class=\"alert alert-warning\" role=\"alert\">egy kicsit meg tudunk \u00e1llni \u00e9s rendet tudunk rakni, hogy v\u00e9gre utol\u00e9rhess\u00fck magunkat.<\/div>\r\n\r\n\r\n\r\n<p>Biztosan lesz n\u00e1lunk is egy er\u0151s visszaes\u00e9s, de ahogy a c\u00e9gek majd \u00e1llnak fel az els\u0151 sokk ut\u00e1n, sz\u00fcks\u00e9g\u00fck lesz a hat\u00e9konys\u00e1g n\u00f6vel\u00e9s\u00e9re, amit a mi szoftver\u00fcnk is tud sz\u00e1mukra biztos\u00edtani.<\/p>\r\n\r\n\r\n\r\n<p><strong>\u00dagy v\u00e9lem, mindenki sz\u00e1m\u00e1ra nagyon hasznosak lesznek az elhangzottak. Van b\u00e1rmi, amit m\u00e9g sz\u00edvesen hozz\u00e1tenn\u00e9l a t\u00e9m\u00e1hoz?<\/strong><\/p>\r\n\r\n\r\n\r\n<p>Annyit mindenk\u00e9ppen, hogy vannak olyan helyzetek, amikor a saj\u00e1t c\u00e9ljainkat egy kicsit h\u00e1tt\u00e9rbe kell szor\u00edtani, \u00e9s t\u00e1mogat\u00f3bbnak lenn\u00fcnk olyanokkal szemben, akiknek sz\u00fcks\u00e9g\u00fck van r\u00e1.<\/p>\r\n\r\n\r\n\r\n<div class=\"alert alert-warning\" role=\"alert\">Ez\u00e9rt a v\u00e1ls\u00e1gra val\u00f3 tekintettel az <a href=\"https:\/\/miclub.hu\/tudaskozpont\" target=\"_blank\" rel=\"noopener noreferrer\">e-learning k\u00f6zpontunk<\/a> web\u00e1ruh\u00e1zaknak sz\u00f3l\u00f3, gyakorlatorient\u00e1lt oktat\u00f3anyagait ingyenesen el\u00e9rhet\u0151v\u00e9 tett\u00fck b\u00e1rki sz\u00e1m\u00e1ra.<\/div>\r\n\r\n\r\n\r\n<p>A szakmai tan\u00e1csad\u00f3kkal t\u00f6rt\u00e9n\u0151 konzult\u00e1ci\u00f3s lehet\u0151s\u00e9geket pedig 50% kedvezm\u00e9nnyel lehet ig\u00e9nybe venni. Ezzel szeretn\u00e9k seg\u00edts\u00e9get ny\u00fajtani azoknak a web\u00e1ruh\u00e1z tulajdonosoknak, akik olvass\u00e1k majd ezt a cikket, hogy a lehet\u0151 legk\u00f6nnyebben \u00e1tv\u00e9szelhess\u00e9k a mostani kritikus helyzetet. Hiszek abban, hogy ez \u00f3ri\u00e1si seg\u00edts\u00e9get tud ny\u00fajtani sz\u00e1mukra, \u00e9s ak\u00e1r a t\u00fal\u00e9l\u00e9s\u00fck z\u00e1loga is lehet.<\/p>\r\n\r\n\r\n\r\n<div class=\"well\" style=\"display: inline-block; width: 100%; text-align: center; margin-top: 25px; margin-bottom: 25px; padding-bottom: 25px;\">\r\n<h2 style=\"text-align: left; margin-bottom: 25px;\">ISMERD MEG A MINICRM-ET<\/h2>\r\n<p style=\"text-align: left;\">A CRM m\u00e1ra kin\u0151tte mag\u00e1t a leghaszn\u00e1ltabb c\u00e9ges szoftverr\u00e9 a vil\u00e1gon \u00e9s Magyarorsz\u00e1gon is egyre nagyobb teret h\u00f3d\u00edt. Csatlakozz az imm\u00e1ron t\u00f6bb, mint 4000 c\u00e9gvezet\u0151h\u00f6z, akik rendezv\u00e9nyinken ismerkedtek meg az alapokkal.<\/p>\r\n<a class=\"btn btn-primary\" style=\"margin-right: 20px; font-size: 17px; font-weight: bold;\" href=\"https:\/\/www.minicrm.hu\/signup\/try\/\" target=\"_blank\" rel=\"noopener noreferrer\"><i class=\"fas fa-angle-left\"><\/i> Ink\u00e1bb egyed\u00fcl kipr\u00f3b\u00e1lom<\/a><a class=\"btn btn-warning\" style=\"font-size: 17px; font-weight: bold;\" href=\"https:\/\/www.minicrm.hu\/workshop\/\" target=\"_blank\" rel=\"noopener noreferrer\">\u00c9rdekel a k\u00e9pz\u00e9s <i class=\"fas fa-angle-right\"><\/i><\/a><\/div>\r\n","protected":false},"excerpt":{"rendered":"<p>Az miclub.hu alap\u00edt\u00f3j\u00e1val m\u00e9g febru\u00e1rban tervezt\u00fcnk interj\u00fat k\u00e9sz\u00edteni, de v\u00e9g\u00fcl csak m\u00e1rcius m\u00e1sodik fel\u00e9re siker\u00fclt id\u0151pontot egyeztetn\u00fcnk. \u00c9s milyen j\u00f3, hogy \u00edgy alakult! Hiszen \u00edgy Sur\u00e1nyi Ferenc \u00e9lesl\u00e1t\u00e1s\u00fa v\u00e1llalkoz\u00f3k\u00e9nt megoszthatta vel\u00fcnk gondolatait \u00e9s tapasztalatait a m\u00e1rcius k\u00f6zep\u00e9n kialakult kr\u00edzishelyzettel \u00e9s a t\u00e1vmunk\u00e1val kapcsolatban is. Olvass tov\u00e1bb, ha k\u00edv\u00e1ncsi vagy, mit tan\u00e1csol az a c\u00e9gvezet\u0151, aki [&hellip;]<\/p>\n","protected":false},"author":75,"featured_media":14265,"comment_status":"closed","ping_status":"closed","sticky":false,"template":"","format":"gallery","meta":{"inline_featured_image":false,"footnotes":""},"categories":[28],"tags":[681,672,657,675,678,684],"class_list":["post-14247","post","type-post","status-publish","format-gallery","has-post-thumbnail","hentry","category-cegvezetes","tag-hatekonysag","tag-krizis","tag-tavmunka","tag-valsag","tag-veszelyhelyzet","tag-veszhelyzet","post_format-post-format-gallery"],"yoast_head":"<!-- This site is optimized with the Yoast SEO plugin v27.1.1 - https:\/\/yoast.com\/product\/yoast-seo-wordpress\/ -->\n<title>Interj\u00fa: \u00cdgy szerzett rekordsz\u00e1m\u00fa \u00faj \u00fcgyfelet egy c\u00e9g a v\u00e1ls\u00e1g els\u0151 napjaiban<\/title>\n<meta name=\"description\" content=\"Az miclub.hu alap\u00edt\u00f3j\u00e1val m\u00e9g febru\u00e1rban tervezt\u00fcnk interj\u00fat k\u00e9sz\u00edteni, de v\u00e9g\u00fcl csak m\u00e1rcius m\u00e1sodik fel\u00e9re siker\u00fclt id\u0151pontot egyeztetn\u00fcnk. \u00c9s milyen\" \/>\n<meta name=\"robots\" content=\"index, follow, max-snippet:-1, max-image-preview:large, max-video-preview:-1\" \/>\n<link rel=\"canonical\" href=\"https:\/\/www.minicrm.hu\/blog\/2020\/03-27\/interju-igy-ert-el-rekordbevetelt-egy-ceg-a-valsag-elso-napjaiban\/\" \/>\n<meta property=\"og:locale\" content=\"hu_HU\" \/>\n<meta property=\"og:type\" content=\"article\" \/>\n<meta property=\"og:title\" content=\"Interj\u00fa: \u00cdgy szerzett rekordsz\u00e1m\u00fa \u00faj \u00fcgyfelet egy c\u00e9g a v\u00e1ls\u00e1g els\u0151 napjaiban\" \/>\n<meta property=\"og:description\" content=\"Az miclub.hu alap\u00edt\u00f3j\u00e1val m\u00e9g febru\u00e1rban tervezt\u00fcnk interj\u00fat k\u00e9sz\u00edteni, de v\u00e9g\u00fcl csak m\u00e1rcius m\u00e1sodik fel\u00e9re siker\u00fclt id\u0151pontot egyeztetn\u00fcnk. \u00c9s milyen\" \/>\n<meta property=\"og:url\" content=\"https:\/\/www.minicrm.hu\/blog\/2020\/03-27\/interju-igy-ert-el-rekordbevetelt-egy-ceg-a-valsag-elso-napjaiban\/\" \/>\n<meta property=\"og:site_name\" content=\"MiniCRM Blog\" \/>\n<meta property=\"article:published_time\" content=\"2020-03-27T09:29:13+00:00\" \/>\n<meta property=\"article:modified_time\" content=\"2023-02-03T12:18:19+00:00\" \/>\n<meta property=\"og:image\" content=\"https:\/\/minicrm-wp-hu.s3.amazonaws.com\/uploads\/2020\/03\/5-1.png\" \/>\n\t<meta property=\"og:image:width\" content=\"1200\" \/>\n\t<meta property=\"og:image:height\" content=\"630\" \/>\n\t<meta property=\"og:image:type\" content=\"image\/png\" \/>\n<meta name=\"author\" content=\"\u00c1kos Szelle\" \/>\n<meta name=\"twitter:label1\" content=\"Szerz\u0151:\" \/>\n\t<meta name=\"twitter:data1\" content=\"T\u00f3th Norbert\" \/>\n\t<meta name=\"twitter:label2\" content=\"Becs\u00fclt olvas\u00e1si id\u0151\" \/>\n\t<meta name=\"twitter:data2\" content=\"9 perc\" \/>\n<script type=\"application\/ld+json\" class=\"yoast-schema-graph\">{\"@context\":\"https:\/\/schema.org\",\"@graph\":[{\"@type\":\"Article\",\"@id\":\"https:\/\/www.minicrm.hu\/blog\/2020\/03-27\/interju-igy-ert-el-rekordbevetelt-egy-ceg-a-valsag-elso-napjaiban\/#article\",\"isPartOf\":{\"@id\":\"https:\/\/www.minicrm.hu\/blog\/2020\/03-27\/interju-igy-ert-el-rekordbevetelt-egy-ceg-a-valsag-elso-napjaiban\/\"},\"author\":{\"name\":\"\u00c1kos Szelle\",\"@id\":\"https:\/\/www.minicrm.hu\/blog\/#\/schema\/person\/f42c3023cd3a47a98325aacebe2f9b0f\"},\"headline\":\"Interj\u00fa: \u00cdgy szerzett rekordsz\u00e1m\u00fa \u00faj \u00fcgyfelet egy c\u00e9g a v\u00e1ls\u00e1g els\u0151 napjaiban\",\"datePublished\":\"2020-03-27T09:29:13+00:00\",\"dateModified\":\"2023-02-03T12:18:19+00:00\",\"mainEntityOfPage\":{\"@id\":\"https:\/\/www.minicrm.hu\/blog\/2020\/03-27\/interju-igy-ert-el-rekordbevetelt-egy-ceg-a-valsag-elso-napjaiban\/\"},\"wordCount\":2308,\"publisher\":{\"@id\":\"https:\/\/www.minicrm.hu\/blog\/#organization\"},\"image\":{\"@id\":\"https:\/\/www.minicrm.hu\/blog\/2020\/03-27\/interju-igy-ert-el-rekordbevetelt-egy-ceg-a-valsag-elso-napjaiban\/#primaryimage\"},\"thumbnailUrl\":\"https:\/\/minicrm-wp-hu.s3.amazonaws.com\/uploads\/2020\/03\/kep2-1-scaled.jpg\",\"keywords\":[\"hat\u00e9konys\u00e1g\",\"kr\u00edzis\",\"t\u00e1vmunka\",\"v\u00e1ls\u00e1g\",\"vesz\u00e9lyhelyzet\",\"v\u00e9szhelyzet\"],\"articleSection\":[\"C\u00e9gvezet\u00e9s\"],\"inLanguage\":\"hu\"},{\"@type\":\"WebPage\",\"@id\":\"https:\/\/www.minicrm.hu\/blog\/2020\/03-27\/interju-igy-ert-el-rekordbevetelt-egy-ceg-a-valsag-elso-napjaiban\/\",\"url\":\"https:\/\/www.minicrm.hu\/blog\/2020\/03-27\/interju-igy-ert-el-rekordbevetelt-egy-ceg-a-valsag-elso-napjaiban\/\",\"name\":\"Interj\u00fa: \u00cdgy szerzett rekordsz\u00e1m\u00fa \u00faj \u00fcgyfelet egy c\u00e9g a v\u00e1ls\u00e1g els\u0151 napjaiban\",\"isPartOf\":{\"@id\":\"https:\/\/www.minicrm.hu\/blog\/#website\"},\"primaryImageOfPage\":{\"@id\":\"https:\/\/www.minicrm.hu\/blog\/2020\/03-27\/interju-igy-ert-el-rekordbevetelt-egy-ceg-a-valsag-elso-napjaiban\/#primaryimage\"},\"image\":{\"@id\":\"https:\/\/www.minicrm.hu\/blog\/2020\/03-27\/interju-igy-ert-el-rekordbevetelt-egy-ceg-a-valsag-elso-napjaiban\/#primaryimage\"},\"thumbnailUrl\":\"https:\/\/minicrm-wp-hu.s3.amazonaws.com\/uploads\/2020\/03\/kep2-1-scaled.jpg\",\"datePublished\":\"2020-03-27T09:29:13+00:00\",\"dateModified\":\"2023-02-03T12:18:19+00:00\",\"description\":\"Az miclub.hu alap\u00edt\u00f3j\u00e1val m\u00e9g febru\u00e1rban tervezt\u00fcnk interj\u00fat k\u00e9sz\u00edteni, de v\u00e9g\u00fcl csak m\u00e1rcius m\u00e1sodik fel\u00e9re siker\u00fclt id\u0151pontot egyeztetn\u00fcnk. \u00c9s milyen\",\"breadcrumb\":{\"@id\":\"https:\/\/www.minicrm.hu\/blog\/2020\/03-27\/interju-igy-ert-el-rekordbevetelt-egy-ceg-a-valsag-elso-napjaiban\/#breadcrumb\"},\"inLanguage\":\"hu\",\"potentialAction\":[{\"@type\":\"ReadAction\",\"target\":[\"https:\/\/www.minicrm.hu\/blog\/2020\/03-27\/interju-igy-ert-el-rekordbevetelt-egy-ceg-a-valsag-elso-napjaiban\/\"]}]},{\"@type\":\"ImageObject\",\"inLanguage\":\"hu\",\"@id\":\"https:\/\/www.minicrm.hu\/blog\/2020\/03-27\/interju-igy-ert-el-rekordbevetelt-egy-ceg-a-valsag-elso-napjaiban\/#primaryimage\",\"url\":\"https:\/\/minicrm-wp-hu.s3.amazonaws.com\/uploads\/2020\/03\/kep2-1-scaled.jpg\",\"contentUrl\":\"https:\/\/minicrm-wp-hu.s3.amazonaws.com\/uploads\/2020\/03\/kep2-1-scaled.jpg\",\"width\":1815,\"height\":1280,\"caption\":\"Sur\u00e1nyi Ferenc\"},{\"@type\":\"BreadcrumbList\",\"@id\":\"https:\/\/www.minicrm.hu\/blog\/2020\/03-27\/interju-igy-ert-el-rekordbevetelt-egy-ceg-a-valsag-elso-napjaiban\/#breadcrumb\",\"itemListElement\":[{\"@type\":\"ListItem\",\"position\":1,\"name\":\"Home\",\"item\":\"https:\/\/www.minicrm.hu\/blog\/\"},{\"@type\":\"ListItem\",\"position\":2,\"name\":\"Interj\u00fa: \u00cdgy szerzett rekordsz\u00e1m\u00fa \u00faj \u00fcgyfelet egy c\u00e9g a v\u00e1ls\u00e1g els\u0151 napjaiban\"}]},{\"@type\":\"WebSite\",\"@id\":\"https:\/\/www.minicrm.hu\/blog\/#website\",\"url\":\"https:\/\/www.minicrm.hu\/blog\/\",\"name\":\"MiniCRM Blog\",\"description\":\"CRM Blog\",\"publisher\":{\"@id\":\"https:\/\/www.minicrm.hu\/blog\/#organization\"},\"potentialAction\":[{\"@type\":\"SearchAction\",\"target\":{\"@type\":\"EntryPoint\",\"urlTemplate\":\"https:\/\/www.minicrm.hu\/blog\/?s={search_term_string}\"},\"query-input\":{\"@type\":\"PropertyValueSpecification\",\"valueRequired\":true,\"valueName\":\"search_term_string\"}}],\"inLanguage\":\"hu\"},{\"@type\":\"Organization\",\"@id\":\"https:\/\/www.minicrm.hu\/blog\/#organization\",\"name\":\"MiniCRM Blog\",\"url\":\"https:\/\/www.minicrm.hu\/blog\/\",\"logo\":{\"@type\":\"ImageObject\",\"inLanguage\":\"hu\",\"@id\":\"https:\/\/www.minicrm.hu\/blog\/#\/schema\/logo\/image\/\",\"url\":\"https:\/\/minicrm-wp-hu.s3.amazonaws.com\/uploads\/2021\/04\/cropped-MC-logo-Blog-2021_G-Dark.png\",\"contentUrl\":\"https:\/\/minicrm-wp-hu.s3.amazonaws.com\/uploads\/2021\/04\/cropped-MC-logo-Blog-2021_G-Dark.png\",\"width\":91,\"height\":89,\"caption\":\"MiniCRM Blog\"},\"image\":{\"@id\":\"https:\/\/www.minicrm.hu\/blog\/#\/schema\/logo\/image\/\"}},{\"@type\":\"Person\",\"@id\":\"https:\/\/www.minicrm.hu\/blog\/#\/schema\/person\/f42c3023cd3a47a98325aacebe2f9b0f\",\"name\":\"\u00c1kos Szelle\",\"image\":{\"@type\":\"ImageObject\",\"inLanguage\":\"hu\",\"@id\":\"https:\/\/www.minicrm.hu\/blog\/#\/schema\/person\/image\/\",\"url\":\"https:\/\/secure.gravatar.com\/avatar\/1fbb57b94a6bbc5512792922a0c62637a1cbf53175f9d92f26edd00dbac8a4f6?s=96&r=g\",\"contentUrl\":\"https:\/\/secure.gravatar.com\/avatar\/1fbb57b94a6bbc5512792922a0c62637a1cbf53175f9d92f26edd00dbac8a4f6?s=96&r=g\",\"caption\":\"\u00c1kos Szelle\"},\"url\":\"\"}]}<\/script>\n<!-- \/ Yoast SEO plugin. -->","yoast_head_json":{"title":"Interj\u00fa: \u00cdgy szerzett rekordsz\u00e1m\u00fa \u00faj \u00fcgyfelet egy c\u00e9g a v\u00e1ls\u00e1g els\u0151 napjaiban","description":"Az miclub.hu alap\u00edt\u00f3j\u00e1val m\u00e9g febru\u00e1rban tervezt\u00fcnk interj\u00fat k\u00e9sz\u00edteni, de v\u00e9g\u00fcl csak m\u00e1rcius m\u00e1sodik fel\u00e9re siker\u00fclt id\u0151pontot egyeztetn\u00fcnk. \u00c9s milyen","robots":{"index":"index","follow":"follow","max-snippet":"max-snippet:-1","max-image-preview":"max-image-preview:large","max-video-preview":"max-video-preview:-1"},"canonical":"https:\/\/www.minicrm.hu\/blog\/2020\/03-27\/interju-igy-ert-el-rekordbevetelt-egy-ceg-a-valsag-elso-napjaiban\/","og_locale":"hu_HU","og_type":"article","og_title":"Interj\u00fa: \u00cdgy szerzett rekordsz\u00e1m\u00fa \u00faj \u00fcgyfelet egy c\u00e9g a v\u00e1ls\u00e1g els\u0151 napjaiban","og_description":"Az miclub.hu alap\u00edt\u00f3j\u00e1val m\u00e9g febru\u00e1rban tervezt\u00fcnk interj\u00fat k\u00e9sz\u00edteni, de v\u00e9g\u00fcl csak m\u00e1rcius m\u00e1sodik fel\u00e9re siker\u00fclt id\u0151pontot egyeztetn\u00fcnk. \u00c9s milyen","og_url":"https:\/\/www.minicrm.hu\/blog\/2020\/03-27\/interju-igy-ert-el-rekordbevetelt-egy-ceg-a-valsag-elso-napjaiban\/","og_site_name":"MiniCRM Blog","article_published_time":"2020-03-27T09:29:13+00:00","article_modified_time":"2023-02-03T12:18:19+00:00","og_image":[{"width":1200,"height":630,"url":"https:\/\/minicrm-wp-hu.s3.amazonaws.com\/uploads\/2020\/03\/5-1.png","type":"image\/png"}],"author":"\u00c1kos Szelle","twitter_misc":{"Szerz\u0151:":"T\u00f3th Norbert","Becs\u00fclt olvas\u00e1si id\u0151":"9 perc"},"schema":{"@context":"https:\/\/schema.org","@graph":[{"@type":"Article","@id":"https:\/\/www.minicrm.hu\/blog\/2020\/03-27\/interju-igy-ert-el-rekordbevetelt-egy-ceg-a-valsag-elso-napjaiban\/#article","isPartOf":{"@id":"https:\/\/www.minicrm.hu\/blog\/2020\/03-27\/interju-igy-ert-el-rekordbevetelt-egy-ceg-a-valsag-elso-napjaiban\/"},"author":{"name":"\u00c1kos Szelle","@id":"https:\/\/www.minicrm.hu\/blog\/#\/schema\/person\/f42c3023cd3a47a98325aacebe2f9b0f"},"headline":"Interj\u00fa: \u00cdgy szerzett rekordsz\u00e1m\u00fa \u00faj \u00fcgyfelet egy c\u00e9g a v\u00e1ls\u00e1g els\u0151 napjaiban","datePublished":"2020-03-27T09:29:13+00:00","dateModified":"2023-02-03T12:18:19+00:00","mainEntityOfPage":{"@id":"https:\/\/www.minicrm.hu\/blog\/2020\/03-27\/interju-igy-ert-el-rekordbevetelt-egy-ceg-a-valsag-elso-napjaiban\/"},"wordCount":2308,"publisher":{"@id":"https:\/\/www.minicrm.hu\/blog\/#organization"},"image":{"@id":"https:\/\/www.minicrm.hu\/blog\/2020\/03-27\/interju-igy-ert-el-rekordbevetelt-egy-ceg-a-valsag-elso-napjaiban\/#primaryimage"},"thumbnailUrl":"https:\/\/minicrm-wp-hu.s3.amazonaws.com\/uploads\/2020\/03\/kep2-1-scaled.jpg","keywords":["hat\u00e9konys\u00e1g","kr\u00edzis","t\u00e1vmunka","v\u00e1ls\u00e1g","vesz\u00e9lyhelyzet","v\u00e9szhelyzet"],"articleSection":["C\u00e9gvezet\u00e9s"],"inLanguage":"hu"},{"@type":"WebPage","@id":"https:\/\/www.minicrm.hu\/blog\/2020\/03-27\/interju-igy-ert-el-rekordbevetelt-egy-ceg-a-valsag-elso-napjaiban\/","url":"https:\/\/www.minicrm.hu\/blog\/2020\/03-27\/interju-igy-ert-el-rekordbevetelt-egy-ceg-a-valsag-elso-napjaiban\/","name":"Interj\u00fa: \u00cdgy szerzett rekordsz\u00e1m\u00fa \u00faj \u00fcgyfelet egy c\u00e9g a v\u00e1ls\u00e1g els\u0151 napjaiban","isPartOf":{"@id":"https:\/\/www.minicrm.hu\/blog\/#website"},"primaryImageOfPage":{"@id":"https:\/\/www.minicrm.hu\/blog\/2020\/03-27\/interju-igy-ert-el-rekordbevetelt-egy-ceg-a-valsag-elso-napjaiban\/#primaryimage"},"image":{"@id":"https:\/\/www.minicrm.hu\/blog\/2020\/03-27\/interju-igy-ert-el-rekordbevetelt-egy-ceg-a-valsag-elso-napjaiban\/#primaryimage"},"thumbnailUrl":"https:\/\/minicrm-wp-hu.s3.amazonaws.com\/uploads\/2020\/03\/kep2-1-scaled.jpg","datePublished":"2020-03-27T09:29:13+00:00","dateModified":"2023-02-03T12:18:19+00:00","description":"Az miclub.hu alap\u00edt\u00f3j\u00e1val m\u00e9g febru\u00e1rban tervezt\u00fcnk interj\u00fat k\u00e9sz\u00edteni, de v\u00e9g\u00fcl csak m\u00e1rcius m\u00e1sodik fel\u00e9re siker\u00fclt id\u0151pontot egyeztetn\u00fcnk. \u00c9s milyen","breadcrumb":{"@id":"https:\/\/www.minicrm.hu\/blog\/2020\/03-27\/interju-igy-ert-el-rekordbevetelt-egy-ceg-a-valsag-elso-napjaiban\/#breadcrumb"},"inLanguage":"hu","potentialAction":[{"@type":"ReadAction","target":["https:\/\/www.minicrm.hu\/blog\/2020\/03-27\/interju-igy-ert-el-rekordbevetelt-egy-ceg-a-valsag-elso-napjaiban\/"]}]},{"@type":"ImageObject","inLanguage":"hu","@id":"https:\/\/www.minicrm.hu\/blog\/2020\/03-27\/interju-igy-ert-el-rekordbevetelt-egy-ceg-a-valsag-elso-napjaiban\/#primaryimage","url":"https:\/\/minicrm-wp-hu.s3.amazonaws.com\/uploads\/2020\/03\/kep2-1-scaled.jpg","contentUrl":"https:\/\/minicrm-wp-hu.s3.amazonaws.com\/uploads\/2020\/03\/kep2-1-scaled.jpg","width":1815,"height":1280,"caption":"Sur\u00e1nyi Ferenc"},{"@type":"BreadcrumbList","@id":"https:\/\/www.minicrm.hu\/blog\/2020\/03-27\/interju-igy-ert-el-rekordbevetelt-egy-ceg-a-valsag-elso-napjaiban\/#breadcrumb","itemListElement":[{"@type":"ListItem","position":1,"name":"Home","item":"https:\/\/www.minicrm.hu\/blog\/"},{"@type":"ListItem","position":2,"name":"Interj\u00fa: \u00cdgy szerzett rekordsz\u00e1m\u00fa \u00faj \u00fcgyfelet egy c\u00e9g a v\u00e1ls\u00e1g els\u0151 napjaiban"}]},{"@type":"WebSite","@id":"https:\/\/www.minicrm.hu\/blog\/#website","url":"https:\/\/www.minicrm.hu\/blog\/","name":"MiniCRM Blog","description":"CRM Blog","publisher":{"@id":"https:\/\/www.minicrm.hu\/blog\/#organization"},"potentialAction":[{"@type":"SearchAction","target":{"@type":"EntryPoint","urlTemplate":"https:\/\/www.minicrm.hu\/blog\/?s={search_term_string}"},"query-input":{"@type":"PropertyValueSpecification","valueRequired":true,"valueName":"search_term_string"}}],"inLanguage":"hu"},{"@type":"Organization","@id":"https:\/\/www.minicrm.hu\/blog\/#organization","name":"MiniCRM Blog","url":"https:\/\/www.minicrm.hu\/blog\/","logo":{"@type":"ImageObject","inLanguage":"hu","@id":"https:\/\/www.minicrm.hu\/blog\/#\/schema\/logo\/image\/","url":"https:\/\/minicrm-wp-hu.s3.amazonaws.com\/uploads\/2021\/04\/cropped-MC-logo-Blog-2021_G-Dark.png","contentUrl":"https:\/\/minicrm-wp-hu.s3.amazonaws.com\/uploads\/2021\/04\/cropped-MC-logo-Blog-2021_G-Dark.png","width":91,"height":89,"caption":"MiniCRM Blog"},"image":{"@id":"https:\/\/www.minicrm.hu\/blog\/#\/schema\/logo\/image\/"}},{"@type":"Person","@id":"https:\/\/www.minicrm.hu\/blog\/#\/schema\/person\/f42c3023cd3a47a98325aacebe2f9b0f","name":"\u00c1kos Szelle","image":{"@type":"ImageObject","inLanguage":"hu","@id":"https:\/\/www.minicrm.hu\/blog\/#\/schema\/person\/image\/","url":"https:\/\/secure.gravatar.com\/avatar\/1fbb57b94a6bbc5512792922a0c62637a1cbf53175f9d92f26edd00dbac8a4f6?s=96&r=g","contentUrl":"https:\/\/secure.gravatar.com\/avatar\/1fbb57b94a6bbc5512792922a0c62637a1cbf53175f9d92f26edd00dbac8a4f6?s=96&r=g","caption":"\u00c1kos Szelle"},"url":""}]}},"_links":{"self":[{"href":"https:\/\/www.minicrm.hu\/blog\/wp-json\/wp\/v2\/posts\/14247","targetHints":{"allow":["GET"]}}],"collection":[{"href":"https:\/\/www.minicrm.hu\/blog\/wp-json\/wp\/v2\/posts"}],"about":[{"href":"https:\/\/www.minicrm.hu\/blog\/wp-json\/wp\/v2\/types\/post"}],"author":[{"embeddable":true,"href":"https:\/\/www.minicrm.hu\/blog\/wp-json\/wp\/v2\/users\/75"}],"replies":[{"embeddable":true,"href":"https:\/\/www.minicrm.hu\/blog\/wp-json\/wp\/v2\/comments?post=14247"}],"version-history":[{"count":2,"href":"https:\/\/www.minicrm.hu\/blog\/wp-json\/wp\/v2\/posts\/14247\/revisions"}],"predecessor-version":[{"id":18896,"href":"https:\/\/www.minicrm.hu\/blog\/wp-json\/wp\/v2\/posts\/14247\/revisions\/18896"}],"wp:featuredmedia":[{"embeddable":true,"href":"https:\/\/www.minicrm.hu\/blog\/wp-json\/wp\/v2\/media\/14265"}],"wp:attachment":[{"href":"https:\/\/www.minicrm.hu\/blog\/wp-json\/wp\/v2\/media?parent=14247"}],"wp:term":[{"taxonomy":"category","embeddable":true,"href":"https:\/\/www.minicrm.hu\/blog\/wp-json\/wp\/v2\/categories?post=14247"},{"taxonomy":"post_tag","embeddable":true,"href":"https:\/\/www.minicrm.hu\/blog\/wp-json\/wp\/v2\/tags?post=14247"}],"curies":[{"name":"wp","href":"https:\/\/api.w.org\/{rel}","templated":true}]}}