

{"id":15813,"date":"2021-09-23T09:16:29","date_gmt":"2021-09-23T07:16:29","guid":{"rendered":"https:\/\/www.minicrm.hu\/blog\/?p=15813"},"modified":"2022-08-04T08:50:20","modified_gmt":"2022-08-04T06:50:20","slug":"ertekvezerelt-cegepites-panellakasbol-a-penzugyi-tanacsadas-elere-sebestyen-andras-es-a-grantis-story-cegepitok-podcast","status":"publish","type":"post","link":"https:\/\/www.minicrm.hu\/blog\/2021\/09-23\/ertekvezerelt-cegepites-panellakasbol-a-penzugyi-tanacsadas-elere-sebestyen-andras-es-a-grantis-story-cegepitok-podcast\/","title":{"rendered":"\u00c9rt\u00e9kvez\u00e9relt c\u00e9g\u00e9p\u00edt\u00e9s: panellak\u00e1sb\u00f3l a p\u00e9nz\u00fcgyi tan\u00e1csad\u00e1s \u00e9l\u00e9re &#8211; Sebesty\u00e9n Andr\u00e1s \u00e9s a Grantis story | C\u00e9g\u00e9p\u00edt\u0151k Podcast"},"content":{"rendered":"<p><em><b>\u201cAz \u00e9rt\u00e9kes\u00edt\u00e9s l\u00e9nyege nem az, hogy mindenkinek eladj, hanem az hogy megtal\u00e1ld azokat az embereket, akik t\u0151led akarnak v\u00e1s\u00e1rolni.\u201d<\/b><\/em><\/p>\n<p><span style=\"font-weight: 400;\">Sokunk sz\u00e1m\u00e1ra a \u201cbizti \u00fcgyn\u00f6k\u00f6k\u201d rossz eml\u00e9keket id\u00e9znek fel, hiszen a r\u00e1dum\u00e1l\u00e1s \u00e9s a tukm\u00e1l\u00e1s v\u00e1lt asszoci\u00e1ci\u00f3ink els\u0151 sz\u00e1m\u00fa forr\u00e1s\u00e1v\u00e1. Viszont a tudatoss\u00e1g \u00e9s a p\u00e9nz\u00fcgyi fenntarthat\u00f3s\u00e1g kialakul\u00e1sa szempontj\u00e1b\u00f3l nagyon is fontos szervezetekr\u0151l besz\u00e9l\u00fcnk. \u00c9rdemes nem h\u00e1tat ford\u00edtani szolg\u00e1ltat\u00e1saiknak, ink\u00e1bb megbizonyosodni arr\u00f3l, mit is vesz\u00fcnk ig\u00e9nybe t\u0151l\u00fck. Persze a bonyolult szerz\u0151d\u00e9sek \u00e9s konstrukci\u00f3k miatt ez nem k\u00f6nny\u0171&#8230; Szerencs\u00e9re vannak m\u00e1r olyan alkusz c\u00e9gek, akik a megszokottal szak\u00edtva \u00faj \u00e9rt\u00e9kes\u00edt\u00e9si technik\u00e1t v\u00e1lasztottak.<\/span><\/p>\n<p><!--more--><\/p>\n<p><iframe loading=\"lazy\" style=\"border-radius:12px\" src=\"https:\/\/open.spotify.com\/embed\/episode\/0QhpLSIRbyHZ0UHO6EeqHI?utm_source=generator\" width=\"100%\" height=\"352\" frameBorder=\"0\" allowfullscreen=\"\" allow=\"autoplay; clipboard-write; encrypted-media; fullscreen; picture-in-picture\"><\/iframe><\/p>\n<div>\n<p>&nbsp;<\/p>\n<p><span style=\"font-weight: 400;\">Sebesty\u00e9n Andr\u00e1s \u00e9s a t\u00f6bbedmag\u00e1val alap\u00edtott <a href=\"https:\/\/grantis.hu\/\">Grantis p\u00e9nz\u00fcgyi szolg\u00e1ltat\u00f3<\/a> m\u00e1r az els\u0151 pillanatt\u00f3l kezdve szak\u00edtott a r\u00e9gi, bev\u00e1lt \u201cm\u00f3dszerrel\u201d. \u00dagy d\u00f6nt\u00f6ttek, hogy eduk\u00e1ci\u00f3val \u00e9s transzparens kommunik\u00e1ci\u00f3val seg\u00edtik \u00fczletk\u00f6t\u0151iket \u2013 hogy felk\u00e9sz\u00fcltebbek legyenek, \u2013 \u00e9s \u00fcgyfeleiket a j\u00f3 d\u00f6nt\u00e9sek meghozatal\u00e1ban.<\/span><\/p>\n<h2>Mit eredm\u00e9nyezett mindez?<\/h2>\n<p><span style=\"font-weight: 400;\">Ez a logika \u00e9s hozz\u00e1\u00e1ll\u00e1s nem is kis sikerekhez rep\u00edtette el \u0151ket. Egy m\u00e1sodik ker\u00fcleti panellak\u00e1sb\u00f3l eg\u00e9szen a piaci szerepl\u0151k \u00e9lvonal\u00e1ba. <strong>Kicsit kevesebb, mint egy \u00e9vtized alatt t\u00f6bb mint 30-szoros n\u00f6veked\u00e9st \u00e9rtek el \u00e9s az eleinte k\u00e9t f\u0151s csapatuk m\u00e1ra 60-n\u00e1l is t\u00f6bb embert sz\u00e1ml\u00e1l.<\/strong> \u00c9rt\u00e9keiknek k\u00f6sz\u00f6nhet\u0151en pedig nem csak sz\u00e1mszakilag \u00e9rtek el eredm\u00e9nyeket \u2013 kitart\u00f3an dolgoznak a piac megreform\u00e1l\u00e1s\u00e1n is. S\u0151t, a k\u00f6zelm\u00faltban m\u00e9g egy szakmai befektet\u0151 is lend\u00edtett egyet a Grantis-sztorin. Mi ez, ha nem sikert\u00f6rt\u00e9net?<\/span><\/p>\n<p><span style=\"font-weight: 400;\">Term\u00e9szetesen a Grantis \u00e9s sok m\u00e1s sikeres c\u00e9g \u00e9let\u00e9ben is ha valami k\u00f6z\u00f6s, akkor az a tudatosan tervezett m\u0171k\u00f6d\u00e9s \u00e9s munka-menedzsment: \u201cHa van egy teend\u0151, amit le lehet z\u00e1rni, ha van egy folyamat, amire egyszer\u0171en r\u00e1 lehet n\u00e9zni, az ad egy biztons\u00e1g\u00e9rzetet, (&#8230;) sokkal k\u00f6nnyebb \u00edgy dolgozni.\u201d Mondhatni a k\u0151be v\u00e9sett \u00e9rt\u00e9kek mellett, folyamatszeml\u00e9let\u00fcknek k\u00f6sz\u00f6nhet\u0151en tudtak egy j\u00f3l m\u0171k\u00f6d\u0151 c\u00e9ges kult\u00far\u00e1t \u00e9p\u00edteni \u00e9s folyamatos, j\u00f3 eredm\u00e9nyeket el\u00e9rni.\u00a0<\/span><\/p>\n<p><span style=\"font-weight: 400;\">Hogyan \u00e9rdemes egy \u00e9rt\u00e9kvez\u00e9relt c\u00e9get \u00e9p\u00edteni? Milyen kih\u00edv\u00e1sok, megold\u00e1sok \u00e9s eredm\u00e9nyek v\u00e1rnak azokra, akik ink\u00e1bb a transzparenci\u00e1t, az eduk\u00e1ci\u00f3t \u00e9s a tudatos menedzsmentet v\u00e1lasztj\u00e1k? <strong>Hogyan kell megreform\u00e1lni egy \u201ceg\u00e9sz\u201d piacot?<\/strong> Mi\u00e9rt fontos egy eg\u00e9szs\u00e9ges szervezetet \u00e9p\u00edteni \u00e9s hogyan fognak kitartani a koll\u00e9g\u00e1k a necces helyzetekben?<\/span><\/p>\n<p><span style=\"font-weight: 400;\">Kapcsold be a C\u00e9g\u00e9p\u00edt\u0151k \u00faj epiz\u00f3dj\u00e1t \u00e9s tudd meg mi kell ahhoz, hogy egy sikeres, \u00e9rt\u00e9kvez\u00e9relt c\u00e9get \u00e9p\u00edts!<\/span><\/p>\n<\/div>\n<h2>Hallgasd a C\u00e9g\u00e9p\u00edt\u0151ket a kedvenc platformodon:<\/h2>\n<p>Spotify: <a href=\"https:\/\/open.spotify.com\/episode\/0QhpLSIRbyHZ0UHO6EeqHI\">kattints ide<\/a><br \/>\nSoundCloud: <a href=\"https:\/\/soundcloud.com\/cegepitok-podcast-minicrm\/ertekvezerelt-cegepites-panellakasbol-a-penzugyi-piac-elere-sebestyen-andras-es-a-grantis-story\">kattints ide<\/a><br \/>\nApple Podcast: <a href=\"https:\/\/podcasts.apple.com\/hu\/podcast\/%C3%A9rt%C3%A9kvez%C3%A9relt-c%C3%A9g%C3%A9p%C3%ADt%C3%A9s-panellak%C3%A1sb%C3%B3l-a-p%C3%A9nz%C3%BCgyi\/id1585202757?i=1000536256902\">kattints ide<\/a><br \/>\nGoogle Podcast: hamarosan&#8230;<\/p>\n<p>&nbsp;<\/p>\n<p><strong>Ne hagyd ki az EXTRA tartalmat sem, ahol olyan tippeket, best-practiceket \u00e9s aj\u00e1nl\u00e1sokat kaphatsz a vend\u00e9gekt\u0151l, amik nekik bev\u00e1lt m\u00f3don seg\u00edteni tudtak a sikeres c\u00e9g\u00e9p\u00edt\u00e9sben.\u00a0<\/strong><\/p>\n<p><span style=\"font-weight: 400;\">Az extra tartalomb\u00f3l megtudhatod, hogy Andr\u00e1s mit tart a sikeres c\u00e9gek b\u00f6lcsek k\u00f6v\u00e9nek \u00e9s elmes\u00e9li, \u0151 honnan inspir\u00e1l\u00f3dik \u00e9s tanul. Biztos\u00edthatunk r\u00f3la, hogy olyan tippeket hallasz majd, amiket Te is k\u00f6nnyen be tudsz \u00fcltetni a saj\u00e1t (szakmai) \u00e9letedbe! <\/span>?<\/p>\n<p><iframe loading=\"lazy\" width=\"100%\" height=\"350\" scrolling=\"no\" frameborder=\"no\" allow=\"autoplay\" src=\"https:\/\/w.soundcloud.com\/player\/?url=https%3A\/\/api.soundcloud.com\/tracks\/1129050547%3Fsecret_token%3Ds-v96CTepD2Dv&#038;color=%23ff5500&#038;auto_play=false&#038;hide_related=false&#038;show_comments=true&#038;show_user=true&#038;show_reposts=false&#038;show_teaser=true&#038;visual=true\"><\/iframe><\/p>\n<div style=\"font-size: 10px; color: #cccccc;line-break: anywhere;word-break: normal;overflow: hidden;white-space: nowrap;text-overflow: ellipsis; font-family: Interstate,Lucida Grande,Lucida Sans Unicode,Lucida Sans,Garuda,Verdana,Tahoma,sans-serif;font-weight: 100;\"><a href=\"https:\/\/soundcloud.com\/cegepitok-podcast-minicrm\" title=\"C\u00e9g\u00e9p\u00edt\u0151k\" target=\"_blank\" style=\"color: #cccccc; text-decoration: none;\" rel=\"noopener\">C\u00e9g\u00e9p\u00edt\u0151k<\/a> \u00b7 <a href=\"https:\/\/soundcloud.com\/cegepitok-podcast-minicrm\/extra-tartalom-sebestyen-andras-es-a-grantis-story-cegepitok-podcast\/s-v96CTepD2Dv\" title=\"Extra tartalom | Sebesty\u00e9n Andr\u00e1s \u00e9s a Grantis story | C\u00e9g\u00e9p\u00edt\u0151k Podcast\" target=\"_blank\" style=\"color: #cccccc; text-decoration: none;\" rel=\"noopener\">Extra tartalom | Sebesty\u00e9n Andr\u00e1s \u00e9s a Grantis story | C\u00e9g\u00e9p\u00edt\u0151k Podcast<\/a><\/div>\n<p>&nbsp;<\/p>\n<p><em>A C\u00e9g\u00e9p\u00edt\u0151k podcast felv\u00e9tele a <a href=\"https:\/\/www.minicrm.hu\/\">MiniCRM<\/a> megb\u00edz\u00e1s\u00e1b\u00f3l a <a href=\"https:\/\/brocasterz.com\">Brocasterz St\u00fadi\u00f3ban<\/a> t\u00f6rt\u00e9nik, az ad\u00e1sok menedzsmentj\u00e9t a Brocasterz Podcast \u00dcgyn\u00f6ks\u00e9g csapata v\u00e9gzi.<br \/>\n<\/em><\/p>\n","protected":false},"excerpt":{"rendered":"<p>\u201cAz \u00e9rt\u00e9kes\u00edt\u00e9s l\u00e9nyege nem az, hogy mindenkinek eladj, hanem az hogy megtal\u00e1ld azokat az embereket, akik t\u0151led akarnak v\u00e1s\u00e1rolni.\u201d Sokunk sz\u00e1m\u00e1ra a \u201cbizti \u00fcgyn\u00f6k\u00f6k\u201d rossz eml\u00e9keket id\u00e9znek fel, hiszen a r\u00e1dum\u00e1l\u00e1s \u00e9s a tukm\u00e1l\u00e1s v\u00e1lt asszoci\u00e1ci\u00f3ink els\u0151 sz\u00e1m\u00fa forr\u00e1s\u00e1v\u00e1. Viszont a tudatoss\u00e1g \u00e9s a p\u00e9nz\u00fcgyi fenntarthat\u00f3s\u00e1g kialakul\u00e1sa szempontj\u00e1b\u00f3l nagyon is fontos szervezetekr\u0151l besz\u00e9l\u00fcnk. \u00c9rdemes nem [&hellip;]<\/p>\n","protected":false},"author":75,"featured_media":15864,"comment_status":"closed","ping_status":"closed","sticky":false,"template":"","format":"gallery","meta":{"inline_featured_image":false,"footnotes":""},"categories":[28,24,778],"tags":[732,744,441,735,738],"class_list":["post-15813","post","type-post","status-publish","format-gallery","has-post-thumbnail","hentry","category-cegvezetes","category-ertekesites","category-podcast","tag-cegepitok","tag-edukacio","tag-ertekesites","tag-podcast","tag-sikersztori","post_format-post-format-gallery"],"yoast_head":"<!-- This site is optimized with the Yoast SEO plugin v27.1.1 - https:\/\/yoast.com\/product\/yoast-seo-wordpress\/ -->\n<title>\u00c9rt\u00e9kvez\u00e9relt c\u00e9g\u00e9p\u00edt\u00e9s: panellak\u00e1sb\u00f3l a p\u00e9nz\u00fcgyi tan\u00e1csad\u00e1s \u00e9l\u00e9re - Sebesty\u00e9n Andr\u00e1s \u00e9s a Grantis story | C\u00e9g\u00e9p\u00edt\u0151k Podcast<\/title>\n<meta name=\"description\" content=\"\u201cAz \u00e9rt\u00e9kes\u00edt\u00e9s l\u00e9nyege nem az, hogy mindenkinek eladj, hanem az hogy megtal\u00e1ld azokat az embereket, akik t\u0151led akarnak v\u00e1s\u00e1rolni.\u201d Sokunk sz\u00e1m\u00e1ra a\" \/>\n<meta name=\"robots\" content=\"index, follow, max-snippet:-1, max-image-preview:large, max-video-preview:-1\" \/>\n<link rel=\"canonical\" href=\"https:\/\/www.minicrm.hu\/blog\/2021\/09-23\/ertekvezerelt-cegepites-panellakasbol-a-penzugyi-tanacsadas-elere-sebestyen-andras-es-a-grantis-story-cegepitok-podcast\/\" \/>\n<meta property=\"og:locale\" content=\"hu_HU\" \/>\n<meta property=\"og:type\" content=\"article\" \/>\n<meta property=\"og:title\" content=\"\u00c9rt\u00e9kvez\u00e9relt c\u00e9g\u00e9p\u00edt\u00e9s: panellak\u00e1sb\u00f3l a p\u00e9nz\u00fcgyi tan\u00e1csad\u00e1s \u00e9l\u00e9re - Sebesty\u00e9n Andr\u00e1s \u00e9s a Grantis story | C\u00e9g\u00e9p\u00edt\u0151k Podcast\" \/>\n<meta property=\"og:description\" content=\"\u201cAz \u00e9rt\u00e9kes\u00edt\u00e9s l\u00e9nyege nem az, hogy mindenkinek eladj, hanem az hogy megtal\u00e1ld azokat az embereket, akik t\u0151led akarnak v\u00e1s\u00e1rolni.\u201d Sokunk sz\u00e1m\u00e1ra a\" \/>\n<meta property=\"og:url\" content=\"https:\/\/www.minicrm.hu\/blog\/2021\/09-23\/ertekvezerelt-cegepites-panellakasbol-a-penzugyi-tanacsadas-elere-sebestyen-andras-es-a-grantis-story-cegepitok-podcast\/\" \/>\n<meta property=\"og:site_name\" content=\"MiniCRM Blog\" \/>\n<meta property=\"article:published_time\" content=\"2021-09-23T07:16:29+00:00\" \/>\n<meta property=\"article:modified_time\" content=\"2022-08-04T06:50:20+00:00\" \/>\n<meta property=\"og:image\" content=\"https:\/\/minicrm-wp-hu.s3.amazonaws.com\/uploads\/2021\/09\/HU_Cegepitok_BLOG_SebestyenAndras_1190x865.png\" \/>\n\t<meta property=\"og:image:width\" content=\"1190\" \/>\n\t<meta property=\"og:image:height\" content=\"865\" \/>\n\t<meta property=\"og:image:type\" content=\"image\/png\" \/>\n<meta name=\"author\" content=\"\u00c1kos Szelle\" \/>\n<meta name=\"twitter:label1\" content=\"Szerz\u0151:\" \/>\n\t<meta name=\"twitter:data1\" content=\"Egerszegi Kriszti\u00e1n\" \/>\n\t<meta name=\"twitter:label2\" content=\"Becs\u00fclt olvas\u00e1si id\u0151\" \/>\n\t<meta name=\"twitter:data2\" content=\"3 perc\" \/>\n<script type=\"application\/ld+json\" class=\"yoast-schema-graph\">{\"@context\":\"https:\/\/schema.org\",\"@graph\":[{\"@type\":\"Article\",\"@id\":\"https:\/\/www.minicrm.hu\/blog\/2021\/09-23\/ertekvezerelt-cegepites-panellakasbol-a-penzugyi-tanacsadas-elere-sebestyen-andras-es-a-grantis-story-cegepitok-podcast\/#article\",\"isPartOf\":{\"@id\":\"https:\/\/www.minicrm.hu\/blog\/2021\/09-23\/ertekvezerelt-cegepites-panellakasbol-a-penzugyi-tanacsadas-elere-sebestyen-andras-es-a-grantis-story-cegepitok-podcast\/\"},\"author\":{\"name\":\"\u00c1kos Szelle\",\"@id\":\"https:\/\/www.minicrm.hu\/blog\/#\/schema\/person\/f42c3023cd3a47a98325aacebe2f9b0f\"},\"headline\":\"\u00c9rt\u00e9kvez\u00e9relt c\u00e9g\u00e9p\u00edt\u00e9s: panellak\u00e1sb\u00f3l a p\u00e9nz\u00fcgyi tan\u00e1csad\u00e1s \u00e9l\u00e9re &#8211; Sebesty\u00e9n Andr\u00e1s \u00e9s a Grantis story | C\u00e9g\u00e9p\u00edt\u0151k Podcast\",\"datePublished\":\"2021-09-23T07:16:29+00:00\",\"dateModified\":\"2022-08-04T06:50:20+00:00\",\"mainEntityOfPage\":{\"@id\":\"https:\/\/www.minicrm.hu\/blog\/2021\/09-23\/ertekvezerelt-cegepites-panellakasbol-a-penzugyi-tanacsadas-elere-sebestyen-andras-es-a-grantis-story-cegepitok-podcast\/\"},\"wordCount\":732,\"publisher\":{\"@id\":\"https:\/\/www.minicrm.hu\/blog\/#organization\"},\"image\":{\"@id\":\"https:\/\/www.minicrm.hu\/blog\/2021\/09-23\/ertekvezerelt-cegepites-panellakasbol-a-penzugyi-tanacsadas-elere-sebestyen-andras-es-a-grantis-story-cegepitok-podcast\/#primaryimage\"},\"thumbnailUrl\":\"https:\/\/minicrm-wp-hu.s3.amazonaws.com\/uploads\/2021\/09\/HU_Cegepitok_BLOG_SebestyenAndras_1190x865.png\",\"keywords\":[\"c\u00e9g\u00e9p\u00edt\u0151k\",\"eduk\u00e1ci\u00f3\",\"\u00e9rt\u00e9kes\u00edt\u00e9s\",\"podcast\",\"sikersztori\"],\"articleSection\":[\"C\u00e9gvezet\u00e9s\",\"\u00c9rt\u00e9kes\u00edt\u00e9s\",\"Podcast\"],\"inLanguage\":\"hu\"},{\"@type\":\"WebPage\",\"@id\":\"https:\/\/www.minicrm.hu\/blog\/2021\/09-23\/ertekvezerelt-cegepites-panellakasbol-a-penzugyi-tanacsadas-elere-sebestyen-andras-es-a-grantis-story-cegepitok-podcast\/\",\"url\":\"https:\/\/www.minicrm.hu\/blog\/2021\/09-23\/ertekvezerelt-cegepites-panellakasbol-a-penzugyi-tanacsadas-elere-sebestyen-andras-es-a-grantis-story-cegepitok-podcast\/\",\"name\":\"\u00c9rt\u00e9kvez\u00e9relt c\u00e9g\u00e9p\u00edt\u00e9s: panellak\u00e1sb\u00f3l a p\u00e9nz\u00fcgyi tan\u00e1csad\u00e1s \u00e9l\u00e9re - Sebesty\u00e9n Andr\u00e1s \u00e9s a Grantis story | C\u00e9g\u00e9p\u00edt\u0151k Podcast\",\"isPartOf\":{\"@id\":\"https:\/\/www.minicrm.hu\/blog\/#website\"},\"primaryImageOfPage\":{\"@id\":\"https:\/\/www.minicrm.hu\/blog\/2021\/09-23\/ertekvezerelt-cegepites-panellakasbol-a-penzugyi-tanacsadas-elere-sebestyen-andras-es-a-grantis-story-cegepitok-podcast\/#primaryimage\"},\"image\":{\"@id\":\"https:\/\/www.minicrm.hu\/blog\/2021\/09-23\/ertekvezerelt-cegepites-panellakasbol-a-penzugyi-tanacsadas-elere-sebestyen-andras-es-a-grantis-story-cegepitok-podcast\/#primaryimage\"},\"thumbnailUrl\":\"https:\/\/minicrm-wp-hu.s3.amazonaws.com\/uploads\/2021\/09\/HU_Cegepitok_BLOG_SebestyenAndras_1190x865.png\",\"datePublished\":\"2021-09-23T07:16:29+00:00\",\"dateModified\":\"2022-08-04T06:50:20+00:00\",\"description\":\"\u201cAz \u00e9rt\u00e9kes\u00edt\u00e9s l\u00e9nyege nem az, hogy mindenkinek eladj, hanem az hogy megtal\u00e1ld azokat az embereket, akik t\u0151led akarnak v\u00e1s\u00e1rolni.\u201d Sokunk sz\u00e1m\u00e1ra a\",\"breadcrumb\":{\"@id\":\"https:\/\/www.minicrm.hu\/blog\/2021\/09-23\/ertekvezerelt-cegepites-panellakasbol-a-penzugyi-tanacsadas-elere-sebestyen-andras-es-a-grantis-story-cegepitok-podcast\/#breadcrumb\"},\"inLanguage\":\"hu\",\"potentialAction\":[{\"@type\":\"ReadAction\",\"target\":[\"https:\/\/www.minicrm.hu\/blog\/2021\/09-23\/ertekvezerelt-cegepites-panellakasbol-a-penzugyi-tanacsadas-elere-sebestyen-andras-es-a-grantis-story-cegepitok-podcast\/\"]}]},{\"@type\":\"ImageObject\",\"inLanguage\":\"hu\",\"@id\":\"https:\/\/www.minicrm.hu\/blog\/2021\/09-23\/ertekvezerelt-cegepites-panellakasbol-a-penzugyi-tanacsadas-elere-sebestyen-andras-es-a-grantis-story-cegepitok-podcast\/#primaryimage\",\"url\":\"https:\/\/minicrm-wp-hu.s3.amazonaws.com\/uploads\/2021\/09\/HU_Cegepitok_BLOG_SebestyenAndras_1190x865.png\",\"contentUrl\":\"https:\/\/minicrm-wp-hu.s3.amazonaws.com\/uploads\/2021\/09\/HU_Cegepitok_BLOG_SebestyenAndras_1190x865.png\",\"width\":1190,\"height\":865,\"caption\":\"Sebesty\u00e9n Andr\u00e1s - Grantis story\"},{\"@type\":\"BreadcrumbList\",\"@id\":\"https:\/\/www.minicrm.hu\/blog\/2021\/09-23\/ertekvezerelt-cegepites-panellakasbol-a-penzugyi-tanacsadas-elere-sebestyen-andras-es-a-grantis-story-cegepitok-podcast\/#breadcrumb\",\"itemListElement\":[{\"@type\":\"ListItem\",\"position\":1,\"name\":\"Home\",\"item\":\"https:\/\/www.minicrm.hu\/blog\/\"},{\"@type\":\"ListItem\",\"position\":2,\"name\":\"\u00c9rt\u00e9kvez\u00e9relt c\u00e9g\u00e9p\u00edt\u00e9s: panellak\u00e1sb\u00f3l a p\u00e9nz\u00fcgyi tan\u00e1csad\u00e1s \u00e9l\u00e9re &#8211; Sebesty\u00e9n Andr\u00e1s \u00e9s a Grantis story | C\u00e9g\u00e9p\u00edt\u0151k Podcast\"}]},{\"@type\":\"WebSite\",\"@id\":\"https:\/\/www.minicrm.hu\/blog\/#website\",\"url\":\"https:\/\/www.minicrm.hu\/blog\/\",\"name\":\"MiniCRM Blog\",\"description\":\"CRM Blog\",\"publisher\":{\"@id\":\"https:\/\/www.minicrm.hu\/blog\/#organization\"},\"potentialAction\":[{\"@type\":\"SearchAction\",\"target\":{\"@type\":\"EntryPoint\",\"urlTemplate\":\"https:\/\/www.minicrm.hu\/blog\/?s={search_term_string}\"},\"query-input\":{\"@type\":\"PropertyValueSpecification\",\"valueRequired\":true,\"valueName\":\"search_term_string\"}}],\"inLanguage\":\"hu\"},{\"@type\":\"Organization\",\"@id\":\"https:\/\/www.minicrm.hu\/blog\/#organization\",\"name\":\"MiniCRM Blog\",\"url\":\"https:\/\/www.minicrm.hu\/blog\/\",\"logo\":{\"@type\":\"ImageObject\",\"inLanguage\":\"hu\",\"@id\":\"https:\/\/www.minicrm.hu\/blog\/#\/schema\/logo\/image\/\",\"url\":\"https:\/\/minicrm-wp-hu.s3.amazonaws.com\/uploads\/2021\/04\/cropped-MC-logo-Blog-2021_G-Dark.png\",\"contentUrl\":\"https:\/\/minicrm-wp-hu.s3.amazonaws.com\/uploads\/2021\/04\/cropped-MC-logo-Blog-2021_G-Dark.png\",\"width\":91,\"height\":89,\"caption\":\"MiniCRM Blog\"},\"image\":{\"@id\":\"https:\/\/www.minicrm.hu\/blog\/#\/schema\/logo\/image\/\"}},{\"@type\":\"Person\",\"@id\":\"https:\/\/www.minicrm.hu\/blog\/#\/schema\/person\/f42c3023cd3a47a98325aacebe2f9b0f\",\"name\":\"\u00c1kos Szelle\",\"image\":{\"@type\":\"ImageObject\",\"inLanguage\":\"hu\",\"@id\":\"https:\/\/www.minicrm.hu\/blog\/#\/schema\/person\/image\/\",\"url\":\"https:\/\/secure.gravatar.com\/avatar\/1fbb57b94a6bbc5512792922a0c62637a1cbf53175f9d92f26edd00dbac8a4f6?s=96&r=g\",\"contentUrl\":\"https:\/\/secure.gravatar.com\/avatar\/1fbb57b94a6bbc5512792922a0c62637a1cbf53175f9d92f26edd00dbac8a4f6?s=96&r=g\",\"caption\":\"\u00c1kos Szelle\"},\"url\":\"\"}]}<\/script>\n<!-- \/ Yoast SEO plugin. -->","yoast_head_json":{"title":"\u00c9rt\u00e9kvez\u00e9relt c\u00e9g\u00e9p\u00edt\u00e9s: panellak\u00e1sb\u00f3l a p\u00e9nz\u00fcgyi tan\u00e1csad\u00e1s \u00e9l\u00e9re - Sebesty\u00e9n Andr\u00e1s \u00e9s a Grantis story | C\u00e9g\u00e9p\u00edt\u0151k Podcast","description":"\u201cAz \u00e9rt\u00e9kes\u00edt\u00e9s l\u00e9nyege nem az, hogy mindenkinek eladj, hanem az hogy megtal\u00e1ld azokat az embereket, akik t\u0151led akarnak v\u00e1s\u00e1rolni.\u201d Sokunk sz\u00e1m\u00e1ra a","robots":{"index":"index","follow":"follow","max-snippet":"max-snippet:-1","max-image-preview":"max-image-preview:large","max-video-preview":"max-video-preview:-1"},"canonical":"https:\/\/www.minicrm.hu\/blog\/2021\/09-23\/ertekvezerelt-cegepites-panellakasbol-a-penzugyi-tanacsadas-elere-sebestyen-andras-es-a-grantis-story-cegepitok-podcast\/","og_locale":"hu_HU","og_type":"article","og_title":"\u00c9rt\u00e9kvez\u00e9relt c\u00e9g\u00e9p\u00edt\u00e9s: panellak\u00e1sb\u00f3l a p\u00e9nz\u00fcgyi tan\u00e1csad\u00e1s \u00e9l\u00e9re - Sebesty\u00e9n Andr\u00e1s \u00e9s a Grantis story | C\u00e9g\u00e9p\u00edt\u0151k Podcast","og_description":"\u201cAz \u00e9rt\u00e9kes\u00edt\u00e9s l\u00e9nyege nem az, hogy mindenkinek eladj, hanem az hogy megtal\u00e1ld azokat az embereket, akik t\u0151led akarnak v\u00e1s\u00e1rolni.\u201d Sokunk sz\u00e1m\u00e1ra a","og_url":"https:\/\/www.minicrm.hu\/blog\/2021\/09-23\/ertekvezerelt-cegepites-panellakasbol-a-penzugyi-tanacsadas-elere-sebestyen-andras-es-a-grantis-story-cegepitok-podcast\/","og_site_name":"MiniCRM Blog","article_published_time":"2021-09-23T07:16:29+00:00","article_modified_time":"2022-08-04T06:50:20+00:00","og_image":[{"width":1190,"height":865,"url":"https:\/\/minicrm-wp-hu.s3.amazonaws.com\/uploads\/2021\/09\/HU_Cegepitok_BLOG_SebestyenAndras_1190x865.png","type":"image\/png"}],"author":"\u00c1kos Szelle","twitter_misc":{"Szerz\u0151:":"Egerszegi Kriszti\u00e1n","Becs\u00fclt olvas\u00e1si id\u0151":"3 perc"},"schema":{"@context":"https:\/\/schema.org","@graph":[{"@type":"Article","@id":"https:\/\/www.minicrm.hu\/blog\/2021\/09-23\/ertekvezerelt-cegepites-panellakasbol-a-penzugyi-tanacsadas-elere-sebestyen-andras-es-a-grantis-story-cegepitok-podcast\/#article","isPartOf":{"@id":"https:\/\/www.minicrm.hu\/blog\/2021\/09-23\/ertekvezerelt-cegepites-panellakasbol-a-penzugyi-tanacsadas-elere-sebestyen-andras-es-a-grantis-story-cegepitok-podcast\/"},"author":{"name":"\u00c1kos Szelle","@id":"https:\/\/www.minicrm.hu\/blog\/#\/schema\/person\/f42c3023cd3a47a98325aacebe2f9b0f"},"headline":"\u00c9rt\u00e9kvez\u00e9relt c\u00e9g\u00e9p\u00edt\u00e9s: panellak\u00e1sb\u00f3l a p\u00e9nz\u00fcgyi tan\u00e1csad\u00e1s \u00e9l\u00e9re &#8211; Sebesty\u00e9n Andr\u00e1s \u00e9s a Grantis story | C\u00e9g\u00e9p\u00edt\u0151k Podcast","datePublished":"2021-09-23T07:16:29+00:00","dateModified":"2022-08-04T06:50:20+00:00","mainEntityOfPage":{"@id":"https:\/\/www.minicrm.hu\/blog\/2021\/09-23\/ertekvezerelt-cegepites-panellakasbol-a-penzugyi-tanacsadas-elere-sebestyen-andras-es-a-grantis-story-cegepitok-podcast\/"},"wordCount":732,"publisher":{"@id":"https:\/\/www.minicrm.hu\/blog\/#organization"},"image":{"@id":"https:\/\/www.minicrm.hu\/blog\/2021\/09-23\/ertekvezerelt-cegepites-panellakasbol-a-penzugyi-tanacsadas-elere-sebestyen-andras-es-a-grantis-story-cegepitok-podcast\/#primaryimage"},"thumbnailUrl":"https:\/\/minicrm-wp-hu.s3.amazonaws.com\/uploads\/2021\/09\/HU_Cegepitok_BLOG_SebestyenAndras_1190x865.png","keywords":["c\u00e9g\u00e9p\u00edt\u0151k","eduk\u00e1ci\u00f3","\u00e9rt\u00e9kes\u00edt\u00e9s","podcast","sikersztori"],"articleSection":["C\u00e9gvezet\u00e9s","\u00c9rt\u00e9kes\u00edt\u00e9s","Podcast"],"inLanguage":"hu"},{"@type":"WebPage","@id":"https:\/\/www.minicrm.hu\/blog\/2021\/09-23\/ertekvezerelt-cegepites-panellakasbol-a-penzugyi-tanacsadas-elere-sebestyen-andras-es-a-grantis-story-cegepitok-podcast\/","url":"https:\/\/www.minicrm.hu\/blog\/2021\/09-23\/ertekvezerelt-cegepites-panellakasbol-a-penzugyi-tanacsadas-elere-sebestyen-andras-es-a-grantis-story-cegepitok-podcast\/","name":"\u00c9rt\u00e9kvez\u00e9relt c\u00e9g\u00e9p\u00edt\u00e9s: panellak\u00e1sb\u00f3l a p\u00e9nz\u00fcgyi tan\u00e1csad\u00e1s \u00e9l\u00e9re - Sebesty\u00e9n Andr\u00e1s \u00e9s a Grantis story | C\u00e9g\u00e9p\u00edt\u0151k Podcast","isPartOf":{"@id":"https:\/\/www.minicrm.hu\/blog\/#website"},"primaryImageOfPage":{"@id":"https:\/\/www.minicrm.hu\/blog\/2021\/09-23\/ertekvezerelt-cegepites-panellakasbol-a-penzugyi-tanacsadas-elere-sebestyen-andras-es-a-grantis-story-cegepitok-podcast\/#primaryimage"},"image":{"@id":"https:\/\/www.minicrm.hu\/blog\/2021\/09-23\/ertekvezerelt-cegepites-panellakasbol-a-penzugyi-tanacsadas-elere-sebestyen-andras-es-a-grantis-story-cegepitok-podcast\/#primaryimage"},"thumbnailUrl":"https:\/\/minicrm-wp-hu.s3.amazonaws.com\/uploads\/2021\/09\/HU_Cegepitok_BLOG_SebestyenAndras_1190x865.png","datePublished":"2021-09-23T07:16:29+00:00","dateModified":"2022-08-04T06:50:20+00:00","description":"\u201cAz \u00e9rt\u00e9kes\u00edt\u00e9s l\u00e9nyege nem az, hogy mindenkinek eladj, hanem az hogy megtal\u00e1ld azokat az embereket, akik t\u0151led akarnak v\u00e1s\u00e1rolni.\u201d Sokunk sz\u00e1m\u00e1ra a","breadcrumb":{"@id":"https:\/\/www.minicrm.hu\/blog\/2021\/09-23\/ertekvezerelt-cegepites-panellakasbol-a-penzugyi-tanacsadas-elere-sebestyen-andras-es-a-grantis-story-cegepitok-podcast\/#breadcrumb"},"inLanguage":"hu","potentialAction":[{"@type":"ReadAction","target":["https:\/\/www.minicrm.hu\/blog\/2021\/09-23\/ertekvezerelt-cegepites-panellakasbol-a-penzugyi-tanacsadas-elere-sebestyen-andras-es-a-grantis-story-cegepitok-podcast\/"]}]},{"@type":"ImageObject","inLanguage":"hu","@id":"https:\/\/www.minicrm.hu\/blog\/2021\/09-23\/ertekvezerelt-cegepites-panellakasbol-a-penzugyi-tanacsadas-elere-sebestyen-andras-es-a-grantis-story-cegepitok-podcast\/#primaryimage","url":"https:\/\/minicrm-wp-hu.s3.amazonaws.com\/uploads\/2021\/09\/HU_Cegepitok_BLOG_SebestyenAndras_1190x865.png","contentUrl":"https:\/\/minicrm-wp-hu.s3.amazonaws.com\/uploads\/2021\/09\/HU_Cegepitok_BLOG_SebestyenAndras_1190x865.png","width":1190,"height":865,"caption":"Sebesty\u00e9n Andr\u00e1s - Grantis story"},{"@type":"BreadcrumbList","@id":"https:\/\/www.minicrm.hu\/blog\/2021\/09-23\/ertekvezerelt-cegepites-panellakasbol-a-penzugyi-tanacsadas-elere-sebestyen-andras-es-a-grantis-story-cegepitok-podcast\/#breadcrumb","itemListElement":[{"@type":"ListItem","position":1,"name":"Home","item":"https:\/\/www.minicrm.hu\/blog\/"},{"@type":"ListItem","position":2,"name":"\u00c9rt\u00e9kvez\u00e9relt c\u00e9g\u00e9p\u00edt\u00e9s: panellak\u00e1sb\u00f3l a p\u00e9nz\u00fcgyi tan\u00e1csad\u00e1s \u00e9l\u00e9re &#8211; Sebesty\u00e9n Andr\u00e1s \u00e9s a Grantis story | C\u00e9g\u00e9p\u00edt\u0151k Podcast"}]},{"@type":"WebSite","@id":"https:\/\/www.minicrm.hu\/blog\/#website","url":"https:\/\/www.minicrm.hu\/blog\/","name":"MiniCRM Blog","description":"CRM Blog","publisher":{"@id":"https:\/\/www.minicrm.hu\/blog\/#organization"},"potentialAction":[{"@type":"SearchAction","target":{"@type":"EntryPoint","urlTemplate":"https:\/\/www.minicrm.hu\/blog\/?s={search_term_string}"},"query-input":{"@type":"PropertyValueSpecification","valueRequired":true,"valueName":"search_term_string"}}],"inLanguage":"hu"},{"@type":"Organization","@id":"https:\/\/www.minicrm.hu\/blog\/#organization","name":"MiniCRM Blog","url":"https:\/\/www.minicrm.hu\/blog\/","logo":{"@type":"ImageObject","inLanguage":"hu","@id":"https:\/\/www.minicrm.hu\/blog\/#\/schema\/logo\/image\/","url":"https:\/\/minicrm-wp-hu.s3.amazonaws.com\/uploads\/2021\/04\/cropped-MC-logo-Blog-2021_G-Dark.png","contentUrl":"https:\/\/minicrm-wp-hu.s3.amazonaws.com\/uploads\/2021\/04\/cropped-MC-logo-Blog-2021_G-Dark.png","width":91,"height":89,"caption":"MiniCRM Blog"},"image":{"@id":"https:\/\/www.minicrm.hu\/blog\/#\/schema\/logo\/image\/"}},{"@type":"Person","@id":"https:\/\/www.minicrm.hu\/blog\/#\/schema\/person\/f42c3023cd3a47a98325aacebe2f9b0f","name":"\u00c1kos Szelle","image":{"@type":"ImageObject","inLanguage":"hu","@id":"https:\/\/www.minicrm.hu\/blog\/#\/schema\/person\/image\/","url":"https:\/\/secure.gravatar.com\/avatar\/1fbb57b94a6bbc5512792922a0c62637a1cbf53175f9d92f26edd00dbac8a4f6?s=96&r=g","contentUrl":"https:\/\/secure.gravatar.com\/avatar\/1fbb57b94a6bbc5512792922a0c62637a1cbf53175f9d92f26edd00dbac8a4f6?s=96&r=g","caption":"\u00c1kos Szelle"},"url":""}]}},"_links":{"self":[{"href":"https:\/\/www.minicrm.hu\/blog\/wp-json\/wp\/v2\/posts\/15813","targetHints":{"allow":["GET"]}}],"collection":[{"href":"https:\/\/www.minicrm.hu\/blog\/wp-json\/wp\/v2\/posts"}],"about":[{"href":"https:\/\/www.minicrm.hu\/blog\/wp-json\/wp\/v2\/types\/post"}],"author":[{"embeddable":true,"href":"https:\/\/www.minicrm.hu\/blog\/wp-json\/wp\/v2\/users\/75"}],"replies":[{"embeddable":true,"href":"https:\/\/www.minicrm.hu\/blog\/wp-json\/wp\/v2\/comments?post=15813"}],"version-history":[{"count":3,"href":"https:\/\/www.minicrm.hu\/blog\/wp-json\/wp\/v2\/posts\/15813\/revisions"}],"predecessor-version":[{"id":17592,"href":"https:\/\/www.minicrm.hu\/blog\/wp-json\/wp\/v2\/posts\/15813\/revisions\/17592"}],"wp:featuredmedia":[{"embeddable":true,"href":"https:\/\/www.minicrm.hu\/blog\/wp-json\/wp\/v2\/media\/15864"}],"wp:attachment":[{"href":"https:\/\/www.minicrm.hu\/blog\/wp-json\/wp\/v2\/media?parent=15813"}],"wp:term":[{"taxonomy":"category","embeddable":true,"href":"https:\/\/www.minicrm.hu\/blog\/wp-json\/wp\/v2\/categories?post=15813"},{"taxonomy":"post_tag","embeddable":true,"href":"https:\/\/www.minicrm.hu\/blog\/wp-json\/wp\/v2\/tags?post=15813"}],"curies":[{"name":"wp","href":"https:\/\/api.w.org\/{rel}","templated":true}]}}