

{"id":16611,"date":"2022-01-31T08:03:51","date_gmt":"2022-01-31T07:03:51","guid":{"rendered":"https:\/\/www.minicrm.hu\/blog\/?p=16611"},"modified":"2022-08-04T16:33:07","modified_gmt":"2022-08-04T14:33:07","slug":"a-rend-a-legfontosabb-egy-ceg-eleteben-szerepi-zsolt-interim-manager-targyalas-specialista","status":"publish","type":"post","link":"https:\/\/www.minicrm.hu\/blog\/2022\/01-31\/a-rend-a-legfontosabb-egy-ceg-eleteben-szerepi-zsolt-interim-manager-targyalas-specialista\/","title":{"rendered":"\u201eA rend a legfontosabb egy c\u00e9g \u00e9let\u00e9ben\u201d | Szerepi Zsolt interim manager &#038; t\u00e1rgyal\u00e1s specialista"},"content":{"rendered":"<p><span style=\"font-weight: 400;\">Szerepi Zsolt mondand\u00f3j\u00e1ra \u00e9rdemes figyelni fejl\u0151dni v\u00e1gy\u00f3 v\u00e1llalkoz\u00f3k\u00e9nt, hiszen sz\u00e1mos nagy c\u00e9g interim vezet\u0151jek\u00e9nt, t\u00e1rgyal\u00e1sspecialistak\u00e9nt \u00e9s tan\u00e1csad\u00f3k\u00e9nt is komoly eredm\u00e9nyek k\u00f6thet\u0151k a munk\u00e1ss\u00e1g\u00e1hoz.\u00a0<\/span><\/p>\n<p><span style=\"font-weight: 400;\">P\u00e1ly\u00e1j\u00e1nak elej\u00e9n Zsolt olyan <strong>multic\u00e9gekn\u00e9l \u00e9rt el szembesz\u00f6k\u0151 eredm\u00e9nyeket az \u00e9rt\u00e9kes\u00edt\u00e9s k\u00fcl\u00f6nb\u00f6z\u0151 ter\u00fcletein,<\/strong> mint a Telekom el\u0151dj\u00e9nek sz\u00e1m\u00edt\u00f3 Westel 900, a Vodafone vagy a Microsoft.<\/span><\/p>\n<p><!--more--><\/p>\n<p><iframe loading=\"lazy\" style=\"border-radius:12px\" src=\"https:\/\/open.spotify.com\/embed\/episode\/3zoE7ziBZygOcmPUa9pnvP?utm_source=generator\" width=\"100%\" height=\"352\" frameBorder=\"0\" allowfullscreen=\"\" allow=\"autoplay; clipboard-write; encrypted-media; fullscreen; picture-in-picture\"><\/iframe><br \/>\n&nbsp;<\/p>\n<p>Egy sk\u00f3t nemzetk\u00f6zi t\u00e1rgyal\u00e1stechnikai c\u00e9gn\u00e9l is elt\u00f6lt\u00f6tt 2 \u00e9vet; az ott megszerzett tapasztalatair\u00f3l pedig a k\u00f6vetkez\u0151ket mondta: <strong>\u201edoktori fokozat t\u00e1rgyal\u00e1stechnik\u00e1b\u00f3l\u201d<\/strong>. K\u00e9s\u0151bb interim menedzserk\u00e9nt c\u00e9gek \u00fajra\u00e9p\u00edt\u00e9s\u00e9ben seg\u00e9dkezve \u00e9rt el kimagasl\u00f3 eredm\u00e9nyeket, p\u00e9ld\u00e1ul <strong>az \u00e9ves \u00e1rbev\u00e9tel 40%-\u00e1nak el\u00e9r\u00e9s\u00e9vel egy h\u00f3nap alatt,<\/strong> vagy az ut\u00f3dj\u00e1nak kinevel\u00e9s\u00e9vel interim m\u00f3don.<\/p>\n<p>A C\u00e9g\u00e9p\u00edt\u0151k Podcast mostani epiz\u00f3dja hemzseg az inspir\u00e1l\u00f3 gondolatokt\u00f3l, a besz\u00e9lget\u00e9s v\u00e1z\u00e1t pedig a k\u00f6vetkez\u0151 k\u00e9rd\u00e9sek alkotj\u00e1k:<\/p>\n<ul>\n<li style=\"font-weight: 400;\" aria-level=\"1\"><span style=\"font-weight: 400;\">Hogyan \u00e9rt\u00e9kes\u00edtett Zsolt az els\u0151 multis h\u00f3napj\u00e1ban t\u00f6bbet, mint az akkori legnagyobb Westel 900 iroda?<\/span><\/li>\n<li style=\"font-weight: 400;\" aria-level=\"1\"><span style=\"font-weight: 400;\">Mi volt az a tr\u00e9neri k\u00e9pz\u00e9s, ami Zsoltot \u201edoktori fokozathoz\u201d seg\u00edtette t\u00e1rgyal\u00e1stechnik\u00e1b\u00f3l?<\/span><\/li>\n<li style=\"font-weight: 400;\" aria-level=\"1\"><span style=\"font-weight: 400;\">Hogy siker\u00fclt 99,7% -os eredm\u00e9nnyel teljes\u00edteni a Microsoftn\u00e1l azt a feladatot, amit m\u00e1sok megoldhatatlannak gondoltak?<\/span><\/li>\n<li style=\"font-weight: 400;\" aria-level=\"1\"><span style=\"font-weight: 400;\">Mit jelent az interim c\u00e9gvezet\u0151 fogalma \u00e9s miben rejlik a l\u00e9nyege, hat\u00e9konys\u00e1ga?<\/span><\/li>\n<li style=\"font-weight: 400;\" aria-level=\"1\"><span style=\"font-weight: 400;\">Mi\u00e9rt a rend a legfontosabb egy c\u00e9g \u00e9let\u00e9ben? Hogyan lehet rendet tenni egy KKV-ban?<\/span><\/li>\n<li style=\"font-weight: 400;\" aria-level=\"1\"><span style=\"font-weight: 400;\">Mi\u00e9rt c\u00e9lszer\u0171 csere alapon gondolkodni minden t\u00e1rgyal\u00e1si helyzetben?<\/span><\/li>\n<li style=\"font-weight: 400;\" aria-level=\"1\"><span style=\"font-weight: 400;\">Mik a tipikus hib\u00e1k, amiket \u00e9rdemes elker\u00fclni t\u00e1rgyal\u00e1sokn\u00e1l?<\/span><\/li>\n<\/ul>\n<p><span style=\"font-weight: 400;\">A C\u00e9g\u00e9p\u00edt\u0151k Podcast aktu\u00e1lis epiz\u00f3dja egyszerre \u00e9r fel egy t\u00e1rgyal\u00e1stechnikai gyorstalpal\u00f3val, mik\u00f6zben a c\u00e9g\u00e9p\u00edt\u00e9s szempontj\u00e1b\u00f3l is gyakorlatban hasznos\u00edthat\u00f3 tan\u00e1csokkal jutalmazza a meghallgat\u00e1st.<\/span><\/p>\n<p><em><strong>A mai napod legjobb d\u00f6nt\u00e9se lesz, amikor a \u201eLEJ\u00c1TSZ\u00c1S\u201d gombra kattintasz!<\/strong><\/em><\/p>\n<h2>Hallgasd a C\u00e9g\u00e9p\u00edt\u0151ket a kedvenc platformodon:<\/h2>\n<p>Spotify: <a href=\"https:\/\/open.spotify.com\/episode\/3zoE7ziBZygOcmPUa9pnvP\">kattints ide<\/a><br \/>\nSoundCloud: <a href=\"https:\/\/soundcloud.com\/cegepitok-podcast-minicrm\/a-rend-a-legfontosabb-egy-ceg-eleteben-szerepi-zsolt-interim-manager?si=ed084ca1896d48a9bf5ed4acbe91e0a0&amp;utm_source=clipboard&amp;utm_medium=text&amp;utm_campaign=social_sharing\">kattints ide<\/a><br \/>\nApple Podcast: <a href=\"https:\/\/podcasts.apple.com\/hu\/podcast\/a-rend-a-legfontosabb-egy-c%C3%A9g-%C3%A9let%C3%A9ben-szerepi\/id1585202757?i=1000549067710\">kattints ide<\/a><br \/>\nGoogle Podcast: <a href=\"https:\/\/podcasts.google.com\/feed\/aHR0cHM6Ly9mZWVkcy5zb3VuZGNsb3VkLmNvbS91c2Vycy9zb3VuZGNsb3VkOnVzZXJzOjEwMjU4MDgzMDEvc291bmRzLnJzcw\/episode\/dGFnOnNvdW5kY2xvdWQsMjAxMDp0cmFja3MvMTIwNDA3MDI0Mg?sa=X&amp;ved=0CAUQkfYCahcKEwjgoYmmtdv1AhUAAAAAHQAAAAAQCg\">kattints ide<\/a><\/p>\n<p>&nbsp;<\/p>\n<p><strong>Ne feledkezz meg az EXTRA tartalomr\u00f3l se, ahol olyan tippeket, best-practiceket \u00e9s aj\u00e1nl\u00e1sokat kaphatsz a vend\u00e9gekt\u0151l, amik nekik bev\u00e1lt m\u00f3don seg\u00edteni tudtak a sikeres c\u00e9g\u00e9p\u00edt\u00e9sben.\u00a0<\/strong><\/p>\n<p><span style=\"font-weight: 400;\">Az extra tartalomban<\/span><span style=\"font-weight: 400;\"> e<\/span><span style=\"font-weight: 400;\">gy konkr\u00e9t t\u00e1rgyal\u00e1si helyzetet ismerhetsz meg; a besz\u00e9lget\u00e9s tanuls\u00e1gait pedig m\u00e1r a k\u00f6vetkez\u0151 t\u00e1rgyal\u00e1sodn\u00e1l hasznos\u00edthatod is. ?<\/span><\/p>\n<p><iframe loading=\"lazy\" src=\"https:\/\/w.soundcloud.com\/player\/?url=https%3A\/\/api.soundcloud.com\/tracks\/1204125727%3Fsecret_token%3Ds-umGpkc2dl3I&amp;color=%23ff5500&amp;auto_play=false&amp;hide_related=false&amp;show_comments=true&amp;show_user=true&amp;show_reposts=false&amp;show_teaser=true&amp;visual=true\" width=\"100%\" height=\"350\" frameborder=\"no\" scrolling=\"no\"><\/iframe><\/p>\n<div style=\"font-size: 10px; color: #cccccc; line-break: anywhere; word-break: normal; overflow: hidden; white-space: nowrap; text-overflow: ellipsis; font-family: Interstate,Lucida Grande,Lucida Sans Unicode,Lucida Sans,Garuda,Verdana,Tahoma,sans-serif; font-weight: 100;\"><a style=\"color: #cccccc; text-decoration: none;\" title=\"C\u00e9g\u00e9p\u00edt\u0151k\" href=\"https:\/\/soundcloud.com\/cegepitok-podcast-minicrm\" target=\"_blank\" rel=\"noopener\">C\u00e9g\u00e9p\u00edt\u0151k<\/a> \u00b7 <a style=\"color: #cccccc; text-decoration: none;\" title=\"Extra tartalom | Szerepi Zsolt interim manager &amp; t\u00e1rgyal\u00e1s specialista | C\u00e9g\u00e9p\u00edt\u0151k Podcast\" href=\"https:\/\/soundcloud.com\/cegepitok-podcast-minicrm\/extra-tartalom-szerepi-zsolt-interim-manager-targyalas-specialista-cegepitok-podcast\/s-umGpkc2dl3I\" target=\"_blank\" rel=\"noopener\">Extra tartalom | Szerepi Zsolt interim manager &amp; t\u00e1rgyal\u00e1s specialista | C\u00e9g\u00e9p\u00edt\u0151k Podcast<\/a><\/div>\n<p><em>A C\u00e9g\u00e9p\u00edt\u0151k podcast felv\u00e9tele a <a href=\"https:\/\/www.minicrm.hu\/\">MiniCRM<\/a> megb\u00edz\u00e1s\u00e1b\u00f3l a <a href=\"https:\/\/brocasterz.com\">Brocasterz St\u00fadi\u00f3ban<\/a> t\u00f6rt\u00e9nik, az ad\u00e1sok menedzsmentj\u00e9t a Brocasterz Podcast \u00dcgyn\u00f6ks\u00e9g csapata v\u00e9gzi.<\/em><\/p>\n<p>&nbsp;<\/p>\n","protected":false},"excerpt":{"rendered":"<p>Szerepi Zsolt mondand\u00f3j\u00e1ra \u00e9rdemes figyelni fejl\u0151dni v\u00e1gy\u00f3 v\u00e1llalkoz\u00f3k\u00e9nt, hiszen sz\u00e1mos nagy c\u00e9g interim vezet\u0151jek\u00e9nt, t\u00e1rgyal\u00e1sspecialistak\u00e9nt \u00e9s tan\u00e1csad\u00f3k\u00e9nt is komoly eredm\u00e9nyek k\u00f6thet\u0151k a munk\u00e1ss\u00e1g\u00e1hoz.\u00a0 P\u00e1ly\u00e1j\u00e1nak elej\u00e9n Zsolt olyan multic\u00e9gekn\u00e9l \u00e9rt el szembesz\u00f6k\u0151 eredm\u00e9nyeket az \u00e9rt\u00e9kes\u00edt\u00e9s k\u00fcl\u00f6nb\u00f6z\u0151 ter\u00fcletein, mint a Telekom el\u0151dj\u00e9nek sz\u00e1m\u00edt\u00f3 Westel 900, a Vodafone vagy a Microsoft.<\/p>\n","protected":false},"author":75,"featured_media":16614,"comment_status":"closed","ping_status":"closed","sticky":false,"template":"","format":"standard","meta":{"inline_featured_image":false,"footnotes":""},"categories":[28,24,778],"tags":[732,441,735,768],"class_list":["post-16611","post","type-post","status-publish","format-standard","has-post-thumbnail","hentry","category-cegvezetes","category-ertekesites","category-podcast","tag-cegepitok","tag-ertekesites","tag-podcast","tag-targyalastechnika"],"yoast_head":"<!-- This site is optimized with the Yoast SEO plugin v27.1.1 - https:\/\/yoast.com\/product\/yoast-seo-wordpress\/ -->\n<title>\u201eA rend a legfontosabb egy c\u00e9g \u00e9let\u00e9ben\u201d | Szerepi Zsolt interim manager &amp; t\u00e1rgyal\u00e1s specialista<\/title>\n<meta name=\"description\" content=\"Szerepi Zsolt mondand\u00f3j\u00e1ra \u00e9rdemes figyelni fejl\u0151dni v\u00e1gy\u00f3 v\u00e1llalkoz\u00f3k\u00e9nt, hiszen sz\u00e1mos nagy c\u00e9g interim vezet\u0151jek\u00e9nt, t\u00e1rgyal\u00e1sspecialistak\u00e9nt \u00e9s\" \/>\n<meta name=\"robots\" content=\"index, follow, max-snippet:-1, max-image-preview:large, max-video-preview:-1\" \/>\n<link rel=\"canonical\" href=\"https:\/\/www.minicrm.hu\/blog\/2022\/01-31\/a-rend-a-legfontosabb-egy-ceg-eleteben-szerepi-zsolt-interim-manager-targyalas-specialista\/\" \/>\n<meta property=\"og:locale\" content=\"hu_HU\" \/>\n<meta property=\"og:type\" content=\"article\" \/>\n<meta property=\"og:title\" content=\"\u201eA rend a legfontosabb egy c\u00e9g \u00e9let\u00e9ben\u201d | Szerepi Zsolt interim manager &amp; t\u00e1rgyal\u00e1s specialista\" \/>\n<meta property=\"og:description\" content=\"Szerepi Zsolt mondand\u00f3j\u00e1ra \u00e9rdemes figyelni fejl\u0151dni v\u00e1gy\u00f3 v\u00e1llalkoz\u00f3k\u00e9nt, hiszen sz\u00e1mos nagy c\u00e9g interim vezet\u0151jek\u00e9nt, t\u00e1rgyal\u00e1sspecialistak\u00e9nt \u00e9s\" \/>\n<meta property=\"og:url\" content=\"https:\/\/www.minicrm.hu\/blog\/2022\/01-31\/a-rend-a-legfontosabb-egy-ceg-eleteben-szerepi-zsolt-interim-manager-targyalas-specialista\/\" \/>\n<meta property=\"og:site_name\" content=\"MiniCRM Blog\" \/>\n<meta property=\"article:published_time\" content=\"2022-01-31T07:03:51+00:00\" \/>\n<meta property=\"article:modified_time\" content=\"2022-08-04T14:33:07+00:00\" \/>\n<meta property=\"og:image\" content=\"https:\/\/minicrm-wp-hu.s3.amazonaws.com\/uploads\/2022\/01\/hu-cegepitok-blog-szerepi-zsolt-1190x750-1.jpeg\" \/>\n\t<meta property=\"og:image:width\" content=\"1190\" \/>\n\t<meta property=\"og:image:height\" content=\"750\" \/>\n\t<meta property=\"og:image:type\" content=\"image\/jpeg\" \/>\n<meta name=\"author\" content=\"\u00c1kos Szelle\" \/>\n<meta name=\"twitter:label1\" content=\"Szerz\u0151:\" \/>\n\t<meta name=\"twitter:data1\" content=\"Egerszegi Kriszti\u00e1n\" \/>\n\t<meta name=\"twitter:label2\" content=\"Becs\u00fclt olvas\u00e1si id\u0151\" \/>\n\t<meta name=\"twitter:data2\" content=\"3 perc\" \/>\n<script type=\"application\/ld+json\" class=\"yoast-schema-graph\">{\"@context\":\"https:\/\/schema.org\",\"@graph\":[{\"@type\":\"Article\",\"@id\":\"https:\/\/www.minicrm.hu\/blog\/2022\/01-31\/a-rend-a-legfontosabb-egy-ceg-eleteben-szerepi-zsolt-interim-manager-targyalas-specialista\/#article\",\"isPartOf\":{\"@id\":\"https:\/\/www.minicrm.hu\/blog\/2022\/01-31\/a-rend-a-legfontosabb-egy-ceg-eleteben-szerepi-zsolt-interim-manager-targyalas-specialista\/\"},\"author\":{\"name\":\"\u00c1kos Szelle\",\"@id\":\"https:\/\/www.minicrm.hu\/blog\/#\/schema\/person\/f42c3023cd3a47a98325aacebe2f9b0f\"},\"headline\":\"\u201eA rend a legfontosabb egy c\u00e9g \u00e9let\u00e9ben\u201d | Szerepi Zsolt interim manager &#038; t\u00e1rgyal\u00e1s specialista\",\"datePublished\":\"2022-01-31T07:03:51+00:00\",\"dateModified\":\"2022-08-04T14:33:07+00:00\",\"mainEntityOfPage\":{\"@id\":\"https:\/\/www.minicrm.hu\/blog\/2022\/01-31\/a-rend-a-legfontosabb-egy-ceg-eleteben-szerepi-zsolt-interim-manager-targyalas-specialista\/\"},\"wordCount\":548,\"publisher\":{\"@id\":\"https:\/\/www.minicrm.hu\/blog\/#organization\"},\"image\":{\"@id\":\"https:\/\/www.minicrm.hu\/blog\/2022\/01-31\/a-rend-a-legfontosabb-egy-ceg-eleteben-szerepi-zsolt-interim-manager-targyalas-specialista\/#primaryimage\"},\"thumbnailUrl\":\"https:\/\/minicrm-wp-hu.s3.amazonaws.com\/uploads\/2022\/01\/hu-cegepitok-blog-szerepi-zsolt-1190x750-1.jpeg\",\"keywords\":[\"c\u00e9g\u00e9p\u00edt\u0151k\",\"\u00e9rt\u00e9kes\u00edt\u00e9s\",\"podcast\",\"t\u00e1rgyal\u00e1stechnika\"],\"articleSection\":[\"C\u00e9gvezet\u00e9s\",\"\u00c9rt\u00e9kes\u00edt\u00e9s\",\"Podcast\"],\"inLanguage\":\"hu\"},{\"@type\":\"WebPage\",\"@id\":\"https:\/\/www.minicrm.hu\/blog\/2022\/01-31\/a-rend-a-legfontosabb-egy-ceg-eleteben-szerepi-zsolt-interim-manager-targyalas-specialista\/\",\"url\":\"https:\/\/www.minicrm.hu\/blog\/2022\/01-31\/a-rend-a-legfontosabb-egy-ceg-eleteben-szerepi-zsolt-interim-manager-targyalas-specialista\/\",\"name\":\"\u201eA rend a legfontosabb egy c\u00e9g \u00e9let\u00e9ben\u201d | Szerepi Zsolt interim manager & t\u00e1rgyal\u00e1s specialista\",\"isPartOf\":{\"@id\":\"https:\/\/www.minicrm.hu\/blog\/#website\"},\"primaryImageOfPage\":{\"@id\":\"https:\/\/www.minicrm.hu\/blog\/2022\/01-31\/a-rend-a-legfontosabb-egy-ceg-eleteben-szerepi-zsolt-interim-manager-targyalas-specialista\/#primaryimage\"},\"image\":{\"@id\":\"https:\/\/www.minicrm.hu\/blog\/2022\/01-31\/a-rend-a-legfontosabb-egy-ceg-eleteben-szerepi-zsolt-interim-manager-targyalas-specialista\/#primaryimage\"},\"thumbnailUrl\":\"https:\/\/minicrm-wp-hu.s3.amazonaws.com\/uploads\/2022\/01\/hu-cegepitok-blog-szerepi-zsolt-1190x750-1.jpeg\",\"datePublished\":\"2022-01-31T07:03:51+00:00\",\"dateModified\":\"2022-08-04T14:33:07+00:00\",\"description\":\"Szerepi Zsolt mondand\u00f3j\u00e1ra \u00e9rdemes figyelni fejl\u0151dni v\u00e1gy\u00f3 v\u00e1llalkoz\u00f3k\u00e9nt, hiszen sz\u00e1mos nagy c\u00e9g interim vezet\u0151jek\u00e9nt, t\u00e1rgyal\u00e1sspecialistak\u00e9nt \u00e9s\",\"breadcrumb\":{\"@id\":\"https:\/\/www.minicrm.hu\/blog\/2022\/01-31\/a-rend-a-legfontosabb-egy-ceg-eleteben-szerepi-zsolt-interim-manager-targyalas-specialista\/#breadcrumb\"},\"inLanguage\":\"hu\",\"potentialAction\":[{\"@type\":\"ReadAction\",\"target\":[\"https:\/\/www.minicrm.hu\/blog\/2022\/01-31\/a-rend-a-legfontosabb-egy-ceg-eleteben-szerepi-zsolt-interim-manager-targyalas-specialista\/\"]}]},{\"@type\":\"ImageObject\",\"inLanguage\":\"hu\",\"@id\":\"https:\/\/www.minicrm.hu\/blog\/2022\/01-31\/a-rend-a-legfontosabb-egy-ceg-eleteben-szerepi-zsolt-interim-manager-targyalas-specialista\/#primaryimage\",\"url\":\"https:\/\/minicrm-wp-hu.s3.amazonaws.com\/uploads\/2022\/01\/hu-cegepitok-blog-szerepi-zsolt-1190x750-1.jpeg\",\"contentUrl\":\"https:\/\/minicrm-wp-hu.s3.amazonaws.com\/uploads\/2022\/01\/hu-cegepitok-blog-szerepi-zsolt-1190x750-1.jpeg\",\"width\":1190,\"height\":750,\"caption\":\"Szerepi Zsolt - interim manager - C\u00e9g\u00e9p\u00edt\u0151k podcast\"},{\"@type\":\"BreadcrumbList\",\"@id\":\"https:\/\/www.minicrm.hu\/blog\/2022\/01-31\/a-rend-a-legfontosabb-egy-ceg-eleteben-szerepi-zsolt-interim-manager-targyalas-specialista\/#breadcrumb\",\"itemListElement\":[{\"@type\":\"ListItem\",\"position\":1,\"name\":\"Home\",\"item\":\"https:\/\/www.minicrm.hu\/blog\/\"},{\"@type\":\"ListItem\",\"position\":2,\"name\":\"\u201eA rend a legfontosabb egy c\u00e9g \u00e9let\u00e9ben\u201d | Szerepi Zsolt interim manager &#038; t\u00e1rgyal\u00e1s specialista\"}]},{\"@type\":\"WebSite\",\"@id\":\"https:\/\/www.minicrm.hu\/blog\/#website\",\"url\":\"https:\/\/www.minicrm.hu\/blog\/\",\"name\":\"MiniCRM Blog\",\"description\":\"CRM Blog\",\"publisher\":{\"@id\":\"https:\/\/www.minicrm.hu\/blog\/#organization\"},\"potentialAction\":[{\"@type\":\"SearchAction\",\"target\":{\"@type\":\"EntryPoint\",\"urlTemplate\":\"https:\/\/www.minicrm.hu\/blog\/?s={search_term_string}\"},\"query-input\":{\"@type\":\"PropertyValueSpecification\",\"valueRequired\":true,\"valueName\":\"search_term_string\"}}],\"inLanguage\":\"hu\"},{\"@type\":\"Organization\",\"@id\":\"https:\/\/www.minicrm.hu\/blog\/#organization\",\"name\":\"MiniCRM Blog\",\"url\":\"https:\/\/www.minicrm.hu\/blog\/\",\"logo\":{\"@type\":\"ImageObject\",\"inLanguage\":\"hu\",\"@id\":\"https:\/\/www.minicrm.hu\/blog\/#\/schema\/logo\/image\/\",\"url\":\"https:\/\/minicrm-wp-hu.s3.amazonaws.com\/uploads\/2021\/04\/cropped-MC-logo-Blog-2021_G-Dark.png\",\"contentUrl\":\"https:\/\/minicrm-wp-hu.s3.amazonaws.com\/uploads\/2021\/04\/cropped-MC-logo-Blog-2021_G-Dark.png\",\"width\":91,\"height\":89,\"caption\":\"MiniCRM Blog\"},\"image\":{\"@id\":\"https:\/\/www.minicrm.hu\/blog\/#\/schema\/logo\/image\/\"}},{\"@type\":\"Person\",\"@id\":\"https:\/\/www.minicrm.hu\/blog\/#\/schema\/person\/f42c3023cd3a47a98325aacebe2f9b0f\",\"name\":\"\u00c1kos Szelle\",\"image\":{\"@type\":\"ImageObject\",\"inLanguage\":\"hu\",\"@id\":\"https:\/\/www.minicrm.hu\/blog\/#\/schema\/person\/image\/\",\"url\":\"https:\/\/secure.gravatar.com\/avatar\/1fbb57b94a6bbc5512792922a0c62637a1cbf53175f9d92f26edd00dbac8a4f6?s=96&r=g\",\"contentUrl\":\"https:\/\/secure.gravatar.com\/avatar\/1fbb57b94a6bbc5512792922a0c62637a1cbf53175f9d92f26edd00dbac8a4f6?s=96&r=g\",\"caption\":\"\u00c1kos Szelle\"},\"url\":\"\"}]}<\/script>\n<!-- \/ Yoast SEO plugin. -->","yoast_head_json":{"title":"\u201eA rend a legfontosabb egy c\u00e9g \u00e9let\u00e9ben\u201d | Szerepi Zsolt interim manager & t\u00e1rgyal\u00e1s specialista","description":"Szerepi Zsolt mondand\u00f3j\u00e1ra \u00e9rdemes figyelni fejl\u0151dni v\u00e1gy\u00f3 v\u00e1llalkoz\u00f3k\u00e9nt, hiszen sz\u00e1mos nagy c\u00e9g interim vezet\u0151jek\u00e9nt, t\u00e1rgyal\u00e1sspecialistak\u00e9nt \u00e9s","robots":{"index":"index","follow":"follow","max-snippet":"max-snippet:-1","max-image-preview":"max-image-preview:large","max-video-preview":"max-video-preview:-1"},"canonical":"https:\/\/www.minicrm.hu\/blog\/2022\/01-31\/a-rend-a-legfontosabb-egy-ceg-eleteben-szerepi-zsolt-interim-manager-targyalas-specialista\/","og_locale":"hu_HU","og_type":"article","og_title":"\u201eA rend a legfontosabb egy c\u00e9g \u00e9let\u00e9ben\u201d | Szerepi Zsolt interim manager & t\u00e1rgyal\u00e1s specialista","og_description":"Szerepi Zsolt mondand\u00f3j\u00e1ra \u00e9rdemes figyelni fejl\u0151dni v\u00e1gy\u00f3 v\u00e1llalkoz\u00f3k\u00e9nt, hiszen sz\u00e1mos nagy c\u00e9g interim vezet\u0151jek\u00e9nt, t\u00e1rgyal\u00e1sspecialistak\u00e9nt \u00e9s","og_url":"https:\/\/www.minicrm.hu\/blog\/2022\/01-31\/a-rend-a-legfontosabb-egy-ceg-eleteben-szerepi-zsolt-interim-manager-targyalas-specialista\/","og_site_name":"MiniCRM Blog","article_published_time":"2022-01-31T07:03:51+00:00","article_modified_time":"2022-08-04T14:33:07+00:00","og_image":[{"width":1190,"height":750,"url":"https:\/\/minicrm-wp-hu.s3.amazonaws.com\/uploads\/2022\/01\/hu-cegepitok-blog-szerepi-zsolt-1190x750-1.jpeg","type":"image\/jpeg"}],"author":"\u00c1kos Szelle","twitter_misc":{"Szerz\u0151:":"Egerszegi Kriszti\u00e1n","Becs\u00fclt olvas\u00e1si id\u0151":"3 perc"},"schema":{"@context":"https:\/\/schema.org","@graph":[{"@type":"Article","@id":"https:\/\/www.minicrm.hu\/blog\/2022\/01-31\/a-rend-a-legfontosabb-egy-ceg-eleteben-szerepi-zsolt-interim-manager-targyalas-specialista\/#article","isPartOf":{"@id":"https:\/\/www.minicrm.hu\/blog\/2022\/01-31\/a-rend-a-legfontosabb-egy-ceg-eleteben-szerepi-zsolt-interim-manager-targyalas-specialista\/"},"author":{"name":"\u00c1kos Szelle","@id":"https:\/\/www.minicrm.hu\/blog\/#\/schema\/person\/f42c3023cd3a47a98325aacebe2f9b0f"},"headline":"\u201eA rend a legfontosabb egy c\u00e9g \u00e9let\u00e9ben\u201d | Szerepi Zsolt interim manager &#038; t\u00e1rgyal\u00e1s specialista","datePublished":"2022-01-31T07:03:51+00:00","dateModified":"2022-08-04T14:33:07+00:00","mainEntityOfPage":{"@id":"https:\/\/www.minicrm.hu\/blog\/2022\/01-31\/a-rend-a-legfontosabb-egy-ceg-eleteben-szerepi-zsolt-interim-manager-targyalas-specialista\/"},"wordCount":548,"publisher":{"@id":"https:\/\/www.minicrm.hu\/blog\/#organization"},"image":{"@id":"https:\/\/www.minicrm.hu\/blog\/2022\/01-31\/a-rend-a-legfontosabb-egy-ceg-eleteben-szerepi-zsolt-interim-manager-targyalas-specialista\/#primaryimage"},"thumbnailUrl":"https:\/\/minicrm-wp-hu.s3.amazonaws.com\/uploads\/2022\/01\/hu-cegepitok-blog-szerepi-zsolt-1190x750-1.jpeg","keywords":["c\u00e9g\u00e9p\u00edt\u0151k","\u00e9rt\u00e9kes\u00edt\u00e9s","podcast","t\u00e1rgyal\u00e1stechnika"],"articleSection":["C\u00e9gvezet\u00e9s","\u00c9rt\u00e9kes\u00edt\u00e9s","Podcast"],"inLanguage":"hu"},{"@type":"WebPage","@id":"https:\/\/www.minicrm.hu\/blog\/2022\/01-31\/a-rend-a-legfontosabb-egy-ceg-eleteben-szerepi-zsolt-interim-manager-targyalas-specialista\/","url":"https:\/\/www.minicrm.hu\/blog\/2022\/01-31\/a-rend-a-legfontosabb-egy-ceg-eleteben-szerepi-zsolt-interim-manager-targyalas-specialista\/","name":"\u201eA rend a legfontosabb egy c\u00e9g \u00e9let\u00e9ben\u201d | Szerepi Zsolt interim manager & t\u00e1rgyal\u00e1s specialista","isPartOf":{"@id":"https:\/\/www.minicrm.hu\/blog\/#website"},"primaryImageOfPage":{"@id":"https:\/\/www.minicrm.hu\/blog\/2022\/01-31\/a-rend-a-legfontosabb-egy-ceg-eleteben-szerepi-zsolt-interim-manager-targyalas-specialista\/#primaryimage"},"image":{"@id":"https:\/\/www.minicrm.hu\/blog\/2022\/01-31\/a-rend-a-legfontosabb-egy-ceg-eleteben-szerepi-zsolt-interim-manager-targyalas-specialista\/#primaryimage"},"thumbnailUrl":"https:\/\/minicrm-wp-hu.s3.amazonaws.com\/uploads\/2022\/01\/hu-cegepitok-blog-szerepi-zsolt-1190x750-1.jpeg","datePublished":"2022-01-31T07:03:51+00:00","dateModified":"2022-08-04T14:33:07+00:00","description":"Szerepi Zsolt mondand\u00f3j\u00e1ra \u00e9rdemes figyelni fejl\u0151dni v\u00e1gy\u00f3 v\u00e1llalkoz\u00f3k\u00e9nt, hiszen sz\u00e1mos nagy c\u00e9g interim vezet\u0151jek\u00e9nt, t\u00e1rgyal\u00e1sspecialistak\u00e9nt \u00e9s","breadcrumb":{"@id":"https:\/\/www.minicrm.hu\/blog\/2022\/01-31\/a-rend-a-legfontosabb-egy-ceg-eleteben-szerepi-zsolt-interim-manager-targyalas-specialista\/#breadcrumb"},"inLanguage":"hu","potentialAction":[{"@type":"ReadAction","target":["https:\/\/www.minicrm.hu\/blog\/2022\/01-31\/a-rend-a-legfontosabb-egy-ceg-eleteben-szerepi-zsolt-interim-manager-targyalas-specialista\/"]}]},{"@type":"ImageObject","inLanguage":"hu","@id":"https:\/\/www.minicrm.hu\/blog\/2022\/01-31\/a-rend-a-legfontosabb-egy-ceg-eleteben-szerepi-zsolt-interim-manager-targyalas-specialista\/#primaryimage","url":"https:\/\/minicrm-wp-hu.s3.amazonaws.com\/uploads\/2022\/01\/hu-cegepitok-blog-szerepi-zsolt-1190x750-1.jpeg","contentUrl":"https:\/\/minicrm-wp-hu.s3.amazonaws.com\/uploads\/2022\/01\/hu-cegepitok-blog-szerepi-zsolt-1190x750-1.jpeg","width":1190,"height":750,"caption":"Szerepi Zsolt - interim manager - C\u00e9g\u00e9p\u00edt\u0151k podcast"},{"@type":"BreadcrumbList","@id":"https:\/\/www.minicrm.hu\/blog\/2022\/01-31\/a-rend-a-legfontosabb-egy-ceg-eleteben-szerepi-zsolt-interim-manager-targyalas-specialista\/#breadcrumb","itemListElement":[{"@type":"ListItem","position":1,"name":"Home","item":"https:\/\/www.minicrm.hu\/blog\/"},{"@type":"ListItem","position":2,"name":"\u201eA rend a legfontosabb egy c\u00e9g \u00e9let\u00e9ben\u201d | Szerepi Zsolt interim manager &#038; t\u00e1rgyal\u00e1s specialista"}]},{"@type":"WebSite","@id":"https:\/\/www.minicrm.hu\/blog\/#website","url":"https:\/\/www.minicrm.hu\/blog\/","name":"MiniCRM Blog","description":"CRM Blog","publisher":{"@id":"https:\/\/www.minicrm.hu\/blog\/#organization"},"potentialAction":[{"@type":"SearchAction","target":{"@type":"EntryPoint","urlTemplate":"https:\/\/www.minicrm.hu\/blog\/?s={search_term_string}"},"query-input":{"@type":"PropertyValueSpecification","valueRequired":true,"valueName":"search_term_string"}}],"inLanguage":"hu"},{"@type":"Organization","@id":"https:\/\/www.minicrm.hu\/blog\/#organization","name":"MiniCRM Blog","url":"https:\/\/www.minicrm.hu\/blog\/","logo":{"@type":"ImageObject","inLanguage":"hu","@id":"https:\/\/www.minicrm.hu\/blog\/#\/schema\/logo\/image\/","url":"https:\/\/minicrm-wp-hu.s3.amazonaws.com\/uploads\/2021\/04\/cropped-MC-logo-Blog-2021_G-Dark.png","contentUrl":"https:\/\/minicrm-wp-hu.s3.amazonaws.com\/uploads\/2021\/04\/cropped-MC-logo-Blog-2021_G-Dark.png","width":91,"height":89,"caption":"MiniCRM Blog"},"image":{"@id":"https:\/\/www.minicrm.hu\/blog\/#\/schema\/logo\/image\/"}},{"@type":"Person","@id":"https:\/\/www.minicrm.hu\/blog\/#\/schema\/person\/f42c3023cd3a47a98325aacebe2f9b0f","name":"\u00c1kos Szelle","image":{"@type":"ImageObject","inLanguage":"hu","@id":"https:\/\/www.minicrm.hu\/blog\/#\/schema\/person\/image\/","url":"https:\/\/secure.gravatar.com\/avatar\/1fbb57b94a6bbc5512792922a0c62637a1cbf53175f9d92f26edd00dbac8a4f6?s=96&r=g","contentUrl":"https:\/\/secure.gravatar.com\/avatar\/1fbb57b94a6bbc5512792922a0c62637a1cbf53175f9d92f26edd00dbac8a4f6?s=96&r=g","caption":"\u00c1kos Szelle"},"url":""}]}},"_links":{"self":[{"href":"https:\/\/www.minicrm.hu\/blog\/wp-json\/wp\/v2\/posts\/16611","targetHints":{"allow":["GET"]}}],"collection":[{"href":"https:\/\/www.minicrm.hu\/blog\/wp-json\/wp\/v2\/posts"}],"about":[{"href":"https:\/\/www.minicrm.hu\/blog\/wp-json\/wp\/v2\/types\/post"}],"author":[{"embeddable":true,"href":"https:\/\/www.minicrm.hu\/blog\/wp-json\/wp\/v2\/users\/75"}],"replies":[{"embeddable":true,"href":"https:\/\/www.minicrm.hu\/blog\/wp-json\/wp\/v2\/comments?post=16611"}],"version-history":[{"count":3,"href":"https:\/\/www.minicrm.hu\/blog\/wp-json\/wp\/v2\/posts\/16611\/revisions"}],"predecessor-version":[{"id":17619,"href":"https:\/\/www.minicrm.hu\/blog\/wp-json\/wp\/v2\/posts\/16611\/revisions\/17619"}],"wp:featuredmedia":[{"embeddable":true,"href":"https:\/\/www.minicrm.hu\/blog\/wp-json\/wp\/v2\/media\/16614"}],"wp:attachment":[{"href":"https:\/\/www.minicrm.hu\/blog\/wp-json\/wp\/v2\/media?parent=16611"}],"wp:term":[{"taxonomy":"category","embeddable":true,"href":"https:\/\/www.minicrm.hu\/blog\/wp-json\/wp\/v2\/categories?post=16611"},{"taxonomy":"post_tag","embeddable":true,"href":"https:\/\/www.minicrm.hu\/blog\/wp-json\/wp\/v2\/tags?post=16611"}],"curies":[{"name":"wp","href":"https:\/\/api.w.org\/{rel}","templated":true}]}}