

{"id":16965,"date":"2022-04-11T14:10:53","date_gmt":"2022-04-11T12:10:53","guid":{"rendered":"https:\/\/www.minicrm.hu\/blog\/?p=16965"},"modified":"2023-09-08T12:30:54","modified_gmt":"2023-09-08T10:30:54","slug":"egyeni-vallalkozas-inditasa-2022","status":"publish","type":"post","link":"https:\/\/www.minicrm.hu\/blog\/2022\/04-11\/egyeni-vallalkozas-inditasa-2022\/","title":{"rendered":"Egy\u00e9ni v\u00e1llalkoz\u00e1s ind\u00edt\u00e1sa &#8211; erre kell \u00fcgyelned 2022-ben"},"content":{"rendered":"<p>Sz\u00e1mos oka lehet, ami\u00e9rt \u00fagy d\u00f6ntesz, hogy szak\u00edtasz az alkalmazotti l\u00e9ttel, \u00e9s saj\u00e1t v\u00e1llalkoz\u00e1s ind\u00edt\u00e1s\u00e1ra adod a fejed. Tal\u00e1n az anyagiak miatt hozod meg a d\u00f6nt\u00e9st, vagy \u00e9ppen bizony\u00edt\u00e1si v\u00e1gyb\u00f3l, esetleg az\u00e9rt, mert komoly amb\u00edci\u00f3id vannak. Ak\u00e1rmi is \u00e1ll a h\u00e1tt\u00e9rben, a m\u0171k\u00f6d\u00e9si forma kiv\u00e1laszt\u00e1sa kulcsk\u00e9rd\u00e9s. Ha \u00fagy \u00e9rzed, hogy a bt., a kft., pl\u00e1ne a r\u00e9szv\u00e9nyt\u00e1rsas\u00e1g kezd\u00e9snek t\u00fal nagy falat lenne, akkor az egy\u00e9ni v\u00e1llalkoz\u00e1sban \u00e9rdemes gondolkodnod.<\/p>\n<p>Ann\u00e1l is ink\u00e1bb, hiszen ez ebben az esetben is sz\u00e1mos lehet\u0151s\u00e9g \u00e1ll el\u0151tted az ad\u00f3z\u00e1s vagy \u00e9ppen az alkalmazottak ter\u00e9n. Ahhoz azonban, hogy id\u00e1ig eljuss, el\u0151sz\u00f6r be kell ind\u00edtanod a mag\u00e1nv\u00e1llalkoz\u00e1sodat. Ebben ny\u00fajtunk seg\u00edts\u00e9get aktu\u00e1lis blogbejegyz\u00e9s\u00fcnkben, amiben megismerheted az egy\u00e9ni v\u00e1llalkoz\u00e1s felt\u00e9teleit \u00e9s az indul\u00e1s l\u00e9p\u00e9seit.<\/p>\n<p><!--more--><\/p>\n<h2>Ki lehet egy\u00e9ni v\u00e1llalkoz\u00f3, \u00e9s mikor nem j\u00f6het sz\u00f3ba ez a forma?<\/h2>\n<p>Miel\u0151tt elrohann\u00e1l a NAV-hoz vagy bel\u00e9pn\u00e9l az \u00fcgyf\u00e9lkapuba, el\u0151sz\u00f6r is vizsg\u00e1ld meg, hogy egy\u00e1ltal\u00e1n el\u00e9rhet\u0151-e sz\u00e1modra az egy\u00e9ni v\u00e1llalkoz\u00e1s alap\u00edt\u00e1sa. A jogszab\u00e1lyok igencsak megenged\u0151k ebben az esetben, vagyis csak nagyon kev\u00e9s kiz\u00e1r\u00f3 ok l\u00e9tezik. Ami a szem\u00e9lyi felt\u00e9teleket illet, a legfontosabb az, hogy tizennyolc \u00e9vesn\u00e9l id\u0151sebbnek kell lenned.<\/p>\n<p>Egy\u00e9ni v\u00e1llalkoz\u00f3 nemcsak akkor lehetsz, ha magyar \u00e1llampolg\u00e1r vagy. B\u00e1rmilyen EU-s \u00e1llampolg\u00e1rs\u00e1g megteszi, s\u0151t harmadik orsz\u00e1g polg\u00e1rak\u00e9nt is v\u00e1llalkozhatsz, ha van tart\u00f3zkod\u00e1si enged\u00e9lyed. Kiz\u00e1r\u00f3 ok ugyanakkor, ha egy\u00e9ni c\u00e9g vagy egy gazdas\u00e1gi t\u00e1rsas\u00e1g korl\u00e1tlanul felel\u0151s tagja vagy. Bizonyos esetekben pedig a b\u00fcntetett el\u0151\u00e9let is stop t\u00e1bl\u00e1t jelent.<\/p>\n<p>A szem\u00e9lyi felt\u00e9telek mellett a <a href=\"https:\/\/www.minicrm.hu\/blog\/2022\/11-09\/vallalkozas-inditasa-jog-2023\/\" target=\"_blank\" rel=\"noopener\">jogszab\u00e1lyok arr\u00f3l is rendelkeznek<\/a>, hogy milyen tev\u00e9kenys\u00e9gek nem v\u00e9gezhet\u0151k egy\u00e9ni v\u00e1llalkoz\u00f3k\u00e9nt. Ezek az al\u00e1bbiak:<\/p>\n<ul>\n<li>K\u00f6zjegyz\u0151<\/li>\n<li>\u00d6n\u00e1ll\u00f3 b\u00edr\u00f3s\u00e1gi v\u00e9grehajt\u00f3<\/li>\n<li>\u0150stermel\u0151<\/li>\n<li>Szabadalmi \u00fcgyviv\u0151<\/li>\n<li>Szolg\u00e1ltat\u00f3 \u00e1llatorvos<\/li>\n<li><a href=\"https:\/\/www.minicrm.hu\/blog\/2023\/09-08\/ugyvedi-iroda-crm\/\" target=\"_blank\" rel=\"noopener\">\u00dcgyv\u00e9d<\/a><\/li>\n<\/ul>\n<h2>Milyen felt\u00e9telekkel m\u0171k\u00f6dhet egy saj\u00e1t v\u00e1llalkoz\u00e1s?<\/h2>\n<p>Az egy\u00e9ni v\u00e1llalkoz\u00e1shoz sz\u00fcks\u00e9ges v\u00e9gzetts\u00e9g k\u00e9rd\u00e9se mindig felmer\u00fcl: nos, val\u00f3ban vannak olyan tev\u00e9kenys\u00e9gek, melyekhez a megfelel\u0151 szakk\u00e9pes\u00edt\u00e9s bemutat\u00e1sa kell.<a href=\"https:\/\/www.minicrm.hu\/blog\/2023\/06-15\/ingatlaniroda-crm\/\" target=\"_blank\" rel=\"noopener\"> Ilyen p\u00e9ld\u00e1ul az ingatlank\u00f6zvet\u00edt\u00e9s<\/a>, az ad\u00f3-szaktan\u00e1csad\u00e1s vagy a k\u00f6nyvel\u00e9s. \u00c9rdemes a Magyar Kereskedelmi \u00e9s Iparkamara oldal\u00e1t haszn\u00e1lni, ahol b\u00e1rmilyen tev\u00e9kenys\u00e9gre r\u00e1kereshetsz, \u00e9s ellen\u0151rizheted a sz\u00fcks\u00e9ges v\u00e9gzetts\u00e9get.<\/p>\n<p>A j\u00f3 h\u00edr ezek ut\u00e1n az, hogy akkor sincs minden veszve, ha neked nincs meg az el\u0151\u00edrt k\u00e9pes\u00edt\u00e9sed. Alkalmazhatsz ugyanis olyan embert (igen, egy\u00e9ni v\u00e1llalkoz\u00f3k\u00e9nt is lehet alkalmazottad), akinek megvannak a pap\u00edrjai. K\u00e9t dologra kell \u00fcgyelned: a foglalkoztat\u00e1snak hat\u00e1rozatlan id\u0151re kell sz\u00f3lnia, a koll\u00e9g\u00e1nak pedig szem\u00e9lyesen is r\u00e9szt kell vennie a tev\u00e9kenys\u00e9gben. L\u00e9nyeges el\u0151\u00edr\u00e1s az is, hogy az egy\u00e9ni v\u00e1llalkoz\u00e1s fenn\u00e1ll\u00e1sa sor\u00e1n mindv\u00e9gig meg kell felelni a szakk\u00e9pes\u00edt\u00e9si k\u00f6vetelm\u00e9nyeknek.<\/p>\n<p>Egy\u00e9ni v\u00e1llalkoz\u00f3k\u00e9nt nemcsak alkalmazottad lehet, de ak\u00e1r t\u00f6bb tev\u00e9kenys\u00e9get is v\u00e9gezhetsz, ak\u00e1r t\u00f6bb telephelyen is. Azonban csak \u00f3vatosan: minden egyes telephely eset\u00e9ben megk\u00f6vetelik a v\u00e9gzetts\u00e9get! V\u00e9g\u00fcl m\u00e9g egy fontos dolog az egy\u00e9ni v\u00e1llalkoz\u00e1s kapcs\u00e1n: a tev\u00e9kenys\u00e9gedb\u0151l ered\u0151 k\u00f6telezetts\u00e9geid\u00e9rt a teljes vagyonoddal felelsz.<\/p>\n<p><img loading=\"lazy\" decoding=\"async\" onerror=\"this.src='https:\/\/minicrm-wp-hu.s3.amazonaws.com\/uploads\/2021\/04\/MC_logo_2021_G-Dark.svg'\" class=\"aligncenter size-large wp-image-16995\" src=\"https:\/\/minicrm-wp-hu.s3.amazonaws.com\/uploads\/2022\/04\/egyeni_vallalkozo04-603x402.jpeg\" alt=\"\" width=\"603\" height=\"402\" srcset=\"https:\/\/minicrm-wp-hu.s3.amazonaws.com\/uploads\/2022\/04\/egyeni_vallalkozo04-603x402.jpeg 603w, https:\/\/minicrm-wp-hu.s3.amazonaws.com\/uploads\/2022\/04\/egyeni_vallalkozo04-300x200.jpeg 300w, https:\/\/minicrm-wp-hu.s3.amazonaws.com\/uploads\/2022\/04\/egyeni_vallalkozo04-768x512.jpeg 768w, https:\/\/minicrm-wp-hu.s3.amazonaws.com\/uploads\/2022\/04\/egyeni_vallalkozo04-1536x1024.jpeg 1536w, https:\/\/minicrm-wp-hu.s3.amazonaws.com\/uploads\/2022\/04\/egyeni_vallalkozo04-2048x1365.jpeg 2048w, https:\/\/minicrm-wp-hu.s3.amazonaws.com\/uploads\/2022\/04\/egyeni_vallalkozo04-1200x800.jpeg 1200w, https:\/\/minicrm-wp-hu.s3.amazonaws.com\/uploads\/2022\/04\/egyeni_vallalkozo04-scaled.jpeg 1920w\" sizes=\"auto, (max-width: 603px) 100vw, 603px\" \/><\/p>\n<h2>Egy\u00e9ni v\u00e1llalkoz\u00e1s ind\u00edt\u00e1sa l\u00e9p\u00e9sr\u0151l l\u00e9p\u00e9sre &#8211; \u00edgy lesz z\u00f6kken\u0151mentes a folyamat<\/h2>\n<h3>\u00dcgyf\u00e9lkapu<\/h3>\n<p>Az egy\u00e9ni v\u00e1llalkoz\u00e1s ind\u00edt\u00e1sa 2022-ben nem egy bonyolult feladat, \u00e9s ak\u00e1r teljesen online is v\u00e9gezheted. Ehhez persze \u00dcgy\u00e9lkapu-fi\u00f3kra van sz\u00fcks\u00e9ged, an\u00e9lk\u00fcl nem fog menni. Ha m\u00e9g nem regisztr\u00e1lt\u00e1l (vagy ink\u00e1bb szem\u00e9lyesen szeretn\u00e9l int\u00e9zkedni), akkor egy NAV-\u00fcgyf\u00e9lszolg\u00e1latra kell elf\u00e1radnod.<\/p>\n<h3>Tev\u00e9kenys\u00e9gi k\u00f6r<\/h3>\n<p>Az \u00fcgyf\u00e9lkapus egy\u00e9ni v\u00e1llalkoz\u00e1s ind\u00edt\u00e1s nem k\u00fcl\u00f6nb\u00f6zik a szem\u00e9lyest\u0151l, hiszen ugyanazokat az adatokat fogj\u00e1k k\u00e9rni. El\u0151sz\u00f6r is azt, hogy milyen tev\u00e9kenys\u00e9get, tev\u00e9kenys\u00e9geket szeretn\u00e9l v\u00e9gezni. <a href=\"https:\/\/www.szakmakod.hu\">A szakmak\u00f3dokat ezen a linken tal\u00e1lod<\/a>, n\u00e9zd \u00e1t alaposan, hogy miket szeretn\u00e9l felvenni. Ha k\u00e9s\u0151bb m\u00e9g m\u00e1s tev\u00e9kenys\u00e9geket is felvenn\u00e9l, semmi gond: mindez p\u00e1r kattint\u00e1s az \u00dcgy\u00e9lkapuban.<\/p>\n<h3>Sz\u00e9khely<\/h3>\n<p><a href=\"https:\/\/www.minicrm.hu\/blog\/2022\/06-09\/bt-alapitas-lepesrol-lepesre-a-leggyakoribb-kerdesek-es-valaszok\/\">Ak\u00e1rcsak a bet\u00e9ti t\u00e1rsas\u00e1g<\/a> vagy a kft. eset\u00e9ben, az egy\u00e9ni v\u00e1llalkoz\u00f3 sz\u00e9khely\u00e9nek megad\u00e1sa is k\u00f6telez\u0151 elem. Ha van a saj\u00e1t birtokodban ingatlan, akkor lehet az a sz\u00e9khely. Amennyiben viszont b\u00e9rled a l\u00e9tes\u00edtm\u00e9nyt (ak\u00e1r a lak\u00e1sodat), \u00edr\u00e1sos enged\u00e9lyre lesz sz\u00fcks\u00e9ged a tulajdonost\u00f3l. A telephely megad\u00e1sa nem k\u00f6telez\u0151, \u00e9s &#8211; ahogy m\u00e1r eml\u00edtett\u00fck &#8211; ak\u00e1r t\u00f6bb is lehet bel\u0151le.<\/p>\n<h3>\u00c1f\u00e1s vagy alanyi ad\u00f3mentes<\/h3>\n<p>Az egyik legnagyobb dilemm\u00e1t az \u00e1famentess\u00e9g szokta okozni a v\u00e1llalkoz\u00e1s elind\u00edt\u00e1s\u00e1n\u00e1l. Az alanyi ad\u00f3mentess\u00e9ggel \u00e9vi 12 milli\u00f3 forintig nem kell \u00e1f\u00e1t fizetned, ha viszont ezt \u00e1tl\u00e9ped, automatikusan \u00e1fak\u00f6rbe ker\u00fclsz. F\u0151leg kezd\u0151k\u00e9nt \u00e9rdemes a KATA-s v\u00e1llalkoz\u00e1s mellett d\u00f6ntened, \u00e9s akkor, ha a tev\u00e9kenys\u00e9ged nem j\u00e1r komoly k\u00f6lts\u00e9gekkel.<\/p>\n<h3>Munkav\u00e9gz\u00e9s jellege: F\u0151foglalkoz\u00e1sk\u00e9nt vagy heti 36 \u00f3r\u00e1t el\u00e9r\u0151 munkaviszony mellett<\/h3>\n<p>A folyamat sor\u00e1n arr\u00f3l is d\u00f6nt\u00e9st kell hoznod, hogy az egy\u00e9ni v\u00e1llalkoz\u00e1sodban f\u0151- vagy m\u00e1sod\u00e1ll\u00e1sban dolgozol majd. Ha van heti 36 \u00f3r\u00e1t el\u00e9r\u0151 munkaviszonyod vagy nappali tagozatos hallgat\u00f3, esetleg nyugd\u00edjas vagy, akkor a m\u00e1sod\u00e1ll\u00e1st is v\u00e1laszthatod. Ebben az esetben KATA-sk\u00e9nt nem 50, hanem 25 ezer forintot kell utalnod minden h\u00f3napban az ad\u00f3hat\u00f3s\u00e1gnak.*<\/p>\n<h3>K\u00f6z\u00f6ss\u00e9gi ad\u00f3sz\u00e1m ig\u00e9nyl\u00e9se: ha k\u00fclf\u00f6ldre is sz\u00e1ml\u00e1zol<\/h3>\n<p>A k\u00f6z\u00f6ss\u00e9gi ad\u00f3sz\u00e1m ig\u00e9nyl\u00e9s\u00e9t akkor pip\u00e1lt be az online rendszerben, ha v\u00e1rhat\u00f3an nemcsak magyar, hanem eur\u00f3pai \u00fcgyfeleid is lesznek. Az EU ad\u00f3sz\u00e1m sz\u00e1mos esetben k\u00f6telez\u0151, de ne agg\u00f3j: az egy\u00e9ni v\u00e1llalkoz\u00e1sod \u00e9letre h\u00edv\u00e1sa ut\u00e1n is b\u00e1rmikor k\u00e9rv\u00e9nyezheted.<\/p>\n<h3>Egy\u00e9ni v\u00e1llalkoz\u00f3 ad\u00f3sz\u00e1ma<\/h3>\n<p>Ha v\u00e9gezt\u00e9l az online regisztr\u00e1ci\u00f3val, m\u00e1r csak v\u00e1rnod kell. A NAV elb\u00edr\u00e1lja a k\u00e9relmed, \u00e9s ha mindent rendben tal\u00e1lnak, k\u00fcldenek egy r\u00e9szletes t\u00e1j\u00e9koztat\u00f3t, amiben minden fontos adatot megtal\u00e1lsz majd &#8211; k\u00f6zt\u00fck az ad\u00f3sz\u00e1modat. Ez a sz\u00e1m nem azonos az ad\u00f3azonos\u00edt\u00f3 jeleddel!<\/p>\n<h3>Kamarai regisztr\u00e1ci\u00f3<\/h3>\n<p>A v\u00e1llalkoz\u00e1sod bejegyz\u00e9se ut\u00e1n \u00f6t napod van, hogy a sz\u00e9khelyed szerint illet\u00e9kes kereskedelmi \u00e9s iparkamar\u00e1n\u00e1l is regisztr\u00e1lj. Ezt is elv\u00e9gezheted online, \u00e9s mind\u00f6ssze p\u00e1r adat kell hozz\u00e1: az ad\u00f3sz\u00e1mod, a szem\u00e9lyes adataid, a sz\u00e9khelyed \u00e9s a banksz\u00e1mlasz\u00e1mod. A kamarai tags\u00e1gi d\u00edj 5000 forint minden \u00e9vben.<\/p>\n<h3>Ipar\u0171z\u00e9si ad\u00f3<\/h3>\n<p>Az \u00f6nkorm\u00e1nyzatn\u00e1l is jelezned kell &#8211; szem\u00e9lyesen vagy a neten -,hogy v\u00e1llalkoz\u00e1st ind\u00edtott\u00e1l. Lev\u00e9lben fognak t\u00e1j\u00e9koztatni, hogy milyen m\u00f3don \u00e9s pontosan mennyi ipar\u0171z\u00e9si ad\u00f3t (IPA) kell fizetned.<\/p>\n<h3>Sz\u00e1ml\u00e1z\u00f3program<\/h3>\n<p>T\u00f6rv\u00e9ny \u00e9ppen nem tiltja, hogy hagyom\u00e1nyos pap\u00edr alap\u00fa sz\u00e1ml\u00e1t haszn\u00e1lj, a j\u00f3zan \u00e9sz azonban ink\u00e1bb a sz\u00e1ml\u00e1z\u00f3programokra szavaz. Az ilyen szoftverek &#8211; melyek k\u00f6z\u00f6tt ingyeneseket is tal\u00e1lsz &#8211; k\u00e9nyelmesebbek, gyorsabbak \u00e9s cs\u00f6kkentik a hib\u00e1z\u00e1s lehet\u0151s\u00e9g\u00e9t. A sz\u00e1ml\u00e1z\u00f3programot regisztr\u00e1lnod kell a NAV-n\u00e1l, onnant\u00f3l pedig \u0151k is automatikusan megkapj\u00e1n minden sz\u00e1mla adat\u00e1t.<\/p>\n<h3>Banksz\u00e1mla<\/h3>\n<p>Alanyi ad\u00f3mentesk\u00e9nt vagy KATA-sk\u00e9nt a lakoss\u00e1gi banksz\u00e1ml\u00e1dat is haszn\u00e1lhatod a c\u00e9gben. Ez k\u00e9ts\u00e9gk\u00edv\u00fcl k\u00e9nyelmes, de egyben azt is jelenti, hogy a mag\u00e1nvagyonod \u00e9s a c\u00e9g p\u00e9nze nem v\u00e1lik el egym\u00e1st\u00f3l. K\u00f6nnyen lehet, hogy jobban j\u00e1rsz egy k\u00fcl\u00f6n sz\u00e1ml\u00e1val, amit csak a v\u00e1llalkoz\u00e1sodhoz haszn\u00e1lsz. Ha pedig \u00e1f\u00e1s vagy, k\u00f6telez\u0151 a c\u00e9ges sz\u00e1mla megl\u00e9te.<\/p>\n<h3>K\u00f6nyvel\u0151<\/h3>\n<p>A k\u00f6nyvel\u0151 ak\u00e1r a v\u00e1llalkoz\u00e1s ind\u00edt\u00e1s\u00e1t is k\u00e9pes egy az egyben elint\u00e9zni helyetted, \u00e9s k\u00e9s\u0151bb is seg\u00edthet eligazodni az ad\u00f3z\u00e1s vil\u00e1g\u00e1ban. Ugyanakkor az is t\u00e9ny, hogy egy egy\u00e9ni v\u00e1llalkoz\u00f3 ad\u00f3z\u00e1sa nem kifejezetten bonyolult, f\u0151leg, ha nem bajl\u00f3dsz \u00e1f\u00e1val. A k\u00f6nyvel\u0151 teh\u00e1t fakultat\u00edv: ha biztosra akarsz menni, ink\u00e1bb b\u00edzz meg egy szakembert.<\/p>\n<h2>Milyen k\u00f6lts\u00e9gei vannak az egy\u00e9ni v\u00e1llalkoz\u00e1snak?<\/h2>\n<p>Az egy\u00e9ni v\u00e1llalkoz\u00e1s ind\u00edt\u00e1sa d\u00edj- \u00e9s illet\u00e9kmentes, ezen a t\u00e9ren teh\u00e1t semmilyen k\u00f6lts\u00e9ggel nem kell sz\u00e1molnod. Persze, ha k\u00f6nyvel\u0151re b\u00edzod a dolgot, akkor n\u00e9h\u00e1ny t\u00edzezer forinttal sz\u00e1molnod kell. Amikor m\u00e1r m\u0171k\u00f6dik a c\u00e9ged, fix k\u00f6lts\u00e9gekre sz\u00e1m\u00edthatsz. Ahogy m\u00e1r eml\u00edtett\u00fck, minden \u00e9vben 5000 forintot kell fizetned az iparkamar\u00e1nak.<\/p>\n<p>KATA-s v\u00e1llalkoz\u00f3k\u00e9nt t\u00e9teles ad\u00f3z\u00e1s v\u00e1r r\u00e1d, az \u00f6sszegek pedig \u00edgy alakulnak majd:**<\/p>\n<ul>\n<li>Ha m\u00e1sod\u00e1ll\u00e1sban vagy v\u00e1llalkoz\u00f3: 25 000 Ft\/h\u00f3<\/li>\n<li>Ha f\u0151\u00e1ll\u00e1sban vagy v\u00e1llalkoz\u00f3: 50 000 Ft\/h\u00f3<\/li>\n<li>Ha magasabb nyugd\u00edjalapot szeretn\u00e9l: 75 000 Ft\/h\u00f3<\/li>\n<\/ul>\n<p>Az ipar\u0171z\u00e9si ad\u00f3 m\u00e9rt\u00e9ke minden \u00f6nkorm\u00e1nyzat eset\u00e9ben m\u00e1s \u00e9s m\u00e1s, de jellemz\u0151en \u00e9vi p\u00e1r t\u00edzezer forint k\u00f6r\u00fcl mozog. A k\u00f6nyvel\u0151k tipikusan havi 5-15 ezer forint\u00e9rt dolgoznak, a nem ingyenes sz\u00e1ml\u00e1z\u00f3programok pedig havi 2-3000 forint kiad\u00e1s jelentenek.<\/p>\n<p>\u00d6sszess\u00e9g\u00e9ben &#8211; \u00e9s lebontva &#8211; teh\u00e1t havi kb. 40-100 ezer forint k\u00f6lts\u00e9ge van egy egy\u00e9ni v\u00e1llalkoz\u00e1snak.<\/p>\n<p><img loading=\"lazy\" decoding=\"async\" onerror=\"this.src='https:\/\/minicrm-wp-hu.s3.amazonaws.com\/uploads\/2021\/04\/MC_logo_2021_G-Dark.svg'\" class=\"aligncenter size-large wp-image-16986\" src=\"https:\/\/minicrm-wp-hu.s3.amazonaws.com\/uploads\/2022\/04\/egyeni_vallalkozo01-602x402.jpeg\" alt=\"\" width=\"602\" height=\"402\" srcset=\"https:\/\/minicrm-wp-hu.s3.amazonaws.com\/uploads\/2022\/04\/egyeni_vallalkozo01-602x402.jpeg 602w, https:\/\/minicrm-wp-hu.s3.amazonaws.com\/uploads\/2022\/04\/egyeni_vallalkozo01-300x200.jpeg 300w, https:\/\/minicrm-wp-hu.s3.amazonaws.com\/uploads\/2022\/04\/egyeni_vallalkozo01-768x513.jpeg 768w, https:\/\/minicrm-wp-hu.s3.amazonaws.com\/uploads\/2022\/04\/egyeni_vallalkozo01-1536x1025.jpeg 1536w, https:\/\/minicrm-wp-hu.s3.amazonaws.com\/uploads\/2022\/04\/egyeni_vallalkozo01-2048x1367.jpeg 2048w, https:\/\/minicrm-wp-hu.s3.amazonaws.com\/uploads\/2022\/04\/egyeni_vallalkozo01-1200x801.jpeg 1200w, https:\/\/minicrm-wp-hu.s3.amazonaws.com\/uploads\/2022\/04\/egyeni_vallalkozo01-scaled.jpeg 1917w\" sizes=\"auto, (max-width: 602px) 100vw, 602px\" \/><\/p>\n<h2>Mikor \u00e9ri meg KATA-s v\u00e1llalkoz\u00e1st ind\u00edtani?<\/h2>\n<p>A KATA-s egy\u00e9ni v\u00e1llalkoz\u00e1sr\u00f3l m\u00e1s sok sz\u00f3 esett eddig is. De vajon mikor sz\u00e1m\u00edt j\u00f3 v\u00e1laszt\u00e1snak ez az ad\u00f3z\u00e1si forma? Nos, legink\u00e1bb akkor, ha a v\u00e1rhat\u00f3 \u00e9ves bev\u00e9teled nem haladja meg a 12 milli\u00f3 forintot***. Ha ugyanis ez m\u00e9gis megt\u00f6rt\u00e9nne, a t\u00f6bblet ut\u00e1n 40%-os ad\u00f3t kell fizetned. \u00cdgy pedig m\u00e1r el is illan a KATA minden el\u0151nye. A KATA-ban ugyanis az a legjobb, hogy havi fix \u00f6sszeggel letudsz mindent: a j\u00e1rul\u00e9kot, az eg\u00e9szs\u00e9g\u00fcgyi hozz\u00e1j\u00e1rul\u00e1st vagy \u00e9ppen a szem\u00e9lyi j\u00f6vedelemad\u00f3t.<\/p>\n<p>Term\u00e9szetesen a kisad\u00f3z\u00f3 v\u00e1llalkoz\u00e1sok t\u00e9teles ad\u00f3j\u00e1nak is vannak h\u00e1tr\u00e1nyai. Ha a term\u00e9kednek, szolg\u00e1ltat\u00e1sodnak magas az anyagk\u00f6lts\u00e9ge, \u00e9s ezeket is az \u00fcgyfeleknek sz\u00e1ml\u00e1zod, pillanatok alatt el\u00e9rheted a limitet. Arra is \u00fcgyelned kell, hogy egy megb\u00edz\u00f3nak egy \u00e9vben maximum 3 milli\u00f3 forintot sz\u00e1ml\u00e1zhatsz. Amennyiben ezt t\u00fall\u00e9pitek, a megrendel\u0151nek kell 40%-os ad\u00f3t fizetni a t\u00f6bbletre.<\/p>\n<h2>Sz\u00fcks\u00e9ge van-e egy egy\u00e9ni v\u00e1llalkoz\u00f3nak CRM-re?<\/h2>\n<h3>\u00dcgyes \u00fcgyf\u00e9lkezel\u00e9s<\/h3>\n<p>Az \u00fcgyf\u00e9lkapcsolat-kezel\u0151 rendszer (CRM) kapcs\u00e1n k\u00f6zkelet\u0171 t\u00e9vhit, hogy csak nagy c\u00e9geknek val\u00f3. A val\u00f3s\u00e1g ezzel szemben az, hogy b\u00e1rmilyen m\u00e9ret\u0171 v\u00e1llalkoz\u00e1sn\u00e1l bev\u00e1lhat &#8211; ak\u00e1r egy egy\u00e9ni v\u00e1llalkoz\u00f3n\u00e1l is. Hiszen az egy\u00e9ni v\u00e1llalkoz\u00e1s c\u00edmke nem mond el semmit a m\u00e9retr\u0151l \u00e9s a m\u0171k\u00f6d\u00e9sr\u0151l. Egy mag\u00e1nv\u00e1llalkoz\u00e1snak ak\u00e1rmekkora bev\u00e9tele, ak\u00e1rh\u00e1ny alkalmazottja \u00e9s b\u00e1rmekkora \u00fcgyf\u00e9lk\u00f6re lehet.<\/p>\n<p>A sok \u00fcgyf\u00e9l pedig tonn\u00e1nyi adatot jelent: el\u00e9rhet\u0151s\u00e9g, kapcsolattart\u00f3, sz\u00e1ml\u00e1z\u00e1si adatok, el\u0151zm\u00e9nyek \u00e9s j\u00f6v\u0151beni feladatok. <a href=\"https:\/\/www.minicrm.hu\/tour\/account-management\/?utm_source=blog&amp;utm_medium=web&amp;utm_campaign=direct&amp;utm_content=blog_20220411\">A profi \u00fcgyf\u00e9lkezel\u00e9s<\/a> egy egy\u00e9ni v\u00e1llalkoz\u00f3 mindennapjait is megk\u00f6nny\u00edti: nincs t\u00f6bb elfelejtett e-mail, telefon vagy a k\u00f6dbe vesz\u0151 feladat. A megrendel\u0151id, \u00fcgyfeleid is \u00e9rt\u00e9kelni fogj\u00e1k, hogy mindig k\u00e9pben vagy, \u00e9s nem kell sz\u00e1zadszor is elmondaniuk, hogy miben maradtatok kor\u00e1bban.<\/p>\n<p><img loading=\"lazy\" decoding=\"async\" onerror=\"this.src='https:\/\/minicrm-wp-hu.s3.amazonaws.com\/uploads\/2021\/04\/MC_logo_2021_G-Dark.svg'\" class=\"aligncenter size-large wp-image-16974\" src=\"https:\/\/minicrm-wp-hu.s3.amazonaws.com\/uploads\/2022\/04\/minicrm_ugyfelkezeles-474x402.png\" alt=\"\" width=\"474\" height=\"402\" srcset=\"https:\/\/minicrm-wp-hu.s3.amazonaws.com\/uploads\/2022\/04\/minicrm_ugyfelkezeles-474x402.png 474w, https:\/\/minicrm-wp-hu.s3.amazonaws.com\/uploads\/2022\/04\/minicrm_ugyfelkezeles-300x254.png 300w, https:\/\/minicrm-wp-hu.s3.amazonaws.com\/uploads\/2022\/04\/minicrm_ugyfelkezeles-768x651.png 768w, https:\/\/minicrm-wp-hu.s3.amazonaws.com\/uploads\/2022\/04\/minicrm_ugyfelkezeles.png 866w\" sizes=\"auto, (max-width: 474px) 100vw, 474px\" \/><\/p>\n<h3>Sablonmegold\u00e1sok<\/h3>\n<p>Akinek \u00fcgyfelei vannak, kommunik\u00e1lnia is kell vel\u00fck. Ki kell k\u00fcldeni a sz\u00e1ml\u00e1t, az \u00e1raj\u00e1nlatot, kezelni kell az esetleges panaszokat \u00e9s m\u00e9g sorolhatn\u00e1nk. Minden egyes alkalommal k\u00e9zzel meg\u00edrni ugyanazt az e-mailt vagy SMS-t igencsak f\u00e1raszt\u00f3 \u00e9s id\u0151ig\u00e9nyes.<a href=\"https:\/\/www.minicrm.hu\/blog\/2012\/05-14\/dokumentum-sablon-es-emailkezeles\/\"> A MiniCRM-ben sablonokat hozhatsz l\u00e9tre<\/a> (e-mail, feladat, SMS, dokumentum), \u00edgy az ism\u00e9tl\u0151d\u0151 teend\u0151k szinte magukt\u00f3l m\u0171k\u00f6dnek majd.<\/p>\n<p>Ugyanezt megteheted a sz\u00e1ml\u00e1kkal is.<a href=\"https:\/\/www.minicrm.hu\/tour\/invoicing\/?utm_source=blog&amp;utm_medium=web&amp;utm_campaign=direct&amp;utm_content=blog_20220411\"> A MiniCRM be\u00e9p\u00edtett sz\u00e1ml\u00e1z\u00f3ja<\/a> mindent tud, amit egy ilyen programt\u00f3l elv\u00e1rn\u00e1l, s\u0151t egy kicsit t\u00f6bbet is. Az ugyanannak a vev\u0151nek, ugyanakkora \u00f6sszeggel ki\u00e1ll\u00edtott sz\u00e1ml\u00e1t a rendszer automatikusan ki\u00e1ll\u00edtja \u00e9s kik\u00fcldi. A sablonokkal pedig b\u00e1rmilyen sz\u00e1mla elk\u00e9sz\u00edt\u00e9se egy pillanat m\u0171vel. Ez egy egy\u00e9ni v\u00e1llalkoz\u00f3 \u00e9let\u00e9ben is sok-sok megsp\u00f3rolt munka\u00f3r\u00e1t jelent.<\/p>\n<p>\u00c9rdemes teh\u00e1t az egy\u00e9ni v\u00e1llalkoz\u00e1s ind\u00edt\u00e1sa ut\u00e1n azonnal kipr\u00f3b\u00e1lnod a <a href=\"https:\/\/www.minicrm.hu\/signup\/try\/?utm_source=blog&amp;utm_medium=web&amp;utm_campaign=direct&amp;utm_content=blog_20220411\">MiniCRM ingyenes 14 napos pr\u00f3baverzi\u00f3j\u00e1t.<\/a> Ezzel semmilyen k\u00f6telezetts\u00e9get nem v\u00e1llalsz, csup\u00e1n kipr\u00f3b\u00e1lhatod, mik\u00e9nt v\u00e1lna be n\u00e1lad egy ilyen szoftver. Ha pedig megtetszik, \u00e9s megveszed a programot, t\u0151l\u00fcnk minden seg\u00edts\u00e9get megkapsz, hogy a CRM val\u00f3ban a hasznodra v\u00e1ljon.<\/p>\n<p><em>Friss\u00edt\u00e9sek a <a href=\"https:\/\/magyarkozlony.hu\/dokumentumok\/b0cf1960500113f7be79141585b6114944b080ac\/megtekintes\">2022. j\u00falius 18-\u00e1n elfogadott t\u00f6rv\u00e9nym\u00f3dos\u00edt\u00e1s<\/a> alapj\u00e1n, melyek 2022. szeptember 1-t\u0151l \u00e9rv\u00e9nyesek:<\/em><\/p>\n<p><em>* A kat\u00e1s ad\u00f3z\u00e1s csakis f\u0151\u00e1ll\u00e1sban lehets\u00e9ges. A mell\u00e9k\u00e1ll\u00e1s\u00fa kata megsz\u0171nik.<\/em><\/p>\n<p><em>** Csak a f\u0151\u00e1ll\u00e1s\u00f3 kata marad meg, vagyis mindenki egys\u00e9gesen havi 50 000 Ft-ot fizet.<\/em><\/p>\n<p><em>***Az ad\u00f3z\u00e1s bev\u00e9teli hat\u00e1ra \u00e9vi 12 milli\u00f3r\u00f3l 18 milli\u00f3 forintra n\u0151.<\/em><\/p>\n","protected":false},"excerpt":{"rendered":"<p>Sz\u00e1mos oka lehet, ami\u00e9rt \u00fagy d\u00f6ntesz, hogy szak\u00edtasz az alkalmazotti l\u00e9ttel, \u00e9s saj\u00e1t v\u00e1llalkoz\u00e1s ind\u00edt\u00e1s\u00e1ra adod a fejed. Tal\u00e1n az anyagiak miatt hozod meg a d\u00f6nt\u00e9st, vagy \u00e9ppen bizony\u00edt\u00e1si v\u00e1gyb\u00f3l, esetleg az\u00e9rt, mert komoly amb\u00edci\u00f3id vannak. Ak\u00e1rmi is \u00e1ll a h\u00e1tt\u00e9rben, a m\u0171k\u00f6d\u00e9si forma kiv\u00e1laszt\u00e1sa kulcsk\u00e9rd\u00e9s. Ha \u00fagy \u00e9rzed, hogy a bt., a kft., pl\u00e1ne [&hellip;]<\/p>\n","protected":false},"author":75,"featured_media":16980,"comment_status":"closed","ping_status":"closed","sticky":false,"template":"","format":"standard","meta":{"inline_featured_image":false,"footnotes":""},"categories":[28,376],"tags":[437,780,446,393],"class_list":["post-16965","post","type-post","status-publish","format-standard","has-post-thumbnail","hentry","category-cegvezetes","category-minicrm","tag-crm","tag-egyeni-vallalkozas","tag-minicrm","tag-szamlazo-program"],"yoast_head":"<!-- This site is optimized with the Yoast SEO plugin v27.1.1 - https:\/\/yoast.com\/product\/yoast-seo-wordpress\/ -->\n<title>Egy\u00e9ni v\u00e1llalkoz\u00e1s ind\u00edt\u00e1sa - erre kell \u00fcgyelned 2022-ben<\/title>\n<meta name=\"description\" content=\"Az egy\u00e9ni v\u00e1llalkoz\u00e1s ind\u00edt\u00e1s\u00e1t 2022-ben online is elv\u00e9gezheted. Cikk\u00fcnkben l\u00e9p\u00e9sr\u0151l l\u00e9p\u00e9sre bemutatjuk a folyamatot, hogy elker\u00fclhesd a buktat\u00f3kat.\" \/>\n<meta name=\"robots\" content=\"index, follow, max-snippet:-1, max-image-preview:large, max-video-preview:-1\" \/>\n<link rel=\"canonical\" href=\"https:\/\/www.minicrm.hu\/blog\/2022\/04-11\/egyeni-vallalkozas-inditasa-2022\/\" \/>\n<meta property=\"og:locale\" content=\"hu_HU\" \/>\n<meta property=\"og:type\" content=\"article\" \/>\n<meta property=\"og:title\" content=\"Egy\u00e9ni v\u00e1llalkoz\u00e1s ind\u00edt\u00e1sa - erre kell \u00fcgyelned 2022-ben\" \/>\n<meta property=\"og:description\" content=\"Az egy\u00e9ni v\u00e1llalkoz\u00e1s ind\u00edt\u00e1s\u00e1t 2022-ben online is elv\u00e9gezheted. Cikk\u00fcnkben l\u00e9p\u00e9sr\u0151l l\u00e9p\u00e9sre bemutatjuk a folyamatot, hogy elker\u00fclhesd a buktat\u00f3kat.\" \/>\n<meta property=\"og:url\" content=\"https:\/\/www.minicrm.hu\/blog\/2022\/04-11\/egyeni-vallalkozas-inditasa-2022\/\" \/>\n<meta property=\"og:site_name\" content=\"MiniCRM Blog\" \/>\n<meta property=\"article:published_time\" content=\"2022-04-11T12:10:53+00:00\" \/>\n<meta property=\"article:modified_time\" content=\"2023-09-08T10:30:54+00:00\" \/>\n<meta property=\"og:image\" content=\"https:\/\/minicrm-wp-hu.s3.amazonaws.com\/uploads\/2022\/04\/egyeni_vallalkozo02-scaled.jpeg\" \/>\n\t<meta property=\"og:image:width\" content=\"1919\" \/>\n\t<meta property=\"og:image:height\" content=\"1280\" \/>\n\t<meta property=\"og:image:type\" content=\"image\/jpeg\" \/>\n<meta name=\"author\" content=\"\u00c1kos Szelle\" \/>\n<meta name=\"twitter:label1\" content=\"Szerz\u0151:\" \/>\n\t<meta name=\"twitter:data1\" content=\"\u00c1kos Szelle\" \/>\n\t<meta name=\"twitter:label2\" content=\"Becs\u00fclt olvas\u00e1si id\u0151\" \/>\n\t<meta name=\"twitter:data2\" content=\"10 perc\" \/>\n<script type=\"application\/ld+json\" class=\"yoast-schema-graph\">{\"@context\":\"https:\/\/schema.org\",\"@graph\":[{\"@type\":\"Article\",\"@id\":\"https:\/\/www.minicrm.hu\/blog\/2022\/04-11\/egyeni-vallalkozas-inditasa-2022\/#article\",\"isPartOf\":{\"@id\":\"https:\/\/www.minicrm.hu\/blog\/2022\/04-11\/egyeni-vallalkozas-inditasa-2022\/\"},\"author\":{\"name\":\"\u00c1kos Szelle\",\"@id\":\"https:\/\/www.minicrm.hu\/blog\/#\/schema\/person\/f42c3023cd3a47a98325aacebe2f9b0f\"},\"headline\":\"Egy\u00e9ni v\u00e1llalkoz\u00e1s ind\u00edt\u00e1sa &#8211; erre kell \u00fcgyelned 2022-ben\",\"datePublished\":\"2022-04-11T12:10:53+00:00\",\"dateModified\":\"2023-09-08T10:30:54+00:00\",\"mainEntityOfPage\":{\"@id\":\"https:\/\/www.minicrm.hu\/blog\/2022\/04-11\/egyeni-vallalkozas-inditasa-2022\/\"},\"wordCount\":2538,\"publisher\":{\"@id\":\"https:\/\/www.minicrm.hu\/blog\/#organization\"},\"image\":{\"@id\":\"https:\/\/www.minicrm.hu\/blog\/2022\/04-11\/egyeni-vallalkozas-inditasa-2022\/#primaryimage\"},\"thumbnailUrl\":\"https:\/\/minicrm-wp-hu.s3.amazonaws.com\/uploads\/2022\/04\/egyeni_vallalkozo02-scaled.jpeg\",\"keywords\":[\"crm\",\"egy\u00e9ni v\u00e1llalkoz\u00e1s\",\"minicrm\",\"Sz\u00e1ml\u00e1z\u00f3 program\"],\"articleSection\":[\"C\u00e9gvezet\u00e9s\",\"MiniCRM\"],\"inLanguage\":\"hu\"},{\"@type\":\"WebPage\",\"@id\":\"https:\/\/www.minicrm.hu\/blog\/2022\/04-11\/egyeni-vallalkozas-inditasa-2022\/\",\"url\":\"https:\/\/www.minicrm.hu\/blog\/2022\/04-11\/egyeni-vallalkozas-inditasa-2022\/\",\"name\":\"Egy\u00e9ni v\u00e1llalkoz\u00e1s ind\u00edt\u00e1sa - erre kell \u00fcgyelned 2022-ben\",\"isPartOf\":{\"@id\":\"https:\/\/www.minicrm.hu\/blog\/#website\"},\"primaryImageOfPage\":{\"@id\":\"https:\/\/www.minicrm.hu\/blog\/2022\/04-11\/egyeni-vallalkozas-inditasa-2022\/#primaryimage\"},\"image\":{\"@id\":\"https:\/\/www.minicrm.hu\/blog\/2022\/04-11\/egyeni-vallalkozas-inditasa-2022\/#primaryimage\"},\"thumbnailUrl\":\"https:\/\/minicrm-wp-hu.s3.amazonaws.com\/uploads\/2022\/04\/egyeni_vallalkozo02-scaled.jpeg\",\"datePublished\":\"2022-04-11T12:10:53+00:00\",\"dateModified\":\"2023-09-08T10:30:54+00:00\",\"description\":\"Az egy\u00e9ni v\u00e1llalkoz\u00e1s ind\u00edt\u00e1s\u00e1t 2022-ben online is elv\u00e9gezheted. Cikk\u00fcnkben l\u00e9p\u00e9sr\u0151l l\u00e9p\u00e9sre bemutatjuk a folyamatot, hogy elker\u00fclhesd a buktat\u00f3kat.\",\"breadcrumb\":{\"@id\":\"https:\/\/www.minicrm.hu\/blog\/2022\/04-11\/egyeni-vallalkozas-inditasa-2022\/#breadcrumb\"},\"inLanguage\":\"hu\",\"potentialAction\":[{\"@type\":\"ReadAction\",\"target\":[\"https:\/\/www.minicrm.hu\/blog\/2022\/04-11\/egyeni-vallalkozas-inditasa-2022\/\"]}]},{\"@type\":\"ImageObject\",\"inLanguage\":\"hu\",\"@id\":\"https:\/\/www.minicrm.hu\/blog\/2022\/04-11\/egyeni-vallalkozas-inditasa-2022\/#primaryimage\",\"url\":\"https:\/\/minicrm-wp-hu.s3.amazonaws.com\/uploads\/2022\/04\/egyeni_vallalkozo02-scaled.jpeg\",\"contentUrl\":\"https:\/\/minicrm-wp-hu.s3.amazonaws.com\/uploads\/2022\/04\/egyeni_vallalkozo02-scaled.jpeg\",\"width\":1919,\"height\":1280},{\"@type\":\"BreadcrumbList\",\"@id\":\"https:\/\/www.minicrm.hu\/blog\/2022\/04-11\/egyeni-vallalkozas-inditasa-2022\/#breadcrumb\",\"itemListElement\":[{\"@type\":\"ListItem\",\"position\":1,\"name\":\"Home\",\"item\":\"https:\/\/www.minicrm.hu\/blog\/\"},{\"@type\":\"ListItem\",\"position\":2,\"name\":\"Egy\u00e9ni v\u00e1llalkoz\u00e1s ind\u00edt\u00e1sa &#8211; erre kell \u00fcgyelned 2022-ben\"}]},{\"@type\":\"WebSite\",\"@id\":\"https:\/\/www.minicrm.hu\/blog\/#website\",\"url\":\"https:\/\/www.minicrm.hu\/blog\/\",\"name\":\"MiniCRM Blog\",\"description\":\"CRM Blog\",\"publisher\":{\"@id\":\"https:\/\/www.minicrm.hu\/blog\/#organization\"},\"potentialAction\":[{\"@type\":\"SearchAction\",\"target\":{\"@type\":\"EntryPoint\",\"urlTemplate\":\"https:\/\/www.minicrm.hu\/blog\/?s={search_term_string}\"},\"query-input\":{\"@type\":\"PropertyValueSpecification\",\"valueRequired\":true,\"valueName\":\"search_term_string\"}}],\"inLanguage\":\"hu\"},{\"@type\":\"Organization\",\"@id\":\"https:\/\/www.minicrm.hu\/blog\/#organization\",\"name\":\"MiniCRM Blog\",\"url\":\"https:\/\/www.minicrm.hu\/blog\/\",\"logo\":{\"@type\":\"ImageObject\",\"inLanguage\":\"hu\",\"@id\":\"https:\/\/www.minicrm.hu\/blog\/#\/schema\/logo\/image\/\",\"url\":\"https:\/\/minicrm-wp-hu.s3.amazonaws.com\/uploads\/2021\/04\/cropped-MC-logo-Blog-2021_G-Dark.png\",\"contentUrl\":\"https:\/\/minicrm-wp-hu.s3.amazonaws.com\/uploads\/2021\/04\/cropped-MC-logo-Blog-2021_G-Dark.png\",\"width\":91,\"height\":89,\"caption\":\"MiniCRM Blog\"},\"image\":{\"@id\":\"https:\/\/www.minicrm.hu\/blog\/#\/schema\/logo\/image\/\"}},{\"@type\":\"Person\",\"@id\":\"https:\/\/www.minicrm.hu\/blog\/#\/schema\/person\/f42c3023cd3a47a98325aacebe2f9b0f\",\"name\":\"\u00c1kos Szelle\",\"image\":{\"@type\":\"ImageObject\",\"inLanguage\":\"hu\",\"@id\":\"https:\/\/www.minicrm.hu\/blog\/#\/schema\/person\/image\/\",\"url\":\"https:\/\/secure.gravatar.com\/avatar\/1fbb57b94a6bbc5512792922a0c62637a1cbf53175f9d92f26edd00dbac8a4f6?s=96&r=g\",\"contentUrl\":\"https:\/\/secure.gravatar.com\/avatar\/1fbb57b94a6bbc5512792922a0c62637a1cbf53175f9d92f26edd00dbac8a4f6?s=96&r=g\",\"caption\":\"\u00c1kos Szelle\"},\"url\":\"https:\/\/www.minicrm.hu\/blog\/author\/szelle-akos\/\"}]}<\/script>\n<!-- \/ Yoast SEO plugin. -->","yoast_head_json":{"title":"Egy\u00e9ni v\u00e1llalkoz\u00e1s ind\u00edt\u00e1sa - erre kell \u00fcgyelned 2022-ben","description":"Az egy\u00e9ni v\u00e1llalkoz\u00e1s ind\u00edt\u00e1s\u00e1t 2022-ben online is elv\u00e9gezheted. Cikk\u00fcnkben l\u00e9p\u00e9sr\u0151l l\u00e9p\u00e9sre bemutatjuk a folyamatot, hogy elker\u00fclhesd a buktat\u00f3kat.","robots":{"index":"index","follow":"follow","max-snippet":"max-snippet:-1","max-image-preview":"max-image-preview:large","max-video-preview":"max-video-preview:-1"},"canonical":"https:\/\/www.minicrm.hu\/blog\/2022\/04-11\/egyeni-vallalkozas-inditasa-2022\/","og_locale":"hu_HU","og_type":"article","og_title":"Egy\u00e9ni v\u00e1llalkoz\u00e1s ind\u00edt\u00e1sa - erre kell \u00fcgyelned 2022-ben","og_description":"Az egy\u00e9ni v\u00e1llalkoz\u00e1s ind\u00edt\u00e1s\u00e1t 2022-ben online is elv\u00e9gezheted. Cikk\u00fcnkben l\u00e9p\u00e9sr\u0151l l\u00e9p\u00e9sre bemutatjuk a folyamatot, hogy elker\u00fclhesd a buktat\u00f3kat.","og_url":"https:\/\/www.minicrm.hu\/blog\/2022\/04-11\/egyeni-vallalkozas-inditasa-2022\/","og_site_name":"MiniCRM Blog","article_published_time":"2022-04-11T12:10:53+00:00","article_modified_time":"2023-09-08T10:30:54+00:00","og_image":[{"width":1919,"height":1280,"url":"https:\/\/minicrm-wp-hu.s3.amazonaws.com\/uploads\/2022\/04\/egyeni_vallalkozo02-scaled.jpeg","type":"image\/jpeg"}],"author":"\u00c1kos Szelle","twitter_misc":{"Szerz\u0151:":"\u00c1kos Szelle","Becs\u00fclt olvas\u00e1si id\u0151":"10 perc"},"schema":{"@context":"https:\/\/schema.org","@graph":[{"@type":"Article","@id":"https:\/\/www.minicrm.hu\/blog\/2022\/04-11\/egyeni-vallalkozas-inditasa-2022\/#article","isPartOf":{"@id":"https:\/\/www.minicrm.hu\/blog\/2022\/04-11\/egyeni-vallalkozas-inditasa-2022\/"},"author":{"name":"\u00c1kos Szelle","@id":"https:\/\/www.minicrm.hu\/blog\/#\/schema\/person\/f42c3023cd3a47a98325aacebe2f9b0f"},"headline":"Egy\u00e9ni v\u00e1llalkoz\u00e1s ind\u00edt\u00e1sa &#8211; erre kell \u00fcgyelned 2022-ben","datePublished":"2022-04-11T12:10:53+00:00","dateModified":"2023-09-08T10:30:54+00:00","mainEntityOfPage":{"@id":"https:\/\/www.minicrm.hu\/blog\/2022\/04-11\/egyeni-vallalkozas-inditasa-2022\/"},"wordCount":2538,"publisher":{"@id":"https:\/\/www.minicrm.hu\/blog\/#organization"},"image":{"@id":"https:\/\/www.minicrm.hu\/blog\/2022\/04-11\/egyeni-vallalkozas-inditasa-2022\/#primaryimage"},"thumbnailUrl":"https:\/\/minicrm-wp-hu.s3.amazonaws.com\/uploads\/2022\/04\/egyeni_vallalkozo02-scaled.jpeg","keywords":["crm","egy\u00e9ni v\u00e1llalkoz\u00e1s","minicrm","Sz\u00e1ml\u00e1z\u00f3 program"],"articleSection":["C\u00e9gvezet\u00e9s","MiniCRM"],"inLanguage":"hu"},{"@type":"WebPage","@id":"https:\/\/www.minicrm.hu\/blog\/2022\/04-11\/egyeni-vallalkozas-inditasa-2022\/","url":"https:\/\/www.minicrm.hu\/blog\/2022\/04-11\/egyeni-vallalkozas-inditasa-2022\/","name":"Egy\u00e9ni v\u00e1llalkoz\u00e1s ind\u00edt\u00e1sa - erre kell \u00fcgyelned 2022-ben","isPartOf":{"@id":"https:\/\/www.minicrm.hu\/blog\/#website"},"primaryImageOfPage":{"@id":"https:\/\/www.minicrm.hu\/blog\/2022\/04-11\/egyeni-vallalkozas-inditasa-2022\/#primaryimage"},"image":{"@id":"https:\/\/www.minicrm.hu\/blog\/2022\/04-11\/egyeni-vallalkozas-inditasa-2022\/#primaryimage"},"thumbnailUrl":"https:\/\/minicrm-wp-hu.s3.amazonaws.com\/uploads\/2022\/04\/egyeni_vallalkozo02-scaled.jpeg","datePublished":"2022-04-11T12:10:53+00:00","dateModified":"2023-09-08T10:30:54+00:00","description":"Az egy\u00e9ni v\u00e1llalkoz\u00e1s ind\u00edt\u00e1s\u00e1t 2022-ben online is elv\u00e9gezheted. Cikk\u00fcnkben l\u00e9p\u00e9sr\u0151l l\u00e9p\u00e9sre bemutatjuk a folyamatot, hogy elker\u00fclhesd a buktat\u00f3kat.","breadcrumb":{"@id":"https:\/\/www.minicrm.hu\/blog\/2022\/04-11\/egyeni-vallalkozas-inditasa-2022\/#breadcrumb"},"inLanguage":"hu","potentialAction":[{"@type":"ReadAction","target":["https:\/\/www.minicrm.hu\/blog\/2022\/04-11\/egyeni-vallalkozas-inditasa-2022\/"]}]},{"@type":"ImageObject","inLanguage":"hu","@id":"https:\/\/www.minicrm.hu\/blog\/2022\/04-11\/egyeni-vallalkozas-inditasa-2022\/#primaryimage","url":"https:\/\/minicrm-wp-hu.s3.amazonaws.com\/uploads\/2022\/04\/egyeni_vallalkozo02-scaled.jpeg","contentUrl":"https:\/\/minicrm-wp-hu.s3.amazonaws.com\/uploads\/2022\/04\/egyeni_vallalkozo02-scaled.jpeg","width":1919,"height":1280},{"@type":"BreadcrumbList","@id":"https:\/\/www.minicrm.hu\/blog\/2022\/04-11\/egyeni-vallalkozas-inditasa-2022\/#breadcrumb","itemListElement":[{"@type":"ListItem","position":1,"name":"Home","item":"https:\/\/www.minicrm.hu\/blog\/"},{"@type":"ListItem","position":2,"name":"Egy\u00e9ni v\u00e1llalkoz\u00e1s ind\u00edt\u00e1sa &#8211; erre kell \u00fcgyelned 2022-ben"}]},{"@type":"WebSite","@id":"https:\/\/www.minicrm.hu\/blog\/#website","url":"https:\/\/www.minicrm.hu\/blog\/","name":"MiniCRM Blog","description":"CRM Blog","publisher":{"@id":"https:\/\/www.minicrm.hu\/blog\/#organization"},"potentialAction":[{"@type":"SearchAction","target":{"@type":"EntryPoint","urlTemplate":"https:\/\/www.minicrm.hu\/blog\/?s={search_term_string}"},"query-input":{"@type":"PropertyValueSpecification","valueRequired":true,"valueName":"search_term_string"}}],"inLanguage":"hu"},{"@type":"Organization","@id":"https:\/\/www.minicrm.hu\/blog\/#organization","name":"MiniCRM Blog","url":"https:\/\/www.minicrm.hu\/blog\/","logo":{"@type":"ImageObject","inLanguage":"hu","@id":"https:\/\/www.minicrm.hu\/blog\/#\/schema\/logo\/image\/","url":"https:\/\/minicrm-wp-hu.s3.amazonaws.com\/uploads\/2021\/04\/cropped-MC-logo-Blog-2021_G-Dark.png","contentUrl":"https:\/\/minicrm-wp-hu.s3.amazonaws.com\/uploads\/2021\/04\/cropped-MC-logo-Blog-2021_G-Dark.png","width":91,"height":89,"caption":"MiniCRM Blog"},"image":{"@id":"https:\/\/www.minicrm.hu\/blog\/#\/schema\/logo\/image\/"}},{"@type":"Person","@id":"https:\/\/www.minicrm.hu\/blog\/#\/schema\/person\/f42c3023cd3a47a98325aacebe2f9b0f","name":"\u00c1kos Szelle","image":{"@type":"ImageObject","inLanguage":"hu","@id":"https:\/\/www.minicrm.hu\/blog\/#\/schema\/person\/image\/","url":"https:\/\/secure.gravatar.com\/avatar\/1fbb57b94a6bbc5512792922a0c62637a1cbf53175f9d92f26edd00dbac8a4f6?s=96&r=g","contentUrl":"https:\/\/secure.gravatar.com\/avatar\/1fbb57b94a6bbc5512792922a0c62637a1cbf53175f9d92f26edd00dbac8a4f6?s=96&r=g","caption":"\u00c1kos Szelle"},"url":"https:\/\/www.minicrm.hu\/blog\/author\/szelle-akos\/"}]}},"_links":{"self":[{"href":"https:\/\/www.minicrm.hu\/blog\/wp-json\/wp\/v2\/posts\/16965","targetHints":{"allow":["GET"]}}],"collection":[{"href":"https:\/\/www.minicrm.hu\/blog\/wp-json\/wp\/v2\/posts"}],"about":[{"href":"https:\/\/www.minicrm.hu\/blog\/wp-json\/wp\/v2\/types\/post"}],"author":[{"embeddable":true,"href":"https:\/\/www.minicrm.hu\/blog\/wp-json\/wp\/v2\/users\/75"}],"replies":[{"embeddable":true,"href":"https:\/\/www.minicrm.hu\/blog\/wp-json\/wp\/v2\/comments?post=16965"}],"version-history":[{"count":3,"href":"https:\/\/www.minicrm.hu\/blog\/wp-json\/wp\/v2\/posts\/16965\/revisions"}],"predecessor-version":[{"id":19787,"href":"https:\/\/www.minicrm.hu\/blog\/wp-json\/wp\/v2\/posts\/16965\/revisions\/19787"}],"wp:featuredmedia":[{"embeddable":true,"href":"https:\/\/www.minicrm.hu\/blog\/wp-json\/wp\/v2\/media\/16980"}],"wp:attachment":[{"href":"https:\/\/www.minicrm.hu\/blog\/wp-json\/wp\/v2\/media?parent=16965"}],"wp:term":[{"taxonomy":"category","embeddable":true,"href":"https:\/\/www.minicrm.hu\/blog\/wp-json\/wp\/v2\/categories?post=16965"},{"taxonomy":"post_tag","embeddable":true,"href":"https:\/\/www.minicrm.hu\/blog\/wp-json\/wp\/v2\/tags?post=16965"}],"curies":[{"name":"wp","href":"https:\/\/api.w.org\/{rel}","templated":true}]}}