

{"id":17247,"date":"2022-06-09T12:07:36","date_gmt":"2022-06-09T10:07:36","guid":{"rendered":"https:\/\/www.minicrm.hu\/blog\/?p=17247"},"modified":"2023-09-08T12:32:48","modified_gmt":"2023-09-08T10:32:48","slug":"bt-alapitas-lepesrol-lepesre-a-leggyakoribb-kerdesek-es-valaszok","status":"publish","type":"post","link":"https:\/\/www.minicrm.hu\/blog\/2022\/06-09\/bt-alapitas-lepesrol-lepesre-a-leggyakoribb-kerdesek-es-valaszok\/","title":{"rendered":"Bt. alap\u00edt\u00e1s l\u00e9p\u00e9sr\u0151l l\u00e9p\u00e9sre &#8211; a leggyakoribb k\u00e9rd\u00e9sek \u00e9s v\u00e1laszok"},"content":{"rendered":"<p>Az egy\u00e9ni v\u00e1llalkoz\u00e1snak k\u00e9ts\u00e9gk\u00edv\u00fcl megvannak az el\u0151nyei &#8211; nem v\u00e9letlen\u00fcl sz\u00e1m\u00edt idehaza az egyik leggyakoribb v\u00e1llalkoz\u00e1si form\u00e1nak. Sokszor azonban kev\u00e9snek vagy meghaladottnak t\u0171nik, ilyenkor pedig m\u00e1s c\u00e9gt\u00edpus ut\u00e1n kell n\u00e9zned. Ebben az esetben alapvet\u0151en k\u00e9t lehet\u0151s\u00e9g \u00e1ll el\u0151tted: a korl\u00e1tolt felel\u0151ss\u00e9g\u0171 t\u00e1rsas\u00e1g (kft.) \u00e9s a bet\u00e9ti t\u00e1rsas\u00e1g (bt.).<\/p>\n<p>Ami a bet\u00e9ti t\u00e1rsas\u00e1got illeti, 2021-ben t\u00f6bb mint 100 000 ilyen c\u00e9g m\u0171k\u00f6d\u00f6tt Magyarorsz\u00e1gon, vagyis igencsak k\u00f6zkedvelt megold\u00e1snak sz\u00e1m\u00edt. Nem is csoda, hiszen a bt. alap\u00edt\u00e1sa meglehet\u0151sen egyszer\u0171, nem kell hozz\u00e1 sok ember, \u00e9s a fenntart\u00e1sa sem ker\u00fcl vagyonokba. De hogyan lehet \u00e9letre h\u00edvni egy bet\u00e9ti t\u00e1rsas\u00e1got pontosan? Cikk\u00fcnkb\u0151l minden fontos inform\u00e1ci\u00f3hoz hozz\u00e1juthatsz.<\/p>\n<p><!--more--><\/p>\n<h2>A bt. alap\u00edt\u00e1s legfontosabb felt\u00e9telei<\/h2>\n<p>Miel\u0151tt elrohann\u00e1l az \u00fcgyv\u00e9dhez vagy online bt. alap\u00edt\u00e1sba v\u00e1gn\u00e1l, \u00e9rdemes alaposan \u00e1tn\u00e9zned, hogy mik a felt\u00e9telek \u00e9s mi jellemzi pontosan ezt a c\u00e9gform\u00e1t. Nos, a <a href=\"https:\/\/ptk2013.hu\/uj-ptk-normaszoveg\/uj-ptk-iii-konyv\/704\">Polg\u00e1ri T\u00f6rv\u00e9nyk\u00f6nyv \u00edgy fogalmaz:<\/a><\/p>\n<blockquote><p>&#8222;A bet\u00e9ti t\u00e1rsas\u00e1g (bt.) l\u00e9tes\u00edt\u00e9s\u00e9re ir\u00e1nyul\u00f3 t\u00e1rsas\u00e1gi szerz\u0151d\u00e9s megk\u00f6t\u00e9s\u00e9vel a t\u00e1rsas\u00e1g tagjai arra v\u00e1llalnak k\u00f6telezetts\u00e9get, hogy a t\u00e1rsas\u00e1g gazdas\u00e1gi tev\u00e9kenys\u00e9g\u00e9nek c\u00e9lj\u00e1ra a t\u00e1rsas\u00e1g r\u00e9sz\u00e9re vagyoni hozz\u00e1j\u00e1rul\u00e1st teljes\u00edtenek, tov\u00e1bb\u00e1 legal\u00e1bb az egyik tag (a tov\u00e1bbiakban: beltag) v\u00e1llalja, hogy a t\u00e1rsas\u00e1gnak a t\u00e1rsas\u00e1gi vagyon \u00e1ltal nem fedezett k\u00f6telezetts\u00e9gei\u00e9rt a t\u00f6bbi beltaggal egyetemlegesen k\u00f6teles helyt\u00e1llni, m\u00edg legal\u00e1bb egy m\u00e1sik tag (a tov\u00e1bbiakban: k\u00fcltag) a t\u00e1rsas\u00e1gi k\u00f6telezetts\u00e9gek\u00e9rt \u2013 ha e t\u00f6rv\u00e9ny elt\u00e9r\u0151en nem rendelkezik \u2013 nem tartozik helyt\u00e1ll\u00e1si k\u00f6telezetts\u00e9ggel.&#8221;<\/p><\/blockquote>\n<p>R\u00f6viden ugyanez: egy bt. minden esetben legal\u00e1bb egy bel- \u00e9s egy k\u00fcltagb\u00f3l. A k\u00fcl\u00f6nbs\u00e9g a kett\u0151 k\u00f6z\u00f6tt az, hogy a beltag a teljes vagyon\u00e1val (igen, a mag\u00e1nvagyon\u00e1val is) felel a bet\u00e9ti t\u00e1rsas\u00e1g tartoz\u00e1sai\u00e9rt. B\u00e1r a bt .eset\u00e9ben az is igaz, hogy a c\u00e9g a saj\u00e1t vagyon\u00e1val is felel, ha a felmer\u00fcl\u0151 k\u00f6vetel\u00e9sek ezt meghaladj\u00e1k, akkor a beltag k\u00f6teles helyt\u00e1llni. A k\u00fcltag ellenben csak a hozz\u00e1j\u00e1rul\u00e1s m\u00e9rt\u00e9kig felel\u0151s.<\/p>\n<p>A k\u00f6vetkez\u0151 k\u00e9rd\u00e9s, hogy ki lehet bt. k\u00fcltag, illetve beltag. Ebben az esetben ink\u00e1bb a kiv\u00e9teleket \u00e9rdemes szem\u00fcgyre venni, hiszen igen sz\u00e9lesek a lehet\u0151s\u00e9gek. Nem lehet bet\u00e9ti t\u00e1rsas\u00e1g beltagja:<\/p>\n<ul>\n<li>egy kkt, egy m\u00e1sik bet\u00e9ti t\u00e1rsas\u00e1g vagy egy egy\u00e9ni c\u00e9g<\/li>\n<li>18 \u00e9v alatti szem\u00e9ly<\/li>\n<li>olyan szem\u00e9ly, akit eltiltottak a tags\u00e1gt\u00f3l<\/li>\n<\/ul>\n<p>Fontos tov\u00e1bb az is, hogy egy mag\u00e1nszem\u00e9ly csak egy bt-ben lehet beltag, \u00e9s az is kiz\u00e1r\u00e1s, ha valaki egy kkt. (k\u00f6zkereseti t\u00e1rsas\u00e1g) tagja. Egy\u00e9b megk\u00f6t\u00e9s ugyanakkor nincs: beltag ezeken k\u00edv\u00fcl b\u00e1rmilyen term\u00e9szetes vagy jogi szem\u00e9ly lehet. A k\u00fcltagok kapcs\u00e1n pedig semmilyen korl\u00e1toz\u00e1ssal nem kell sz\u00e1molni.<\/p>\n<p>Ahogy az indul\u00f3 t\u0151ke kapcs\u00e1n sem &#8211; \u00e9s alighanem ez is hozz\u00e1j\u00e1rul a bt. siker\u00e9hez. Ezt a c\u00e9gform\u00e1t ugyanis b\u00e1rmekkora \u00f6sszeggel megalap\u00edthatod (nulla forinttal term\u00e9szetesen nem), de az\u00e9rt nem \u00e1rt \u00f3vatosnak lenni. A t\u00f6rzst\u0151ke nem lehet t\u00fal alacsony, hiszen ez szolg\u00e1l fedezet\u00fcl a tev\u00e9kenys\u00e9g\u00e9rt, \u00e9s persze ebb\u0151l kell az indul\u00e1sn\u00e1l m\u0171k\u00f6dtetni a c\u00e9get.<\/p>\n<p><img loading=\"lazy\" decoding=\"async\" onerror=\"this.src='https:\/\/minicrm-wp-hu.s3.amazonaws.com\/uploads\/2021\/04\/MC_logo_2021_G-Dark.svg'\" class=\"aligncenter wp-image-17271\" src=\"https:\/\/minicrm-wp-hu.s3.amazonaws.com\/uploads\/2022\/06\/bt_alapitas01.jpeg\" alt=\"\" width=\"1200\" height=\"900\" \/><\/p>\n<h2>KATA ad\u00f3z\u00e1s \u00e9s bt.: lehets\u00e9ges?*<\/h2>\n<p>Sokakban felmer\u00fcl az ad\u00f3z\u00e1s miatt, hogy vajon melyik a jobb v\u00e1laszt\u00e1s: a bt. vagy <a href=\"https:\/\/hu.wikipedia.org\/wiki\/Egy\u00e9ni_v\u00e1llalkoz\u00f3\">az egy\u00e9ni v\u00e1llalkoz\u00e1s?<\/a> Ut\u00f3bbi kapcs\u00e1n f\u0151leg a KATA lehet cs\u00e1b\u00edt\u00f3, a j\u00f3 h\u00edr viszont az, hogy egy bet\u00e9ti t\u00e1rsas\u00e1g is v\u00e1laszthatja ezt az ad\u00f3z\u00e1si form\u00e1t. A KATA-s bt. alap\u00edt\u00e1sa semmiben sem t\u00e9r el a \u201cnorm\u00e1l\u201d bet\u00e9ti t\u00e1rsas\u00e1g\u00e9t\u00f3l, illetve arra is van m\u00f3d, hogy menet k\u00f6zben v\u00e1lts erre a megold\u00e1sra. Ahogy persze annak sincs akad\u00e1lya, hogy egy\u00e9ni v\u00e1llalkoz\u00e1sb\u00f3l bt-t alap\u00edts k\u00e9s\u0151bb.<\/p>\n<p>A helyzet azonban m\u00e9gsem ennyire egyszer\u0171, hiszen a t\u00f6rv\u00e9ny \u00fagy rendelkezik, hogy a KATA-s bt. tulajdonosai csak mag\u00e1nszem\u00e9lyek lehetnek, \u00e9s legal\u00e1bb egy kisad\u00f3z\u00f3 mag\u00e1nszem\u00e9lyt be kell jelenteni. Tov\u00e1bb bonyol\u00edtja a helyzetet, hogy a KATA-s bt-ben mindenkit kisadoz\u00f3k\u00e9nt kell bejelenteni, aki nem rendelkezik munkaszerz\u0151d\u00e9ssel.<\/p>\n<p>Ha minden stimmel, akkor <a href=\"https:\/\/www.minicrm.hu\/blog\/2022\/07-27\/a-legfontosabb-kata-valtozasok-2022-ben\/\">\u00e9lvezheted a KATA el\u0151nyeit<\/a> a bt-ben. Azaz minden bejelentett kisadoz\u00f3 ut\u00e1n 50 ezer forintot kell csak fizetned, nincs sz\u00fcks\u00e9g kett\u0151s k\u00f6nyvel\u00e9sre, \u00e9s sz\u00e1m\u00edthatsz kedvezm\u00e9nyekre az ipar\u0171z\u00e9si ad\u00f3 kapcs\u00e1n. A KATA el\u0151nyei mellett azonban a h\u00e1tr\u00e1nyai is vonatkoznak majd a bt-re. Ha a bev\u00e9teled meghaladja az \u00e9vi 12 milli\u00f3 forintot, a t\u00f6bblet ut\u00e1n extraad\u00f3t kell fizetned, egy \u00fcgyf\u00e9l fel\u00e9 pedig \u00e9vi 1 milli\u00f3 forintot sz\u00e1ml\u00e1zhatsz.<\/p>\n<h2>\u00cdgy alap\u00edthatsz bet\u00e9ti t\u00e1rsas\u00e1got<\/h2>\n<p>A bt. \u00e9letre h\u00edv\u00e1sa alapvet\u0151en nem egy \u00f6rd\u00f6glakat, az azonban biztos, hogy egyed\u00fcl nem fog menni. M\u00e1r csak az\u00e9rt sem, mert legal\u00e1bb ketten kelletek hozz\u00e1, illetve egy \u00fcgyv\u00e9d. Ut\u00f3bbi nem v\u00e1laszthat\u00f3, <a href=\"https:\/\/www.minicrm.hu\/blog\/2022\/11-09\/vallalkozas-inditasa-jog-2023\/\" target=\"_blank\" rel=\"noopener\">hanem t\u00f6rv\u00e9ny \u00e1ltal el\u0151\u00edrt k\u00f6telezetts\u00e9g.<\/a> De ne szaladjunk ennyire el\u0151re! Kezdj\u00fck az elej\u00e9n, vagyis ott, hogy meg kell hat\u00e1roznotok a bt. legf\u0151bb param\u00e9tereit. Ide tartozik p\u00e9ld\u00e1ul a sz\u00e9khely, a tev\u00e9kenys\u00e9gi k\u00f6r, a bt. neve \u00e9s \u00edgy tov\u00e1bb.<\/p>\n<p>Ezut\u00e1n indulhat a bt. t\u00e9nyleges alap\u00edt\u00e1sa, m\u00e9ghozz\u00e1 a t\u00e1rsas\u00e1gi szerz\u0151d\u00e9s meg\u00edr\u00e1s\u00e1val. Ez a dokumentum tartalmaz majd minden inform\u00e1ci\u00f3t az \u00faj c\u00e9ggel kapcsolatban. Amit k\u00f6telez\u0151en bele kell foglalni:<\/p>\n<ul>\n<li>Legal\u00e1bb egy vezet\u0151 tisztvisel\u0151, vagyis \u00fcgyvezet\u0151 (a bt. bel- \u00e9s k\u00fcltagja egyar\u00e1nt lehet)<\/li>\n<li>Az \u00fcgyvezet\u0151 szem\u00e9lyes nyilatkozat\u00e1t arr\u00f3l, hogy nem \u00e1ll eltilt\u00e1s hat\u00e1lya alatt<\/li>\n<li>A sz\u00e9khelyetipar \u00e9s a haszn\u00e1lati jogot igazol\u00f3 doksit (b\u00e9relt sz\u00e9khelyn\u00e9l a b\u00e9rbead\u00f3t\u00f3l kell egy \u00edr\u00e1sbeli nyilatkozat is)<\/li>\n<li>A bel- \u00e9s k\u00fcltagos sz\u00e1ma \u00e9s az \u0151 adataik<\/li>\n<li>Az egyes tagok vagyoni hozz\u00e1j\u00e1rul\u00e1s\u00e1nak m\u00e9rt\u00e9ke<\/li>\n<li>A nyeres\u00e9g feloszt\u00e1s\u00e1ra vonatkoz\u00f3 szab\u00e1lyokat, \u00e9s azt, hogy a vesztes\u00e9g hogyan oszlik meg<\/li>\n<li>A bet\u00e9ti t\u00e1rsas\u00e1g f\u0151tev\u00e9kenys\u00e9ge (egy\u00e9b tev\u00e9kenys\u00e9geket is felvehettek, de nem k\u00f6telez\u0151)<\/li>\n<li>A d\u00f6nt\u00e9shozatal mechanizmusa (hol \u00e9s mikor h\u00edvj\u00e1tok \u00f6ssze a taggy\u0171l\u00e9st, mikor v\u00e1lik a gy\u0171l\u00e9s hat\u00e1rozatk\u00e9pess\u00e9)<\/li>\n<\/ul>\n<p>Ezek ugyanakkor csak a jogszab\u00e1lyban el\u0151\u00edrt tartalmi elemek. Nincs akad\u00e1lya, hogy m\u00e1s is szerepeljen a t\u00e1rsas\u00e1gi szerz\u0151d\u00e9sben.<\/p>\n<p>Most, hogy k\u00e9sz a t\u00e1rsas\u00e1gi szerz\u0151d\u00e9s, m\u00e1r csak p\u00e1r l\u00e9p\u00e9s van h\u00e1tra. El\u0151sz\u00f6r is az, hogy a tagok rendelkez\u00e9sre bocs\u00e1ss\u00e1k a bt. t\u0151k\u00e9j\u00e9t. Ez nem csup\u00e1n p\u00e9nz lehet, hanem ak\u00e1r egy ingatlan vagy egy\u00e9b vagyont\u00e1rgy is. A hozz\u00e1j\u00e1rul\u00e1st term\u00e9szetesen hivatalos irattal igazolnia kell mindenkinek.<\/p>\n<p><img loading=\"lazy\" decoding=\"async\" onerror=\"this.src='https:\/\/minicrm-wp-hu.s3.amazonaws.com\/uploads\/2021\/04\/MC_logo_2021_G-Dark.svg'\" class=\"aligncenter wp-image-17274\" src=\"https:\/\/minicrm-wp-hu.s3.amazonaws.com\/uploads\/2022\/06\/bt_alapitas02.jpeg\" alt=\"bt alapitasa\" width=\"1200\" height=\"800\" \/><\/p>\n<p>Az \u00fcgyv\u00e9di meghatalmaz\u00e1s sem maradhat ki a csatoland\u00f3 dokumentumok k\u00f6z\u00fcl. Csakis \u00fcgyv\u00e9dnek van ugyanis joga a c\u00e9gb\u00edr\u00f3s\u00e1gn\u00e1l elj\u00e1rni, azaz beny\u00fajtani a c\u00e9gbejegyz\u00e9si k\u00e9relmet (manaps\u00e1g ez m\u00e1r teljes eg\u00e9sz\u00e9ben online zajlik).<\/p>\n<p>V\u00e9g\u00fcl a NAV-nak kell nyilatkoznotok, hogy milyen ad\u00f3z\u00e1si form\u00e1t szeretn\u00e9tek, illetve, hogy ig\u00e9nyeltek-e k\u00f6z\u00f6ss\u00e9gi ad\u00f3sz\u00e1mot. A NAV ez alapj\u00e1n \u00e1llap\u00edtja majd meg a bet\u00e9ti t\u00e1rsas\u00e1g ad\u00f3sz\u00e1m\u00e1t. <a href=\"https:\/\/www.minicrm.hu\/blog\/2023\/09-08\/ugyvedi-iroda-crm\/\" target=\"_blank\" rel=\"noopener\">Minden doksit az \u00fcgyv\u00e9dnek kell eljuttatnotok<\/a>, \u0151 int\u00e9zi a tov\u00e1bbiakat. Elk\u00e9sz\u00edti az iratokat, beny\u00fajtja \u0151ket a megfelel\u0151 helyekre. Majd egy kis v\u00e1rakoz\u00e1s k\u00f6vetkezik, de igaz\u00e1n nem sok. Jellemz\u0151en egy h\u00e9t alatt a c\u00e9gb\u00edr\u00f3s\u00e1g is bejegyzi a bt-t, illetve a NAV is megk\u00fcldi az ad\u00f3sz\u00e1mot. Ezzel pedig m\u00e1ris m\u0171k\u00f6dik a bt-tek!<\/p>\n<h3>A bt. alap\u00edt\u00e1s k\u00f6lts\u00e9gei 2022-ben<\/h3>\n<p>A bt. alap\u00edt\u00e1s term\u00e9szetesen nincs ingyen, de az\u00e9rt hatalmas vagyonokat sem kell \u00e1ldoznod a c\u00e9galap\u00edt\u00e1sra. F\u0151leg akkor, ha az \u00fagynevezett egyszer\u0171s\u00edtett elj\u00e1r\u00e1st v\u00e1lasztod, hiszen ebben az esetben a bt. alap\u00edt\u00e1s illet\u00e9k mentes (am\u00fagy 50.000 Ft). Ehhez m\u00e9g sz\u00e1mold hozz\u00e1 a tulajdoni lap lek\u00e9r\u00e9s\u00e9t a sz\u00e9khely kapcs\u00e1n, ami darabonk\u00e9nt egy kerek ezres.<\/p>\n<p>Term\u00e9szetesen a sz\u00e9khely szerint illet\u00e9kes iparkamar\u00e1nak is be kell fizetni az \u00e9ves tags\u00e1gi d\u00edjat, azaz 5.000 forintot. A bt. alap\u00edt\u00e1s \u00fcgyv\u00e9di d\u00edja a legink\u00e1bb kisz\u00e1m\u00edthatatlan k\u00f6lts\u00e9g, hiszen sz\u00e1mos t\u00e9nyez\u0151 befoly\u00e1solja. \u00c1ltal\u00e1ban azonban nem t\u00f6bb n\u00e9h\u00e1ny t\u00edzezer forintn\u00e1l. Ezek teh\u00e1t a nem lehet meg\u00faszni k\u00f6lts\u00e9gek &#8211; nem valami sok, ahogy l\u00e1thattad!<\/p>\n<h2>A MiniCRM a bet\u00e9ti t\u00e1rsas\u00e1goknak is hatalmas seg\u00edts\u00e9g<\/h2>\n<p>Biztos azt gondolod, hogy a MiniCRM \u00fcgyfelei k\u00f6z\u00f6tt csupa gigantikus kft. \u00e9s r\u00e9szv\u00e9nyt\u00e1rsas\u00e1g tal\u00e1lhat\u00f3. Nos, t\u00e9vedsz, ugyanis egy\u00e1ltal\u00e1n nem a c\u00e9g m\u00e9rete d\u00f6nti el, hogy sz\u00fcks\u00e9g van-e egy v\u00e1llalkoz\u00e1sban \u00fcgyf\u00e9lkapcsolat-kezel\u0151 rendszerre. Ami azt illeti, egy\u00e9ni v\u00e1llalkoz\u00f3k \u00e9s bt-k is szerepelnek sz\u00e9p sz\u00e1mmal a MiniCRM el\u0151fizet\u0151i k\u00f6z\u00f6tt.<\/p>\n<p>\u00c9s hogy mire haszn\u00e1lj\u00e1k a szoftvert? Igen v\u00e1ltoz\u00f3, de az <a href=\"https:\/\/www.minicrm.hu\/tour\/account-management\/?utm_source=blog&amp;utm_medium=web&amp;utm_campaign=direct&amp;utm_content=blog_20220609\">\u00fcgyf\u00e9lkezel\u00e9s mindenkin\u00e9l felmer\u00fcl.<\/a> Nem j\u00f3 \u00f6tlet ugyanis Excelben vagy pap\u00edron t\u00e1rolni az emberek adatait. Nem fogod l\u00e1tni, hogy kin\u00e9l milyen el\u0151zm\u00e9nyek vannak, hol tartasz vele \u00e9pp az \u00e9rt\u00e9kes\u00edt\u00e9si folyamatban, vagy \u00e9ppen azt, hogy mikor kell legk\u00f6zelebb megcs\u00f6rgetned. A MiniCRM-ben viszont mindez egy helyre ker\u00fcl.<\/p>\n<p>Ahogy egy\u00e9bk\u00e9nt a feladatok is. A <a href=\"https:\/\/www.minicrm.hu\/tour\/project\/?utm_source=blog&amp;utm_medium=web&amp;utm_campaign=direct&amp;utm_content=blog_20220609\">MiniCRM-ben ugyanis saj\u00e1t feladatkezel\u0151<\/a> tal\u00e1lhat\u00f3, ahol minden koll\u00e9ga minden teend\u0151je list\u00e1z\u00e1sra ker\u00fcl. \u00dagy kell elk\u00e9pzelned, mint a Trello-t, csakhogy itt \u00f6n\u00e1ll\u00f3 projekteket hozhatsz l\u00e9tre, \u00fcgyfelekhez rendelheted a feladatokat, hat\u00e1rid\u0151t \u00e9s felel\u0151st hat\u00e1rozhatsz meg, f\u00e1jlokat csatolhatsz vagy \u00e9ppen check-listekkel b\u0151v\u00edtheted a feladatk\u00e1rty\u00e1t.<\/p>\n<p>Egy bt. indul\u00e1s ut\u00e1n kulcsfontoss\u00e1g\u00fa, hogy megtal\u00e1lja a hely\u00e9t a piacon, \u00e9s \u00fcgyfeleket szerezzen. Ehhez <a href=\"https:\/\/www.minicrm.hu\/tour\/marketing\/?utm_source=blog&amp;utm_medium=web&amp;utm_campaign=direct&amp;utm_content=blog_20220609\">a profi marketing elengedhetetlen<\/a>, m\u00e1rpedig a MiniCRM ebben is ultrahat\u00e9kony. Mivel egy helyen van a teljes \u00fcgyf\u00e9ladatb\u00e1zis, pofonegyszer\u0171en l\u00e9trehozhatsz egy-egy profil alapj\u00e1n elk\u00e9sz\u00edtett h\u00edrlevelet. Ahelyett, hogy vakt\u00e1ban l\u00f6v\u00f6ld\u00f6zn\u00e9d az \u00e9terbe az e-maileket, a rendszer seg\u00edt a lehet\u0151 legjobban c\u00e9lozni azokat.<\/p>\n<p><img loading=\"lazy\" decoding=\"async\" onerror=\"this.src='https:\/\/minicrm-wp-hu.s3.amazonaws.com\/uploads\/2021\/04\/MC_logo_2021_G-Dark.svg'\" class=\"aligncenter size-full wp-image-17280\" src=\"https:\/\/minicrm-wp-hu.s3.amazonaws.com\/uploads\/2022\/06\/bt-marketing-minicrm.png\" alt=\"bt marketing minicrm\" width=\"636\" height=\"409\" \/><\/p>\n<p>Ok\u00e9, ok\u00e9 &#8211; mondhatod. De honnan fogod tudni, hogy sikeres volt-e a kamp\u00e1ny. Onnan, hogy a CRM automata riportokat k\u00e9sz\u00edt, amikb\u0151l vil\u00e1gosan kider\u00fcl, hogy melyik \u00fczenet volt igaz\u00e1n nagy hat\u00e1ssal az emberekre. S\u0151t, arra is van m\u00f3d, hogy a rendszert \u00f6sszek\u00f6sd a Facebookkal vagy a Google-lel. \u00cdgy az\u00e9rt m\u00e9giscsak k\u00f6nnyebb egy bt. \u00e9lete, nem igaz?<\/p>\n<p><em>*Friss\u00edt\u00e9s: <a href=\"https:\/\/magyarkozlony.hu\/dokumentumok\/b0cf1960500113f7be79141585b6114944b080ac\/megtekintes\">A 2022. j\u00falius 18-\u00e1n elfogadott t\u00f6rv\u00e9ny<\/a> \u00e9rtelm\u00e9ben 2022. szeptember 1-e ut\u00e1n a bet\u00e9ti t\u00e1rsas\u00e1gok m\u00e1r nem v\u00e1laszthatj\u00e1k a kat\u00e1s ad\u00f3z\u00e1si form\u00e1t.\u00a0<\/em><\/p>\n","protected":false},"excerpt":{"rendered":"<p>Az egy\u00e9ni v\u00e1llalkoz\u00e1snak k\u00e9ts\u00e9gk\u00edv\u00fcl megvannak az el\u0151nyei &#8211; nem v\u00e9letlen\u00fcl sz\u00e1m\u00edt idehaza az egyik leggyakoribb v\u00e1llalkoz\u00e1si form\u00e1nak. Sokszor azonban kev\u00e9snek vagy meghaladottnak t\u0171nik, ilyenkor pedig m\u00e1s c\u00e9gt\u00edpus ut\u00e1n kell n\u00e9zned. Ebben az esetben alapvet\u0151en k\u00e9t lehet\u0151s\u00e9g \u00e1ll el\u0151tted: a korl\u00e1tolt felel\u0151ss\u00e9g\u0171 t\u00e1rsas\u00e1g (kft.) \u00e9s a bet\u00e9ti t\u00e1rsas\u00e1g (bt.). Ami a bet\u00e9ti t\u00e1rsas\u00e1got illeti, 2021-ben t\u00f6bb [&hellip;]<\/p>\n","protected":false},"author":75,"featured_media":0,"comment_status":"closed","ping_status":"closed","sticky":false,"template":"","format":"standard","meta":{"inline_featured_image":false,"footnotes":""},"categories":[28,392],"tags":[445,807,780,441],"class_list":["post-17247","post","type-post","status-publish","format-standard","hentry","category-cegvezetes","category-startup","tag-bevezetes","tag-bt","tag-egyeni-vallalkozas","tag-ertekesites"],"yoast_head":"<!-- This site is optimized with the Yoast SEO plugin v27.1.1 - https:\/\/yoast.com\/product\/yoast-seo-wordpress\/ -->\n<title>Bt. alap\u00edt\u00e1s l\u00e9p\u00e9sr\u0151l l\u00e9p\u00e9sre - a leggyakoribb k\u00e9rd\u00e9sek \u00e9s v\u00e1laszok<\/title>\n<meta name=\"description\" content=\"Az egy\u00e9ni v\u00e1llalkoz\u00e1snak k\u00e9ts\u00e9gk\u00edv\u00fcl megvannak az el\u0151nyei - nem v\u00e9letlen\u00fcl sz\u00e1m\u00edt idehaza az egyik leggyakoribb v\u00e1llalkoz\u00e1si form\u00e1nak. Sokszor azonban\" \/>\n<meta name=\"robots\" content=\"index, follow, max-snippet:-1, max-image-preview:large, max-video-preview:-1\" \/>\n<link rel=\"canonical\" href=\"https:\/\/www.minicrm.hu\/blog\/2022\/06-09\/bt-alapitas-lepesrol-lepesre-a-leggyakoribb-kerdesek-es-valaszok\/\" \/>\n<meta property=\"og:locale\" content=\"hu_HU\" \/>\n<meta property=\"og:type\" content=\"article\" \/>\n<meta property=\"og:title\" content=\"Bt. alap\u00edt\u00e1s l\u00e9p\u00e9sr\u0151l l\u00e9p\u00e9sre - a leggyakoribb k\u00e9rd\u00e9sek \u00e9s v\u00e1laszok\" \/>\n<meta property=\"og:description\" content=\"Az egy\u00e9ni v\u00e1llalkoz\u00e1snak k\u00e9ts\u00e9gk\u00edv\u00fcl megvannak az el\u0151nyei - nem v\u00e9letlen\u00fcl sz\u00e1m\u00edt idehaza az egyik leggyakoribb v\u00e1llalkoz\u00e1si form\u00e1nak. Sokszor azonban\" \/>\n<meta property=\"og:url\" content=\"https:\/\/www.minicrm.hu\/blog\/2022\/06-09\/bt-alapitas-lepesrol-lepesre-a-leggyakoribb-kerdesek-es-valaszok\/\" \/>\n<meta property=\"og:site_name\" content=\"MiniCRM Blog\" \/>\n<meta property=\"article:published_time\" content=\"2022-06-09T10:07:36+00:00\" \/>\n<meta property=\"article:modified_time\" content=\"2023-09-08T10:32:48+00:00\" \/>\n<meta property=\"og:image\" content=\"https:\/\/minicrm-wp-hu.s3.amazonaws.com\/uploads\/2022\/06\/bt_alapitas01.jpeg\" \/>\n<meta name=\"author\" content=\"\u00c1kos Szelle\" \/>\n<meta name=\"twitter:label1\" content=\"Szerz\u0151:\" \/>\n\t<meta name=\"twitter:data1\" content=\"\u00c1kos Szelle\" \/>\n\t<meta name=\"twitter:label2\" content=\"Becs\u00fclt olvas\u00e1si id\u0151\" \/>\n\t<meta name=\"twitter:data2\" content=\"9 perc\" \/>\n<script type=\"application\/ld+json\" class=\"yoast-schema-graph\">{\"@context\":\"https:\/\/schema.org\",\"@graph\":[{\"@type\":\"Article\",\"@id\":\"https:\/\/www.minicrm.hu\/blog\/2022\/06-09\/bt-alapitas-lepesrol-lepesre-a-leggyakoribb-kerdesek-es-valaszok\/#article\",\"isPartOf\":{\"@id\":\"https:\/\/www.minicrm.hu\/blog\/2022\/06-09\/bt-alapitas-lepesrol-lepesre-a-leggyakoribb-kerdesek-es-valaszok\/\"},\"author\":{\"name\":\"\u00c1kos Szelle\",\"@id\":\"https:\/\/www.minicrm.hu\/blog\/#\/schema\/person\/f42c3023cd3a47a98325aacebe2f9b0f\"},\"headline\":\"Bt. alap\u00edt\u00e1s l\u00e9p\u00e9sr\u0151l l\u00e9p\u00e9sre &#8211; a leggyakoribb k\u00e9rd\u00e9sek \u00e9s v\u00e1laszok\",\"datePublished\":\"2022-06-09T10:07:36+00:00\",\"dateModified\":\"2023-09-08T10:32:48+00:00\",\"mainEntityOfPage\":{\"@id\":\"https:\/\/www.minicrm.hu\/blog\/2022\/06-09\/bt-alapitas-lepesrol-lepesre-a-leggyakoribb-kerdesek-es-valaszok\/\"},\"wordCount\":2090,\"publisher\":{\"@id\":\"https:\/\/www.minicrm.hu\/blog\/#organization\"},\"image\":{\"@id\":\"https:\/\/www.minicrm.hu\/blog\/2022\/06-09\/bt-alapitas-lepesrol-lepesre-a-leggyakoribb-kerdesek-es-valaszok\/#primaryimage\"},\"thumbnailUrl\":\"https:\/\/minicrm-wp-hu.s3.amazonaws.com\/uploads\/2022\/06\/bt_alapitas01.jpeg\",\"keywords\":[\"bevezet\u00e9s\",\"bt\",\"egy\u00e9ni v\u00e1llalkoz\u00e1s\",\"\u00e9rt\u00e9kes\u00edt\u00e9s\"],\"articleSection\":[\"C\u00e9gvezet\u00e9s\",\"Startup\"],\"inLanguage\":\"hu\"},{\"@type\":\"WebPage\",\"@id\":\"https:\/\/www.minicrm.hu\/blog\/2022\/06-09\/bt-alapitas-lepesrol-lepesre-a-leggyakoribb-kerdesek-es-valaszok\/\",\"url\":\"https:\/\/www.minicrm.hu\/blog\/2022\/06-09\/bt-alapitas-lepesrol-lepesre-a-leggyakoribb-kerdesek-es-valaszok\/\",\"name\":\"Bt. alap\u00edt\u00e1s l\u00e9p\u00e9sr\u0151l l\u00e9p\u00e9sre - a leggyakoribb k\u00e9rd\u00e9sek \u00e9s v\u00e1laszok\",\"isPartOf\":{\"@id\":\"https:\/\/www.minicrm.hu\/blog\/#website\"},\"primaryImageOfPage\":{\"@id\":\"https:\/\/www.minicrm.hu\/blog\/2022\/06-09\/bt-alapitas-lepesrol-lepesre-a-leggyakoribb-kerdesek-es-valaszok\/#primaryimage\"},\"image\":{\"@id\":\"https:\/\/www.minicrm.hu\/blog\/2022\/06-09\/bt-alapitas-lepesrol-lepesre-a-leggyakoribb-kerdesek-es-valaszok\/#primaryimage\"},\"thumbnailUrl\":\"https:\/\/minicrm-wp-hu.s3.amazonaws.com\/uploads\/2022\/06\/bt_alapitas01.jpeg\",\"datePublished\":\"2022-06-09T10:07:36+00:00\",\"dateModified\":\"2023-09-08T10:32:48+00:00\",\"description\":\"Az egy\u00e9ni v\u00e1llalkoz\u00e1snak k\u00e9ts\u00e9gk\u00edv\u00fcl megvannak az el\u0151nyei - nem v\u00e9letlen\u00fcl sz\u00e1m\u00edt idehaza az egyik leggyakoribb v\u00e1llalkoz\u00e1si form\u00e1nak. Sokszor azonban\",\"breadcrumb\":{\"@id\":\"https:\/\/www.minicrm.hu\/blog\/2022\/06-09\/bt-alapitas-lepesrol-lepesre-a-leggyakoribb-kerdesek-es-valaszok\/#breadcrumb\"},\"inLanguage\":\"hu\",\"potentialAction\":[{\"@type\":\"ReadAction\",\"target\":[\"https:\/\/www.minicrm.hu\/blog\/2022\/06-09\/bt-alapitas-lepesrol-lepesre-a-leggyakoribb-kerdesek-es-valaszok\/\"]}]},{\"@type\":\"ImageObject\",\"inLanguage\":\"hu\",\"@id\":\"https:\/\/www.minicrm.hu\/blog\/2022\/06-09\/bt-alapitas-lepesrol-lepesre-a-leggyakoribb-kerdesek-es-valaszok\/#primaryimage\",\"url\":\"https:\/\/minicrm-wp-hu.s3.amazonaws.com\/uploads\/2022\/06\/bt_alapitas01.jpeg\",\"contentUrl\":\"https:\/\/minicrm-wp-hu.s3.amazonaws.com\/uploads\/2022\/06\/bt_alapitas01.jpeg\"},{\"@type\":\"BreadcrumbList\",\"@id\":\"https:\/\/www.minicrm.hu\/blog\/2022\/06-09\/bt-alapitas-lepesrol-lepesre-a-leggyakoribb-kerdesek-es-valaszok\/#breadcrumb\",\"itemListElement\":[{\"@type\":\"ListItem\",\"position\":1,\"name\":\"Home\",\"item\":\"https:\/\/www.minicrm.hu\/blog\/\"},{\"@type\":\"ListItem\",\"position\":2,\"name\":\"Bt. alap\u00edt\u00e1s l\u00e9p\u00e9sr\u0151l l\u00e9p\u00e9sre &#8211; a leggyakoribb k\u00e9rd\u00e9sek \u00e9s v\u00e1laszok\"}]},{\"@type\":\"WebSite\",\"@id\":\"https:\/\/www.minicrm.hu\/blog\/#website\",\"url\":\"https:\/\/www.minicrm.hu\/blog\/\",\"name\":\"MiniCRM Blog\",\"description\":\"CRM Blog\",\"publisher\":{\"@id\":\"https:\/\/www.minicrm.hu\/blog\/#organization\"},\"potentialAction\":[{\"@type\":\"SearchAction\",\"target\":{\"@type\":\"EntryPoint\",\"urlTemplate\":\"https:\/\/www.minicrm.hu\/blog\/?s={search_term_string}\"},\"query-input\":{\"@type\":\"PropertyValueSpecification\",\"valueRequired\":true,\"valueName\":\"search_term_string\"}}],\"inLanguage\":\"hu\"},{\"@type\":\"Organization\",\"@id\":\"https:\/\/www.minicrm.hu\/blog\/#organization\",\"name\":\"MiniCRM Blog\",\"url\":\"https:\/\/www.minicrm.hu\/blog\/\",\"logo\":{\"@type\":\"ImageObject\",\"inLanguage\":\"hu\",\"@id\":\"https:\/\/www.minicrm.hu\/blog\/#\/schema\/logo\/image\/\",\"url\":\"https:\/\/minicrm-wp-hu.s3.amazonaws.com\/uploads\/2021\/04\/cropped-MC-logo-Blog-2021_G-Dark.png\",\"contentUrl\":\"https:\/\/minicrm-wp-hu.s3.amazonaws.com\/uploads\/2021\/04\/cropped-MC-logo-Blog-2021_G-Dark.png\",\"width\":91,\"height\":89,\"caption\":\"MiniCRM Blog\"},\"image\":{\"@id\":\"https:\/\/www.minicrm.hu\/blog\/#\/schema\/logo\/image\/\"}},{\"@type\":\"Person\",\"@id\":\"https:\/\/www.minicrm.hu\/blog\/#\/schema\/person\/f42c3023cd3a47a98325aacebe2f9b0f\",\"name\":\"\u00c1kos Szelle\",\"image\":{\"@type\":\"ImageObject\",\"inLanguage\":\"hu\",\"@id\":\"https:\/\/www.minicrm.hu\/blog\/#\/schema\/person\/image\/\",\"url\":\"https:\/\/secure.gravatar.com\/avatar\/1fbb57b94a6bbc5512792922a0c62637a1cbf53175f9d92f26edd00dbac8a4f6?s=96&r=g\",\"contentUrl\":\"https:\/\/secure.gravatar.com\/avatar\/1fbb57b94a6bbc5512792922a0c62637a1cbf53175f9d92f26edd00dbac8a4f6?s=96&r=g\",\"caption\":\"\u00c1kos Szelle\"},\"url\":\"https:\/\/www.minicrm.hu\/blog\/author\/szelle-akos\/\"}]}<\/script>\n<!-- \/ Yoast SEO plugin. -->","yoast_head_json":{"title":"Bt. alap\u00edt\u00e1s l\u00e9p\u00e9sr\u0151l l\u00e9p\u00e9sre - a leggyakoribb k\u00e9rd\u00e9sek \u00e9s v\u00e1laszok","description":"Az egy\u00e9ni v\u00e1llalkoz\u00e1snak k\u00e9ts\u00e9gk\u00edv\u00fcl megvannak az el\u0151nyei - nem v\u00e9letlen\u00fcl sz\u00e1m\u00edt idehaza az egyik leggyakoribb v\u00e1llalkoz\u00e1si form\u00e1nak. Sokszor azonban","robots":{"index":"index","follow":"follow","max-snippet":"max-snippet:-1","max-image-preview":"max-image-preview:large","max-video-preview":"max-video-preview:-1"},"canonical":"https:\/\/www.minicrm.hu\/blog\/2022\/06-09\/bt-alapitas-lepesrol-lepesre-a-leggyakoribb-kerdesek-es-valaszok\/","og_locale":"hu_HU","og_type":"article","og_title":"Bt. alap\u00edt\u00e1s l\u00e9p\u00e9sr\u0151l l\u00e9p\u00e9sre - a leggyakoribb k\u00e9rd\u00e9sek \u00e9s v\u00e1laszok","og_description":"Az egy\u00e9ni v\u00e1llalkoz\u00e1snak k\u00e9ts\u00e9gk\u00edv\u00fcl megvannak az el\u0151nyei - nem v\u00e9letlen\u00fcl sz\u00e1m\u00edt idehaza az egyik leggyakoribb v\u00e1llalkoz\u00e1si form\u00e1nak. Sokszor azonban","og_url":"https:\/\/www.minicrm.hu\/blog\/2022\/06-09\/bt-alapitas-lepesrol-lepesre-a-leggyakoribb-kerdesek-es-valaszok\/","og_site_name":"MiniCRM Blog","article_published_time":"2022-06-09T10:07:36+00:00","article_modified_time":"2023-09-08T10:32:48+00:00","og_image":[{"url":"https:\/\/minicrm-wp-hu.s3.amazonaws.com\/uploads\/2022\/06\/bt_alapitas01.jpeg","type":"","width":"","height":""}],"author":"\u00c1kos Szelle","twitter_misc":{"Szerz\u0151:":"\u00c1kos Szelle","Becs\u00fclt olvas\u00e1si id\u0151":"9 perc"},"schema":{"@context":"https:\/\/schema.org","@graph":[{"@type":"Article","@id":"https:\/\/www.minicrm.hu\/blog\/2022\/06-09\/bt-alapitas-lepesrol-lepesre-a-leggyakoribb-kerdesek-es-valaszok\/#article","isPartOf":{"@id":"https:\/\/www.minicrm.hu\/blog\/2022\/06-09\/bt-alapitas-lepesrol-lepesre-a-leggyakoribb-kerdesek-es-valaszok\/"},"author":{"name":"\u00c1kos Szelle","@id":"https:\/\/www.minicrm.hu\/blog\/#\/schema\/person\/f42c3023cd3a47a98325aacebe2f9b0f"},"headline":"Bt. alap\u00edt\u00e1s l\u00e9p\u00e9sr\u0151l l\u00e9p\u00e9sre &#8211; a leggyakoribb k\u00e9rd\u00e9sek \u00e9s v\u00e1laszok","datePublished":"2022-06-09T10:07:36+00:00","dateModified":"2023-09-08T10:32:48+00:00","mainEntityOfPage":{"@id":"https:\/\/www.minicrm.hu\/blog\/2022\/06-09\/bt-alapitas-lepesrol-lepesre-a-leggyakoribb-kerdesek-es-valaszok\/"},"wordCount":2090,"publisher":{"@id":"https:\/\/www.minicrm.hu\/blog\/#organization"},"image":{"@id":"https:\/\/www.minicrm.hu\/blog\/2022\/06-09\/bt-alapitas-lepesrol-lepesre-a-leggyakoribb-kerdesek-es-valaszok\/#primaryimage"},"thumbnailUrl":"https:\/\/minicrm-wp-hu.s3.amazonaws.com\/uploads\/2022\/06\/bt_alapitas01.jpeg","keywords":["bevezet\u00e9s","bt","egy\u00e9ni v\u00e1llalkoz\u00e1s","\u00e9rt\u00e9kes\u00edt\u00e9s"],"articleSection":["C\u00e9gvezet\u00e9s","Startup"],"inLanguage":"hu"},{"@type":"WebPage","@id":"https:\/\/www.minicrm.hu\/blog\/2022\/06-09\/bt-alapitas-lepesrol-lepesre-a-leggyakoribb-kerdesek-es-valaszok\/","url":"https:\/\/www.minicrm.hu\/blog\/2022\/06-09\/bt-alapitas-lepesrol-lepesre-a-leggyakoribb-kerdesek-es-valaszok\/","name":"Bt. alap\u00edt\u00e1s l\u00e9p\u00e9sr\u0151l l\u00e9p\u00e9sre - a leggyakoribb k\u00e9rd\u00e9sek \u00e9s v\u00e1laszok","isPartOf":{"@id":"https:\/\/www.minicrm.hu\/blog\/#website"},"primaryImageOfPage":{"@id":"https:\/\/www.minicrm.hu\/blog\/2022\/06-09\/bt-alapitas-lepesrol-lepesre-a-leggyakoribb-kerdesek-es-valaszok\/#primaryimage"},"image":{"@id":"https:\/\/www.minicrm.hu\/blog\/2022\/06-09\/bt-alapitas-lepesrol-lepesre-a-leggyakoribb-kerdesek-es-valaszok\/#primaryimage"},"thumbnailUrl":"https:\/\/minicrm-wp-hu.s3.amazonaws.com\/uploads\/2022\/06\/bt_alapitas01.jpeg","datePublished":"2022-06-09T10:07:36+00:00","dateModified":"2023-09-08T10:32:48+00:00","description":"Az egy\u00e9ni v\u00e1llalkoz\u00e1snak k\u00e9ts\u00e9gk\u00edv\u00fcl megvannak az el\u0151nyei - nem v\u00e9letlen\u00fcl sz\u00e1m\u00edt idehaza az egyik leggyakoribb v\u00e1llalkoz\u00e1si form\u00e1nak. Sokszor azonban","breadcrumb":{"@id":"https:\/\/www.minicrm.hu\/blog\/2022\/06-09\/bt-alapitas-lepesrol-lepesre-a-leggyakoribb-kerdesek-es-valaszok\/#breadcrumb"},"inLanguage":"hu","potentialAction":[{"@type":"ReadAction","target":["https:\/\/www.minicrm.hu\/blog\/2022\/06-09\/bt-alapitas-lepesrol-lepesre-a-leggyakoribb-kerdesek-es-valaszok\/"]}]},{"@type":"ImageObject","inLanguage":"hu","@id":"https:\/\/www.minicrm.hu\/blog\/2022\/06-09\/bt-alapitas-lepesrol-lepesre-a-leggyakoribb-kerdesek-es-valaszok\/#primaryimage","url":"https:\/\/minicrm-wp-hu.s3.amazonaws.com\/uploads\/2022\/06\/bt_alapitas01.jpeg","contentUrl":"https:\/\/minicrm-wp-hu.s3.amazonaws.com\/uploads\/2022\/06\/bt_alapitas01.jpeg"},{"@type":"BreadcrumbList","@id":"https:\/\/www.minicrm.hu\/blog\/2022\/06-09\/bt-alapitas-lepesrol-lepesre-a-leggyakoribb-kerdesek-es-valaszok\/#breadcrumb","itemListElement":[{"@type":"ListItem","position":1,"name":"Home","item":"https:\/\/www.minicrm.hu\/blog\/"},{"@type":"ListItem","position":2,"name":"Bt. alap\u00edt\u00e1s l\u00e9p\u00e9sr\u0151l l\u00e9p\u00e9sre &#8211; a leggyakoribb k\u00e9rd\u00e9sek \u00e9s v\u00e1laszok"}]},{"@type":"WebSite","@id":"https:\/\/www.minicrm.hu\/blog\/#website","url":"https:\/\/www.minicrm.hu\/blog\/","name":"MiniCRM Blog","description":"CRM Blog","publisher":{"@id":"https:\/\/www.minicrm.hu\/blog\/#organization"},"potentialAction":[{"@type":"SearchAction","target":{"@type":"EntryPoint","urlTemplate":"https:\/\/www.minicrm.hu\/blog\/?s={search_term_string}"},"query-input":{"@type":"PropertyValueSpecification","valueRequired":true,"valueName":"search_term_string"}}],"inLanguage":"hu"},{"@type":"Organization","@id":"https:\/\/www.minicrm.hu\/blog\/#organization","name":"MiniCRM Blog","url":"https:\/\/www.minicrm.hu\/blog\/","logo":{"@type":"ImageObject","inLanguage":"hu","@id":"https:\/\/www.minicrm.hu\/blog\/#\/schema\/logo\/image\/","url":"https:\/\/minicrm-wp-hu.s3.amazonaws.com\/uploads\/2021\/04\/cropped-MC-logo-Blog-2021_G-Dark.png","contentUrl":"https:\/\/minicrm-wp-hu.s3.amazonaws.com\/uploads\/2021\/04\/cropped-MC-logo-Blog-2021_G-Dark.png","width":91,"height":89,"caption":"MiniCRM Blog"},"image":{"@id":"https:\/\/www.minicrm.hu\/blog\/#\/schema\/logo\/image\/"}},{"@type":"Person","@id":"https:\/\/www.minicrm.hu\/blog\/#\/schema\/person\/f42c3023cd3a47a98325aacebe2f9b0f","name":"\u00c1kos Szelle","image":{"@type":"ImageObject","inLanguage":"hu","@id":"https:\/\/www.minicrm.hu\/blog\/#\/schema\/person\/image\/","url":"https:\/\/secure.gravatar.com\/avatar\/1fbb57b94a6bbc5512792922a0c62637a1cbf53175f9d92f26edd00dbac8a4f6?s=96&r=g","contentUrl":"https:\/\/secure.gravatar.com\/avatar\/1fbb57b94a6bbc5512792922a0c62637a1cbf53175f9d92f26edd00dbac8a4f6?s=96&r=g","caption":"\u00c1kos Szelle"},"url":"https:\/\/www.minicrm.hu\/blog\/author\/szelle-akos\/"}]}},"_links":{"self":[{"href":"https:\/\/www.minicrm.hu\/blog\/wp-json\/wp\/v2\/posts\/17247","targetHints":{"allow":["GET"]}}],"collection":[{"href":"https:\/\/www.minicrm.hu\/blog\/wp-json\/wp\/v2\/posts"}],"about":[{"href":"https:\/\/www.minicrm.hu\/blog\/wp-json\/wp\/v2\/types\/post"}],"author":[{"embeddable":true,"href":"https:\/\/www.minicrm.hu\/blog\/wp-json\/wp\/v2\/users\/75"}],"replies":[{"embeddable":true,"href":"https:\/\/www.minicrm.hu\/blog\/wp-json\/wp\/v2\/comments?post=17247"}],"version-history":[{"count":3,"href":"https:\/\/www.minicrm.hu\/blog\/wp-json\/wp\/v2\/posts\/17247\/revisions"}],"predecessor-version":[{"id":19793,"href":"https:\/\/www.minicrm.hu\/blog\/wp-json\/wp\/v2\/posts\/17247\/revisions\/19793"}],"wp:attachment":[{"href":"https:\/\/www.minicrm.hu\/blog\/wp-json\/wp\/v2\/media?parent=17247"}],"wp:term":[{"taxonomy":"category","embeddable":true,"href":"https:\/\/www.minicrm.hu\/blog\/wp-json\/wp\/v2\/categories?post=17247"},{"taxonomy":"post_tag","embeddable":true,"href":"https:\/\/www.minicrm.hu\/blog\/wp-json\/wp\/v2\/tags?post=17247"}],"curies":[{"name":"wp","href":"https:\/\/api.w.org\/{rel}","templated":true}]}}