

{"id":17328,"date":"2022-06-13T16:34:06","date_gmt":"2022-06-13T14:34:06","guid":{"rendered":"https:\/\/www.minicrm.hu\/blog\/?p=17328"},"modified":"2022-08-04T16:58:09","modified_gmt":"2022-08-04T14:58:09","slug":"megujult-a-minicrm-mobil-alkalmazas","status":"publish","type":"post","link":"https:\/\/www.minicrm.hu\/blog\/2022\/06-13\/megujult-a-minicrm-mobil-alkalmazas\/","title":{"rendered":"Meg\u00fajult a MiniCRM mobil alkalmaz\u00e1s!"},"content":{"rendered":"<p><iframe loading=\"lazy\" title=\"Hogy megv\u00e1ltozott! R\u00e9gi-\u00faj arc MOBILON | MiniCRM Unboxing 19\" width=\"500\" height=\"281\" src=\"https:\/\/www.youtube.com\/embed\/UPdbvd4UDhQ?feature=oembed\" frameborder=\"0\" allow=\"accelerometer; autoplay; clipboard-write; encrypted-media; gyroscope; picture-in-picture; web-share\" referrerpolicy=\"strict-origin-when-cross-origin\" allowfullscreen><\/iframe><\/p>\r\n<figure class=\"wp-block-embed is-type-video is-provider-youtube wp-block-embed-youtube wp-embed-aspect-16-9 wp-has-aspect-ratio\"><\/figure>\r\n<!-- \/wp:post-content -->\r\n\r\n<!-- wp:paragraph \/-->\r\n<div class=\"schema-faq wp-block-yoast-faq-block\">\r\n<p id=\"faq-question-1624367721302\" class=\"schema-faq-section\">Meg\u00fajult a MiniCRM mobil alkalmaz\u00e1s! Ahogy szoktuk, a <a href=\"https:\/\/minicrm.nolt.io\/\">Ti k\u00edv\u00e1ns\u00e1gaitokb\u00f3l<\/a> v\u00e1logattuk ki azokat, amik a legt\u00f6bb szavazatot kapt\u00e1k.<\/p>\r\n<\/div>\r\n<div class=\"schema-faq wp-block-yoast-faq-block\"><strong class=\"schema-faq-question\">Vide\u00f3n n\u00e9zn\u00e9d meg az \u00faj mobil funkci\u00f3kat?<br \/><a href=\"https:\/\/youtu.be\/UPdbvd4UDhQ\">Itt egy r\u00f6vid vide\u00f3 az \u00fajdons\u00e1gokr\u00f3l!<\/a><\/strong><\/div>\r\n\r\n<div>\r\n<!--more-->\r\n<\/div>\r\n<div>\u00a0<\/div>\r\n<div class=\"schema-faq wp-block-yoast-faq-block\">\r\n<h2 id=\"faq-question-1624366079311\" class=\"schema-faq-section\"><strong class=\"schema-faq-question\">Kinek hasznos?<\/strong><\/h2>\r\n<div class=\"schema-faq-section\">\r\n<ul>\r\n<li class=\"schema-faq-answer\"><b>C\u00e9gvezet\u0151knek<\/b>, akik menet k\u00f6zben, piros l\u00e1mp\u00e1n\u00e1l\/t\u00f6megk\u00f6zleked\u00e9sen is rajta akarj\u00e1k tartani az ujjukat a c\u00e9g v\u00e9rkering\u00e9s\u00e9n.<\/li>\r\n<li><b>Mozg\u00f3 \u00e9rt\u00e9kes\u00edt\u0151knek,\u00a0<\/b>akik nem akarnak este t\u00fal\u00f3r\u00e1zni, miut\u00e1n t\u00f6bb sz\u00e1z kilom\u00e9tert vezettek \u00e9s 10+ \u00fcgyfelet l\u00e1togattak meg.<\/li>\r\n<li><b>Szerv\u00edzeseknek, <\/b>akiknek nincs ideje minden apr\u00f3s\u00e1g miatt felh\u00edvni az irod\u00e1t, \u00e9s gyorsan kell reag\u00e1ljanak a bejelent\u00e9sekre..<\/li>\r\n<\/ul>\r\n<\/div>\r\n<\/div>\r\n<div class=\"schema-faq wp-block-yoast-faq-block\">\r\n<div class=\"schema-faq-section\">\r\n<h2><strong class=\"schema-faq-question\">Mi v\u00e1ltozott?<\/strong><\/h2>\r\n<ul>\r\n<li><strong>*Biometrikus azonos\u00edt\u00e1s* bel\u00e9p\u00e9sn\u00e9l<\/strong>\u00a0&#8211; NINCS T\u00d6BB\u00c9 JELSZ\u00d3 G\u00c9PEL\u00c9S! Ujjlenyomattal VAGY arcfelismer\u00e9ssel is m\u0171k\u00f6dik!<\/li>\r\n<li><strong>Gyorsabb file csatol\u00e1s mobil eszk\u00f6z\u00f6n <\/strong>(fot\u00f3 csatol\u00e1sra kiv\u00e1l\u00f3)<\/li>\r\n<li><strong>Automata archiv\u00e1l\u00e1s kik\u00fcld\u00f6tt emailekre,<\/strong> k\u00e9t gombnyom\u00e1sra archiv\u00e1l\u00e1s kapott emailekre mobiltelefonon<\/li>\r\n<li><strong>Mobil alkalmaz\u00e1sban is m\u0171k\u00f6dik az \u00dcgyf\u00e9lszolg\u00e1lat<\/strong> term\u00e9k: szerv\u00edz, \u00fcgyf\u00e9lszolg\u00e1lat terepr\u0151l is int\u00e9zhet\u0151! Ugyanitt fontos \u00fajdons\u00e1g, hogy az \u00fcgyf\u00e9lszolg\u00e1lat term\u00e9kben sablonb\u00f3l is lehet v\u00e1laszt k\u00fcldeni!<\/li>\r\n<li><strong>Teend\u0151 sablonok mobil eszk\u00f6z\u00f6n<\/strong> is: nem kell t\u00f6bbet g\u00e9pelni, k\u00f6nnyed\u00e9n tudsz el\u0151re meg\u00edrt teend\u0151 sablonnal eml\u00e9keztet\u0151t felvenni, vagy feladatot deleg\u00e1lni koll\u00e9g\u00e1idnak!<\/li>\r\n<\/ul>\r\n<h2 id=\"faq-question-1624366482403\" class=\"schema-faq-section\"><strong class=\"schema-faq-question\">Hol \u00e9rhet\u0151 el az \u00faj MiniCRM mobil alkalmaz\u00e1s?<\/strong><\/h2>\r\n<\/div>\r\n<div class=\"schema-faq wp-block-yoast-faq-block\">\r\n<div class=\"schema-faq-section\">A mobil eszk\u00f6z szerint <a href=\"https:\/\/play.google.com\/store\/apps\/details?id=io.minicrm.app\">Play Store-ban (Android)<\/a> vagy <a href=\"https:\/\/apps.apple.com\/hu\/app\/minicrm\/id1316089928?l=hu\">App Store-ban (iPhone)<\/a> \u00e9red el az \u00daj mobil alkalmaz\u00e1st.<\/div>\r\n<\/div>\r\n<div class=\"schema-faq wp-block-yoast-faq-block\">\r\n<div id=\"faq-question-1624368649935\" class=\"schema-faq-section\">\r\n<ul>\r\n<li class=\"schema-faq-answer\"><a href=\"https:\/\/play.google.com\/store\/apps\/details?id=io.minicrm.app\" target=\"_blank\" rel=\"noopener noreferrer\">LINK: Android app<\/a><\/li>\r\n<li class=\"schema-faq-answer\"><a href=\"https:\/\/apps.apple.com\/hu\/app\/minicrm\/id1316089928?l=hu\" target=\"_blank\" rel=\"noopener noreferrer\">LINK: iPhone app<\/a><\/li>\r\n<\/ul>\r\n<p><strong class=\"schema-faq-question\">Javaslatod van az &#8216;Utolj\u00e1ra megnyitott adatlapok&#8217; k\u00e9perny\u0151 m\u0171k\u00f6d\u00e9s\u00e9hez?<\/strong><\/p>\r\n<\/div>\r\n<ul>\r\n<li class=\"schema-faq-answer\"><strong>N\u00e9zd meg a\u00a0<\/strong><a href=\"https:\/\/minicrm.nolt.io\/\"><strong>K\u00edv\u00e1ns\u00e1glist\u00e1n<\/strong><\/a>, lehet, hogy m\u00e1r felker\u00fclt a k\u00e9r\u00e9sek k\u00f6z\u00e9 (\u00edrd be a keres\u0151be: &#8216;MOBIL&#8217; \u00e9s l\u00e1tni fogod az eddig r\u00f6gz\u00edtett k\u00e9r\u00e9seket)!<\/li>\r\n<li class=\"schema-faq-answer\">Like-old a megl\u00e9v\u0151 k\u00e9r\u00e9st, ha szerepel benne a Te ig\u00e9nyed! A legt\u00f6bb Like-ot kapott k\u00e9r\u00e9sek k\u00f6z\u00fcl v\u00e1logatunk, mikor jav\u00edtunk a megl\u00e9v\u0151 funkci\u00f3kon, vagy \u00fajat akarunk gy\u00e1rtani Nektek!<\/li>\r\n<li class=\"schema-faq-answer\">Vedd fel \u00faj k\u00edv\u00e1ns\u00e1gk\u00e9nt, ha nem tal\u00e1lod a kor\u00e1bban felvett k\u00e9r\u00e9sek list\u00e1j\u00e1ban!<\/li>\r\n<\/ul>\r\n<\/div>\r\n<\/div>","protected":false},"excerpt":{"rendered":"<p>Meg\u00fajult a MiniCRM mobil alkalmaz\u00e1s! Ahogy szoktuk, a Ti k\u00edv\u00e1ns\u00e1gaitokb\u00f3l v\u00e1logattuk ki azokat, amik a legt\u00f6bb szavazatot kapt\u00e1k. Vide\u00f3n n\u00e9zn\u00e9d meg az \u00faj mobil funkci\u00f3kat?Itt egy r\u00f6vid vide\u00f3 az \u00fajdons\u00e1gokr\u00f3l!<\/p>\n","protected":false},"author":72,"featured_media":0,"comment_status":"closed","ping_status":"closed","sticky":false,"template":"","format":"video","meta":{"inline_featured_image":false,"footnotes":""},"categories":[28],"tags":[],"class_list":["post-17328","post","type-post","status-publish","format-video","hentry","category-cegvezetes","post_format-post-format-video"],"yoast_head":"<!-- This site is optimized with the Yoast SEO plugin v27.1.1 - https:\/\/yoast.com\/product\/yoast-seo-wordpress\/ -->\n<title>Meg\u00fajult a MiniCRM mobil alkalmaz\u00e1s!<\/title>\n<meta name=\"description\" content=\"\u00daj MiniCRM mobil app: c\u00e9gvezet\u0151knek, mozg\u00f3 \u00e9rt\u00e9kes\u00edt\u0151knek,\u00a0szerv\u00edzeseknek arany: gyorsabb file csatol\u00e1s, teend\u0151 sablonok, biometrikus login..\" \/>\n<meta name=\"robots\" content=\"index, follow, max-snippet:-1, max-image-preview:large, max-video-preview:-1\" \/>\n<link rel=\"canonical\" href=\"https:\/\/www.minicrm.hu\/blog\/2022\/06-13\/megujult-a-minicrm-mobil-alkalmazas\/\" \/>\n<meta property=\"og:locale\" content=\"hu_HU\" \/>\n<meta property=\"og:type\" content=\"article\" \/>\n<meta property=\"og:title\" content=\"Meg\u00fajult a MiniCRM mobil alkalmaz\u00e1s!\" \/>\n<meta property=\"og:description\" content=\"\u00daj MiniCRM mobil app: c\u00e9gvezet\u0151knek, mozg\u00f3 \u00e9rt\u00e9kes\u00edt\u0151knek,\u00a0szerv\u00edzeseknek arany: gyorsabb file csatol\u00e1s, teend\u0151 sablonok, biometrikus login..\" \/>\n<meta property=\"og:url\" content=\"https:\/\/www.minicrm.hu\/blog\/2022\/06-13\/megujult-a-minicrm-mobil-alkalmazas\/\" \/>\n<meta property=\"og:site_name\" content=\"MiniCRM Blog\" \/>\n<meta property=\"article:published_time\" content=\"2022-06-13T14:34:06+00:00\" \/>\n<meta property=\"article:modified_time\" content=\"2022-08-04T14:58:09+00:00\" \/>\n<meta name=\"author\" content=\"Bencze Attila\" \/>\n<meta name=\"twitter:label1\" content=\"Szerz\u0151:\" \/>\n\t<meta name=\"twitter:data1\" content=\"Bencze Attila\" \/>\n\t<meta name=\"twitter:label2\" content=\"Becs\u00fclt olvas\u00e1si id\u0151\" \/>\n\t<meta name=\"twitter:data2\" content=\"2 perc\" \/>\n<script type=\"application\/ld+json\" class=\"yoast-schema-graph\">{\"@context\":\"https:\/\/schema.org\",\"@graph\":[{\"@type\":\"Article\",\"@id\":\"https:\/\/www.minicrm.hu\/blog\/2022\/06-13\/megujult-a-minicrm-mobil-alkalmazas\/#article\",\"isPartOf\":{\"@id\":\"https:\/\/www.minicrm.hu\/blog\/2022\/06-13\/megujult-a-minicrm-mobil-alkalmazas\/\"},\"author\":{\"name\":\"Bencze Attila\",\"@id\":\"https:\/\/www.minicrm.hu\/blog\/#\/schema\/person\/b0903071eb8d4e0bdd3bb3aca87542c6\"},\"headline\":\"Meg\u00fajult a MiniCRM mobil alkalmaz\u00e1s!\",\"datePublished\":\"2022-06-13T14:34:06+00:00\",\"dateModified\":\"2022-08-04T14:58:09+00:00\",\"mainEntityOfPage\":{\"@id\":\"https:\/\/www.minicrm.hu\/blog\/2022\/06-13\/megujult-a-minicrm-mobil-alkalmazas\/\"},\"wordCount\":425,\"publisher\":{\"@id\":\"https:\/\/www.minicrm.hu\/blog\/#organization\"},\"articleSection\":[\"C\u00e9gvezet\u00e9s\"],\"inLanguage\":\"hu\"},{\"@type\":\"WebPage\",\"@id\":\"https:\/\/www.minicrm.hu\/blog\/2022\/06-13\/megujult-a-minicrm-mobil-alkalmazas\/\",\"url\":\"https:\/\/www.minicrm.hu\/blog\/2022\/06-13\/megujult-a-minicrm-mobil-alkalmazas\/\",\"name\":\"Meg\u00fajult a MiniCRM mobil alkalmaz\u00e1s!\",\"isPartOf\":{\"@id\":\"https:\/\/www.minicrm.hu\/blog\/#website\"},\"datePublished\":\"2022-06-13T14:34:06+00:00\",\"dateModified\":\"2022-08-04T14:58:09+00:00\",\"description\":\"\u00daj MiniCRM mobil app: c\u00e9gvezet\u0151knek, mozg\u00f3 \u00e9rt\u00e9kes\u00edt\u0151knek,\u00a0szerv\u00edzeseknek arany: gyorsabb file csatol\u00e1s, teend\u0151 sablonok, biometrikus login..\",\"breadcrumb\":{\"@id\":\"https:\/\/www.minicrm.hu\/blog\/2022\/06-13\/megujult-a-minicrm-mobil-alkalmazas\/#breadcrumb\"},\"inLanguage\":\"hu\",\"potentialAction\":[{\"@type\":\"ReadAction\",\"target\":[\"https:\/\/www.minicrm.hu\/blog\/2022\/06-13\/megujult-a-minicrm-mobil-alkalmazas\/\"]}]},{\"@type\":\"BreadcrumbList\",\"@id\":\"https:\/\/www.minicrm.hu\/blog\/2022\/06-13\/megujult-a-minicrm-mobil-alkalmazas\/#breadcrumb\",\"itemListElement\":[{\"@type\":\"ListItem\",\"position\":1,\"name\":\"Home\",\"item\":\"https:\/\/www.minicrm.hu\/blog\/\"},{\"@type\":\"ListItem\",\"position\":2,\"name\":\"Meg\u00fajult a MiniCRM mobil alkalmaz\u00e1s!\"}]},{\"@type\":\"WebSite\",\"@id\":\"https:\/\/www.minicrm.hu\/blog\/#website\",\"url\":\"https:\/\/www.minicrm.hu\/blog\/\",\"name\":\"MiniCRM Blog\",\"description\":\"CRM Blog\",\"publisher\":{\"@id\":\"https:\/\/www.minicrm.hu\/blog\/#organization\"},\"potentialAction\":[{\"@type\":\"SearchAction\",\"target\":{\"@type\":\"EntryPoint\",\"urlTemplate\":\"https:\/\/www.minicrm.hu\/blog\/?s={search_term_string}\"},\"query-input\":{\"@type\":\"PropertyValueSpecification\",\"valueRequired\":true,\"valueName\":\"search_term_string\"}}],\"inLanguage\":\"hu\"},{\"@type\":\"Organization\",\"@id\":\"https:\/\/www.minicrm.hu\/blog\/#organization\",\"name\":\"MiniCRM Blog\",\"url\":\"https:\/\/www.minicrm.hu\/blog\/\",\"logo\":{\"@type\":\"ImageObject\",\"inLanguage\":\"hu\",\"@id\":\"https:\/\/www.minicrm.hu\/blog\/#\/schema\/logo\/image\/\",\"url\":\"https:\/\/minicrm-wp-hu.s3.amazonaws.com\/uploads\/2021\/04\/cropped-MC-logo-Blog-2021_G-Dark.png\",\"contentUrl\":\"https:\/\/minicrm-wp-hu.s3.amazonaws.com\/uploads\/2021\/04\/cropped-MC-logo-Blog-2021_G-Dark.png\",\"width\":91,\"height\":89,\"caption\":\"MiniCRM Blog\"},\"image\":{\"@id\":\"https:\/\/www.minicrm.hu\/blog\/#\/schema\/logo\/image\/\"}},{\"@type\":\"Person\",\"@id\":\"https:\/\/www.minicrm.hu\/blog\/#\/schema\/person\/b0903071eb8d4e0bdd3bb3aca87542c6\",\"name\":\"Bencze Attila\",\"image\":{\"@type\":\"ImageObject\",\"inLanguage\":\"hu\",\"@id\":\"https:\/\/www.minicrm.hu\/blog\/#\/schema\/person\/image\/\",\"url\":\"https:\/\/minicrm-wp-hu.s3.amazonaws.com\/uploads\/2021\/06\/Attila.Bencze.New_.Profile.1-96x96.jpg\",\"contentUrl\":\"https:\/\/minicrm-wp-hu.s3.amazonaws.com\/uploads\/2021\/06\/Attila.Bencze.New_.Profile.1-96x96.jpg\",\"caption\":\"Bencze Attila\"},\"url\":\"https:\/\/www.minicrm.hu\/blog\/author\/benczeattila\/\"}]}<\/script>\n<!-- \/ Yoast SEO plugin. -->","yoast_head_json":{"title":"Meg\u00fajult a MiniCRM mobil alkalmaz\u00e1s!","description":"\u00daj MiniCRM mobil app: c\u00e9gvezet\u0151knek, mozg\u00f3 \u00e9rt\u00e9kes\u00edt\u0151knek,\u00a0szerv\u00edzeseknek arany: gyorsabb file csatol\u00e1s, teend\u0151 sablonok, biometrikus login..","robots":{"index":"index","follow":"follow","max-snippet":"max-snippet:-1","max-image-preview":"max-image-preview:large","max-video-preview":"max-video-preview:-1"},"canonical":"https:\/\/www.minicrm.hu\/blog\/2022\/06-13\/megujult-a-minicrm-mobil-alkalmazas\/","og_locale":"hu_HU","og_type":"article","og_title":"Meg\u00fajult a MiniCRM mobil alkalmaz\u00e1s!","og_description":"\u00daj MiniCRM mobil app: c\u00e9gvezet\u0151knek, mozg\u00f3 \u00e9rt\u00e9kes\u00edt\u0151knek,\u00a0szerv\u00edzeseknek arany: gyorsabb file csatol\u00e1s, teend\u0151 sablonok, biometrikus login..","og_url":"https:\/\/www.minicrm.hu\/blog\/2022\/06-13\/megujult-a-minicrm-mobil-alkalmazas\/","og_site_name":"MiniCRM Blog","article_published_time":"2022-06-13T14:34:06+00:00","article_modified_time":"2022-08-04T14:58:09+00:00","author":"Bencze Attila","twitter_misc":{"Szerz\u0151:":"Bencze Attila","Becs\u00fclt olvas\u00e1si id\u0151":"2 perc"},"schema":{"@context":"https:\/\/schema.org","@graph":[{"@type":"Article","@id":"https:\/\/www.minicrm.hu\/blog\/2022\/06-13\/megujult-a-minicrm-mobil-alkalmazas\/#article","isPartOf":{"@id":"https:\/\/www.minicrm.hu\/blog\/2022\/06-13\/megujult-a-minicrm-mobil-alkalmazas\/"},"author":{"name":"Bencze Attila","@id":"https:\/\/www.minicrm.hu\/blog\/#\/schema\/person\/b0903071eb8d4e0bdd3bb3aca87542c6"},"headline":"Meg\u00fajult a MiniCRM mobil alkalmaz\u00e1s!","datePublished":"2022-06-13T14:34:06+00:00","dateModified":"2022-08-04T14:58:09+00:00","mainEntityOfPage":{"@id":"https:\/\/www.minicrm.hu\/blog\/2022\/06-13\/megujult-a-minicrm-mobil-alkalmazas\/"},"wordCount":425,"publisher":{"@id":"https:\/\/www.minicrm.hu\/blog\/#organization"},"articleSection":["C\u00e9gvezet\u00e9s"],"inLanguage":"hu"},{"@type":"WebPage","@id":"https:\/\/www.minicrm.hu\/blog\/2022\/06-13\/megujult-a-minicrm-mobil-alkalmazas\/","url":"https:\/\/www.minicrm.hu\/blog\/2022\/06-13\/megujult-a-minicrm-mobil-alkalmazas\/","name":"Meg\u00fajult a MiniCRM mobil alkalmaz\u00e1s!","isPartOf":{"@id":"https:\/\/www.minicrm.hu\/blog\/#website"},"datePublished":"2022-06-13T14:34:06+00:00","dateModified":"2022-08-04T14:58:09+00:00","description":"\u00daj MiniCRM mobil app: c\u00e9gvezet\u0151knek, mozg\u00f3 \u00e9rt\u00e9kes\u00edt\u0151knek,\u00a0szerv\u00edzeseknek arany: gyorsabb file csatol\u00e1s, teend\u0151 sablonok, biometrikus login..","breadcrumb":{"@id":"https:\/\/www.minicrm.hu\/blog\/2022\/06-13\/megujult-a-minicrm-mobil-alkalmazas\/#breadcrumb"},"inLanguage":"hu","potentialAction":[{"@type":"ReadAction","target":["https:\/\/www.minicrm.hu\/blog\/2022\/06-13\/megujult-a-minicrm-mobil-alkalmazas\/"]}]},{"@type":"BreadcrumbList","@id":"https:\/\/www.minicrm.hu\/blog\/2022\/06-13\/megujult-a-minicrm-mobil-alkalmazas\/#breadcrumb","itemListElement":[{"@type":"ListItem","position":1,"name":"Home","item":"https:\/\/www.minicrm.hu\/blog\/"},{"@type":"ListItem","position":2,"name":"Meg\u00fajult a MiniCRM mobil alkalmaz\u00e1s!"}]},{"@type":"WebSite","@id":"https:\/\/www.minicrm.hu\/blog\/#website","url":"https:\/\/www.minicrm.hu\/blog\/","name":"MiniCRM Blog","description":"CRM Blog","publisher":{"@id":"https:\/\/www.minicrm.hu\/blog\/#organization"},"potentialAction":[{"@type":"SearchAction","target":{"@type":"EntryPoint","urlTemplate":"https:\/\/www.minicrm.hu\/blog\/?s={search_term_string}"},"query-input":{"@type":"PropertyValueSpecification","valueRequired":true,"valueName":"search_term_string"}}],"inLanguage":"hu"},{"@type":"Organization","@id":"https:\/\/www.minicrm.hu\/blog\/#organization","name":"MiniCRM Blog","url":"https:\/\/www.minicrm.hu\/blog\/","logo":{"@type":"ImageObject","inLanguage":"hu","@id":"https:\/\/www.minicrm.hu\/blog\/#\/schema\/logo\/image\/","url":"https:\/\/minicrm-wp-hu.s3.amazonaws.com\/uploads\/2021\/04\/cropped-MC-logo-Blog-2021_G-Dark.png","contentUrl":"https:\/\/minicrm-wp-hu.s3.amazonaws.com\/uploads\/2021\/04\/cropped-MC-logo-Blog-2021_G-Dark.png","width":91,"height":89,"caption":"MiniCRM Blog"},"image":{"@id":"https:\/\/www.minicrm.hu\/blog\/#\/schema\/logo\/image\/"}},{"@type":"Person","@id":"https:\/\/www.minicrm.hu\/blog\/#\/schema\/person\/b0903071eb8d4e0bdd3bb3aca87542c6","name":"Bencze Attila","image":{"@type":"ImageObject","inLanguage":"hu","@id":"https:\/\/www.minicrm.hu\/blog\/#\/schema\/person\/image\/","url":"https:\/\/minicrm-wp-hu.s3.amazonaws.com\/uploads\/2021\/06\/Attila.Bencze.New_.Profile.1-96x96.jpg","contentUrl":"https:\/\/minicrm-wp-hu.s3.amazonaws.com\/uploads\/2021\/06\/Attila.Bencze.New_.Profile.1-96x96.jpg","caption":"Bencze Attila"},"url":"https:\/\/www.minicrm.hu\/blog\/author\/benczeattila\/"}]}},"_links":{"self":[{"href":"https:\/\/www.minicrm.hu\/blog\/wp-json\/wp\/v2\/posts\/17328","targetHints":{"allow":["GET"]}}],"collection":[{"href":"https:\/\/www.minicrm.hu\/blog\/wp-json\/wp\/v2\/posts"}],"about":[{"href":"https:\/\/www.minicrm.hu\/blog\/wp-json\/wp\/v2\/types\/post"}],"author":[{"embeddable":true,"href":"https:\/\/www.minicrm.hu\/blog\/wp-json\/wp\/v2\/users\/72"}],"replies":[{"embeddable":true,"href":"https:\/\/www.minicrm.hu\/blog\/wp-json\/wp\/v2\/comments?post=17328"}],"version-history":[{"count":2,"href":"https:\/\/www.minicrm.hu\/blog\/wp-json\/wp\/v2\/posts\/17328\/revisions"}],"predecessor-version":[{"id":17679,"href":"https:\/\/www.minicrm.hu\/blog\/wp-json\/wp\/v2\/posts\/17328\/revisions\/17679"}],"wp:attachment":[{"href":"https:\/\/www.minicrm.hu\/blog\/wp-json\/wp\/v2\/media?parent=17328"}],"wp:term":[{"taxonomy":"category","embeddable":true,"href":"https:\/\/www.minicrm.hu\/blog\/wp-json\/wp\/v2\/categories?post=17328"},{"taxonomy":"post_tag","embeddable":true,"href":"https:\/\/www.minicrm.hu\/blog\/wp-json\/wp\/v2\/tags?post=17328"}],"curies":[{"name":"wp","href":"https:\/\/api.w.org\/{rel}","templated":true}]}}