

{"id":17732,"date":"2022-08-25T15:02:18","date_gmt":"2022-08-25T13:02:18","guid":{"rendered":"https:\/\/www.minicrm.hu\/blog\/?p=17732"},"modified":"2022-08-25T15:03:50","modified_gmt":"2022-08-25T13:03:50","slug":"gazdasagi_valsag_2022_megoldasok","status":"publish","type":"post","link":"https:\/\/www.minicrm.hu\/blog\/2022\/08-25\/gazdasagi_valsag_2022_megoldasok\/","title":{"rendered":"A legjobb megold\u00e1sok a 2022-es gazdas\u00e1gi v\u00e1ls\u00e1gra"},"content":{"rendered":"<p>Ha van kifejez\u00e9s, amit egyetlen v\u00e1llalkoz\u00f3, c\u00e9gvezet\u0151 sem szeretne soha az \u00e9letben hallani, az biztosan a gazdas\u00e1gi vil\u00e1gv\u00e1ls\u00e1g. Egy ilyen helyzetben minden bizonytalann\u00e1 v\u00e1lik, a bev\u00e1lt m\u00f3dszerek hasztalannak bizonyulnak, a c\u00e9g j\u00f6v\u0151je pedig megk\u00e9rd\u0151jelez\u0151dik. Ak\u00e1rmennyire ut\u00e1ljuk is, sajnos musz\u00e1j kimondani: 2022-ben brut\u00e1lis vil\u00e1ggazdas\u00e1gi v\u00e1ls\u00e1ggal \u00e1llunk szemben.<\/p>\n<p>Aki nem egy k\u0151 alatt \u00e9lt az elm\u00falt p\u00e1r h\u00f3napban (\u00e9vben), az pontosan tudja, hogy mir\u0151l besz\u00e9l\u00fcnk. Ha tankolt\u00e1l mostan\u00e1ban, ha elment\u00e9l a k\u00f6z\u00e9rtbe, ha befizetted a c\u00e9ges rezsisz\u00e1ml\u00e1t, ha v\u00e1ltott\u00e1l mostan\u00e1ban eur\u00f3t, akkor pontosan tudod, hogy mekkora a baj. A C\u00e9g\u00e9p\u00edt\u0151k podcast vend\u00e9gei \u2013 P\u00e1l Zolt\u00e1n \u00e9s Elek M\u00e1rton \u2013 azonban azt is tudj\u00e1k, hogy mi a sikeres v\u00e1ls\u00e1gkezel\u00e9s receptje.<\/p>\n<p><!--more--><\/p>\n<h2>A gazdas\u00e1gi vil\u00e1gv\u00e1ls\u00e1g kiv\u00e1lt\u00f3 okai<\/h2>\n<p><img loading=\"lazy\" decoding=\"async\" onerror=\"this.src='https:\/\/minicrm-wp-hu.s3.amazonaws.com\/uploads\/2021\/04\/MC_logo_2021_G-Dark.svg'\" class=\"aligncenter size-large wp-image-17759\" src=\"https:\/\/minicrm-wp-hu.s3.amazonaws.com\/uploads\/2022\/08\/gazdasagi_vilagvalsag_2022-587x402.jpeg\" alt=\"Gazdas\u00e1gi v\u00e1ls\u00e1g 2022\" width=\"587\" height=\"402\" srcset=\"https:\/\/minicrm-wp-hu.s3.amazonaws.com\/uploads\/2022\/08\/gazdasagi_vilagvalsag_2022-587x402.jpeg 587w, https:\/\/minicrm-wp-hu.s3.amazonaws.com\/uploads\/2022\/08\/gazdasagi_vilagvalsag_2022-300x206.jpeg 300w, https:\/\/minicrm-wp-hu.s3.amazonaws.com\/uploads\/2022\/08\/gazdasagi_vilagvalsag_2022-768x526.jpeg 768w, https:\/\/minicrm-wp-hu.s3.amazonaws.com\/uploads\/2022\/08\/gazdasagi_vilagvalsag_2022-1536x1052.jpeg 1536w, https:\/\/minicrm-wp-hu.s3.amazonaws.com\/uploads\/2022\/08\/gazdasagi_vilagvalsag_2022-1200x822.jpeg 1200w, https:\/\/minicrm-wp-hu.s3.amazonaws.com\/uploads\/2022\/08\/gazdasagi_vilagvalsag_2022.jpeg 1869w\" sizes=\"auto, (max-width: 587px) 100vw, 587px\" \/><\/p>\n<h3>Koronav\u00edrus-j\u00e1rv\u00e1ny<\/h3>\n<p>Tal\u00e1n maga a v\u00edrus m\u00e1r nem jelent akkora \u00e9s olyan k\u00f6zvetlen vesz\u00e9lyt (h\u00e1la a v\u00e9d\u0151olt\u00e1soknak), de a COVID gazdas\u00e1gi hat\u00e1sai bizony m\u00e9g sok\u00e1ig vel\u00fcnk lesznek. A legfontosabb ezek k\u00f6z\u00fcl tal\u00e1n az, hogy az emberek k\u00f6zel k\u00e9t \u00e9vig visszafogt\u00e1k a kiad\u00e1saikat. Ki k\u00e9nyszerb\u0151l, mert a lez\u00e1r\u00e1sok miatt elvesztette az \u00e1ll\u00e1s\u00e1t, ki az\u00e9rt, mert fel akart k\u00e9sz\u00fclni a neh\u00e9z id\u0151kre. Ak\u00e1rhogy is, a j\u00e1rv\u00e1ny visszaszorul\u00e1s\u00e1val a lakoss\u00e1g hirtelen \u201enagybev\u00e1s\u00e1rl\u00e1sba\u201d kezdett, ami pillanatok alatt \u00e1ruhi\u00e1nyhoz \u00e9s persze infl\u00e1ci\u00f3hoz vezetett.<\/p>\n<p>A COVID m\u00e1sik d\u00f6nt\u0151 hat\u00e1sa az volt, hogy <a href=\"https:\/\/www.portfolio.hu\/gazdasag\/20200323\/ez-a-koronavirus-5-legsulyosabb-gazdasagi-hatasa-magyarorszagon-es-europaban-421110\">egyes ipar\u00e1gak \u00f3ri\u00e1si pofont kaptak<\/a>, \u00e9s a mai napig sem \u00e1lltak fel bel\u0151le. A turizmus m\u00e9g mindig szenved, a vend\u00e9gl\u00e1t\u00f3helyek meghat\u00e1roz\u00f3 r\u00e9sze \u00f6r\u00f6kre bez\u00e1rt, az ell\u00e1t\u00e1si l\u00e1ncok pedig m\u00e9g mindig nem \u00e1lltak teljes eg\u00e9sz\u00e9ben helyre. Ehhez m\u00e9g vegy\u00fck hozz\u00e1, hogy a K\u00ednai termel\u00e9si kapacit\u00e1s is csak t\u00f6red\u00e9ke a megszokottnak \u2013 m\u00e1rpedig a vil\u00e1got az \u00e1zsiai orsz\u00e1g l\u00e1tja el alapanyaggal szinte minden ipari szektorban.<\/p>\n<h3>Orosz-Ukr\u00e1n h\u00e1bor\u00fa<\/h3>\n<p>2022. febru\u00e1r 24-e s\u00f6t\u00e9t nap Eur\u00f3pa t\u00f6rt\u00e9nelm\u00e9ben. Oroszorsz\u00e1g ekkor t\u00e1madta meg Ukrajn\u00e1t, a h\u00e1bor\u00fa pedig az\u00f3ta is tart. A szomsz\u00e9dunkban zajl\u00f3 \u00e9rtelmetlen puszt\u00edt\u00e1s a vil\u00e1ggazdas\u00e1got is alapjaiban rengette meg. Az eur\u00f3pai orsz\u00e1gok \u2013 \u00edgy Magyarorsz\u00e1g is \u2013 alapvet\u0151en f\u00fcggnek az orosz nyersanyagt\u00f3l, azaz k\u0151olajt\u00f3l \u00e9s f\u00f6ldg\u00e1zt\u00f3l. Ell\u00e1t\u00e1si hi\u00e1nyoss\u00e1gok egyel\u0151re nincsenek, de a t\u00e9l kimondottan bizonytalan: lesz-e elegend\u0151 \u00fczemanyag \u00e9s g\u00e1z, vagy \u00e9vtizedek \u00f3ta nem l\u00e1tott fogcsikorgat\u00f3 t\u00e9l v\u00e1r r\u00e1nk?<\/p>\n<h3>Magyar gazdas\u00e1gpolitika<\/h3>\n<p>Haz\u00e1nk probl\u00e9m\u00e1i nem a h\u00e1bor\u00fa kit\u00f6r\u00e9s\u00e9vel kezd\u0151dtek. A korm\u00e1ny m\u00e1r tavaly novemberben hat\u00f3s\u00e1gi \u00e1rkorl\u00e1toz\u00e1st vezetett be n\u00e9h\u00e1ny alapvet\u0151 \u00e9lelmiszerre, illetve az \u00fczemanyagra. Az infl\u00e1ci\u00f3 ugyanis m\u00e1r akkor is az egekben volt, 2022 augusztus\u00e1ra pedig <a href=\"https:\/\/hvg.hu\/gazdasag\/20220818_inflacio_dragulas_eu_arak\">eg\u00e9szen r\u00e9miszt\u0151 m\u00e9reteket \u00f6lt\u00f6tt.<\/a> Ezzel egy\u00fctt\/p\u00e1rhuzamosan a forint-eur\u00f3 \u00e1rfolyam is t\u00f6rt\u00e9nelmi m\u00e9lys\u00e9gekbe zuhant, ami \u00fajabb csap\u00e1st jelentett a hazai c\u00e9geknek.<\/p>\n<p>Hogy meg\u00e1ll\u00edtsa a forint zuhan\u00e1s\u00e1t, a Jegybank folyamatosan emelte az alapkamatot, ami a v\u00e1llalkoz\u00e1sok hitelterheit n\u00f6velte \u00e9s n\u00f6veli jelenleg is. V\u00e9g\u00fcl egy utols\u00f3 adal\u00e9k a v\u00e1ls\u00e1g meg\u00e9rt\u00e9s\u00e9hez: a magyar korm\u00e1ny \u00e9s az Eur\u00f3pai Bizotts\u00e1g k\u00f6zti konfliktus miatt jelenleg mintegy <a href=\"https:\/\/24.hu\/kulfold\/2022\/08\/16\/unios-penzek-mikor-jonnek-megegyezes-eu-magyarorszag\/\">hatezer milli\u00e1rd forintt\u00f3l esik el<\/a> Magyarorsz\u00e1g. Ak\u00e1rhonnan n\u00e9zz\u00fck, ez bizony f\u00e1j\u00f3an hi\u00e1nyzik a k\u00f6lts\u00e9gvet\u00e9sb\u0151l.<\/p>\n<h2>Ezek nehez\u00edtik a c\u00e9gek \u00e9let\u00e9t a v\u00e1ls\u00e1gban<\/h2>\n<p><img loading=\"lazy\" decoding=\"async\" onerror=\"this.src='https:\/\/minicrm-wp-hu.s3.amazonaws.com\/uploads\/2021\/04\/MC_logo_2021_G-Dark.svg'\" class=\"aligncenter size-large wp-image-17756\" src=\"https:\/\/minicrm-wp-hu.s3.amazonaws.com\/uploads\/2022\/08\/gazdasagi_valsag_2022-715x402.jpeg\" alt=\"Gazdas\u00e1gi vil\u00e1gv\u00e1ls\u00e1g 2022\" width=\"715\" height=\"402\" srcset=\"https:\/\/minicrm-wp-hu.s3.amazonaws.com\/uploads\/2022\/08\/gazdasagi_valsag_2022-715x402.jpeg 715w, https:\/\/minicrm-wp-hu.s3.amazonaws.com\/uploads\/2022\/08\/gazdasagi_valsag_2022-300x169.jpeg 300w, https:\/\/minicrm-wp-hu.s3.amazonaws.com\/uploads\/2022\/08\/gazdasagi_valsag_2022-768x432.jpeg 768w, https:\/\/minicrm-wp-hu.s3.amazonaws.com\/uploads\/2022\/08\/gazdasagi_valsag_2022-1200x675.jpeg 1200w, https:\/\/minicrm-wp-hu.s3.amazonaws.com\/uploads\/2022\/08\/gazdasagi_valsag_2022.jpeg 1280w\" sizes=\"auto, (max-width: 715px) 100vw, 715px\" \/><\/p>\n<h3>Infl\u00e1ci\u00f3<\/h3>\n<p>Ha h\u00f3napr\u00f3l h\u00f3napra dr\u00e1g\u00e1bb minden, azt a c\u00e9ged is megs\u00ednyli. Ak\u00e1rmivel is foglalkozol, biztos hogy most dr\u00e1g\u00e1bban tudod el\u0151\u00e1ll\u00edtani, szolg\u00e1ltatni, mint egy \u00e9vvel ezel\u0151tt. Az \u00e1remel\u00e9st pedig ilyen gazdas\u00e1gi helyzetben neh\u00e9z eladni az \u00fcgyfeleknek.<\/p>\n<h3>Forint-eur\u00f3 \u00e1rfolyam<\/h3>\n<p>Nem nagyon l\u00e9tezik olyan piac Magyarorsz\u00e1gon, ami ne szorulna kisebb-nagyobb m\u00e9rt\u00e9kben importra. M\u00e1rpedig a 400 forint felletti eur\u00f3 \u00e1rfolyam hatalmas \u00e1remelked\u00e9st jelent minden beszerz\u00e9sn\u00e9l. A szak\u00e9rt\u0151k t\u00f6bbs\u00e9ge egyet \u00e9rt abban, hogy az olcs\u00f3 eur\u00f3nak hossz\u00fa id\u0151re b\u00facs\u00fat inthet\u00fcnk.<\/p>\n<h3>Visszafogott fogyaszt\u00e1s<\/h3>\n<p>A 2022-es gazdas\u00e1gi v\u00e1ls\u00e1g ugyanazt a forgat\u00f3k\u00f6nyve k\u00f6veti, mint a kor\u00e1bbiak. Ennek pedig egyik legalapvet\u0151bb velej\u00e1r\u00f3ja, hogy a lakoss\u00e1g drasztikusan visszafogja a fogyaszt\u00e1s\u00e1t. Az emberek ilyenkor ink\u00e1bb tartal\u00e9kolnak, \u00e9s csak a legalapvet\u0151bb dolgokra k\u00f6ltenek. Ami nem j\u00f3 h\u00edr egyetlen v\u00e1llalkoz\u00e1snak sem, amelyik valami m\u00e1sban utazik.<\/p>\n<h3>Rezsik\u00f6lts\u00e9gek \u00e9s \u00fczemanyag\u00e1rak<\/h3>\n<p>Egyre dr\u00e1g\u00e1bb mulats\u00e1g fenntartani egy c\u00e9get, ami komoly likvidit\u00e1si gondokat okozhat. A rezsiben m\u00e9g csak most j\u00f6n majd az igazi feketeleves, az \u00fczemanyagn\u00e1l pedig m\u00e1r isszuk: 2022. j\u00fal. 30-t\u00f3l c\u00e9ges aut\u00f3ba m\u00e1r nem tankolhat\u00f3 hat\u00f3s\u00e1gi \u00e1ras benzin \u00e9s diesel.<\/p>\n<h3>Kata-v\u00e1ltoz\u00e1sok<\/h3>\n<p><a href=\"https:\/\/www.minicrm.hu\/blog\/2022\/07-27\/a-legfontosabb-kata-valtozasok-2022-ben\/\">A kata-t\u00f6rv\u00e9ny m\u00f3dos\u00edt\u00e1sa<\/a> ink\u00e1bb a v\u00e1ls\u00e1gkezel\u00e9shez, mint mag\u00e1hoz a v\u00e1ls\u00e1ghoz k\u00f6thet\u0151, a hat\u00e1sa ugyanakkor dr\u00e1mai. N\u00e9gysz\u00e1zezer v\u00e1llalkoz\u00f3 meg\u00e9lhet\u00e9se v\u00e1lt bizonytalann\u00e1 vagy \u00e9ppen dr\u00e1g\u00e1bb\u00e1. K\u00fcl\u00f6n\u00f6sen \u00e9rintettek az olyan ter\u00fcletek, mint a k\u00f6nyvkiad\u00e1s, ford\u00edt\u00e1s, marketing, fodr\u00e1szat, kozmetika stb.<\/p>\n<h2>A magyar \u00e1llamcs\u0151d es\u00e9lye \u2013 re\u00e1lis lehet\u0151s\u00e9g?<\/h2>\n<p>T\u00e1vol \u00e1lljon t\u0151l\u00fcnk, hogy riogassunk b\u00e1rkit is, de m\u00e9gis musz\u00e1j feltenni ezt a k\u00e9rd\u00e9st, mert sokakat \u00e9rdekel. A v\u00e1lasz persze az, hogy nem tudjuk megmondani, lesz-e \u00e1llamcs\u0151d vagy sem. N\u00e1lunk okosabb emberek azonban megpr\u00f3b\u00e1lt\u00e1k megtippelni a magyar \u00e1llamcs\u0151d es\u00e9ly\u00e9t. A Bloomberg elemz\u00e9se bizony rendk\u00edv\u00fcl lelomboz\u00f3:<\/p>\n<p><img loading=\"lazy\" decoding=\"async\" onerror=\"this.src='https:\/\/minicrm-wp-hu.s3.amazonaws.com\/uploads\/2021\/04\/MC_logo_2021_G-Dark.svg'\" class=\"aligncenter wp-image-17744 size-full\" src=\"https:\/\/minicrm-wp-hu.s3.amazonaws.com\/uploads\/2022\/08\/magyar_allamcsod_eselye.jpeg\" alt=\"magyar_allamcsod_eselye\" width=\"1996\" height=\"1214\" srcset=\"https:\/\/minicrm-wp-hu.s3.amazonaws.com\/uploads\/2022\/08\/magyar_allamcsod_eselye.jpeg 1920w, https:\/\/minicrm-wp-hu.s3.amazonaws.com\/uploads\/2022\/08\/magyar_allamcsod_eselye-300x182.jpeg 300w, https:\/\/minicrm-wp-hu.s3.amazonaws.com\/uploads\/2022\/08\/magyar_allamcsod_eselye-661x402.jpeg 661w, https:\/\/minicrm-wp-hu.s3.amazonaws.com\/uploads\/2022\/08\/magyar_allamcsod_eselye-768x467.jpeg 768w, https:\/\/minicrm-wp-hu.s3.amazonaws.com\/uploads\/2022\/08\/magyar_allamcsod_eselye-1536x934.jpeg 1536w, https:\/\/minicrm-wp-hu.s3.amazonaws.com\/uploads\/2022\/08\/magyar_allamcsod_eselye-1200x730.jpeg 1200w\" sizes=\"auto, (max-width: 1996px) 100vw, 1996px\" \/><\/p>\n<p>Ha csak Eur\u00f3p\u00e1t n\u00e9zz\u00fck, akkor azt l\u00e1tjuk, hogy a kontinensen a harmadik legnagyobb es\u00e9llyel Magyarorsz\u00e1g jelent cs\u0151d\u00f6t (csak a h\u00e1bor\u00fa d\u00falta Ukrajn\u00e1ban \u00e9s Szerbi\u00e1ban nagyobb erre az es\u00e9ly). Vil\u00e1gszinten pedig a 28. legvesz\u00e9lyeztetettebb \u00e1llam vagyunk. Erre szokt\u00e1k azt mondani, hogy rem\u00e9lj\u00fck a legjobbakat, de k\u00e9sz\u00fclj\u00fcnk fel a legrosszabbra.<\/p>\n<h2>Tanulj a c\u00e9g\u00e9p\u00edt\u00e9s mestereit\u0151l \u2013 tedd v\u00e1ls\u00e1g\u00e1ll\u00f3v\u00e1 a c\u00e9ged!<\/h2>\n<h3>P\u00e1l Zolt\u00e1n: \u201eLehet\u0151s\u00e9gk\u00e9nt tekintek a v\u00e1ls\u00e1gra\u201d<\/h3>\n<p>P\u00e1l Zolt\u00e1n egyed\u00fcl ind\u00edtotta SEO-\u00fcgyn\u00f6ks\u00e9g\u00e9t, ami m\u00e1ra negyven f\u0151s v\u00e1llalkoz\u00e1ss\u00e1 duzzadt, 300 milli\u00f3 forintos szerz\u0151d\u00e9s\u00e1llom\u00e1nnyal. Zolt\u00e1n emellett t\u00f6bb c\u00e9gnek is seg\u00edt mentork\u00e9nt.<\/p>\n<p><em>\u201eAzt gondolom, hogy v\u00e1ls\u00e1gr\u00f3l tal\u00e1n m\u00e9g nem besz\u00e9lhet\u00fcnk. Szerencs\u00e9sebb lenne a mostani helyzetet v\u00e1ltoz\u00e1snak h\u00edvni. Egy olyan szitu\u00e1ci\u00f3nak, ahol kicsit minden borul \u2013 amire f\u00e9l \u00e9ve alapoztunk, az most m\u00e1r biztosan nem igaz, \u00e9s nem m\u0171k\u00f6d\u0151k\u00e9pes. A m\u00e1zli az, hogy a legt\u00f6bb c\u00e9g m\u00e1r hozz\u00e1szokott ehhez. Az elm\u00falt \u00e9vekben folyamatosan \u00e9rtek minket a v\u00e1ls\u00e1gok, \u00e9s nem kell nagy j\u00f3stehets\u00e9g, hogy tudjuk: a j\u00f6v\u0151ben is v\u00e1rhat\u00f3k gazdas\u00e1gi v\u00e1ls\u00e1gok.<\/em><\/p>\n<p><em>A kulcs teh\u00e1t az, hogy hossz\u00fa t\u00e1vra rendezkedj\u00fcnk be. Fogalmunk sincs, mikor lesz v\u00e9ge a mostani neh\u00e9zs\u00e9geknek, \u00e9s semmi sem garant\u00e1lja, hogy fel\u00edvel\u00e9s k\u00f6vetkezik ut\u00e1na. Ami 100%, hogy alkalmazkodni kell. Csak az lehet sikeres, aki k\u00e9pes meg\u00fajulni \u00e9s adapt\u00e1l\u00f3dni. Aki a r\u00e9gi, \u201ej\u00f3l bev\u00e1ltnak\u201d hitt megold\u00e1sok szerint megy tov\u00e1bb, arra nagyon neh\u00e9z id\u0151k j\u00f6nnek.<\/em><\/p>\n<p><em>Hogyan lehet hossz\u00fa t\u00e1vra tervezni? Nos, \u00fagy, hogy mindent, de t\u00e9nyleg mindent m\u00e9r\u00fcnk. Az \u00fcgyf\u00e9lsz\u00e1mot, az egyes \u00fcgyfelek k\u00f6lt\u00e9s\u00e9t, az \u00e1rainkat \u2013 mindent, ami csak sz\u00e1mszer\u0171s\u00edthet\u0151. Ezzel egy\u00fctt az is fontos, hogy el tudjuk engedni a dolgokat. Lehet, hogy tavaly ilyenkor egy projekt priorit\u00e1snak t\u0171nt, de a mostani szituban nem \u00e9rdemes p\u00e9nzt \u00e9s id\u0151t fecs\u00e9relni r\u00e1. Most azokra a projektekre kell f\u00f3kusz\u00e1lni, amik a hossz\u00fa t\u00e1v\u00fa c\u00e9ljainkat szolg\u00e1lja.<\/em><\/p>\n<p><em>Ha pedig m\u00e1r az id\u0151 sz\u00f3ba ker\u00fclt: a vil\u00e1gon semmi nincs ingyen. Vagy p\u00e9nzbe ker\u00fcl, vagy id\u0151be. C\u00e9gvezet\u0151k\u00e9nt f\u0151leg az ut\u00f3bbival tudok nagylelk\u0171en b\u00e1nni, azaz id\u0151t hitelezni magamnak, hogy a c\u00e9gem fejleszt\u00e9s\u00e9vel foglalkozzak a v\u00e1ls\u00e1gban. Ha most r\u00e1sz\u00e1nom az id\u0151t, \u00e9s ak\u00e1r \u00e9jf\u00e9lkor is a folyamataimat fejlesztem, az k\u00e9s\u0151bb kamatostul megt\u00e9r\u00fcl majd. Nincs k\u00f6nny\u0171 megold\u00e1s, nincs ker\u00fcl\u0151\u00fat. Nem lehet csak \u00fclni, \u00e9s v\u00e1rni a megold\u00e1st. A tettek ideje van.\u201d<\/em><\/p>\n<p><img loading=\"lazy\" decoding=\"async\" onerror=\"this.src='https:\/\/minicrm-wp-hu.s3.amazonaws.com\/uploads\/2021\/04\/MC_logo_2021_G-Dark.svg'\" class=\"aligncenter wp-image-17738 size-large\" src=\"https:\/\/minicrm-wp-hu.s3.amazonaws.com\/uploads\/2022\/08\/cegepitok_gazdasagi_valsag-767x402.jpeg\" alt=\"cegepitok_gazdasagi_valsag\" width=\"767\" height=\"402\" srcset=\"https:\/\/minicrm-wp-hu.s3.amazonaws.com\/uploads\/2022\/08\/cegepitok_gazdasagi_valsag-767x402.jpeg 767w, https:\/\/minicrm-wp-hu.s3.amazonaws.com\/uploads\/2022\/08\/cegepitok_gazdasagi_valsag-300x157.jpeg 300w, https:\/\/minicrm-wp-hu.s3.amazonaws.com\/uploads\/2022\/08\/cegepitok_gazdasagi_valsag-768x402.jpeg 768w, https:\/\/minicrm-wp-hu.s3.amazonaws.com\/uploads\/2022\/08\/cegepitok_gazdasagi_valsag-1536x804.jpeg 1536w, https:\/\/minicrm-wp-hu.s3.amazonaws.com\/uploads\/2022\/08\/cegepitok_gazdasagi_valsag-1200x628.jpeg 1200w, https:\/\/minicrm-wp-hu.s3.amazonaws.com\/uploads\/2022\/08\/cegepitok_gazdasagi_valsag.jpeg 1920w\" sizes=\"auto, (max-width: 767px) 100vw, 767px\" \/><\/p>\n<h3>Elek M\u00e1rton: \u201eAz a l\u00e9nyeg, hogy legyen v\u00edzi\u00f3nk\u201d<\/h3>\n<p>Elek M\u00e1rton alig k\u00e9tsz\u00e1szezer forinttal v\u00e1gott bele a Borh\u00e1l\u00f3 nev\u0171 c\u00e9g\u00e9be. \u00c9s most? H\u00e1rom \u00e9v ut\u00e1n az \u00e1rbev\u00e9tel m\u00e1r a egy milli\u00e1rd forintot is meghaladja. M\u00e1rton jelenleg 10 c\u00e9gnek seg\u00edt vezet\u0151i tan\u00e1csad\u00f3k\u00e9nt.<\/p>\n<p><em>\u201eA v\u00e1ls\u00e1gok idej\u00e9t \u00e9lj\u00fck. Az elm\u00falt t\u00edz \u00e9vben is az volt, mert a munkaer\u0151hi\u00e1ny bizony egy komoly kr\u00edzist jelentett. Azt\u00e1n a COVID, most pedig a h\u00e1bor\u00fa, az infl\u00e1ci\u00f3, az energia\u00e1rak, \u00e9s m\u00e9g sorolhatn\u00e1m. Azt l\u00e1tom, hogy azok a c\u00e9gvezet\u0151k nem riadnak meg, akiknek kialakult strat\u00e9gi\u00e1ja van. Aki tudja, hogy mit mi\u00e9rt csin\u00e1l \u00e9s mikor. Nem lehet mindent eldobni, \u00e9s mondjuk embereket t\u00f6megesen kir\u00fagni. Alkalmazkodni kell, \u00e9s ak\u00e1r k\u00fcls\u0151 tud\u00e1st, seg\u00edts\u00e9get is bevonni a vezet\u00e9sbe.<\/em><\/p>\n<p><em>Sz\u00f3val a kapkod\u00e1st semmik\u00e9pp sem tekintem c\u00e9lravezet\u0151nek. A strat\u00e9gi\u00e1nkhoz ragaszkodnunk kell, mik\u00f6zben a taktik\u00e1nk v\u00e1ltozhat. Ha p\u00e9ld\u00e1ul a fix fizet\u00e9sb\u0151l teljes\u00edtm\u00e9nyar\u00e1nyos b\u00e9rez\u00e9sre v\u00e1ltok azokn\u00e1l a koll\u00e9g\u00e1kn\u00e1l, akikn\u00e9l ez m\u0171k\u00f6dhet, az egy taktikai v\u00e1lt\u00e1s. De az, hogy tartalmi eduk\u00e1ci\u00f3val szerzek \u00fcgyfelet, az strat\u00e9gia. Amit nem most kell \u00fajragondolni.<\/em><\/p>\n<p><em>Azt viszont nagyon is \u00e9rdemes \u00e1tgondolni minden c\u00e9gvezet\u0151nek, hogy \u0151 pontosan milyen munk\u00e1t is v\u00e9gez a v\u00e1llalkoz\u00e1sban. Milyen szerepk\u00f6r\u00f6kben tev\u00e9kenykedik. Ehhez el\u00e9g egy egyszer\u0171 Excel-t\u00e1bla, amiben vezetj\u00fck, hogy mi az, amit minden nap, minden h\u00e9ten vagy minden h\u00f3napban csin\u00e1lok. Ki fog rajzol\u00f3dni, hogy h\u00e1ny lovat pr\u00f3b\u00e1l meg\u00fclni a c\u00e9gvezet\u0151 egyszerre. \u00c9s akkor innen m\u00e1r fel lehet \u00e1ll\u00edtani priorit\u00e1sokat, \u00e9s ki lehet szervezni azt, ami viszi az id\u0151t.<\/em><\/p>\n<p><em>A fontoss\u00e1gi sorrendek meghat\u00e1roz\u00e1sa alapvet\u0151 a v\u00e1ls\u00e1gban. K\u00f6nnyen t\u0171nhet \u00fagy, hogy ami s\u00fcrg\u0151s, az fontos is, de ez messze nem t\u00f6rv\u00e9nyszer\u0171. S\u0151t, \u00e1ltal\u00e1ban \u00e9pp ford\u00edtva van! \u00d6nmagunk k\u00e9pz\u00e9se, a tanul\u00e1s, a fejl\u0151d\u00e9s p\u00e9ld\u00e1ul nem s\u00fcrg\u0151s, vagyis nem megy egyik napr\u00f3l a m\u00e1sikra. M\u00e9gis azt gondolom, hogy a 2022-es gazdas\u00e1gi v\u00e1ls\u00e1gban ez a legjobb m\u00f3dszer a n\u00f6veked\u00e9shez.\u201d<\/em><\/p>\n<p><strong>Zolt\u00e1n \u00e9s Marci m\u00e9g t\u00f6bb hasznos tippet ad a C\u00e9g\u00e9p\u00edt\u0151k Podcast teljes ad\u00e1s\u00e1ban. Hallgasd meg<a href=\"https:\/\/www.youtube.com\/watch?v=dJxgDIrzHgY\"> a linkre kattintva!<\/a><\/strong><\/p>\n","protected":false},"excerpt":{"rendered":"<p>Ha van kifejez\u00e9s, amit egyetlen v\u00e1llalkoz\u00f3, c\u00e9gvezet\u0151 sem szeretne soha az \u00e9letben hallani, az biztosan a gazdas\u00e1gi vil\u00e1gv\u00e1ls\u00e1g. Egy ilyen helyzetben minden bizonytalann\u00e1 v\u00e1lik, a bev\u00e1lt m\u00f3dszerek hasztalannak bizonyulnak, a c\u00e9g j\u00f6v\u0151je pedig megk\u00e9rd\u0151jelez\u0151dik. Ak\u00e1rmennyire ut\u00e1ljuk is, sajnos musz\u00e1j kimondani: 2022-ben brut\u00e1lis vil\u00e1ggazdas\u00e1gi v\u00e1ls\u00e1ggal \u00e1llunk szemben. Aki nem egy k\u0151 alatt \u00e9lt az elm\u00falt p\u00e1r [&hellip;]<\/p>\n","protected":false},"author":75,"featured_media":17759,"comment_status":"closed","ping_status":"closed","sticky":false,"template":"","format":"standard","meta":{"inline_featured_image":false,"footnotes":""},"categories":[28,778],"tags":[401,732,833,675],"class_list":["post-17732","post","type-post","status-publish","format-standard","has-post-thumbnail","hentry","category-cegvezetes","category-podcast","tag-a-jo-vezeto","tag-cegepitok","tag-covid","tag-valsag"],"yoast_head":"<!-- This site is optimized with the Yoast SEO plugin v27.1.1 - https:\/\/yoast.com\/product\/yoast-seo-wordpress\/ -->\n<title>A legjobb megold\u00e1sok a 2022-es gazdas\u00e1gi v\u00e1ls\u00e1gra<\/title>\n<meta name=\"description\" content=\"A 2022-es gazdas\u00e1gi v\u00e1ls\u00e1g hat\u00e1sai el\u0151l a te c\u00e9ged sem menek\u00fclhet. De vajon mit \u00e9rdemes ilyenkor csin\u00e1lni? Hasznos tippek a cikkben!\" \/>\n<meta name=\"robots\" content=\"index, follow, max-snippet:-1, max-image-preview:large, max-video-preview:-1\" \/>\n<link rel=\"canonical\" href=\"https:\/\/www.minicrm.hu\/blog\/2022\/08-25\/gazdasagi_valsag_2022_megoldasok\/\" \/>\n<meta property=\"og:locale\" content=\"hu_HU\" \/>\n<meta property=\"og:type\" content=\"article\" \/>\n<meta property=\"og:title\" content=\"A legjobb megold\u00e1sok a 2022-es gazdas\u00e1gi v\u00e1ls\u00e1gra\" \/>\n<meta property=\"og:description\" content=\"A 2022-es gazdas\u00e1gi v\u00e1ls\u00e1g hat\u00e1sai el\u0151l a te c\u00e9ged sem menek\u00fclhet. De vajon mit \u00e9rdemes ilyenkor csin\u00e1lni? Hasznos tippek a cikkben!\" \/>\n<meta property=\"og:url\" content=\"https:\/\/www.minicrm.hu\/blog\/2022\/08-25\/gazdasagi_valsag_2022_megoldasok\/\" \/>\n<meta property=\"og:site_name\" content=\"MiniCRM Blog\" \/>\n<meta property=\"article:published_time\" content=\"2022-08-25T13:02:18+00:00\" \/>\n<meta property=\"article:modified_time\" content=\"2022-08-25T13:03:50+00:00\" \/>\n<meta property=\"og:image\" content=\"https:\/\/minicrm-wp-hu.s3.amazonaws.com\/uploads\/2022\/08\/gazdasagi_vilagvalsag_2022.jpeg\" \/>\n\t<meta property=\"og:image:width\" content=\"1869\" \/>\n\t<meta property=\"og:image:height\" content=\"1280\" \/>\n\t<meta property=\"og:image:type\" content=\"image\/jpeg\" \/>\n<meta name=\"author\" content=\"\u00c1kos Szelle\" \/>\n<meta name=\"twitter:label1\" content=\"Szerz\u0151:\" \/>\n\t<meta name=\"twitter:data1\" content=\"MiniCRM\" \/>\n\t<meta name=\"twitter:label2\" content=\"Becs\u00fclt olvas\u00e1si id\u0151\" \/>\n\t<meta name=\"twitter:data2\" content=\"9 perc\" \/>\n<script type=\"application\/ld+json\" class=\"yoast-schema-graph\">{\"@context\":\"https:\/\/schema.org\",\"@graph\":[{\"@type\":\"Article\",\"@id\":\"https:\/\/www.minicrm.hu\/blog\/2022\/08-25\/gazdasagi_valsag_2022_megoldasok\/#article\",\"isPartOf\":{\"@id\":\"https:\/\/www.minicrm.hu\/blog\/2022\/08-25\/gazdasagi_valsag_2022_megoldasok\/\"},\"author\":{\"name\":\"\u00c1kos Szelle\",\"@id\":\"https:\/\/www.minicrm.hu\/blog\/#\/schema\/person\/f42c3023cd3a47a98325aacebe2f9b0f\"},\"headline\":\"A legjobb megold\u00e1sok a 2022-es gazdas\u00e1gi v\u00e1ls\u00e1gra\",\"datePublished\":\"2022-08-25T13:02:18+00:00\",\"dateModified\":\"2022-08-25T13:03:50+00:00\",\"mainEntityOfPage\":{\"@id\":\"https:\/\/www.minicrm.hu\/blog\/2022\/08-25\/gazdasagi_valsag_2022_megoldasok\/\"},\"wordCount\":2050,\"publisher\":{\"@id\":\"https:\/\/www.minicrm.hu\/blog\/#organization\"},\"image\":{\"@id\":\"https:\/\/www.minicrm.hu\/blog\/2022\/08-25\/gazdasagi_valsag_2022_megoldasok\/#primaryimage\"},\"thumbnailUrl\":\"https:\/\/minicrm-wp-hu.s3.amazonaws.com\/uploads\/2022\/08\/gazdasagi_vilagvalsag_2022.jpeg\",\"keywords\":[\"A j\u00f3 vezet\u0151\",\"c\u00e9g\u00e9p\u00edt\u0151k\",\"COVID\",\"v\u00e1ls\u00e1g\"],\"articleSection\":[\"C\u00e9gvezet\u00e9s\",\"Podcast\"],\"inLanguage\":\"hu\"},{\"@type\":\"WebPage\",\"@id\":\"https:\/\/www.minicrm.hu\/blog\/2022\/08-25\/gazdasagi_valsag_2022_megoldasok\/\",\"url\":\"https:\/\/www.minicrm.hu\/blog\/2022\/08-25\/gazdasagi_valsag_2022_megoldasok\/\",\"name\":\"A legjobb megold\u00e1sok a 2022-es gazdas\u00e1gi v\u00e1ls\u00e1gra\",\"isPartOf\":{\"@id\":\"https:\/\/www.minicrm.hu\/blog\/#website\"},\"primaryImageOfPage\":{\"@id\":\"https:\/\/www.minicrm.hu\/blog\/2022\/08-25\/gazdasagi_valsag_2022_megoldasok\/#primaryimage\"},\"image\":{\"@id\":\"https:\/\/www.minicrm.hu\/blog\/2022\/08-25\/gazdasagi_valsag_2022_megoldasok\/#primaryimage\"},\"thumbnailUrl\":\"https:\/\/minicrm-wp-hu.s3.amazonaws.com\/uploads\/2022\/08\/gazdasagi_vilagvalsag_2022.jpeg\",\"datePublished\":\"2022-08-25T13:02:18+00:00\",\"dateModified\":\"2022-08-25T13:03:50+00:00\",\"description\":\"A 2022-es gazdas\u00e1gi v\u00e1ls\u00e1g hat\u00e1sai el\u0151l a te c\u00e9ged sem menek\u00fclhet. De vajon mit \u00e9rdemes ilyenkor csin\u00e1lni? Hasznos tippek a cikkben!\",\"breadcrumb\":{\"@id\":\"https:\/\/www.minicrm.hu\/blog\/2022\/08-25\/gazdasagi_valsag_2022_megoldasok\/#breadcrumb\"},\"inLanguage\":\"hu\",\"potentialAction\":[{\"@type\":\"ReadAction\",\"target\":[\"https:\/\/www.minicrm.hu\/blog\/2022\/08-25\/gazdasagi_valsag_2022_megoldasok\/\"]}]},{\"@type\":\"ImageObject\",\"inLanguage\":\"hu\",\"@id\":\"https:\/\/www.minicrm.hu\/blog\/2022\/08-25\/gazdasagi_valsag_2022_megoldasok\/#primaryimage\",\"url\":\"https:\/\/minicrm-wp-hu.s3.amazonaws.com\/uploads\/2022\/08\/gazdasagi_vilagvalsag_2022.jpeg\",\"contentUrl\":\"https:\/\/minicrm-wp-hu.s3.amazonaws.com\/uploads\/2022\/08\/gazdasagi_vilagvalsag_2022.jpeg\",\"width\":1869,\"height\":1280,\"caption\":\"Gazdas\u00e1gi v\u00e1ls\u00e1g 2022\"},{\"@type\":\"BreadcrumbList\",\"@id\":\"https:\/\/www.minicrm.hu\/blog\/2022\/08-25\/gazdasagi_valsag_2022_megoldasok\/#breadcrumb\",\"itemListElement\":[{\"@type\":\"ListItem\",\"position\":1,\"name\":\"Home\",\"item\":\"https:\/\/www.minicrm.hu\/blog\/\"},{\"@type\":\"ListItem\",\"position\":2,\"name\":\"A legjobb megold\u00e1sok a 2022-es gazdas\u00e1gi v\u00e1ls\u00e1gra\"}]},{\"@type\":\"WebSite\",\"@id\":\"https:\/\/www.minicrm.hu\/blog\/#website\",\"url\":\"https:\/\/www.minicrm.hu\/blog\/\",\"name\":\"MiniCRM Blog\",\"description\":\"CRM Blog\",\"publisher\":{\"@id\":\"https:\/\/www.minicrm.hu\/blog\/#organization\"},\"potentialAction\":[{\"@type\":\"SearchAction\",\"target\":{\"@type\":\"EntryPoint\",\"urlTemplate\":\"https:\/\/www.minicrm.hu\/blog\/?s={search_term_string}\"},\"query-input\":{\"@type\":\"PropertyValueSpecification\",\"valueRequired\":true,\"valueName\":\"search_term_string\"}}],\"inLanguage\":\"hu\"},{\"@type\":\"Organization\",\"@id\":\"https:\/\/www.minicrm.hu\/blog\/#organization\",\"name\":\"MiniCRM Blog\",\"url\":\"https:\/\/www.minicrm.hu\/blog\/\",\"logo\":{\"@type\":\"ImageObject\",\"inLanguage\":\"hu\",\"@id\":\"https:\/\/www.minicrm.hu\/blog\/#\/schema\/logo\/image\/\",\"url\":\"https:\/\/minicrm-wp-hu.s3.amazonaws.com\/uploads\/2021\/04\/cropped-MC-logo-Blog-2021_G-Dark.png\",\"contentUrl\":\"https:\/\/minicrm-wp-hu.s3.amazonaws.com\/uploads\/2021\/04\/cropped-MC-logo-Blog-2021_G-Dark.png\",\"width\":91,\"height\":89,\"caption\":\"MiniCRM Blog\"},\"image\":{\"@id\":\"https:\/\/www.minicrm.hu\/blog\/#\/schema\/logo\/image\/\"}},{\"@type\":\"Person\",\"@id\":\"https:\/\/www.minicrm.hu\/blog\/#\/schema\/person\/f42c3023cd3a47a98325aacebe2f9b0f\",\"name\":\"\u00c1kos Szelle\",\"image\":{\"@type\":\"ImageObject\",\"inLanguage\":\"hu\",\"@id\":\"https:\/\/www.minicrm.hu\/blog\/#\/schema\/person\/image\/\",\"url\":\"https:\/\/secure.gravatar.com\/avatar\/1fbb57b94a6bbc5512792922a0c62637a1cbf53175f9d92f26edd00dbac8a4f6?s=96&r=g\",\"contentUrl\":\"https:\/\/secure.gravatar.com\/avatar\/1fbb57b94a6bbc5512792922a0c62637a1cbf53175f9d92f26edd00dbac8a4f6?s=96&r=g\",\"caption\":\"\u00c1kos Szelle\"},\"url\":\"\"}]}<\/script>\n<!-- \/ Yoast SEO plugin. -->","yoast_head_json":{"title":"A legjobb megold\u00e1sok a 2022-es gazdas\u00e1gi v\u00e1ls\u00e1gra","description":"A 2022-es gazdas\u00e1gi v\u00e1ls\u00e1g hat\u00e1sai el\u0151l a te c\u00e9ged sem menek\u00fclhet. De vajon mit \u00e9rdemes ilyenkor csin\u00e1lni? Hasznos tippek a cikkben!","robots":{"index":"index","follow":"follow","max-snippet":"max-snippet:-1","max-image-preview":"max-image-preview:large","max-video-preview":"max-video-preview:-1"},"canonical":"https:\/\/www.minicrm.hu\/blog\/2022\/08-25\/gazdasagi_valsag_2022_megoldasok\/","og_locale":"hu_HU","og_type":"article","og_title":"A legjobb megold\u00e1sok a 2022-es gazdas\u00e1gi v\u00e1ls\u00e1gra","og_description":"A 2022-es gazdas\u00e1gi v\u00e1ls\u00e1g hat\u00e1sai el\u0151l a te c\u00e9ged sem menek\u00fclhet. De vajon mit \u00e9rdemes ilyenkor csin\u00e1lni? Hasznos tippek a cikkben!","og_url":"https:\/\/www.minicrm.hu\/blog\/2022\/08-25\/gazdasagi_valsag_2022_megoldasok\/","og_site_name":"MiniCRM Blog","article_published_time":"2022-08-25T13:02:18+00:00","article_modified_time":"2022-08-25T13:03:50+00:00","og_image":[{"width":1869,"height":1280,"url":"https:\/\/minicrm-wp-hu.s3.amazonaws.com\/uploads\/2022\/08\/gazdasagi_vilagvalsag_2022.jpeg","type":"image\/jpeg"}],"author":"\u00c1kos Szelle","twitter_misc":{"Szerz\u0151:":"MiniCRM","Becs\u00fclt olvas\u00e1si id\u0151":"9 perc"},"schema":{"@context":"https:\/\/schema.org","@graph":[{"@type":"Article","@id":"https:\/\/www.minicrm.hu\/blog\/2022\/08-25\/gazdasagi_valsag_2022_megoldasok\/#article","isPartOf":{"@id":"https:\/\/www.minicrm.hu\/blog\/2022\/08-25\/gazdasagi_valsag_2022_megoldasok\/"},"author":{"name":"\u00c1kos Szelle","@id":"https:\/\/www.minicrm.hu\/blog\/#\/schema\/person\/f42c3023cd3a47a98325aacebe2f9b0f"},"headline":"A legjobb megold\u00e1sok a 2022-es gazdas\u00e1gi v\u00e1ls\u00e1gra","datePublished":"2022-08-25T13:02:18+00:00","dateModified":"2022-08-25T13:03:50+00:00","mainEntityOfPage":{"@id":"https:\/\/www.minicrm.hu\/blog\/2022\/08-25\/gazdasagi_valsag_2022_megoldasok\/"},"wordCount":2050,"publisher":{"@id":"https:\/\/www.minicrm.hu\/blog\/#organization"},"image":{"@id":"https:\/\/www.minicrm.hu\/blog\/2022\/08-25\/gazdasagi_valsag_2022_megoldasok\/#primaryimage"},"thumbnailUrl":"https:\/\/minicrm-wp-hu.s3.amazonaws.com\/uploads\/2022\/08\/gazdasagi_vilagvalsag_2022.jpeg","keywords":["A j\u00f3 vezet\u0151","c\u00e9g\u00e9p\u00edt\u0151k","COVID","v\u00e1ls\u00e1g"],"articleSection":["C\u00e9gvezet\u00e9s","Podcast"],"inLanguage":"hu"},{"@type":"WebPage","@id":"https:\/\/www.minicrm.hu\/blog\/2022\/08-25\/gazdasagi_valsag_2022_megoldasok\/","url":"https:\/\/www.minicrm.hu\/blog\/2022\/08-25\/gazdasagi_valsag_2022_megoldasok\/","name":"A legjobb megold\u00e1sok a 2022-es gazdas\u00e1gi v\u00e1ls\u00e1gra","isPartOf":{"@id":"https:\/\/www.minicrm.hu\/blog\/#website"},"primaryImageOfPage":{"@id":"https:\/\/www.minicrm.hu\/blog\/2022\/08-25\/gazdasagi_valsag_2022_megoldasok\/#primaryimage"},"image":{"@id":"https:\/\/www.minicrm.hu\/blog\/2022\/08-25\/gazdasagi_valsag_2022_megoldasok\/#primaryimage"},"thumbnailUrl":"https:\/\/minicrm-wp-hu.s3.amazonaws.com\/uploads\/2022\/08\/gazdasagi_vilagvalsag_2022.jpeg","datePublished":"2022-08-25T13:02:18+00:00","dateModified":"2022-08-25T13:03:50+00:00","description":"A 2022-es gazdas\u00e1gi v\u00e1ls\u00e1g hat\u00e1sai el\u0151l a te c\u00e9ged sem menek\u00fclhet. De vajon mit \u00e9rdemes ilyenkor csin\u00e1lni? Hasznos tippek a cikkben!","breadcrumb":{"@id":"https:\/\/www.minicrm.hu\/blog\/2022\/08-25\/gazdasagi_valsag_2022_megoldasok\/#breadcrumb"},"inLanguage":"hu","potentialAction":[{"@type":"ReadAction","target":["https:\/\/www.minicrm.hu\/blog\/2022\/08-25\/gazdasagi_valsag_2022_megoldasok\/"]}]},{"@type":"ImageObject","inLanguage":"hu","@id":"https:\/\/www.minicrm.hu\/blog\/2022\/08-25\/gazdasagi_valsag_2022_megoldasok\/#primaryimage","url":"https:\/\/minicrm-wp-hu.s3.amazonaws.com\/uploads\/2022\/08\/gazdasagi_vilagvalsag_2022.jpeg","contentUrl":"https:\/\/minicrm-wp-hu.s3.amazonaws.com\/uploads\/2022\/08\/gazdasagi_vilagvalsag_2022.jpeg","width":1869,"height":1280,"caption":"Gazdas\u00e1gi v\u00e1ls\u00e1g 2022"},{"@type":"BreadcrumbList","@id":"https:\/\/www.minicrm.hu\/blog\/2022\/08-25\/gazdasagi_valsag_2022_megoldasok\/#breadcrumb","itemListElement":[{"@type":"ListItem","position":1,"name":"Home","item":"https:\/\/www.minicrm.hu\/blog\/"},{"@type":"ListItem","position":2,"name":"A legjobb megold\u00e1sok a 2022-es gazdas\u00e1gi v\u00e1ls\u00e1gra"}]},{"@type":"WebSite","@id":"https:\/\/www.minicrm.hu\/blog\/#website","url":"https:\/\/www.minicrm.hu\/blog\/","name":"MiniCRM Blog","description":"CRM Blog","publisher":{"@id":"https:\/\/www.minicrm.hu\/blog\/#organization"},"potentialAction":[{"@type":"SearchAction","target":{"@type":"EntryPoint","urlTemplate":"https:\/\/www.minicrm.hu\/blog\/?s={search_term_string}"},"query-input":{"@type":"PropertyValueSpecification","valueRequired":true,"valueName":"search_term_string"}}],"inLanguage":"hu"},{"@type":"Organization","@id":"https:\/\/www.minicrm.hu\/blog\/#organization","name":"MiniCRM Blog","url":"https:\/\/www.minicrm.hu\/blog\/","logo":{"@type":"ImageObject","inLanguage":"hu","@id":"https:\/\/www.minicrm.hu\/blog\/#\/schema\/logo\/image\/","url":"https:\/\/minicrm-wp-hu.s3.amazonaws.com\/uploads\/2021\/04\/cropped-MC-logo-Blog-2021_G-Dark.png","contentUrl":"https:\/\/minicrm-wp-hu.s3.amazonaws.com\/uploads\/2021\/04\/cropped-MC-logo-Blog-2021_G-Dark.png","width":91,"height":89,"caption":"MiniCRM Blog"},"image":{"@id":"https:\/\/www.minicrm.hu\/blog\/#\/schema\/logo\/image\/"}},{"@type":"Person","@id":"https:\/\/www.minicrm.hu\/blog\/#\/schema\/person\/f42c3023cd3a47a98325aacebe2f9b0f","name":"\u00c1kos Szelle","image":{"@type":"ImageObject","inLanguage":"hu","@id":"https:\/\/www.minicrm.hu\/blog\/#\/schema\/person\/image\/","url":"https:\/\/secure.gravatar.com\/avatar\/1fbb57b94a6bbc5512792922a0c62637a1cbf53175f9d92f26edd00dbac8a4f6?s=96&r=g","contentUrl":"https:\/\/secure.gravatar.com\/avatar\/1fbb57b94a6bbc5512792922a0c62637a1cbf53175f9d92f26edd00dbac8a4f6?s=96&r=g","caption":"\u00c1kos Szelle"},"url":""}]}},"_links":{"self":[{"href":"https:\/\/www.minicrm.hu\/blog\/wp-json\/wp\/v2\/posts\/17732","targetHints":{"allow":["GET"]}}],"collection":[{"href":"https:\/\/www.minicrm.hu\/blog\/wp-json\/wp\/v2\/posts"}],"about":[{"href":"https:\/\/www.minicrm.hu\/blog\/wp-json\/wp\/v2\/types\/post"}],"author":[{"embeddable":true,"href":"https:\/\/www.minicrm.hu\/blog\/wp-json\/wp\/v2\/users\/75"}],"replies":[{"embeddable":true,"href":"https:\/\/www.minicrm.hu\/blog\/wp-json\/wp\/v2\/comments?post=17732"}],"version-history":[{"count":2,"href":"https:\/\/www.minicrm.hu\/blog\/wp-json\/wp\/v2\/posts\/17732\/revisions"}],"predecessor-version":[{"id":17765,"href":"https:\/\/www.minicrm.hu\/blog\/wp-json\/wp\/v2\/posts\/17732\/revisions\/17765"}],"wp:featuredmedia":[{"embeddable":true,"href":"https:\/\/www.minicrm.hu\/blog\/wp-json\/wp\/v2\/media\/17759"}],"wp:attachment":[{"href":"https:\/\/www.minicrm.hu\/blog\/wp-json\/wp\/v2\/media?parent=17732"}],"wp:term":[{"taxonomy":"category","embeddable":true,"href":"https:\/\/www.minicrm.hu\/blog\/wp-json\/wp\/v2\/categories?post=17732"},{"taxonomy":"post_tag","embeddable":true,"href":"https:\/\/www.minicrm.hu\/blog\/wp-json\/wp\/v2\/tags?post=17732"}],"curies":[{"name":"wp","href":"https:\/\/api.w.org\/{rel}","templated":true}]}}