

{"id":17936,"date":"2022-10-05T09:41:44","date_gmt":"2022-10-05T07:41:44","guid":{"rendered":"https:\/\/www.minicrm.hu\/blog\/?p=17936"},"modified":"2022-10-05T09:41:44","modified_gmt":"2022-10-05T07:41:44","slug":"evi-15-nap-elvonulas-es-otleteles-mint-a-novekedes-kulcsa-juhasz-attila","status":"publish","type":"post","link":"https:\/\/www.minicrm.hu\/blog\/2022\/10-05\/evi-15-nap-elvonulas-es-otleteles-mint-a-novekedes-kulcsa-juhasz-attila\/","title":{"rendered":"\u00c9vi 15 nap elvonul\u00e1s \u00e9s \u00f6tletel\u00e9s, mint a n\u00f6veked\u00e9s kulcsa &#8211; Juh\u00e1sz Attila"},"content":{"rendered":"<p><strong><em>\u201eNem puszt\u00e1n feladatokat deleg\u00e1lok. A feladatokhoz c\u00e9lokat is t\u00e1rs\u00edtok, amivel a koll\u00e9g\u00e1im azonosulni tudnak\u201d<\/em><\/strong> \u2013 vil\u00e1g\u00edtott r\u00e1 az eredm\u00e9nyes <strong>deleg\u00e1l\u00e1s egyik kulcst\u00e9nyez\u0151j\u00e9re<\/strong> a C\u00e9g\u00e9p\u00edt\u0151k podcast friss ad\u00e1s\u00e1nak vend\u00e9ge.<\/p>\n<p><strong>Juh\u00e1sz Attila<\/strong> szavaira meg\u00e9ri odafigyelni nemcsak a deleg\u00e1l\u00e1s, hanem a c\u00e9g\u00e9p\u00edt\u00e9s k\u00e9rd\u00e9seiben is. Hiszen a <strong>Piramis \u00c9p\u00edt\u0151h\u00e1z c\u00e9gvezet\u0151jek\u00e9nt \u00e9s az \u00fajH\u00c1Z Centrum eln\u00f6kek\u00e9nt<\/strong> azt a brav\u00fart hajtja v\u00e9gre sz\u0171k egy \u00e9vtizede, hogy <strong>egy<\/strong> <strong>KKV mellett egy nagyv\u00e1llalat vezet\u0151jek\u00e9nt is sikert sikerre halmoz.<\/strong><\/p>\n<p><!--more--><\/p>\n<p><iframe loading=\"lazy\" style=\"border-radius: 12px;\" src=\"https:\/\/open.spotify.com\/embed\/episode\/6kCTFCFFeHoxFAysBwFW7Q?utm_source=generator\" width=\"100%\" height=\"352\" frameborder=\"0\" allowfullscreen=\"allowfullscreen\"><\/iframe><\/p>\n<p>Mindezt elk\u00e9peszt\u0151 <strong>al\u00e1zattal, emberk\u00f6zpont\u00fa hozz\u00e1\u00e1ll\u00e1ssal.<\/strong> Sejthet\u0151 teh\u00e1t, hogy a C\u00e9g\u00e9p\u00edt\u0151k podcast felv\u00e9tel\u00e9n j\u00f3csk\u00e1n akadt a felmer\u00fcl\u0151 k\u00e9rd\u00e9sekb\u0151l. Ezek k\u00f6z\u00fcl <strong>n\u00e9h\u00e1ny \u00edzel\u00edt\u0151 jelleggel:<\/strong><\/p>\n<ul>\n<li><strong>Mi\u00e9rt pont az \u00e9p\u00edt\u0151anyag-kereskedelem<\/strong> ter\u00fclet\u00e9n ind\u00edtott Attila v\u00e1llalkoz\u00e1st?<\/li>\n<li>Hogy siker\u00fclt fel\u00e9p\u00edteni Magyarorsz\u00e1g<strong> els\u0151sz\u00e1m\u00fa \u00e9p\u00edt\u0151anyag-nagykeresked\u0151 c\u00e9g\u00e9t?<\/strong><\/li>\n<li>Milyen \u00faton szervez\u0151d\u00f6tt az egykori beszerz\u00e9si h\u00e1l\u00f3zat <strong>100 milli\u00e1rd feletti zrt-v\u00e9?<\/strong><\/li>\n<li>Mi a <strong>feladatok sikeres deleg\u00e1l\u00e1s\u00e1nak titka?<\/strong><\/li>\n<li>Hogy v\u00e1laszthat\u00f3 ki, melyik <strong>feladatot kire b\u00edzzuk<\/strong>, \u00e9s mik\u00e9nt lehet j\u00f3l csin\u00e1lni a bevon\u00e1st?<\/li>\n<li>Hol van az a pont, amikor<strong> operat\u00edv vezet\u0151t \u00e9rdemes kinevezni<\/strong> a c\u00e9g\u00fcnkben?<\/li>\n<\/ul>\n<p><em><strong>\u201eAkkor m\u0171k\u00f6dhet j\u00f3l egy c\u00e9g, ha az egy\u00e9ni motiv\u00e1ci\u00f3k a v\u00e1llalati c\u00e9lokkal szinkronban vannak\u201d<\/strong> <\/em>\u2013 Attila ezen megl\u00e1t\u00e1s\u00e1t is mindenk\u00e9pp \u00e9rdemes elrakt\u00e1rozni \u00e9s megval\u00f3s\u00edtani a gyakorlatban.<\/p>\n<p>Inspir\u00e1l\u00f3, ahogy ekkora c\u00e9gek \u00e9l\u00e9n is <strong>marad ideje rendszeresen sportolni \u00e9s fejleszteni a tud\u00e1s\u00e1t.<\/strong> Bor\u00edt\u00e9kolhat\u00f3, hogy a javaslatait megfogadva<strong> Te is sok id\u0151t nyerhetsz<\/strong> a c\u00e9g\u00e9p\u00edt\u00e9s mindennapi menet\u00e9ben.<\/p>\n<p><iframe loading=\"lazy\" style=\"border-radius: 12px;\" src=\"https:\/\/open.spotify.com\/embed\/episode\/6kCTFCFFeHoxFAysBwFW7Q?utm_source=generator\" width=\"100%\" height=\"352\" frameborder=\"0\" allowfullscreen=\"allowfullscreen\"><\/iframe><\/p>\n<h2>Hallgasd a C\u00e9g\u00e9p\u00edt\u0151ket a kedvenc platformodon:<\/h2>\n<p>Spotify: <a href=\"https:\/\/open.spotify.com\/episode\/6kCTFCFFeHoxFAysBwFW7Q\">kattints ide<\/a><br \/>\nApple Podcast: <a href=\"https:\/\/podcasts.apple.com\/hu\/podcast\/\u00e9vi-15-nap-elvonul\u00e1s-\u00e9s-\u00f6tletel\u00e9s-mint-a-n\u00f6veked\u00e9s\/id1585202757?i=1000581639994&amp;l=hu\">kattints ide<\/a><br \/>\nSoundCloud: <a href=\"https:\/\/soundcloud.com\/cegepitok-podcast-minicrm\/mini0302-juhasz-attila\">kattints ide<\/a><br \/>\nGoogle Podcast: <a href=\"https:\/\/podcasts.google.com\/feed\/aHR0cHM6Ly9mZWVkcy5zb3VuZGNsb3VkLmNvbS91c2Vycy9zb3VuZGNsb3VkOnVzZXJzOjEwMjU4MDgzMDEvc291bmRzLnJzcw\/episode\/dGFnOnNvdW5kY2xvdWQsMjAxMDp0cmFja3MvMTM1NDI4ODgzNw?sa=X&amp;ved=0CAUQkfYCahcKEwiIh935wMj6AhUAAAAAHQAAAAAQCg\">kattints ide<\/a><br \/>\nYoutube:<a href=\"https:\/\/www.youtube.com\/watch?v=cC2vSaAO8B8\"> kattints ide<\/a><\/p>\n<p><em><strong>Te is neh\u00e9zs\u00e9gekkel k\u00fczdesz a c\u00e9gedn\u00e9l a deleg\u00e1l\u00e1ssal vagy \u00e9ppen az id\u0151menedzsmenttel?<\/strong><\/em><\/p>\n<h2><strong>N\u00e9zd meg az EXTRA tartalmakat!<\/strong><\/h2>\n<p><em><strong>Mindig el\u0151re \u2013 a c\u00e9lok meghat\u00e1roz\u00e1sa<br \/>\n<\/strong><\/em>Webin\u00e1rium: <a href=\"https:\/\/www.youtube.com\/watch?v=m3D_AMeoju4\">Hogyan hozd az \u00e9ves c\u00e9lokat<\/a><\/p>\n<p>Vide\u00f3: <a href=\"https:\/\/www.youtube.com\/watch?v=6dkhGCZbN1Q\">\u00c1rbev\u00e9tel t\u00edpus\u00fa c\u00e9l m\u00e9r\u00e9se<\/a><\/p>\n<p>E-k\u00f6nyv: <a href=\"https:\/\/cdn.minicrm.hu\/media\/lifebelt\/HU\/Maximalizalt_ertekesito_csapat.pdf\">Tervezhet\u0151 \u00e9s stabil \u00e1rbev\u00e9tel<\/a><\/p>\n<p><em><strong>Sz\u00e1mok tenger\u00e9ben \u2013 m\u00e9r\u00e9sek<br \/>\n<\/strong><\/em><em><em>E-k\u00f6nyv: <a href=\"https:\/\/cdn.minicrm.hu\/media\/lifebelt\/HU\/Elegedettseg_meres_MiniCRM.pdf\">Automatiz\u00e1lt el\u00e9gedetts\u00e9gm\u00e9r\u00e9s MiniCRM-mel<\/a><\/em><\/em><\/p>\n<p>Vide\u00f3: <a href=\"https:\/\/www.youtube.com\/watch?v=yxuSKItzpsc\">Vezet\u0151i riportok munkat\u00e1rsi m\u00e9r\u0151sz\u00e1mokhoz<\/a><\/p>\n<p>Webin\u00e1rium: <a href=\"https:\/\/www.youtube.com\/watch?v=h1-N0_Fsx_I\">Egyedi\/automata riportok MiniCRM-b\u0151l<\/a><\/p>\n<p><em><strong>Hat\u00e9kony munkav\u00e9gz\u00e9s \u2013 deleg\u00e1l\u00e1s<br \/>\n<\/strong><\/em>Vide\u00f3: <a href=\"https:\/\/www.youtube.com\/watch?v=m7KZYh02wkg\">Projektek kezel\u00e9se: Teend\u0151k kezel\u00e9se \u00e9s deleg\u00e1l\u00e1sa<\/a><\/p>\n<p>Vide\u00f3: <a href=\"https:\/\/www.youtube.com\/watch?v=a7m3Fp42s0U&amp;t=1s\">Teljes \u00fczleti folyamat automatiz\u00e1l\u00e1sa | Pro tippek<\/a><\/p>\n<p><strong><i>CSAK MINICRM FELHASZN\u00c1L\u00d3KNAK*:<br \/>\n<\/i><\/strong>Mini Akad\u00e9mia: <a href=\"https:\/\/www.minicrm.hu\/oktatas\/courses\/elegedettseg-meres-minden-vasarlas-utan\/\">El\u00e9gedetts\u00e9gm\u00e9r\u00e9s minden v\u00e1s\u00e1rl\u00e1s ut\u00e1n<\/a><\/p>\n<p>Mini Akad\u00e9mia:<a href=\"https:\/\/www.minicrm.hu\/oktatas\/courses\/uj-projektmenedzsment-termek-hasznalata\/\"> \u00daj projektmenedzsment term\u00e9k haszn\u00e1lata!<\/a><\/p>\n<p><span style=\"font-weight: 400;\">*A MiniCRM-es bel\u00e9p\u00e9si adataidat megadva tudsz bejelentkezni az Akad\u00e9mia fel\u00fclet\u00e9re.<\/span><\/p>\n<p><em>A C\u00e9g\u00e9p\u00edt\u0151k podcast felv\u00e9tele a <a href=\"https:\/\/www.minicrm.hu\/\">MiniCRM<\/a> megb\u00edz\u00e1s\u00e1b\u00f3l a <a href=\"https:\/\/brocasterz.com\">Brocasterz St\u00fadi\u00f3ban<\/a> t\u00f6rt\u00e9nik, az ad\u00e1sok menedzsmentj\u00e9t a Brocasterz Podcast \u00dcgyn\u00f6ks\u00e9g csapata v\u00e9gzi.<\/em><\/p>\n","protected":false},"excerpt":{"rendered":"<p>\u201eNem puszt\u00e1n feladatokat deleg\u00e1lok. A feladatokhoz c\u00e9lokat is t\u00e1rs\u00edtok, amivel a koll\u00e9g\u00e1im azonosulni tudnak\u201d \u2013 vil\u00e1g\u00edtott r\u00e1 az eredm\u00e9nyes deleg\u00e1l\u00e1s egyik kulcst\u00e9nyez\u0151j\u00e9re a C\u00e9g\u00e9p\u00edt\u0151k podcast friss ad\u00e1s\u00e1nak vend\u00e9ge. Juh\u00e1sz Attila szavaira meg\u00e9ri odafigyelni nemcsak a deleg\u00e1l\u00e1s, hanem a c\u00e9g\u00e9p\u00edt\u00e9s k\u00e9rd\u00e9seiben is. Hiszen a Piramis \u00c9p\u00edt\u0151h\u00e1z c\u00e9gvezet\u0151jek\u00e9nt \u00e9s az \u00fajH\u00c1Z Centrum eln\u00f6kek\u00e9nt azt a brav\u00fart hajtja [&hellip;]<\/p>\n","protected":false},"author":75,"featured_media":17939,"comment_status":"closed","ping_status":"closed","sticky":false,"template":"","format":"standard","meta":{"inline_featured_image":false,"footnotes":""},"categories":[28,778],"tags":[401,732,387,735,431],"class_list":["post-17936","post","type-post","status-publish","format-standard","has-post-thumbnail","hentry","category-cegvezetes","category-podcast","tag-a-jo-vezeto","tag-cegepitok","tag-interju","tag-podcast","tag-teendokezeles"],"yoast_head":"<!-- This site is optimized with the Yoast SEO plugin v27.1.1 - https:\/\/yoast.com\/product\/yoast-seo-wordpress\/ -->\n<title>\u00c9vi 15 nap elvonul\u00e1s \u00e9s \u00f6tletel\u00e9s, mint a n\u00f6veked\u00e9s kulcsa - Juh\u00e1sz Attila<\/title>\n<meta name=\"description\" content=\"Juh\u00e1sz Attila mind a kkv-k, mind a nagyv\u00e1llalatok vil\u00e1g\u00e1ban otthonosan mozog. \u00c9rdemes meghallgatnod a vele k\u00e9sz\u00fclt C\u00e9g\u00e9p\u00edt\u0151k podcastet!\" \/>\n<meta name=\"robots\" content=\"index, follow, max-snippet:-1, max-image-preview:large, max-video-preview:-1\" \/>\n<link rel=\"canonical\" href=\"https:\/\/www.minicrm.hu\/blog\/2022\/10-05\/evi-15-nap-elvonulas-es-otleteles-mint-a-novekedes-kulcsa-juhasz-attila\/\" \/>\n<meta property=\"og:locale\" content=\"hu_HU\" \/>\n<meta property=\"og:type\" content=\"article\" \/>\n<meta property=\"og:title\" content=\"\u00c9vi 15 nap elvonul\u00e1s \u00e9s \u00f6tletel\u00e9s, mint a n\u00f6veked\u00e9s kulcsa - Juh\u00e1sz Attila\" \/>\n<meta property=\"og:description\" content=\"Juh\u00e1sz Attila mind a kkv-k, mind a nagyv\u00e1llalatok vil\u00e1g\u00e1ban otthonosan mozog. \u00c9rdemes meghallgatnod a vele k\u00e9sz\u00fclt C\u00e9g\u00e9p\u00edt\u0151k podcastet!\" \/>\n<meta property=\"og:url\" content=\"https:\/\/www.minicrm.hu\/blog\/2022\/10-05\/evi-15-nap-elvonulas-es-otleteles-mint-a-novekedes-kulcsa-juhasz-attila\/\" \/>\n<meta property=\"og:site_name\" content=\"MiniCRM Blog\" \/>\n<meta property=\"article:published_time\" content=\"2022-10-05T07:41:44+00:00\" \/>\n<meta property=\"og:image\" content=\"https:\/\/minicrm-wp-hu.s3.amazonaws.com\/uploads\/2022\/10\/hu-cegepitok-blog-juhasz-attila-1190x750-1.jpeg\" \/>\n\t<meta property=\"og:image:width\" content=\"1190\" \/>\n\t<meta property=\"og:image:height\" content=\"750\" \/>\n\t<meta property=\"og:image:type\" content=\"image\/jpeg\" \/>\n<meta name=\"author\" content=\"\u00c1kos Szelle\" \/>\n<meta name=\"twitter:label1\" content=\"Szerz\u0151:\" \/>\n\t<meta name=\"twitter:data1\" content=\"MiniCRM\" \/>\n\t<meta name=\"twitter:label2\" content=\"Becs\u00fclt olvas\u00e1si id\u0151\" \/>\n\t<meta name=\"twitter:data2\" content=\"2 perc\" \/>\n<script type=\"application\/ld+json\" class=\"yoast-schema-graph\">{\"@context\":\"https:\/\/schema.org\",\"@graph\":[{\"@type\":\"Article\",\"@id\":\"https:\/\/www.minicrm.hu\/blog\/2022\/10-05\/evi-15-nap-elvonulas-es-otleteles-mint-a-novekedes-kulcsa-juhasz-attila\/#article\",\"isPartOf\":{\"@id\":\"https:\/\/www.minicrm.hu\/blog\/2022\/10-05\/evi-15-nap-elvonulas-es-otleteles-mint-a-novekedes-kulcsa-juhasz-attila\/\"},\"author\":{\"name\":\"\u00c1kos Szelle\",\"@id\":\"https:\/\/www.minicrm.hu\/blog\/#\/schema\/person\/f42c3023cd3a47a98325aacebe2f9b0f\"},\"headline\":\"\u00c9vi 15 nap elvonul\u00e1s \u00e9s \u00f6tletel\u00e9s, mint a n\u00f6veked\u00e9s kulcsa &#8211; Juh\u00e1sz Attila\",\"datePublished\":\"2022-10-05T07:41:44+00:00\",\"mainEntityOfPage\":{\"@id\":\"https:\/\/www.minicrm.hu\/blog\/2022\/10-05\/evi-15-nap-elvonulas-es-otleteles-mint-a-novekedes-kulcsa-juhasz-attila\/\"},\"wordCount\":586,\"publisher\":{\"@id\":\"https:\/\/www.minicrm.hu\/blog\/#organization\"},\"image\":{\"@id\":\"https:\/\/www.minicrm.hu\/blog\/2022\/10-05\/evi-15-nap-elvonulas-es-otleteles-mint-a-novekedes-kulcsa-juhasz-attila\/#primaryimage\"},\"thumbnailUrl\":\"https:\/\/minicrm-wp-hu.s3.amazonaws.com\/uploads\/2022\/10\/hu-cegepitok-blog-juhasz-attila-1190x750-1.jpeg\",\"keywords\":[\"A j\u00f3 vezet\u0151\",\"c\u00e9g\u00e9p\u00edt\u0151k\",\"Interj\u00fa\",\"podcast\",\"teend\u0151kezel\u00e9s\"],\"articleSection\":[\"C\u00e9gvezet\u00e9s\",\"Podcast\"],\"inLanguage\":\"hu\"},{\"@type\":\"WebPage\",\"@id\":\"https:\/\/www.minicrm.hu\/blog\/2022\/10-05\/evi-15-nap-elvonulas-es-otleteles-mint-a-novekedes-kulcsa-juhasz-attila\/\",\"url\":\"https:\/\/www.minicrm.hu\/blog\/2022\/10-05\/evi-15-nap-elvonulas-es-otleteles-mint-a-novekedes-kulcsa-juhasz-attila\/\",\"name\":\"\u00c9vi 15 nap elvonul\u00e1s \u00e9s \u00f6tletel\u00e9s, mint a n\u00f6veked\u00e9s kulcsa - Juh\u00e1sz Attila\",\"isPartOf\":{\"@id\":\"https:\/\/www.minicrm.hu\/blog\/#website\"},\"primaryImageOfPage\":{\"@id\":\"https:\/\/www.minicrm.hu\/blog\/2022\/10-05\/evi-15-nap-elvonulas-es-otleteles-mint-a-novekedes-kulcsa-juhasz-attila\/#primaryimage\"},\"image\":{\"@id\":\"https:\/\/www.minicrm.hu\/blog\/2022\/10-05\/evi-15-nap-elvonulas-es-otleteles-mint-a-novekedes-kulcsa-juhasz-attila\/#primaryimage\"},\"thumbnailUrl\":\"https:\/\/minicrm-wp-hu.s3.amazonaws.com\/uploads\/2022\/10\/hu-cegepitok-blog-juhasz-attila-1190x750-1.jpeg\",\"datePublished\":\"2022-10-05T07:41:44+00:00\",\"description\":\"Juh\u00e1sz Attila mind a kkv-k, mind a nagyv\u00e1llalatok vil\u00e1g\u00e1ban otthonosan mozog. \u00c9rdemes meghallgatnod a vele k\u00e9sz\u00fclt C\u00e9g\u00e9p\u00edt\u0151k podcastet!\",\"breadcrumb\":{\"@id\":\"https:\/\/www.minicrm.hu\/blog\/2022\/10-05\/evi-15-nap-elvonulas-es-otleteles-mint-a-novekedes-kulcsa-juhasz-attila\/#breadcrumb\"},\"inLanguage\":\"hu\",\"potentialAction\":[{\"@type\":\"ReadAction\",\"target\":[\"https:\/\/www.minicrm.hu\/blog\/2022\/10-05\/evi-15-nap-elvonulas-es-otleteles-mint-a-novekedes-kulcsa-juhasz-attila\/\"]}]},{\"@type\":\"ImageObject\",\"inLanguage\":\"hu\",\"@id\":\"https:\/\/www.minicrm.hu\/blog\/2022\/10-05\/evi-15-nap-elvonulas-es-otleteles-mint-a-novekedes-kulcsa-juhasz-attila\/#primaryimage\",\"url\":\"https:\/\/minicrm-wp-hu.s3.amazonaws.com\/uploads\/2022\/10\/hu-cegepitok-blog-juhasz-attila-1190x750-1.jpeg\",\"contentUrl\":\"https:\/\/minicrm-wp-hu.s3.amazonaws.com\/uploads\/2022\/10\/hu-cegepitok-blog-juhasz-attila-1190x750-1.jpeg\",\"width\":1190,\"height\":750,\"caption\":\"C\u00e9g\u00e9p\u00edt\u0151k - Juh\u00e1sz Attila\"},{\"@type\":\"BreadcrumbList\",\"@id\":\"https:\/\/www.minicrm.hu\/blog\/2022\/10-05\/evi-15-nap-elvonulas-es-otleteles-mint-a-novekedes-kulcsa-juhasz-attila\/#breadcrumb\",\"itemListElement\":[{\"@type\":\"ListItem\",\"position\":1,\"name\":\"Home\",\"item\":\"https:\/\/www.minicrm.hu\/blog\/\"},{\"@type\":\"ListItem\",\"position\":2,\"name\":\"\u00c9vi 15 nap elvonul\u00e1s \u00e9s \u00f6tletel\u00e9s, mint a n\u00f6veked\u00e9s kulcsa &#8211; Juh\u00e1sz Attila\"}]},{\"@type\":\"WebSite\",\"@id\":\"https:\/\/www.minicrm.hu\/blog\/#website\",\"url\":\"https:\/\/www.minicrm.hu\/blog\/\",\"name\":\"MiniCRM Blog\",\"description\":\"CRM Blog\",\"publisher\":{\"@id\":\"https:\/\/www.minicrm.hu\/blog\/#organization\"},\"potentialAction\":[{\"@type\":\"SearchAction\",\"target\":{\"@type\":\"EntryPoint\",\"urlTemplate\":\"https:\/\/www.minicrm.hu\/blog\/?s={search_term_string}\"},\"query-input\":{\"@type\":\"PropertyValueSpecification\",\"valueRequired\":true,\"valueName\":\"search_term_string\"}}],\"inLanguage\":\"hu\"},{\"@type\":\"Organization\",\"@id\":\"https:\/\/www.minicrm.hu\/blog\/#organization\",\"name\":\"MiniCRM Blog\",\"url\":\"https:\/\/www.minicrm.hu\/blog\/\",\"logo\":{\"@type\":\"ImageObject\",\"inLanguage\":\"hu\",\"@id\":\"https:\/\/www.minicrm.hu\/blog\/#\/schema\/logo\/image\/\",\"url\":\"https:\/\/minicrm-wp-hu.s3.amazonaws.com\/uploads\/2021\/04\/cropped-MC-logo-Blog-2021_G-Dark.png\",\"contentUrl\":\"https:\/\/minicrm-wp-hu.s3.amazonaws.com\/uploads\/2021\/04\/cropped-MC-logo-Blog-2021_G-Dark.png\",\"width\":91,\"height\":89,\"caption\":\"MiniCRM Blog\"},\"image\":{\"@id\":\"https:\/\/www.minicrm.hu\/blog\/#\/schema\/logo\/image\/\"}},{\"@type\":\"Person\",\"@id\":\"https:\/\/www.minicrm.hu\/blog\/#\/schema\/person\/f42c3023cd3a47a98325aacebe2f9b0f\",\"name\":\"\u00c1kos Szelle\",\"image\":{\"@type\":\"ImageObject\",\"inLanguage\":\"hu\",\"@id\":\"https:\/\/www.minicrm.hu\/blog\/#\/schema\/person\/image\/\",\"url\":\"https:\/\/secure.gravatar.com\/avatar\/1fbb57b94a6bbc5512792922a0c62637a1cbf53175f9d92f26edd00dbac8a4f6?s=96&r=g\",\"contentUrl\":\"https:\/\/secure.gravatar.com\/avatar\/1fbb57b94a6bbc5512792922a0c62637a1cbf53175f9d92f26edd00dbac8a4f6?s=96&r=g\",\"caption\":\"\u00c1kos Szelle\"},\"url\":\"\"}]}<\/script>\n<!-- \/ Yoast SEO plugin. -->","yoast_head_json":{"title":"\u00c9vi 15 nap elvonul\u00e1s \u00e9s \u00f6tletel\u00e9s, mint a n\u00f6veked\u00e9s kulcsa - Juh\u00e1sz Attila","description":"Juh\u00e1sz Attila mind a kkv-k, mind a nagyv\u00e1llalatok vil\u00e1g\u00e1ban otthonosan mozog. \u00c9rdemes meghallgatnod a vele k\u00e9sz\u00fclt C\u00e9g\u00e9p\u00edt\u0151k podcastet!","robots":{"index":"index","follow":"follow","max-snippet":"max-snippet:-1","max-image-preview":"max-image-preview:large","max-video-preview":"max-video-preview:-1"},"canonical":"https:\/\/www.minicrm.hu\/blog\/2022\/10-05\/evi-15-nap-elvonulas-es-otleteles-mint-a-novekedes-kulcsa-juhasz-attila\/","og_locale":"hu_HU","og_type":"article","og_title":"\u00c9vi 15 nap elvonul\u00e1s \u00e9s \u00f6tletel\u00e9s, mint a n\u00f6veked\u00e9s kulcsa - Juh\u00e1sz Attila","og_description":"Juh\u00e1sz Attila mind a kkv-k, mind a nagyv\u00e1llalatok vil\u00e1g\u00e1ban otthonosan mozog. \u00c9rdemes meghallgatnod a vele k\u00e9sz\u00fclt C\u00e9g\u00e9p\u00edt\u0151k podcastet!","og_url":"https:\/\/www.minicrm.hu\/blog\/2022\/10-05\/evi-15-nap-elvonulas-es-otleteles-mint-a-novekedes-kulcsa-juhasz-attila\/","og_site_name":"MiniCRM Blog","article_published_time":"2022-10-05T07:41:44+00:00","og_image":[{"width":1190,"height":750,"url":"https:\/\/minicrm-wp-hu.s3.amazonaws.com\/uploads\/2022\/10\/hu-cegepitok-blog-juhasz-attila-1190x750-1.jpeg","type":"image\/jpeg"}],"author":"\u00c1kos Szelle","twitter_misc":{"Szerz\u0151:":"MiniCRM","Becs\u00fclt olvas\u00e1si id\u0151":"2 perc"},"schema":{"@context":"https:\/\/schema.org","@graph":[{"@type":"Article","@id":"https:\/\/www.minicrm.hu\/blog\/2022\/10-05\/evi-15-nap-elvonulas-es-otleteles-mint-a-novekedes-kulcsa-juhasz-attila\/#article","isPartOf":{"@id":"https:\/\/www.minicrm.hu\/blog\/2022\/10-05\/evi-15-nap-elvonulas-es-otleteles-mint-a-novekedes-kulcsa-juhasz-attila\/"},"author":{"name":"\u00c1kos Szelle","@id":"https:\/\/www.minicrm.hu\/blog\/#\/schema\/person\/f42c3023cd3a47a98325aacebe2f9b0f"},"headline":"\u00c9vi 15 nap elvonul\u00e1s \u00e9s \u00f6tletel\u00e9s, mint a n\u00f6veked\u00e9s kulcsa &#8211; Juh\u00e1sz Attila","datePublished":"2022-10-05T07:41:44+00:00","mainEntityOfPage":{"@id":"https:\/\/www.minicrm.hu\/blog\/2022\/10-05\/evi-15-nap-elvonulas-es-otleteles-mint-a-novekedes-kulcsa-juhasz-attila\/"},"wordCount":586,"publisher":{"@id":"https:\/\/www.minicrm.hu\/blog\/#organization"},"image":{"@id":"https:\/\/www.minicrm.hu\/blog\/2022\/10-05\/evi-15-nap-elvonulas-es-otleteles-mint-a-novekedes-kulcsa-juhasz-attila\/#primaryimage"},"thumbnailUrl":"https:\/\/minicrm-wp-hu.s3.amazonaws.com\/uploads\/2022\/10\/hu-cegepitok-blog-juhasz-attila-1190x750-1.jpeg","keywords":["A j\u00f3 vezet\u0151","c\u00e9g\u00e9p\u00edt\u0151k","Interj\u00fa","podcast","teend\u0151kezel\u00e9s"],"articleSection":["C\u00e9gvezet\u00e9s","Podcast"],"inLanguage":"hu"},{"@type":"WebPage","@id":"https:\/\/www.minicrm.hu\/blog\/2022\/10-05\/evi-15-nap-elvonulas-es-otleteles-mint-a-novekedes-kulcsa-juhasz-attila\/","url":"https:\/\/www.minicrm.hu\/blog\/2022\/10-05\/evi-15-nap-elvonulas-es-otleteles-mint-a-novekedes-kulcsa-juhasz-attila\/","name":"\u00c9vi 15 nap elvonul\u00e1s \u00e9s \u00f6tletel\u00e9s, mint a n\u00f6veked\u00e9s kulcsa - Juh\u00e1sz Attila","isPartOf":{"@id":"https:\/\/www.minicrm.hu\/blog\/#website"},"primaryImageOfPage":{"@id":"https:\/\/www.minicrm.hu\/blog\/2022\/10-05\/evi-15-nap-elvonulas-es-otleteles-mint-a-novekedes-kulcsa-juhasz-attila\/#primaryimage"},"image":{"@id":"https:\/\/www.minicrm.hu\/blog\/2022\/10-05\/evi-15-nap-elvonulas-es-otleteles-mint-a-novekedes-kulcsa-juhasz-attila\/#primaryimage"},"thumbnailUrl":"https:\/\/minicrm-wp-hu.s3.amazonaws.com\/uploads\/2022\/10\/hu-cegepitok-blog-juhasz-attila-1190x750-1.jpeg","datePublished":"2022-10-05T07:41:44+00:00","description":"Juh\u00e1sz Attila mind a kkv-k, mind a nagyv\u00e1llalatok vil\u00e1g\u00e1ban otthonosan mozog. \u00c9rdemes meghallgatnod a vele k\u00e9sz\u00fclt C\u00e9g\u00e9p\u00edt\u0151k podcastet!","breadcrumb":{"@id":"https:\/\/www.minicrm.hu\/blog\/2022\/10-05\/evi-15-nap-elvonulas-es-otleteles-mint-a-novekedes-kulcsa-juhasz-attila\/#breadcrumb"},"inLanguage":"hu","potentialAction":[{"@type":"ReadAction","target":["https:\/\/www.minicrm.hu\/blog\/2022\/10-05\/evi-15-nap-elvonulas-es-otleteles-mint-a-novekedes-kulcsa-juhasz-attila\/"]}]},{"@type":"ImageObject","inLanguage":"hu","@id":"https:\/\/www.minicrm.hu\/blog\/2022\/10-05\/evi-15-nap-elvonulas-es-otleteles-mint-a-novekedes-kulcsa-juhasz-attila\/#primaryimage","url":"https:\/\/minicrm-wp-hu.s3.amazonaws.com\/uploads\/2022\/10\/hu-cegepitok-blog-juhasz-attila-1190x750-1.jpeg","contentUrl":"https:\/\/minicrm-wp-hu.s3.amazonaws.com\/uploads\/2022\/10\/hu-cegepitok-blog-juhasz-attila-1190x750-1.jpeg","width":1190,"height":750,"caption":"C\u00e9g\u00e9p\u00edt\u0151k - Juh\u00e1sz Attila"},{"@type":"BreadcrumbList","@id":"https:\/\/www.minicrm.hu\/blog\/2022\/10-05\/evi-15-nap-elvonulas-es-otleteles-mint-a-novekedes-kulcsa-juhasz-attila\/#breadcrumb","itemListElement":[{"@type":"ListItem","position":1,"name":"Home","item":"https:\/\/www.minicrm.hu\/blog\/"},{"@type":"ListItem","position":2,"name":"\u00c9vi 15 nap elvonul\u00e1s \u00e9s \u00f6tletel\u00e9s, mint a n\u00f6veked\u00e9s kulcsa &#8211; Juh\u00e1sz Attila"}]},{"@type":"WebSite","@id":"https:\/\/www.minicrm.hu\/blog\/#website","url":"https:\/\/www.minicrm.hu\/blog\/","name":"MiniCRM Blog","description":"CRM Blog","publisher":{"@id":"https:\/\/www.minicrm.hu\/blog\/#organization"},"potentialAction":[{"@type":"SearchAction","target":{"@type":"EntryPoint","urlTemplate":"https:\/\/www.minicrm.hu\/blog\/?s={search_term_string}"},"query-input":{"@type":"PropertyValueSpecification","valueRequired":true,"valueName":"search_term_string"}}],"inLanguage":"hu"},{"@type":"Organization","@id":"https:\/\/www.minicrm.hu\/blog\/#organization","name":"MiniCRM Blog","url":"https:\/\/www.minicrm.hu\/blog\/","logo":{"@type":"ImageObject","inLanguage":"hu","@id":"https:\/\/www.minicrm.hu\/blog\/#\/schema\/logo\/image\/","url":"https:\/\/minicrm-wp-hu.s3.amazonaws.com\/uploads\/2021\/04\/cropped-MC-logo-Blog-2021_G-Dark.png","contentUrl":"https:\/\/minicrm-wp-hu.s3.amazonaws.com\/uploads\/2021\/04\/cropped-MC-logo-Blog-2021_G-Dark.png","width":91,"height":89,"caption":"MiniCRM Blog"},"image":{"@id":"https:\/\/www.minicrm.hu\/blog\/#\/schema\/logo\/image\/"}},{"@type":"Person","@id":"https:\/\/www.minicrm.hu\/blog\/#\/schema\/person\/f42c3023cd3a47a98325aacebe2f9b0f","name":"\u00c1kos Szelle","image":{"@type":"ImageObject","inLanguage":"hu","@id":"https:\/\/www.minicrm.hu\/blog\/#\/schema\/person\/image\/","url":"https:\/\/secure.gravatar.com\/avatar\/1fbb57b94a6bbc5512792922a0c62637a1cbf53175f9d92f26edd00dbac8a4f6?s=96&r=g","contentUrl":"https:\/\/secure.gravatar.com\/avatar\/1fbb57b94a6bbc5512792922a0c62637a1cbf53175f9d92f26edd00dbac8a4f6?s=96&r=g","caption":"\u00c1kos Szelle"},"url":""}]}},"_links":{"self":[{"href":"https:\/\/www.minicrm.hu\/blog\/wp-json\/wp\/v2\/posts\/17936","targetHints":{"allow":["GET"]}}],"collection":[{"href":"https:\/\/www.minicrm.hu\/blog\/wp-json\/wp\/v2\/posts"}],"about":[{"href":"https:\/\/www.minicrm.hu\/blog\/wp-json\/wp\/v2\/types\/post"}],"author":[{"embeddable":true,"href":"https:\/\/www.minicrm.hu\/blog\/wp-json\/wp\/v2\/users\/75"}],"replies":[{"embeddable":true,"href":"https:\/\/www.minicrm.hu\/blog\/wp-json\/wp\/v2\/comments?post=17936"}],"version-history":[{"count":2,"href":"https:\/\/www.minicrm.hu\/blog\/wp-json\/wp\/v2\/posts\/17936\/revisions"}],"predecessor-version":[{"id":17969,"href":"https:\/\/www.minicrm.hu\/blog\/wp-json\/wp\/v2\/posts\/17936\/revisions\/17969"}],"wp:featuredmedia":[{"embeddable":true,"href":"https:\/\/www.minicrm.hu\/blog\/wp-json\/wp\/v2\/media\/17939"}],"wp:attachment":[{"href":"https:\/\/www.minicrm.hu\/blog\/wp-json\/wp\/v2\/media?parent=17936"}],"wp:term":[{"taxonomy":"category","embeddable":true,"href":"https:\/\/www.minicrm.hu\/blog\/wp-json\/wp\/v2\/categories?post=17936"},{"taxonomy":"post_tag","embeddable":true,"href":"https:\/\/www.minicrm.hu\/blog\/wp-json\/wp\/v2\/tags?post=17936"}],"curies":[{"name":"wp","href":"https:\/\/api.w.org\/{rel}","templated":true}]}}