

{"id":18548,"date":"2023-01-04T08:31:46","date_gmt":"2023-01-04T07:31:46","guid":{"rendered":"https:\/\/www.minicrm.hu\/blog\/?p=18548"},"modified":"2024-08-08T21:30:59","modified_gmt":"2024-08-08T19:30:59","slug":"cegepitok-gazsi-zoltan-eisberg","status":"publish","type":"post","link":"https:\/\/www.minicrm.hu\/blog\/2023\/01-04\/cegepitok-gazsi-zoltan-eisberg\/","title":{"rendered":"Leanr\u0151l \u00e9rthet\u0151en, hogy sp\u00f3rolnak ezzel \u00e9vente t\u00f6bb 10 milli\u00f3t az Eisbergn\u00e9l &#8211; Gazsi Zolt\u00e1n"},"content":{"rendered":"<p><em><strong>\u201cNeked mint c\u00e9gvezet\u0151, a feladatod az, hogy r\u00e1d ne legyen sz\u00fcks\u00e9g\u201d<\/strong> <\/em>\u2013 mondja a C\u00e9g\u00e9p\u00edt\u0151k podcast aktu\u00e1lis vend\u00e9ge, <strong>Gazsi Zolt\u00e1n, az Eisberg \u00fcgyvezet\u0151 igazgat\u00f3ja<\/strong>, aki 14 \u00e9v alatt, szinte az eg\u00e9sz vil\u00e1got k\u00f6rbej\u00e1rva m\u00e1szta meg a multinacion\u00e1lis c\u00e9gekre jellemz\u0151 rangl\u00e9tr\u00e1t, hogy azt\u00e1n 2007-ben m\u00e1r \u00fcgyvezet\u0151i poz\u00edci\u00f3ba \u00e9rkezzen meg az Eisberghez.<\/p>\n<p><!--more--><\/p>\n<p><iframe loading=\"lazy\" style=\"border-radius: 12px;\" src=\"https:\/\/open.spotify.com\/embed\/episode\/1udHFBfxroCUMCz2JwdXFP?utm_source=generator&amp;t=0\" width=\"100%\" height=\"352\" frameborder=\"0\" allowfullscreen=\"allowfullscreen\"><\/iframe><\/p>\n<p><em><strong>\u201cAkkor tudsz m\u00e1sokat inspir\u00e1lni, ha te is inspir\u00e1lt vagy\u201d<\/strong><\/em> \u2013 ezen gondolkod\u00e1sm\u00f3dot k\u00f6vetve teljesen mindegy, hogy mik a k\u00f6r\u00fclm\u00e9nyek, eg\u00e9szen biztosan sikeresek tudunk lenni. Erre az \u00e9l\u0151 p\u00e9lda Zoli, aki \u00e9lete sor\u00e1n mag\u00e1nemberk\u00e9nt \u00e9s vezet\u0151k\u00e9nt egyar\u00e1nt <strong>sz\u00e1mos komoly kr\u00edzissel \u00e9s kih\u00edv\u00e1ssal tal\u00e1lkozott<\/strong>, ezen hozz\u00e1\u00e1ll\u00e1sa azonban mindig is megold\u00e1sk\u00e9nt szolg\u00e1lt a neh\u00e9z helyzetekben.<\/p>\n<p><em><strong>\u201cHinned \u00e9s b\u00edznod kell a munkav\u00e1llal\u00f3idban\u201d<\/strong><\/em> \u2013 v\u00e9lekedik az Eisberg igazgat\u00f3ja, aki saj\u00e1t b\u0151r\u00e9n megtapasztalva j\u00f6tt r\u00e1 arra, hogy egy sikeres c\u00e9g \u00e9s vezet\u0151 legalapvet\u0151bb ism\u00e9rve az, ha motiv\u00e1lt \u00e9s elk\u00f6telezett munkav\u00e1llal\u00f3i vannak, akikben minden helyzetben meg lehet b\u00edzni. Ez az\u00e9rt is fontos, mert csak <strong>ilyen emberekkel lehet j\u00f3l m\u0171k\u00f6d\u0151 rendszereket \u00e9p\u00edteni<\/strong>, ami pedig elengedhetetlen egy<strong> sikeres v\u00e1llalkoz\u00e1s fel\u00e9p\u00edt\u00e9s\u00e9hez<\/strong> \u00e9s m\u0171k\u00f6dtet\u00e9s\u00e9hez.<\/p>\n<p><strong>Az ad\u00e1st meghallgatva olyan k\u00e9rd\u00e9sekre kapsz v\u00e1laszt, mint:<\/strong><\/p>\n<ul>\n<li>Hogyan lehet \u201cj\u00f3l meg\u00e9rkezni\u201d egy<strong> m\u00e1r m\u0171k\u00f6d\u0151 g\u00e9pezet tetej\u00e9re?<\/strong><\/li>\n<li>Milyen szeml\u00e9let ment\u00e9n, <strong>milyen c\u00e9lok\u00e9rt dolgozva \u00e9rdemes v\u00e1llalkozni?<\/strong><\/li>\n<li>Meddig kell\/\u00e9rdemes <strong>k\u00fczdeni neh\u00e9z helyzetekben?<\/strong><\/li>\n<li>Mik voltak az elm\u00falt 15 \u00e9v <strong>meghat\u00e1roz\u00f3 fejl\u0151d\u00e9si szintjei<\/strong>, amik mai form\u00e1j\u00e1ra alak\u00edtott\u00e1k az Eisberget?<\/li>\n<li>Mi\u00e9rt fontos \u00e9s n\u00e9lk\u00fcl\u00f6zhetetlen egy j\u00f3l m\u0171k\u00f6d\u0151 v\u00e1llalkoz\u00e1s szempontj\u00e1b\u00f3l<a href=\"https:\/\/www.minicrm.hu\/blog\/2024\/08-08\/lean-alapelvek\/\" target=\"_blank\" rel=\"noopener\"> <strong>a Lean menedzsment?<\/strong><\/a><\/li>\n<li>Hogyan lett <strong>sikeres Zoli a LinkedInen<\/strong> \u00e9s ebb\u0151l mik\u00e9ppen profit\u00e1l az Eisberg?<\/li>\n<li>Hogyan lehet \u00fajra \u00e9s \u00fajra <strong>meg\u00fajulni vezet\u0151k\u00e9nt<\/strong> \u00e9s a munkat\u00e1rsaknak is adni ebb\u0151l a frissess\u00e9gb\u0151l?<\/li>\n<\/ul>\n<p>A C\u00e9g\u00e9p\u00edt\u0151k podcast leg\u00fajabb epiz\u00f3dja \u00e9kes p\u00e9ld\u00e1ja annak, hogy ha<strong> j\u00f3 rendszereket \u00e9p\u00edt\u00fcnk ki a c\u00e9g\u00fcnk mindennapjaiban<\/strong>, \u00e9s ha profitorient\u00e1lts\u00e1g helyett a <strong>munkav\u00e1llal\u00f3ink minden \u00e9rtelemben vett j\u00f3l\u00e9t\u00e9re<\/strong> helyezz\u00fck a hangs\u00falyt, <strong>garant\u00e1ltan sikeres v\u00e1llalkoz\u00e1st \u00e9p\u00edthet\u00fcnk.<\/strong> Tanulj, fejl\u0151dj, \u00e9s tarts vel\u00fcnk ebben az ad\u00e1sban is!<\/p>\n<p><iframe loading=\"lazy\" style=\"border-radius: 12px;\" src=\"https:\/\/open.spotify.com\/embed\/episode\/1udHFBfxroCUMCz2JwdXFP?utm_source=generator&amp;t=0\" width=\"100%\" height=\"352\" frameborder=\"0\" allowfullscreen=\"allowfullscreen\"><\/iframe><\/p>\n<h2>Hallgasd a C\u00e9g\u00e9p\u00edt\u0151ket a kedvenc platformodon:<\/h2>\n<p>Spotify: <a href=\"https:\/\/open.spotify.com\/episode\/1udHFBfxroCUMCz2JwdXFP\" target=\"_blank\" rel=\"noopener\">kattints ide<\/a><br \/>\nApple Podcast: <a href=\"https:\/\/podcasts.apple.com\/hu\/podcast\/leanr%C5%91l-%C3%A9rthet%C5%91en-%C3%ADgy-sp%C3%B3rolnak-%C3%A9vente-t%C3%B6bb-10-milli%C3%B3t\/id1585202757?i=1000592286521&amp;l=hu\" target=\"_blank\" rel=\"noopener\">kattints ide<\/a><br \/>\nSoundCloud: <a href=\"https:\/\/soundcloud.com\/cegepitok-podcast-minicrm\/leanrol-erthetoen-igy-sporolnak-evente-tobb-10-milliot-az-eisbergnel-gazsi-zoltan\" target=\"_blank\" rel=\"noopener\">kattints ide<\/a><br \/>\nGoogle Podcast: <a href=\"https:\/\/podcasts.google.com\/feed\/aHR0cHM6Ly9mZWVkcy5zb3VuZGNsb3VkLmNvbS91c2Vycy9zb3VuZGNsb3VkOnVzZXJzOjEwMjU4MDgzMDEvc291bmRzLnJzcw\/episode\/dGFnOnNvdW5kY2xvdWQsMjAxMDp0cmFja3MvMTQxNTQ5ODU5Mw?sa=X&amp;ved=0CAUQkfYCahcKEwiIyO7qsa38AhUAAAAAHQAAAAAQCg\" target=\"_blank\" rel=\"noopener\">kattints ide<\/a><br \/>\nYoutube: <a href=\"https:\/\/www.youtube.com\/watch?v=PlUiPotiM20\">kattints ide<\/a><\/p>\n<p><em><strong>Szeretn\u00e9l te is rendszerezett \u00e9s megbecs\u00fclt c\u00e9get vezetni?<\/strong><\/em><\/p>\n<h2><strong>N\u00e9zd meg az EXTRA tartalmakat!<\/strong><\/h2>\n<p><em><strong>Az \u00f6nm\u0171k\u00f6d\u0151 c\u00e9g<\/strong><\/em><\/p>\n<ul>\n<li>Vide\u00f3:<a href=\"https:\/\/www.youtube.com\/watch?v=tTJDEyLgg_s\" target=\"_blank\" rel=\"noopener\"> 5 vezet\u0151i ny\u0171g, amit a MiniCRM megold<\/a><br \/>\nVide\u00f3: <a href=\"https:\/\/www.youtube.com\/watch?v=H5rJXP9a3qg\" target=\"_blank\" rel=\"noopener\">Nincs itt a CEO, cincognak az egerek!<\/a><\/li>\n<\/ul>\n<p><em><strong>A hat\u00e9kony \u00e9s el\u00e9gedett beosztottak<\/strong><\/em><\/p>\n<ul>\n<li>Vide\u00f3: <a href=\"https:\/\/www.youtube.com\/watch?v=8w8_77_PQCA\" target=\"_blank\" rel=\"noopener\">\u00d6n\u00e1ll\u00f3 munkat\u00e1rsat 3 h\u00f3nap alatt<\/a><br \/>\nWebin\u00e1rium felv\u00e9tel: <a href=\"https:\/\/www.youtube.com\/watch?v=DOyayjnQTc4\" target=\"_blank\" rel=\"noopener\">Hogy tal\u00e1lok j\u00f3 munkaer\u0151t?<\/a><br \/>\nE-k\u00f6nyv: <a href=\"https:\/\/cdn.minicrm.hu\/media\/lifebelt\/HU\/Onboarding_MiniCRM.pdf\" target=\"_blank\" rel=\"noopener\">\u00daj koll\u00e9g\u00e1k eredm\u00e9nyes \u00e9s g\u00f6rd\u00fcl\u00e9keny betan\u00edt\u00e1sa<\/a><\/li>\n<\/ul>\n<p><em><b>A felszabadult c\u00e9gvezet\u0151<\/b><\/em><\/p>\n<ul>\n<li>Workshop felv\u00e9tel: <a href=\"https:\/\/www.youtube.com\/watch?v=RDVcGSqCkTg&amp;t=48s\" target=\"_blank\" rel=\"noopener\">Lap\u00e1tol\u00e1s helyett &#8211; vezet\u0151i n\u00e9zet<\/a><br \/>\nE-k\u00f6nyv: <a href=\"https:\/\/cdn.minicrm.hu\/media\/lifebelt\/HU\/cegvezetokent_minimum_heti_10_ora_sporolas-minicrm.pdf\" target=\"_blank\" rel=\"noopener\">Hogyan sp\u00f3rolnak id\u0151t a CRM-et haszn\u00e1l\u00f3 vezet\u0151k?<\/a><\/li>\n<\/ul>\n<p><strong><i>CSAK MINICRM FELHASZN\u00c1L\u00d3KNAK*:<\/i><\/strong><\/p>\n<ul>\n<li><span style=\"font-weight: 400;\">Mini Akad\u00e9mia: <a href=\"https:\/\/www.minicrm.hu\/oktatas\/courses\/uj-munkatars-betanitasa\/\" target=\"_blank\" rel=\"noopener\">\u00daj munkat\u00e1rs betan\u00edt\u00e1sa<\/a><\/span><\/li>\n<li><span style=\"font-weight: 400;\">Mini Akad\u00e9mia: <a href=\"https:\/\/www.minicrm.hu\/oktatas\/courses\/onjaro-riportok-celszamok-elerese\/\" target=\"_blank\" rel=\"noopener\">\u00d6nj\u00e1r\u00f3 riportok<\/a><br \/>\n<\/span><\/li>\n<\/ul>\n<p><span style=\"font-weight: 400;\">*A MiniCRM-es bel\u00e9p\u00e9si adataidat megadva tudsz bejelentkezni az Akad\u00e9mia fel\u00fclet\u00e9re.<\/span><\/p>\n<p><em>A C\u00e9g\u00e9p\u00edt\u0151k podcast felv\u00e9tele a <a href=\"https:\/\/www.minicrm.hu\/\">MiniCRM<\/a> megb\u00edz\u00e1s\u00e1b\u00f3l a <a href=\"https:\/\/brocasterz.com\">Brocasterz St\u00fadi\u00f3ban<\/a> t\u00f6rt\u00e9nik, az ad\u00e1sok menedzsmentj\u00e9t a Brocasterz Podcast \u00dcgyn\u00f6ks\u00e9g csapata v\u00e9gzi.<\/em><\/p>\n","protected":false},"excerpt":{"rendered":"<p>\u201cNeked mint c\u00e9gvezet\u0151, a feladatod az, hogy r\u00e1d ne legyen sz\u00fcks\u00e9g\u201d \u2013 mondja a C\u00e9g\u00e9p\u00edt\u0151k podcast aktu\u00e1lis vend\u00e9ge, Gazsi Zolt\u00e1n, az Eisberg \u00fcgyvezet\u0151 igazgat\u00f3ja, aki 14 \u00e9v alatt, szinte az eg\u00e9sz vil\u00e1got k\u00f6rbej\u00e1rva m\u00e1szta meg a multinacion\u00e1lis c\u00e9gekre jellemz\u0151 rangl\u00e9tr\u00e1t, hogy azt\u00e1n 2007-ben m\u00e1r \u00fcgyvezet\u0151i poz\u00edci\u00f3ba \u00e9rkezzen meg az Eisberghez.<\/p>\n","protected":false},"author":75,"featured_media":18560,"comment_status":"closed","ping_status":"closed","sticky":false,"template":"","format":"standard","meta":{"inline_featured_image":false,"footnotes":""},"categories":[28,778],"tags":[401,732,387,735],"class_list":["post-18548","post","type-post","status-publish","format-standard","has-post-thumbnail","hentry","category-cegvezetes","category-podcast","tag-a-jo-vezeto","tag-cegepitok","tag-interju","tag-podcast"],"yoast_head":"<!-- This site is optimized with the Yoast SEO plugin v27.1.1 - https:\/\/yoast.com\/product\/yoast-seo-wordpress\/ -->\n<title>Leanr\u0151l \u00e9rthet\u0151en, hogy sp\u00f3rolnak ezzel \u00e9vente t\u00f6bb 10 milli\u00f3t az Eisbergn\u00e9l - Gazsi Zolt\u00e1n<\/title>\n<meta name=\"description\" content=\"\u201cC\u00e9gvezet\u0151k\u00e9nt az a feladatod, hogy r\u00e1d ne legyen sz\u00fcks\u00e9g\u201d \u2013 mondja a C\u00e9g\u00e9p\u00edt\u0151k aktu\u00e1lis vend\u00e9ge, Gazsi Zolt\u00e1n, az Eisberg \u00fcgyvezet\u0151je.\" \/>\n<meta name=\"robots\" content=\"index, follow, max-snippet:-1, max-image-preview:large, max-video-preview:-1\" \/>\n<link rel=\"canonical\" href=\"https:\/\/www.minicrm.hu\/blog\/2023\/01-04\/cegepitok-gazsi-zoltan-eisberg\/\" \/>\n<meta property=\"og:locale\" content=\"hu_HU\" \/>\n<meta property=\"og:type\" content=\"article\" \/>\n<meta property=\"og:title\" content=\"Leanr\u0151l \u00e9rthet\u0151en, hogy sp\u00f3rolnak ezzel \u00e9vente t\u00f6bb 10 milli\u00f3t az Eisbergn\u00e9l - Gazsi Zolt\u00e1n\" \/>\n<meta property=\"og:description\" content=\"\u201cC\u00e9gvezet\u0151k\u00e9nt az a feladatod, hogy r\u00e1d ne legyen sz\u00fcks\u00e9g\u201d \u2013 mondja a C\u00e9g\u00e9p\u00edt\u0151k aktu\u00e1lis vend\u00e9ge, Gazsi Zolt\u00e1n, az Eisberg \u00fcgyvezet\u0151je.\" \/>\n<meta property=\"og:url\" content=\"https:\/\/www.minicrm.hu\/blog\/2023\/01-04\/cegepitok-gazsi-zoltan-eisberg\/\" \/>\n<meta property=\"og:site_name\" content=\"MiniCRM Blog\" \/>\n<meta property=\"article:published_time\" content=\"2023-01-04T07:31:46+00:00\" \/>\n<meta property=\"article:modified_time\" content=\"2024-08-08T19:30:59+00:00\" \/>\n<meta property=\"og:image\" content=\"https:\/\/minicrm-wp-hu.s3.amazonaws.com\/uploads\/2023\/01\/hu-cegepitok-blog-gazsi-zoltan-1190x750-1.jpeg\" \/>\n\t<meta property=\"og:image:width\" content=\"1190\" \/>\n\t<meta property=\"og:image:height\" content=\"750\" \/>\n\t<meta property=\"og:image:type\" content=\"image\/jpeg\" \/>\n<meta name=\"author\" content=\"\u00c1kos Szelle\" \/>\n<meta name=\"twitter:label1\" content=\"Szerz\u0151:\" \/>\n\t<meta name=\"twitter:data1\" content=\"MiniCRM\" \/>\n\t<meta name=\"twitter:label2\" content=\"Becs\u00fclt olvas\u00e1si id\u0151\" \/>\n\t<meta name=\"twitter:data2\" content=\"3 perc\" \/>\n<script type=\"application\/ld+json\" class=\"yoast-schema-graph\">{\"@context\":\"https:\/\/schema.org\",\"@graph\":[{\"@type\":\"Article\",\"@id\":\"https:\/\/www.minicrm.hu\/blog\/2023\/01-04\/cegepitok-gazsi-zoltan-eisberg\/#article\",\"isPartOf\":{\"@id\":\"https:\/\/www.minicrm.hu\/blog\/2023\/01-04\/cegepitok-gazsi-zoltan-eisberg\/\"},\"author\":{\"name\":\"\u00c1kos Szelle\",\"@id\":\"https:\/\/www.minicrm.hu\/blog\/#\/schema\/person\/f42c3023cd3a47a98325aacebe2f9b0f\"},\"headline\":\"Leanr\u0151l \u00e9rthet\u0151en, hogy sp\u00f3rolnak ezzel \u00e9vente t\u00f6bb 10 milli\u00f3t az Eisbergn\u00e9l &#8211; Gazsi Zolt\u00e1n\",\"datePublished\":\"2023-01-04T07:31:46+00:00\",\"dateModified\":\"2024-08-08T19:30:59+00:00\",\"mainEntityOfPage\":{\"@id\":\"https:\/\/www.minicrm.hu\/blog\/2023\/01-04\/cegepitok-gazsi-zoltan-eisberg\/\"},\"wordCount\":678,\"publisher\":{\"@id\":\"https:\/\/www.minicrm.hu\/blog\/#organization\"},\"image\":{\"@id\":\"https:\/\/www.minicrm.hu\/blog\/2023\/01-04\/cegepitok-gazsi-zoltan-eisberg\/#primaryimage\"},\"thumbnailUrl\":\"https:\/\/minicrm-wp-hu.s3.amazonaws.com\/uploads\/2023\/01\/hu-cegepitok-blog-gazsi-zoltan-1190x750-1.jpeg\",\"keywords\":[\"A j\u00f3 vezet\u0151\",\"c\u00e9g\u00e9p\u00edt\u0151k\",\"Interj\u00fa\",\"podcast\"],\"articleSection\":[\"C\u00e9gvezet\u00e9s\",\"Podcast\"],\"inLanguage\":\"hu\"},{\"@type\":\"WebPage\",\"@id\":\"https:\/\/www.minicrm.hu\/blog\/2023\/01-04\/cegepitok-gazsi-zoltan-eisberg\/\",\"url\":\"https:\/\/www.minicrm.hu\/blog\/2023\/01-04\/cegepitok-gazsi-zoltan-eisberg\/\",\"name\":\"Leanr\u0151l \u00e9rthet\u0151en, hogy sp\u00f3rolnak ezzel \u00e9vente t\u00f6bb 10 milli\u00f3t az Eisbergn\u00e9l - Gazsi Zolt\u00e1n\",\"isPartOf\":{\"@id\":\"https:\/\/www.minicrm.hu\/blog\/#website\"},\"primaryImageOfPage\":{\"@id\":\"https:\/\/www.minicrm.hu\/blog\/2023\/01-04\/cegepitok-gazsi-zoltan-eisberg\/#primaryimage\"},\"image\":{\"@id\":\"https:\/\/www.minicrm.hu\/blog\/2023\/01-04\/cegepitok-gazsi-zoltan-eisberg\/#primaryimage\"},\"thumbnailUrl\":\"https:\/\/minicrm-wp-hu.s3.amazonaws.com\/uploads\/2023\/01\/hu-cegepitok-blog-gazsi-zoltan-1190x750-1.jpeg\",\"datePublished\":\"2023-01-04T07:31:46+00:00\",\"dateModified\":\"2024-08-08T19:30:59+00:00\",\"description\":\"\u201cC\u00e9gvezet\u0151k\u00e9nt az a feladatod, hogy r\u00e1d ne legyen sz\u00fcks\u00e9g\u201d \u2013 mondja a C\u00e9g\u00e9p\u00edt\u0151k aktu\u00e1lis vend\u00e9ge, Gazsi Zolt\u00e1n, az Eisberg \u00fcgyvezet\u0151je.\",\"breadcrumb\":{\"@id\":\"https:\/\/www.minicrm.hu\/blog\/2023\/01-04\/cegepitok-gazsi-zoltan-eisberg\/#breadcrumb\"},\"inLanguage\":\"hu\",\"potentialAction\":[{\"@type\":\"ReadAction\",\"target\":[\"https:\/\/www.minicrm.hu\/blog\/2023\/01-04\/cegepitok-gazsi-zoltan-eisberg\/\"]}]},{\"@type\":\"ImageObject\",\"inLanguage\":\"hu\",\"@id\":\"https:\/\/www.minicrm.hu\/blog\/2023\/01-04\/cegepitok-gazsi-zoltan-eisberg\/#primaryimage\",\"url\":\"https:\/\/minicrm-wp-hu.s3.amazonaws.com\/uploads\/2023\/01\/hu-cegepitok-blog-gazsi-zoltan-1190x750-1.jpeg\",\"contentUrl\":\"https:\/\/minicrm-wp-hu.s3.amazonaws.com\/uploads\/2023\/01\/hu-cegepitok-blog-gazsi-zoltan-1190x750-1.jpeg\",\"width\":1190,\"height\":750,\"caption\":\"C\u00e9g\u00e9p\u00edt\u0151k - Gazsi Zolt\u00e1n\"},{\"@type\":\"BreadcrumbList\",\"@id\":\"https:\/\/www.minicrm.hu\/blog\/2023\/01-04\/cegepitok-gazsi-zoltan-eisberg\/#breadcrumb\",\"itemListElement\":[{\"@type\":\"ListItem\",\"position\":1,\"name\":\"Home\",\"item\":\"https:\/\/www.minicrm.hu\/blog\/\"},{\"@type\":\"ListItem\",\"position\":2,\"name\":\"Leanr\u0151l \u00e9rthet\u0151en, hogy sp\u00f3rolnak ezzel \u00e9vente t\u00f6bb 10 milli\u00f3t az Eisbergn\u00e9l &#8211; Gazsi Zolt\u00e1n\"}]},{\"@type\":\"WebSite\",\"@id\":\"https:\/\/www.minicrm.hu\/blog\/#website\",\"url\":\"https:\/\/www.minicrm.hu\/blog\/\",\"name\":\"MiniCRM Blog\",\"description\":\"CRM Blog\",\"publisher\":{\"@id\":\"https:\/\/www.minicrm.hu\/blog\/#organization\"},\"potentialAction\":[{\"@type\":\"SearchAction\",\"target\":{\"@type\":\"EntryPoint\",\"urlTemplate\":\"https:\/\/www.minicrm.hu\/blog\/?s={search_term_string}\"},\"query-input\":{\"@type\":\"PropertyValueSpecification\",\"valueRequired\":true,\"valueName\":\"search_term_string\"}}],\"inLanguage\":\"hu\"},{\"@type\":\"Organization\",\"@id\":\"https:\/\/www.minicrm.hu\/blog\/#organization\",\"name\":\"MiniCRM Blog\",\"url\":\"https:\/\/www.minicrm.hu\/blog\/\",\"logo\":{\"@type\":\"ImageObject\",\"inLanguage\":\"hu\",\"@id\":\"https:\/\/www.minicrm.hu\/blog\/#\/schema\/logo\/image\/\",\"url\":\"https:\/\/minicrm-wp-hu.s3.amazonaws.com\/uploads\/2021\/04\/cropped-MC-logo-Blog-2021_G-Dark.png\",\"contentUrl\":\"https:\/\/minicrm-wp-hu.s3.amazonaws.com\/uploads\/2021\/04\/cropped-MC-logo-Blog-2021_G-Dark.png\",\"width\":91,\"height\":89,\"caption\":\"MiniCRM Blog\"},\"image\":{\"@id\":\"https:\/\/www.minicrm.hu\/blog\/#\/schema\/logo\/image\/\"}},{\"@type\":\"Person\",\"@id\":\"https:\/\/www.minicrm.hu\/blog\/#\/schema\/person\/f42c3023cd3a47a98325aacebe2f9b0f\",\"name\":\"\u00c1kos Szelle\",\"image\":{\"@type\":\"ImageObject\",\"inLanguage\":\"hu\",\"@id\":\"https:\/\/www.minicrm.hu\/blog\/#\/schema\/person\/image\/\",\"url\":\"https:\/\/secure.gravatar.com\/avatar\/1fbb57b94a6bbc5512792922a0c62637a1cbf53175f9d92f26edd00dbac8a4f6?s=96&r=g\",\"contentUrl\":\"https:\/\/secure.gravatar.com\/avatar\/1fbb57b94a6bbc5512792922a0c62637a1cbf53175f9d92f26edd00dbac8a4f6?s=96&r=g\",\"caption\":\"\u00c1kos Szelle\"},\"url\":\"\"}]}<\/script>\n<!-- \/ Yoast SEO plugin. -->","yoast_head_json":{"title":"Leanr\u0151l \u00e9rthet\u0151en, hogy sp\u00f3rolnak ezzel \u00e9vente t\u00f6bb 10 milli\u00f3t az Eisbergn\u00e9l - Gazsi Zolt\u00e1n","description":"\u201cC\u00e9gvezet\u0151k\u00e9nt az a feladatod, hogy r\u00e1d ne legyen sz\u00fcks\u00e9g\u201d \u2013 mondja a C\u00e9g\u00e9p\u00edt\u0151k aktu\u00e1lis vend\u00e9ge, Gazsi Zolt\u00e1n, az Eisberg \u00fcgyvezet\u0151je.","robots":{"index":"index","follow":"follow","max-snippet":"max-snippet:-1","max-image-preview":"max-image-preview:large","max-video-preview":"max-video-preview:-1"},"canonical":"https:\/\/www.minicrm.hu\/blog\/2023\/01-04\/cegepitok-gazsi-zoltan-eisberg\/","og_locale":"hu_HU","og_type":"article","og_title":"Leanr\u0151l \u00e9rthet\u0151en, hogy sp\u00f3rolnak ezzel \u00e9vente t\u00f6bb 10 milli\u00f3t az Eisbergn\u00e9l - Gazsi Zolt\u00e1n","og_description":"\u201cC\u00e9gvezet\u0151k\u00e9nt az a feladatod, hogy r\u00e1d ne legyen sz\u00fcks\u00e9g\u201d \u2013 mondja a C\u00e9g\u00e9p\u00edt\u0151k aktu\u00e1lis vend\u00e9ge, Gazsi Zolt\u00e1n, az Eisberg \u00fcgyvezet\u0151je.","og_url":"https:\/\/www.minicrm.hu\/blog\/2023\/01-04\/cegepitok-gazsi-zoltan-eisberg\/","og_site_name":"MiniCRM Blog","article_published_time":"2023-01-04T07:31:46+00:00","article_modified_time":"2024-08-08T19:30:59+00:00","og_image":[{"width":1190,"height":750,"url":"https:\/\/minicrm-wp-hu.s3.amazonaws.com\/uploads\/2023\/01\/hu-cegepitok-blog-gazsi-zoltan-1190x750-1.jpeg","type":"image\/jpeg"}],"author":"\u00c1kos Szelle","twitter_misc":{"Szerz\u0151:":"MiniCRM","Becs\u00fclt olvas\u00e1si id\u0151":"3 perc"},"schema":{"@context":"https:\/\/schema.org","@graph":[{"@type":"Article","@id":"https:\/\/www.minicrm.hu\/blog\/2023\/01-04\/cegepitok-gazsi-zoltan-eisberg\/#article","isPartOf":{"@id":"https:\/\/www.minicrm.hu\/blog\/2023\/01-04\/cegepitok-gazsi-zoltan-eisberg\/"},"author":{"name":"\u00c1kos Szelle","@id":"https:\/\/www.minicrm.hu\/blog\/#\/schema\/person\/f42c3023cd3a47a98325aacebe2f9b0f"},"headline":"Leanr\u0151l \u00e9rthet\u0151en, hogy sp\u00f3rolnak ezzel \u00e9vente t\u00f6bb 10 milli\u00f3t az Eisbergn\u00e9l &#8211; Gazsi Zolt\u00e1n","datePublished":"2023-01-04T07:31:46+00:00","dateModified":"2024-08-08T19:30:59+00:00","mainEntityOfPage":{"@id":"https:\/\/www.minicrm.hu\/blog\/2023\/01-04\/cegepitok-gazsi-zoltan-eisberg\/"},"wordCount":678,"publisher":{"@id":"https:\/\/www.minicrm.hu\/blog\/#organization"},"image":{"@id":"https:\/\/www.minicrm.hu\/blog\/2023\/01-04\/cegepitok-gazsi-zoltan-eisberg\/#primaryimage"},"thumbnailUrl":"https:\/\/minicrm-wp-hu.s3.amazonaws.com\/uploads\/2023\/01\/hu-cegepitok-blog-gazsi-zoltan-1190x750-1.jpeg","keywords":["A j\u00f3 vezet\u0151","c\u00e9g\u00e9p\u00edt\u0151k","Interj\u00fa","podcast"],"articleSection":["C\u00e9gvezet\u00e9s","Podcast"],"inLanguage":"hu"},{"@type":"WebPage","@id":"https:\/\/www.minicrm.hu\/blog\/2023\/01-04\/cegepitok-gazsi-zoltan-eisberg\/","url":"https:\/\/www.minicrm.hu\/blog\/2023\/01-04\/cegepitok-gazsi-zoltan-eisberg\/","name":"Leanr\u0151l \u00e9rthet\u0151en, hogy sp\u00f3rolnak ezzel \u00e9vente t\u00f6bb 10 milli\u00f3t az Eisbergn\u00e9l - Gazsi Zolt\u00e1n","isPartOf":{"@id":"https:\/\/www.minicrm.hu\/blog\/#website"},"primaryImageOfPage":{"@id":"https:\/\/www.minicrm.hu\/blog\/2023\/01-04\/cegepitok-gazsi-zoltan-eisberg\/#primaryimage"},"image":{"@id":"https:\/\/www.minicrm.hu\/blog\/2023\/01-04\/cegepitok-gazsi-zoltan-eisberg\/#primaryimage"},"thumbnailUrl":"https:\/\/minicrm-wp-hu.s3.amazonaws.com\/uploads\/2023\/01\/hu-cegepitok-blog-gazsi-zoltan-1190x750-1.jpeg","datePublished":"2023-01-04T07:31:46+00:00","dateModified":"2024-08-08T19:30:59+00:00","description":"\u201cC\u00e9gvezet\u0151k\u00e9nt az a feladatod, hogy r\u00e1d ne legyen sz\u00fcks\u00e9g\u201d \u2013 mondja a C\u00e9g\u00e9p\u00edt\u0151k aktu\u00e1lis vend\u00e9ge, Gazsi Zolt\u00e1n, az Eisberg \u00fcgyvezet\u0151je.","breadcrumb":{"@id":"https:\/\/www.minicrm.hu\/blog\/2023\/01-04\/cegepitok-gazsi-zoltan-eisberg\/#breadcrumb"},"inLanguage":"hu","potentialAction":[{"@type":"ReadAction","target":["https:\/\/www.minicrm.hu\/blog\/2023\/01-04\/cegepitok-gazsi-zoltan-eisberg\/"]}]},{"@type":"ImageObject","inLanguage":"hu","@id":"https:\/\/www.minicrm.hu\/blog\/2023\/01-04\/cegepitok-gazsi-zoltan-eisberg\/#primaryimage","url":"https:\/\/minicrm-wp-hu.s3.amazonaws.com\/uploads\/2023\/01\/hu-cegepitok-blog-gazsi-zoltan-1190x750-1.jpeg","contentUrl":"https:\/\/minicrm-wp-hu.s3.amazonaws.com\/uploads\/2023\/01\/hu-cegepitok-blog-gazsi-zoltan-1190x750-1.jpeg","width":1190,"height":750,"caption":"C\u00e9g\u00e9p\u00edt\u0151k - Gazsi Zolt\u00e1n"},{"@type":"BreadcrumbList","@id":"https:\/\/www.minicrm.hu\/blog\/2023\/01-04\/cegepitok-gazsi-zoltan-eisberg\/#breadcrumb","itemListElement":[{"@type":"ListItem","position":1,"name":"Home","item":"https:\/\/www.minicrm.hu\/blog\/"},{"@type":"ListItem","position":2,"name":"Leanr\u0151l \u00e9rthet\u0151en, hogy sp\u00f3rolnak ezzel \u00e9vente t\u00f6bb 10 milli\u00f3t az Eisbergn\u00e9l &#8211; Gazsi Zolt\u00e1n"}]},{"@type":"WebSite","@id":"https:\/\/www.minicrm.hu\/blog\/#website","url":"https:\/\/www.minicrm.hu\/blog\/","name":"MiniCRM Blog","description":"CRM Blog","publisher":{"@id":"https:\/\/www.minicrm.hu\/blog\/#organization"},"potentialAction":[{"@type":"SearchAction","target":{"@type":"EntryPoint","urlTemplate":"https:\/\/www.minicrm.hu\/blog\/?s={search_term_string}"},"query-input":{"@type":"PropertyValueSpecification","valueRequired":true,"valueName":"search_term_string"}}],"inLanguage":"hu"},{"@type":"Organization","@id":"https:\/\/www.minicrm.hu\/blog\/#organization","name":"MiniCRM Blog","url":"https:\/\/www.minicrm.hu\/blog\/","logo":{"@type":"ImageObject","inLanguage":"hu","@id":"https:\/\/www.minicrm.hu\/blog\/#\/schema\/logo\/image\/","url":"https:\/\/minicrm-wp-hu.s3.amazonaws.com\/uploads\/2021\/04\/cropped-MC-logo-Blog-2021_G-Dark.png","contentUrl":"https:\/\/minicrm-wp-hu.s3.amazonaws.com\/uploads\/2021\/04\/cropped-MC-logo-Blog-2021_G-Dark.png","width":91,"height":89,"caption":"MiniCRM Blog"},"image":{"@id":"https:\/\/www.minicrm.hu\/blog\/#\/schema\/logo\/image\/"}},{"@type":"Person","@id":"https:\/\/www.minicrm.hu\/blog\/#\/schema\/person\/f42c3023cd3a47a98325aacebe2f9b0f","name":"\u00c1kos Szelle","image":{"@type":"ImageObject","inLanguage":"hu","@id":"https:\/\/www.minicrm.hu\/blog\/#\/schema\/person\/image\/","url":"https:\/\/secure.gravatar.com\/avatar\/1fbb57b94a6bbc5512792922a0c62637a1cbf53175f9d92f26edd00dbac8a4f6?s=96&r=g","contentUrl":"https:\/\/secure.gravatar.com\/avatar\/1fbb57b94a6bbc5512792922a0c62637a1cbf53175f9d92f26edd00dbac8a4f6?s=96&r=g","caption":"\u00c1kos Szelle"},"url":""}]}},"_links":{"self":[{"href":"https:\/\/www.minicrm.hu\/blog\/wp-json\/wp\/v2\/posts\/18548","targetHints":{"allow":["GET"]}}],"collection":[{"href":"https:\/\/www.minicrm.hu\/blog\/wp-json\/wp\/v2\/posts"}],"about":[{"href":"https:\/\/www.minicrm.hu\/blog\/wp-json\/wp\/v2\/types\/post"}],"author":[{"embeddable":true,"href":"https:\/\/www.minicrm.hu\/blog\/wp-json\/wp\/v2\/users\/75"}],"replies":[{"embeddable":true,"href":"https:\/\/www.minicrm.hu\/blog\/wp-json\/wp\/v2\/comments?post=18548"}],"version-history":[{"count":2,"href":"https:\/\/www.minicrm.hu\/blog\/wp-json\/wp\/v2\/posts\/18548\/revisions"}],"predecessor-version":[{"id":20778,"href":"https:\/\/www.minicrm.hu\/blog\/wp-json\/wp\/v2\/posts\/18548\/revisions\/20778"}],"wp:featuredmedia":[{"embeddable":true,"href":"https:\/\/www.minicrm.hu\/blog\/wp-json\/wp\/v2\/media\/18560"}],"wp:attachment":[{"href":"https:\/\/www.minicrm.hu\/blog\/wp-json\/wp\/v2\/media?parent=18548"}],"wp:term":[{"taxonomy":"category","embeddable":true,"href":"https:\/\/www.minicrm.hu\/blog\/wp-json\/wp\/v2\/categories?post=18548"},{"taxonomy":"post_tag","embeddable":true,"href":"https:\/\/www.minicrm.hu\/blog\/wp-json\/wp\/v2\/tags?post=18548"}],"curies":[{"name":"wp","href":"https:\/\/api.w.org\/{rel}","templated":true}]}}