

{"id":19447,"date":"2023-06-01T11:19:32","date_gmt":"2023-06-01T09:19:32","guid":{"rendered":"https:\/\/www.minicrm.hu\/blog\/?p=19447"},"modified":"2023-06-01T11:19:32","modified_gmt":"2023-06-01T09:19:32","slug":"marketing-terv","status":"publish","type":"post","link":"https:\/\/www.minicrm.hu\/blog\/2023\/06-01\/marketing-terv\/","title":{"rendered":"Mi az a marketing terv, \u00e9s hogyan \u00e1ll\u00edtsd \u00f6ssze a saj\u00e1tod? Mint\u00e1val!"},"content":{"rendered":"<p>Az ember tervez, az isten v\u00e9gez \u2013 tartja az \u0151sr\u00e9gi mond\u00e1s. A c\u00e9g\u00fcnk siker\u00e9t \u00e9s j\u00f6v\u0151j\u00e9t azonban m\u00e9gsem \u00e9rdemes az \u00e9giek kez\u00e9be helyezni. Sokkal jobban j\u00e1runk, ha az ember tervez \u00e9s az ember v\u00e9gez is. Vagyis a v\u00e1llalkoz\u00e1sunk akkor lehet sk\u00e1l\u00e1zhat\u00f3, \u00e9s akkor tudunk j\u00f3 es\u00e9llyel szemben\u00e9zni a kih\u00edv\u00e1sokkal, ha mindenre kiterjed\u0151 tervekkel \u00e9s strat\u00e9gi\u00e1val rendelkez\u00fcnk \u2013 amit k\u00edm\u00e9letlen\u00fcl v\u00e9gre is hajtunk.<\/p>\n<p>Ebben beletartoznak a p\u00e9nz\u00fcgyek, a HR-k\u00e9rd\u00e9sek, a term\u00e9kfejleszt\u00e9s \u00e9s persze a marketing is, hiszen \u00faj \u00fcgyfelek n\u00e9lk\u00fcl aligha sz\u00e1molhatunk f\u00e9nyes j\u00f6v\u0151vel. A marketing terv egy olyan komplex dokumentum, ami mank\u00f3k\u00e9nt vezet minket az \u00fcgyf\u00e9lszerz\u00e9s sor\u00e1n. Cikk\u00fcnkb\u0151l kider\u00fcl, mi\u00e9rt n\u00e9lk\u00fcl\u00f6zhetetlen egy k\u00e9sz marketing terv a c\u00e9g\u00fcnknek, \u00e9s tippeket adunk a dokumentum \u00f6ssze\u00e1ll\u00edt\u00e1s\u00e1hoz is.<\/p>\n<p><!--more--><\/p>\n<h2>A marketing terv fogalma<\/h2>\n<p>Ha nagyon r\u00f6viden akarn\u00e1nk defini\u00e1lni a marketing tervet, akkor azt mondhatn\u00e1nk, hogy egy olyan dokumentum, ami felv\u00e1zolja azt a strat\u00e9gi\u00e1t, amivel a c\u00e9g\u00fcnk el\u00e9rheti a c\u00e9lk\u00f6z\u00f6ns\u00e9g\u00e9t \u00e9s leadeket gener\u00e1lhat. A marketing tervb\u0151l nem maradhat ki, hogy pontosan milyen l\u00e9p\u00e9sekre, feladatokra van sz\u00fcks\u00e9g, \u00e9s azt is egy\u00e9rtelm\u0171en megmondja, hogy mik\u00e9nt fogjuk m\u00e9rni a marketingkamp\u00e1nyaink eredm\u00e9nyess\u00e9g\u00e9t.<\/p>\n<p>A marketing terv fel\u00e9p\u00edt\u00e9se sokf\u00e9le lehet, az al\u00e1bbi h\u00e1rom k\u00e9rd\u00e9st azonban mindenk\u00e9ppen meg kell v\u00e1laszolnia:<\/p>\n<ul>\n<li>Mik a r\u00f6vid \u00e9s hossz\u00fa t\u00e1v\u00fa marketing c\u00e9ljaink?<\/li>\n<li>Ki a c\u00e9lcsoport \u00e9s milyen az ide\u00e1lis buyer persona?<\/li>\n<li>Milyen marketingstrat\u00e9gi\u00e1t \u00e9s taktik\u00e1t haszn\u00e1ln\u00e1nk?<\/li>\n<\/ul>\n<p>Az al\u00e1bbi (k\u00e9pzeletbeli) marketing terv minta nagyon j\u00f3l bemutatja, hogy mir\u0151l is van sz\u00f3:<\/p>\n<div id=\"attachment_19456\" style=\"width: 321px\" class=\"wp-caption aligncenter\"><a href=\"https:\/\/minicrm-wp-hu.s3.amazonaws.com\/uploads\/2023\/06\/marketing-terv00.png\"><img loading=\"lazy\" decoding=\"async\" aria-describedby=\"caption-attachment-19456\" onerror=\"this.src='https:\/\/minicrm-wp-hu.s3.amazonaws.com\/uploads\/2021\/04\/MC_logo_2021_G-Dark.svg'\" class=\"wp-image-19456 size-large\" src=\"https:\/\/minicrm-wp-hu.s3.amazonaws.com\/uploads\/2023\/06\/marketing-terv00-311x402.png\" alt=\"Marketing terv minta\" width=\"311\" height=\"402\" srcset=\"https:\/\/minicrm-wp-hu.s3.amazonaws.com\/uploads\/2023\/06\/marketing-terv00-311x402.png 311w, https:\/\/minicrm-wp-hu.s3.amazonaws.com\/uploads\/2023\/06\/marketing-terv00-232x300.png 232w, https:\/\/minicrm-wp-hu.s3.amazonaws.com\/uploads\/2023\/06\/marketing-terv00.png 665w\" sizes=\"auto, (max-width: 311px) 100vw, 311px\" \/><\/a><p id=\"caption-attachment-19456\" class=\"wp-caption-text\"><a href=\"https:\/\/visme.co\/blog\/wp-content\/uploads\/2020\/05\/One-page-marketing-plan-template-ok.jpg\" target=\"_blank\" rel=\"noopener\">K\u00e9p forr\u00e1sa<\/a><\/p><\/div>\n<p>Az els\u0151 bekezd\u00e9s a marketingc\u00e9lokat tartalmazza. Ebben az esetben p\u00e9ld\u00e1ul azt, hogy a k\u00f6z\u00f6ss\u00e9gi m\u00e9di\u00e1ban az elk\u00f6telez\u0151d\u00e9st dupl\u00e1zzuk meg. A m\u00e1sodik pont az ide\u00e1lis vev\u0151t \u00edrja le, aki 20-30 \u00e9v k\u00f6z\u00f6tti, \u00e9vi legal\u00e1bb 55 000 doll\u00e1ros fizet\u00e9ssel rendelkezik \u00e9s Kaliforni\u00e1ban lakik. Ezut\u00e1n j\u00f6het a strat\u00e9gia le\u00edr\u00e1sa, ami egyebek mellett a term\u00e9k min\u0151s\u00e9g\u00e9nek jav\u00edt\u00e1s\u00e1ra, az \u00e1raz\u00e1sra \u00e9s a prom\u00f3ci\u00f3s csatorn\u00e1kra (influenszerek, social media, \u00fcgyf\u00e9lvisszajelz\u00e9sek) t\u00e9r ki.<\/p>\n<h2>Milyen marketing terv t\u00edpusok l\u00e9teznek?<\/h2>\n<h3>\u00daj term\u00e9k<\/h3>\n<p>Egy \u00faj term\u00e9k vagy szolg\u00e1ltat\u00e1s bevezet\u00e9s\u00e9t mindig komoly marketingtev\u00e9kenys\u00e9g el\u0151zi meg, amit \u00e9rdemes saj\u00e1t tervk\u00e9nt kezelni. T\u00e9rj\u00fcnk ki a bevezet\u00e9s el\u0151tti, k\u00f6zbeni \u00e9s ut\u00e1ni teend\u0151inkre is.<\/p>\n<h3>Social media<\/h3>\n<p>Napjainkban <a href=\"https:\/\/hu.wikipedia.org\/wiki\/K\u00f6z\u00f6ss\u00e9gi_port\u00e1lok_list\u00e1ja\" target=\"_blank\" rel=\"noopener\">az olyan k\u00f6z\u00f6ss\u00e9gi oldalak<\/a>, mint a Facebook, az Instagram vagy a LinkedIn egyszer\u0171en megker\u00fclhetetlenek az \u00e9rt\u00e9kes\u00edt\u00e9sben. A social media marketing terv ennek megfelel\u0151en azt tiszt\u00e1zza, hogy ezeken a fel\u00fcleteken milyen tev\u00e9kenys\u00e9get folytatunk.<\/p>\n<h3>Id\u0151alap\u00fa<\/h3>\n<p>Sok c\u00e9g v\u00e1lasztja azt a megold\u00e1st, hogy \u00e9ves vagy negyed\u00e9ves marketing tervet k\u00e9sz\u00edt, hogy k\u00f6nnyebben reag\u00e1lhasson az esetleges v\u00e1ltoz\u00e1sokra. Egy ilyen terv el\u0151nye, hogy kisebb, jobban k\u00f6vethet\u0151 feladatokra osztja a nagyobb strat\u00e9gi\u00e1t.<\/p>\n<h3>E-mail marketing<\/h3>\n<p>Az e-mail marketing legal\u00e1bb olyan fontos, mint a k\u00f6z\u00f6ss\u00e9gim\u00e9dia-jelenl\u00e9t. Egy\u00e1ltal\u00e1n nem mindegy azonban, hogy ki, mikor \u00e9s milyen hangnemben sz\u00f3l az \u00e9rdekl\u0151d\u0151kh\u00f6z, \u00fcgyfelekhez. Az e-mail marketing tervben ezeket k\u00f6nnyed\u00e9n tiszt\u00e1zhatjuk.<\/p>\n<h3>SEO<\/h3>\n<p>Ha j\u00f3 helyen szeretn\u00e9nk l\u00e1tni<a href=\"https:\/\/ahrefs.com\/blog\/google-keyword-planner\/\" target=\"_blank\" rel=\"noopener\"> a kulcsszavainkat a Google keres\u0151j\u00e9ben<\/a>, mindenk\u00e9pp okos strat\u00e9gi\u00e1ra van sz\u00fcks\u00e9g\u00fcnk. A SEO marketing tervet sokszor k\u00fcls\u0151s c\u00e9ggel egy\u00fcttm\u0171k\u00f6dve \u00e9rdemes elk\u00e9sz\u00edteni, hiszen egy igen szerte\u00e1gaz\u00f3, bonyolult ter\u00fcletr\u0151l van sz\u00f3.<\/p>\n<h3>Bels\u0151<\/h3>\n<p>Egy nagyobb c\u00e9g \u00e9let\u00e9ben a bels\u0151 kommunik\u00e1ci\u00f3 min\u0151s\u00e9ge komoly hat\u00e1ssal van a munkav\u00e1llal\u00f3i lojalit\u00e1sra. A bels\u0151 marketing terv azt a c\u00e9lt szolg\u00e1lja, hogy az alkalmazottak min\u00e9l el\u00e9gedettebbek legyenek \u00e9s min\u00e9l kisebb legyen a fluktu\u00e1ci\u00f3.<\/p>\n<h3>Brand<\/h3>\n<p>Sokszor nem egy konkr\u00e9t term\u00e9ket vagy szolg\u00e1ltat\u00e1st akarunk eladni a marketing seg\u00edts\u00e9g\u00e9vel, hanem mag\u00e1t a c\u00e9get, mint m\u00e1rk\u00e1t szeretn\u00e9nk n\u00e9pszer\u0171s\u00edteni. Ez bizony ezer \u00e9s egy l\u00e9p\u00e9sb\u0151l \u00e1ll, terv n\u00e9lk\u00fcl teh\u00e1t aligha fog menni.<\/p>\n<h2>\u00cdgy k\u00e9sz\u00edtsd el a c\u00e9ged marketing terv\u00e9t<\/h2>\n<h3>Vezet\u0151i \u00f6sszefoglal\u00f3<\/h3>\n<p>B\u00e1rmilyen tetsz\u0151leges marketing strat\u00e9gia mint\u00e1t is n\u00e9z\u00fcnk, eg\u00e9szen biztosan a vezet\u0151i \u00f6sszefoglal\u00f3val kezd\u0151dik. Ez a r\u00f6vid, vel\u0151s bevezet\u0151 nagy vonalakban felv\u00e1zolja a c\u00e9lpiacot, a konkurenci\u00e1t, a term\u00e9ket vagy szolg\u00e1ltat\u00e1st, a marketing terv c\u00e9ljait \u00e9s az elv\u00e9gzend\u0151 feladatokat. Ha valaki gyorsan szeretne k\u00e9pbe ker\u00fclni a terv\u00fcnkkel kapcsolatban, a bevezet\u0151b\u0151l k\u00f6nnyed\u00e9n megteheti.<\/p>\n<h3>Piackutat\u00e1s<\/h3>\n<p>A marketing terv\u00fcnk falra h\u00e1nyt bors\u00f3, ha nincs \u00f6sszhangban a piacunk jellegzetess\u00e9geivel. Miel\u0151tt teh\u00e1t egyetlen sz\u00f3t is le\u00edrn\u00e1nk, alapos piackutat\u00e1st kell v\u00e9gezn\u00fcnk p\u00e9ld\u00e1ul a <a href=\"https:\/\/en.wikipedia.org\/wiki\/PEST_analysis\" target=\"_blank\" rel=\"noopener\">PEST<\/a> vagy <a href=\"https:\/\/www.mindtools.com\/amtbj63\/swot-analysis\" target=\"_blank\" rel=\"noopener\">SWOT<\/a> elemz\u00e9si m\u00f3dszerekkel. F\u0151leg azokra a k\u00e9rd\u00e9sekre kell v\u00e1lasszal rendelkezn\u00fcnk, hogy milyen a gazdas\u00e1gi \u00e9s t\u00e1rsadalmi k\u00f6rnyezet, illetve milyen technol\u00f3giai \u00e9s ipari trendek domin\u00e1lnak \u00e9ppen.<\/p>\n<h3>C\u00e9lcsoport meghat\u00e1roz\u00e1sa<\/h3>\n<p>M\u00e9g a vil\u00e1g marketingzsenijeinek sem siker\u00fclt el\u00e9rnie soha, hogy mind a nyolcmilli\u00e1rd ember meg akarja v\u00e1s\u00e1rolni a term\u00e9k\u00fcket. Meg kell teh\u00e1t hat\u00e1roznunk, hogy pontosan kiknek szeretn\u00e9nk eladni. Milyen demogr\u00e1fiai jellemz\u0151kkel (kor, nem, lak\u00f3hely) b\u00edrnak, mik a preferenci\u00e1ik \u00e9s milyen szem\u00e9lyis\u00e9gjegyekkel rendelkeznek? Azt is tudnunk kell, hogy mik\u00e9nt viselkednek v\u00e1s\u00e1rl\u00f3k\u00e9nt \u00e9s mennyire tekinthet\u0151k m\u00e1rkah\u0171nek.<\/p>\n<p><img loading=\"lazy\" decoding=\"async\" onerror=\"this.src='https:\/\/minicrm-wp-hu.s3.amazonaws.com\/uploads\/2021\/04\/MC_logo_2021_G-Dark.svg'\" class=\"aligncenter wp-image-19462 size-large\" src=\"https:\/\/minicrm-wp-hu.s3.amazonaws.com\/uploads\/2023\/06\/marketing-terv02-612x402.jpeg\" alt=\"Marketing terv\" width=\"612\" height=\"402\" srcset=\"https:\/\/minicrm-wp-hu.s3.amazonaws.com\/uploads\/2023\/06\/marketing-terv02-612x402.jpeg 612w, https:\/\/minicrm-wp-hu.s3.amazonaws.com\/uploads\/2023\/06\/marketing-terv02-300x197.jpeg 300w, https:\/\/minicrm-wp-hu.s3.amazonaws.com\/uploads\/2023\/06\/marketing-terv02-768x504.jpeg 768w, https:\/\/minicrm-wp-hu.s3.amazonaws.com\/uploads\/2023\/06\/marketing-terv02-1200x788.jpeg 1200w, https:\/\/minicrm-wp-hu.s3.amazonaws.com\/uploads\/2023\/06\/marketing-terv02.jpeg 1500w\" sizes=\"auto, (max-width: 612px) 100vw, 612px\" \/><\/p>\n<h3>Konkurenciaelemz\u00e9s<\/h3>\n<p>A c\u00e9lk\u00f6z\u00f6ns\u00e9g az \u00e9rem egyik oldala, a m\u00e1sikon pedig ott van a konkurencia, akik ugyanezekre az emberekre p\u00e1ly\u00e1znak. A marketing terv\u00fcnkben teh\u00e1t azt is tiszt\u00e1znunk kell, hogy mik\u00e9nt kereked\u00fcnk a vet\u00e9lyt\u00e1rsak f\u00f6l\u00e9. Vizsg\u00e1ljuk meg, hogy \u0151k milyen er\u0151ss\u00e9gekkel \u00e9s gyenges\u00e9gekkel b\u00edrnak, \u00e9s milyen marketingm\u00f3dszereket haszn\u00e1lnak a v\u00e1s\u00e1rl\u00f3szerz\u00e9shez.<\/p>\n<h3>C\u00e9lok \u00e9s m\u00e9r\u0151sz\u00e1mok<\/h3>\n<p>A marketing nem l\u2019art pour l\u2019art tev\u00e9kenys\u00e9g: meghat\u00e1rozott c\u00e9ljai vannak. Igen \u00e1m, de pontosan mik is ezek a c\u00e9lok? Mit szeretn\u00e9nk el\u00e9rni a tev\u00e9kenys\u00e9g\u00fcnkkel, \u00e9s hogyan illik ez a marketingtervbe? A c\u00e9lok \u00f6nmagukban persze csak \u00e1lmok \u00e9s v\u00e1gyak. Azt is tudnunk kell menet k\u00f6zben, hogy el\u00e9rj\u00fck-e \u0151ket vagy sem. Ehhez pedig m\u00e9r\u0151sz\u00e1mokat kell meghat\u00e1roznunk, ami lehet bev\u00e9teln\u00f6veked\u00e9s, esetleg adott sz\u00e1m\u00fa \u00faj lead vagy \u00fcgyf\u00e9l.<\/p>\n<h3>A l\u00e9p\u00e9sek meghat\u00e1roz\u00e1sa<\/h3>\n<p>Sok szempontb\u00f3l a marketingterv legfontosabb r\u00e9sze. Minden eddigi szempontot figyelembe v\u00e9ve cselekv\u00e9si list\u00e1t \u00e1ll\u00edtunk \u00f6ssze. Mikor milyen csatorn\u00e1kat haszn\u00e1lunk, milyen kamp\u00e1nyokat futtatunk \u00e9s milyen m\u00f3don pr\u00f3b\u00e1lunk \u00fcgyfeleket szerezni? Azt is hat\u00e1rozzuk meg ezen a ponton, hogy milyen \u00e1raz\u00e1ssal fogjuk \u00e9rt\u00e9kes\u00edteni a term\u00e9k\u00fcnket \/ szolg\u00e1ltat\u00e1sunkat. Olyan \u00e1rra t\u00f6rekedj\u00fcnk, ami \u00f6sszhangban van a c\u00e9lk\u00f6z\u00f6ns\u00e9g fizet\u0151k\u00e9pess\u00e9g\u00e9vel.<\/p>\n<h3>K\u00f6lts\u00e9gvet\u00e9s<\/h3>\n<p>A Facebook- vagy Google-hirdet\u00e9sek, a SEO, a PR-cikkek vagy \u00e9ppen a bannerek nincsenek ingyen, s\u0151t. Ez\u00e9rt \u00f6ssze kell \u00e1ll\u00edtanunk egy b\u00fcdzs\u00e9t, amiben le\u00edrjuk, hogy egyes strat\u00e9giai l\u00e9p\u00e9sekre \u00e9s projektekre mekkora \u00f6sszeget sz\u00e1nunk. Sz\u00e1moljuk ki a megt\u00e9r\u00fcl\u00e9st is (ROI) \u00e9s persze azt is, hogy mi t\u00f6rt\u00e9nik p\u00e9nz\u00fcgyi szempontb\u00f3l, ha m\u00e9gsem val\u00f3sul meg a marketing terv\u00fcnk.<\/p>\n<h3>Nyomon k\u00f6vet\u00e9s<\/h3>\n<p>A terv\u00fcnk alighanem hossz\u00fa h\u00f3napokra, ha nem \u00e9vekre sz\u00f3l. Ebben az id\u0151ben folyamatosan monitoroznunk kell, hogy a c\u00e9lunk fel\u00e9 haladunk-e, vagy \u00e9ppen ellenkez\u0151leg. Id\u0151r\u0151l id\u0151re teh\u00e1t sz\u00e1njunk id\u0151t arra, hogy megn\u00e9zz\u00fck a m\u00e9r\u0151sz\u00e1mainkat \u00e9s kritikus szemmel megvizsg\u00e1ljuk a marketing terv\u00fcnket.<\/p>\n<h3>Optimaliz\u00e1l\u00e1s<\/h3>\n<p>Ha pedig azt l\u00e1tjuk, hogy a terv\u00fcnk valami miatt nem hozza a v\u00e1rt eredm\u00e9nyeket, ne legy\u00fcnk restek m\u00f3dos\u00edtani rajta. A marketing strat\u00e9gia nincs k\u0151be v\u00e9sve, r\u00e1ad\u00e1sul olyan korban \u00e9l\u00fcnk, amikor vill\u00e1mgyorsan v\u00e1ltoznak a k\u00f6r\u00fclm\u00e9nyek. Mindenk\u00e9pp gondoljuk \u00fajra a terv\u00fcnket valamilyen nagyobb esem\u00e9ny ut\u00e1n \u2013 t\u00f6rt\u00e9njen az b\u00e1r a vil\u00e1gban vagy a c\u00e9g\u00fcnk\u00f6n bel\u00fcl.<\/p>\n<h2>Milyen egy j\u00f3l meg\u00edrt marketing terv?<\/h2>\n<h3>Hiteles<\/h3>\n<p>Mit sem \u00e9rnek a terveink, ha az azokban szerepl\u0151 sz\u00e1mok l\u00e9gb\u0151l kapottak vagy ha olyan \u00e1lmokat kerget\u00fcnk, melyek nyilv\u00e1nval\u00f3an el\u00e9rhetetlenek. K\u00f6nny\u0171 k\u00eds\u00e9rt\u00e9sbe esni a tervez\u00e9sn\u00e9l \u00e9s nagyot mondani, de ne feledj\u00fck, hogy a marketing strat\u00e9gi\u00e1nk meghat\u00e1rozza a c\u00e9g j\u00f6v\u0151j\u00e9t. \u0150szintes\u00e9gre van teh\u00e1t sz\u00fcks\u00e9g\u00fcnk, f\u0151leg, ha a marketing terv\u00fcnket esetleg partnereknek vagy befektet\u0151knek is megmutatn\u00e1nk.<\/p>\n<h3>Logikus<\/h3>\n<p>Egy kaotikus marketing terv kaotikus v\u00e9grehajt\u00e1shoz vezet majd. Ha a l\u00e9p\u00e9sek nem k\u00f6vetkeznek logikusan egym\u00e1sb\u00f3l vagy \u00e9pp ellent is mondanak egym\u00e1snak, a koll\u00e9g\u00e1k aligha tudj\u00e1k majd, hogy merre induljanak a megval\u00f3s\u00edt\u00e1sban. Ak\u00e1rcsak minden hosszabb dokumentumot, ezt is \u00e9rdemes fejezetekre bontani \u00e9s c\u00edmsorokkal tagolni.<\/p>\n<h3>Ig\u00e9nyes<\/h3>\n<p>Senki nem forgat sz\u00edvesen egy olyan irom\u00e1nyt, amit comic sans bet\u0171t\u00edpussal \u00edrtak, vagy \u00e9ppen nincs megfelel\u0151en felosztva. A marketing terv persze nem egy sz\u00ednes-szagos prospektus, de minim\u00e1lis \u00e9s ig\u00e9nyes diz\u00e1jnra mindenk\u00e9pp sz\u00fcks\u00e9g van. Ak\u00e1r k\u00e9peket, t\u00e1bl\u00e1zatokat is haszn\u00e1lhatunk, hogy biztosan mindenki \u00e9rtse az adott pontokat.<\/p>\n<h3>Hozz\u00e1f\u00e9rhet\u0151<\/h3>\n<p>A marketing terv egy \u00e9l\u0151-l\u00e9legz\u0151 doksi, amit folyamatosan haszn\u00e1l majd sz\u00e1mtalan koll\u00e9ga. Persze csak akkor, ha b\u00e1rhol, b\u00e1rmikor hozz\u00e1f\u00e9rhet. A marketing terv lehet pdf, word vagy ppt is, a l\u00e9nyeg azonban az, hogy felh\u0151ben vagy b\u00e1rki \u00e1ltal el\u00e9rhet\u0151 szerveren t\u00e1roljuk (persze kiosztva a megfelel\u0151 jogosults\u00e1gokat).<\/p>\n<h2>Az ember tervez, a MiniCRM v\u00e9gez<\/h2>\n<h3>Feladat- \u00e9s hat\u00e1rid\u0151kezel\u00e9s<\/h3>\n<p>A marketing terv megval\u00f3s\u00edt\u00e1s\u00e1ban tal\u00e1n az a legnagyobb kih\u00edv\u00e1s, hogy mindig tudjuk, kinek mikor milyen teend\u0151je van. A MiniCRM-mel azonban ez nem jelent gondot. A Trello-hoz hasonl\u00f3 feladatkezel\u0151ben ak\u00e1r h\u00f3napokra, \u00e9vekre el\u0151re kioszthatjuk a feladatokat, m\u00e9ghozz\u00e1 konkr\u00e9t felel\u0151ssel \u00e9s hat\u00e1rid\u0151vel. A szoftver r\u00e1ad\u00e1sul automatikus \u00e9rtes\u00edt\u0151t k\u00fcld az illet\u00e9kes koll\u00e9g\u00e1nak, amikor egy teend\u0151 id\u0151szer\u0171v\u00e9 v\u00e1lik.<\/p>\n<h3>Automatiz\u00e1ci\u00f3<\/h3>\n<p>Ha pedig m\u00e1r az automata megold\u00e1sokn\u00e1l tartunk: a MiniCRM sz\u00e1mos unalmas, ism\u00e9tl\u0151d\u0151 feladatot k\u00e9pes \u00f6n\u00e1ll\u00f3an elv\u00e9gezni. P\u00e9ld\u00e1ul automat\u00e1n kik\u00fcldi az \u00e9rdekl\u0151d\u0151knek a visszaigazol\u00f3 e-mailt vagy az \u00e1raj\u00e1nlatot. A webshopodon pedig elhelyezhetsz egy \u0171rlapot: ha egy lead kit\u00f6lti, az adatok automatikusan a MiniCRM-be ker\u00fclnek. \u00c9s ott is maradnak, hiszen ak\u00e1r t\u00f6bb t\u00edzezer \u00fcgyf\u00e9l vagy \u00e9rdekl\u0151d\u0151 adatait is kezelheted a rendszerben teljesen \u00e1tl\u00e1that\u00f3an.<\/p>\n<h3><img loading=\"lazy\" decoding=\"async\" onerror=\"this.src='https:\/\/minicrm-wp-hu.s3.amazonaws.com\/uploads\/2021\/04\/MC_logo_2021_G-Dark.svg'\" class=\"aligncenter wp-image-19468 size-large\" src=\"https:\/\/minicrm-wp-hu.s3.amazonaws.com\/uploads\/2023\/06\/marketing-hero-img-625x402.png\" alt=\"MiniCRM marketing terv\" width=\"625\" height=\"402\" srcset=\"https:\/\/minicrm-wp-hu.s3.amazonaws.com\/uploads\/2023\/06\/marketing-hero-img-625x402.png 625w, https:\/\/minicrm-wp-hu.s3.amazonaws.com\/uploads\/2023\/06\/marketing-hero-img-300x193.png 300w, https:\/\/minicrm-wp-hu.s3.amazonaws.com\/uploads\/2023\/06\/marketing-hero-img.png 636w\" sizes=\"auto, (max-width: 625px) 100vw, 625px\" \/><\/h3>\n<h3>Riportok<\/h3>\n<p>Ahogy eml\u00edtett\u00fck, a marketing terv meg\u00edr\u00e1sa ut\u00e1n kulcsfontoss\u00e1g\u00fa, hogy nyomon k\u00f6vess\u00fck az eredm\u00e9nyeket, m\u00e9ghozz\u00e1 adatok alapj\u00e1n. Nos, a MiniCRM okos riportjaival mindig l\u00e1tni fogod, hogy melyik kamp\u00e1ny hogyan teljes\u00edtett, milyen forr\u00e1sb\u00f3l \u00e9rkeznek a legjobb leadek, \u00e9s kikb\u0151l lesz a legmagasabb ar\u00e1nyban \u00fcgyf\u00e9l. Annak sincs akad\u00e1lya, hogy a CRM-rendszert \u00f6sszek\u00f6sd a webshopoddal, vagy ak\u00e1r a Facebook- \u00e9s Google-fi\u00f3koddal.<\/p>\n<p><strong>M\u00e1r k\u00e9sz a marketing terved, de hi\u00e1nyzik a szoftver, ami \u00f6sszefogja a sz\u00e1lakat? <a href=\"https:\/\/www.minicrm.hu\/signup\/try\/?utm_source=blog&amp;utm_medium=web&amp;utm_campaign=direct&amp;utm_content=blog-marketing-kamp%C3%A1ny-230601\">Pr\u00f3b\u00e1ld ki a MiniCRM-et ingyen<\/a>, \u00e9s gy\u0151z\u0151dj meg a saj\u00e1t szemeddel a k\u00e9pess\u00e9geir\u0151l!<\/strong><\/p>\n","protected":false},"excerpt":{"rendered":"<p>Az ember tervez, az isten v\u00e9gez \u2013 tartja az \u0151sr\u00e9gi mond\u00e1s. A c\u00e9g\u00fcnk siker\u00e9t \u00e9s j\u00f6v\u0151j\u00e9t azonban m\u00e9gsem \u00e9rdemes az \u00e9giek kez\u00e9be helyezni. Sokkal jobban j\u00e1runk, ha az ember tervez \u00e9s az ember v\u00e9gez is. Vagyis a v\u00e1llalkoz\u00e1sunk akkor lehet sk\u00e1l\u00e1zhat\u00f3, \u00e9s akkor tudunk j\u00f3 es\u00e9llyel szemben\u00e9zni a kih\u00edv\u00e1sokkal, ha mindenre kiterjed\u0151 tervekkel \u00e9s strat\u00e9gi\u00e1val [&hellip;]<\/p>\n","protected":false},"author":75,"featured_media":19465,"comment_status":"closed","ping_status":"closed","sticky":false,"template":"","format":"standard","meta":{"inline_featured_image":false,"footnotes":""},"categories":[174],"tags":[389,249,441,410],"class_list":["post-19447","post","type-post","status-publish","format-standard","has-post-thumbnail","hentry","category-marketing","tag-adatok-kezelese-a-minicrm-ben","tag-automatizmus","tag-ertekesites","tag-marketing-2"],"yoast_head":"<!-- This site is optimized with the Yoast SEO plugin v27.1.1 - https:\/\/yoast.com\/product\/yoast-seo-wordpress\/ -->\n<title>Mi az a marketing terv, \u00e9s hogyan \u00e1ll\u00edtsd \u00f6ssze a saj\u00e1tod? Mint\u00e1val!<\/title>\n<meta name=\"description\" content=\"Egy j\u00f3l meg\u00edrt marketing terv mank\u00f3k\u00e9nt vezeti a kez\u00fcnket az \u00e9rt\u00e9kes\u00edt\u00e9sben. Tudd meg milyen egy j\u00f3 marketing terv - mint\u00e1kkal!\" \/>\n<meta name=\"robots\" content=\"index, follow, max-snippet:-1, max-image-preview:large, max-video-preview:-1\" \/>\n<link rel=\"canonical\" href=\"https:\/\/www.minicrm.hu\/blog\/2023\/06-01\/marketing-terv\/\" \/>\n<meta property=\"og:locale\" content=\"hu_HU\" \/>\n<meta property=\"og:type\" content=\"article\" \/>\n<meta property=\"og:title\" content=\"Mi az a marketing terv, \u00e9s hogyan \u00e1ll\u00edtsd \u00f6ssze a saj\u00e1tod? Mint\u00e1val!\" \/>\n<meta property=\"og:description\" content=\"Egy j\u00f3l meg\u00edrt marketing terv mank\u00f3k\u00e9nt vezeti a kez\u00fcnket az \u00e9rt\u00e9kes\u00edt\u00e9sben. Tudd meg milyen egy j\u00f3 marketing terv - mint\u00e1kkal!\" \/>\n<meta property=\"og:url\" content=\"https:\/\/www.minicrm.hu\/blog\/2023\/06-01\/marketing-terv\/\" \/>\n<meta property=\"og:site_name\" content=\"MiniCRM Blog\" \/>\n<meta property=\"article:published_time\" content=\"2023-06-01T09:19:32+00:00\" \/>\n<meta property=\"og:image\" content=\"https:\/\/minicrm-wp-hu.s3.amazonaws.com\/uploads\/2023\/06\/marketing-terv01.jpeg\" \/>\n\t<meta property=\"og:image:width\" content=\"1500\" \/>\n\t<meta property=\"og:image:height\" content=\"1001\" \/>\n\t<meta property=\"og:image:type\" content=\"image\/jpeg\" \/>\n<meta name=\"author\" content=\"\u00c1kos Szelle\" \/>\n<meta name=\"twitter:label1\" content=\"Szerz\u0151:\" \/>\n\t<meta name=\"twitter:data1\" content=\"MiniCRM\" \/>\n\t<meta name=\"twitter:label2\" content=\"Becs\u00fclt olvas\u00e1si id\u0151\" \/>\n\t<meta name=\"twitter:data2\" content=\"8 perc\" \/>\n<script type=\"application\/ld+json\" class=\"yoast-schema-graph\">{\"@context\":\"https:\/\/schema.org\",\"@graph\":[{\"@type\":\"Article\",\"@id\":\"https:\/\/www.minicrm.hu\/blog\/2023\/06-01\/marketing-terv\/#article\",\"isPartOf\":{\"@id\":\"https:\/\/www.minicrm.hu\/blog\/2023\/06-01\/marketing-terv\/\"},\"author\":{\"name\":\"\u00c1kos Szelle\",\"@id\":\"https:\/\/www.minicrm.hu\/blog\/#\/schema\/person\/f42c3023cd3a47a98325aacebe2f9b0f\"},\"headline\":\"Mi az a marketing terv, \u00e9s hogyan \u00e1ll\u00edtsd \u00f6ssze a saj\u00e1tod? Mint\u00e1val!\",\"datePublished\":\"2023-06-01T09:19:32+00:00\",\"mainEntityOfPage\":{\"@id\":\"https:\/\/www.minicrm.hu\/blog\/2023\/06-01\/marketing-terv\/\"},\"wordCount\":2146,\"publisher\":{\"@id\":\"https:\/\/www.minicrm.hu\/blog\/#organization\"},\"image\":{\"@id\":\"https:\/\/www.minicrm.hu\/blog\/2023\/06-01\/marketing-terv\/#primaryimage\"},\"thumbnailUrl\":\"https:\/\/minicrm-wp-hu.s3.amazonaws.com\/uploads\/2023\/06\/marketing-terv01.jpeg\",\"keywords\":[\"Adatok kezel\u00e9se a MiniCRM-ben\",\"Automatizmus\",\"\u00e9rt\u00e9kes\u00edt\u00e9s\",\"marketing\"],\"articleSection\":[\"Marketing\"],\"inLanguage\":\"hu\"},{\"@type\":\"WebPage\",\"@id\":\"https:\/\/www.minicrm.hu\/blog\/2023\/06-01\/marketing-terv\/\",\"url\":\"https:\/\/www.minicrm.hu\/blog\/2023\/06-01\/marketing-terv\/\",\"name\":\"Mi az a marketing terv, \u00e9s hogyan \u00e1ll\u00edtsd \u00f6ssze a saj\u00e1tod? Mint\u00e1val!\",\"isPartOf\":{\"@id\":\"https:\/\/www.minicrm.hu\/blog\/#website\"},\"primaryImageOfPage\":{\"@id\":\"https:\/\/www.minicrm.hu\/blog\/2023\/06-01\/marketing-terv\/#primaryimage\"},\"image\":{\"@id\":\"https:\/\/www.minicrm.hu\/blog\/2023\/06-01\/marketing-terv\/#primaryimage\"},\"thumbnailUrl\":\"https:\/\/minicrm-wp-hu.s3.amazonaws.com\/uploads\/2023\/06\/marketing-terv01.jpeg\",\"datePublished\":\"2023-06-01T09:19:32+00:00\",\"description\":\"Egy j\u00f3l meg\u00edrt marketing terv mank\u00f3k\u00e9nt vezeti a kez\u00fcnket az \u00e9rt\u00e9kes\u00edt\u00e9sben. Tudd meg milyen egy j\u00f3 marketing terv - mint\u00e1kkal!\",\"breadcrumb\":{\"@id\":\"https:\/\/www.minicrm.hu\/blog\/2023\/06-01\/marketing-terv\/#breadcrumb\"},\"inLanguage\":\"hu\",\"potentialAction\":[{\"@type\":\"ReadAction\",\"target\":[\"https:\/\/www.minicrm.hu\/blog\/2023\/06-01\/marketing-terv\/\"]}]},{\"@type\":\"ImageObject\",\"inLanguage\":\"hu\",\"@id\":\"https:\/\/www.minicrm.hu\/blog\/2023\/06-01\/marketing-terv\/#primaryimage\",\"url\":\"https:\/\/minicrm-wp-hu.s3.amazonaws.com\/uploads\/2023\/06\/marketing-terv01.jpeg\",\"contentUrl\":\"https:\/\/minicrm-wp-hu.s3.amazonaws.com\/uploads\/2023\/06\/marketing-terv01.jpeg\",\"width\":1500,\"height\":1001},{\"@type\":\"BreadcrumbList\",\"@id\":\"https:\/\/www.minicrm.hu\/blog\/2023\/06-01\/marketing-terv\/#breadcrumb\",\"itemListElement\":[{\"@type\":\"ListItem\",\"position\":1,\"name\":\"Home\",\"item\":\"https:\/\/www.minicrm.hu\/blog\/\"},{\"@type\":\"ListItem\",\"position\":2,\"name\":\"Mi az a marketing terv, \u00e9s hogyan \u00e1ll\u00edtsd \u00f6ssze a saj\u00e1tod? Mint\u00e1val!\"}]},{\"@type\":\"WebSite\",\"@id\":\"https:\/\/www.minicrm.hu\/blog\/#website\",\"url\":\"https:\/\/www.minicrm.hu\/blog\/\",\"name\":\"MiniCRM Blog\",\"description\":\"CRM Blog\",\"publisher\":{\"@id\":\"https:\/\/www.minicrm.hu\/blog\/#organization\"},\"potentialAction\":[{\"@type\":\"SearchAction\",\"target\":{\"@type\":\"EntryPoint\",\"urlTemplate\":\"https:\/\/www.minicrm.hu\/blog\/?s={search_term_string}\"},\"query-input\":{\"@type\":\"PropertyValueSpecification\",\"valueRequired\":true,\"valueName\":\"search_term_string\"}}],\"inLanguage\":\"hu\"},{\"@type\":\"Organization\",\"@id\":\"https:\/\/www.minicrm.hu\/blog\/#organization\",\"name\":\"MiniCRM Blog\",\"url\":\"https:\/\/www.minicrm.hu\/blog\/\",\"logo\":{\"@type\":\"ImageObject\",\"inLanguage\":\"hu\",\"@id\":\"https:\/\/www.minicrm.hu\/blog\/#\/schema\/logo\/image\/\",\"url\":\"https:\/\/minicrm-wp-hu.s3.amazonaws.com\/uploads\/2021\/04\/cropped-MC-logo-Blog-2021_G-Dark.png\",\"contentUrl\":\"https:\/\/minicrm-wp-hu.s3.amazonaws.com\/uploads\/2021\/04\/cropped-MC-logo-Blog-2021_G-Dark.png\",\"width\":91,\"height\":89,\"caption\":\"MiniCRM Blog\"},\"image\":{\"@id\":\"https:\/\/www.minicrm.hu\/blog\/#\/schema\/logo\/image\/\"}},{\"@type\":\"Person\",\"@id\":\"https:\/\/www.minicrm.hu\/blog\/#\/schema\/person\/f42c3023cd3a47a98325aacebe2f9b0f\",\"name\":\"\u00c1kos Szelle\",\"image\":{\"@type\":\"ImageObject\",\"inLanguage\":\"hu\",\"@id\":\"https:\/\/www.minicrm.hu\/blog\/#\/schema\/person\/image\/\",\"url\":\"https:\/\/secure.gravatar.com\/avatar\/1fbb57b94a6bbc5512792922a0c62637a1cbf53175f9d92f26edd00dbac8a4f6?s=96&r=g\",\"contentUrl\":\"https:\/\/secure.gravatar.com\/avatar\/1fbb57b94a6bbc5512792922a0c62637a1cbf53175f9d92f26edd00dbac8a4f6?s=96&r=g\",\"caption\":\"\u00c1kos Szelle\"},\"url\":\"\"}]}<\/script>\n<!-- \/ Yoast SEO plugin. -->","yoast_head_json":{"title":"Mi az a marketing terv, \u00e9s hogyan \u00e1ll\u00edtsd \u00f6ssze a saj\u00e1tod? Mint\u00e1val!","description":"Egy j\u00f3l meg\u00edrt marketing terv mank\u00f3k\u00e9nt vezeti a kez\u00fcnket az \u00e9rt\u00e9kes\u00edt\u00e9sben. Tudd meg milyen egy j\u00f3 marketing terv - mint\u00e1kkal!","robots":{"index":"index","follow":"follow","max-snippet":"max-snippet:-1","max-image-preview":"max-image-preview:large","max-video-preview":"max-video-preview:-1"},"canonical":"https:\/\/www.minicrm.hu\/blog\/2023\/06-01\/marketing-terv\/","og_locale":"hu_HU","og_type":"article","og_title":"Mi az a marketing terv, \u00e9s hogyan \u00e1ll\u00edtsd \u00f6ssze a saj\u00e1tod? Mint\u00e1val!","og_description":"Egy j\u00f3l meg\u00edrt marketing terv mank\u00f3k\u00e9nt vezeti a kez\u00fcnket az \u00e9rt\u00e9kes\u00edt\u00e9sben. Tudd meg milyen egy j\u00f3 marketing terv - mint\u00e1kkal!","og_url":"https:\/\/www.minicrm.hu\/blog\/2023\/06-01\/marketing-terv\/","og_site_name":"MiniCRM Blog","article_published_time":"2023-06-01T09:19:32+00:00","og_image":[{"width":1500,"height":1001,"url":"https:\/\/minicrm-wp-hu.s3.amazonaws.com\/uploads\/2023\/06\/marketing-terv01.jpeg","type":"image\/jpeg"}],"author":"\u00c1kos Szelle","twitter_misc":{"Szerz\u0151:":"MiniCRM","Becs\u00fclt olvas\u00e1si id\u0151":"8 perc"},"schema":{"@context":"https:\/\/schema.org","@graph":[{"@type":"Article","@id":"https:\/\/www.minicrm.hu\/blog\/2023\/06-01\/marketing-terv\/#article","isPartOf":{"@id":"https:\/\/www.minicrm.hu\/blog\/2023\/06-01\/marketing-terv\/"},"author":{"name":"\u00c1kos Szelle","@id":"https:\/\/www.minicrm.hu\/blog\/#\/schema\/person\/f42c3023cd3a47a98325aacebe2f9b0f"},"headline":"Mi az a marketing terv, \u00e9s hogyan \u00e1ll\u00edtsd \u00f6ssze a saj\u00e1tod? Mint\u00e1val!","datePublished":"2023-06-01T09:19:32+00:00","mainEntityOfPage":{"@id":"https:\/\/www.minicrm.hu\/blog\/2023\/06-01\/marketing-terv\/"},"wordCount":2146,"publisher":{"@id":"https:\/\/www.minicrm.hu\/blog\/#organization"},"image":{"@id":"https:\/\/www.minicrm.hu\/blog\/2023\/06-01\/marketing-terv\/#primaryimage"},"thumbnailUrl":"https:\/\/minicrm-wp-hu.s3.amazonaws.com\/uploads\/2023\/06\/marketing-terv01.jpeg","keywords":["Adatok kezel\u00e9se a MiniCRM-ben","Automatizmus","\u00e9rt\u00e9kes\u00edt\u00e9s","marketing"],"articleSection":["Marketing"],"inLanguage":"hu"},{"@type":"WebPage","@id":"https:\/\/www.minicrm.hu\/blog\/2023\/06-01\/marketing-terv\/","url":"https:\/\/www.minicrm.hu\/blog\/2023\/06-01\/marketing-terv\/","name":"Mi az a marketing terv, \u00e9s hogyan \u00e1ll\u00edtsd \u00f6ssze a saj\u00e1tod? Mint\u00e1val!","isPartOf":{"@id":"https:\/\/www.minicrm.hu\/blog\/#website"},"primaryImageOfPage":{"@id":"https:\/\/www.minicrm.hu\/blog\/2023\/06-01\/marketing-terv\/#primaryimage"},"image":{"@id":"https:\/\/www.minicrm.hu\/blog\/2023\/06-01\/marketing-terv\/#primaryimage"},"thumbnailUrl":"https:\/\/minicrm-wp-hu.s3.amazonaws.com\/uploads\/2023\/06\/marketing-terv01.jpeg","datePublished":"2023-06-01T09:19:32+00:00","description":"Egy j\u00f3l meg\u00edrt marketing terv mank\u00f3k\u00e9nt vezeti a kez\u00fcnket az \u00e9rt\u00e9kes\u00edt\u00e9sben. Tudd meg milyen egy j\u00f3 marketing terv - mint\u00e1kkal!","breadcrumb":{"@id":"https:\/\/www.minicrm.hu\/blog\/2023\/06-01\/marketing-terv\/#breadcrumb"},"inLanguage":"hu","potentialAction":[{"@type":"ReadAction","target":["https:\/\/www.minicrm.hu\/blog\/2023\/06-01\/marketing-terv\/"]}]},{"@type":"ImageObject","inLanguage":"hu","@id":"https:\/\/www.minicrm.hu\/blog\/2023\/06-01\/marketing-terv\/#primaryimage","url":"https:\/\/minicrm-wp-hu.s3.amazonaws.com\/uploads\/2023\/06\/marketing-terv01.jpeg","contentUrl":"https:\/\/minicrm-wp-hu.s3.amazonaws.com\/uploads\/2023\/06\/marketing-terv01.jpeg","width":1500,"height":1001},{"@type":"BreadcrumbList","@id":"https:\/\/www.minicrm.hu\/blog\/2023\/06-01\/marketing-terv\/#breadcrumb","itemListElement":[{"@type":"ListItem","position":1,"name":"Home","item":"https:\/\/www.minicrm.hu\/blog\/"},{"@type":"ListItem","position":2,"name":"Mi az a marketing terv, \u00e9s hogyan \u00e1ll\u00edtsd \u00f6ssze a saj\u00e1tod? Mint\u00e1val!"}]},{"@type":"WebSite","@id":"https:\/\/www.minicrm.hu\/blog\/#website","url":"https:\/\/www.minicrm.hu\/blog\/","name":"MiniCRM Blog","description":"CRM Blog","publisher":{"@id":"https:\/\/www.minicrm.hu\/blog\/#organization"},"potentialAction":[{"@type":"SearchAction","target":{"@type":"EntryPoint","urlTemplate":"https:\/\/www.minicrm.hu\/blog\/?s={search_term_string}"},"query-input":{"@type":"PropertyValueSpecification","valueRequired":true,"valueName":"search_term_string"}}],"inLanguage":"hu"},{"@type":"Organization","@id":"https:\/\/www.minicrm.hu\/blog\/#organization","name":"MiniCRM Blog","url":"https:\/\/www.minicrm.hu\/blog\/","logo":{"@type":"ImageObject","inLanguage":"hu","@id":"https:\/\/www.minicrm.hu\/blog\/#\/schema\/logo\/image\/","url":"https:\/\/minicrm-wp-hu.s3.amazonaws.com\/uploads\/2021\/04\/cropped-MC-logo-Blog-2021_G-Dark.png","contentUrl":"https:\/\/minicrm-wp-hu.s3.amazonaws.com\/uploads\/2021\/04\/cropped-MC-logo-Blog-2021_G-Dark.png","width":91,"height":89,"caption":"MiniCRM Blog"},"image":{"@id":"https:\/\/www.minicrm.hu\/blog\/#\/schema\/logo\/image\/"}},{"@type":"Person","@id":"https:\/\/www.minicrm.hu\/blog\/#\/schema\/person\/f42c3023cd3a47a98325aacebe2f9b0f","name":"\u00c1kos Szelle","image":{"@type":"ImageObject","inLanguage":"hu","@id":"https:\/\/www.minicrm.hu\/blog\/#\/schema\/person\/image\/","url":"https:\/\/secure.gravatar.com\/avatar\/1fbb57b94a6bbc5512792922a0c62637a1cbf53175f9d92f26edd00dbac8a4f6?s=96&r=g","contentUrl":"https:\/\/secure.gravatar.com\/avatar\/1fbb57b94a6bbc5512792922a0c62637a1cbf53175f9d92f26edd00dbac8a4f6?s=96&r=g","caption":"\u00c1kos Szelle"},"url":""}]}},"_links":{"self":[{"href":"https:\/\/www.minicrm.hu\/blog\/wp-json\/wp\/v2\/posts\/19447","targetHints":{"allow":["GET"]}}],"collection":[{"href":"https:\/\/www.minicrm.hu\/blog\/wp-json\/wp\/v2\/posts"}],"about":[{"href":"https:\/\/www.minicrm.hu\/blog\/wp-json\/wp\/v2\/types\/post"}],"author":[{"embeddable":true,"href":"https:\/\/www.minicrm.hu\/blog\/wp-json\/wp\/v2\/users\/75"}],"replies":[{"embeddable":true,"href":"https:\/\/www.minicrm.hu\/blog\/wp-json\/wp\/v2\/comments?post=19447"}],"version-history":[{"count":2,"href":"https:\/\/www.minicrm.hu\/blog\/wp-json\/wp\/v2\/posts\/19447\/revisions"}],"predecessor-version":[{"id":19474,"href":"https:\/\/www.minicrm.hu\/blog\/wp-json\/wp\/v2\/posts\/19447\/revisions\/19474"}],"wp:featuredmedia":[{"embeddable":true,"href":"https:\/\/www.minicrm.hu\/blog\/wp-json\/wp\/v2\/media\/19465"}],"wp:attachment":[{"href":"https:\/\/www.minicrm.hu\/blog\/wp-json\/wp\/v2\/media?parent=19447"}],"wp:term":[{"taxonomy":"category","embeddable":true,"href":"https:\/\/www.minicrm.hu\/blog\/wp-json\/wp\/v2\/categories?post=19447"},{"taxonomy":"post_tag","embeddable":true,"href":"https:\/\/www.minicrm.hu\/blog\/wp-json\/wp\/v2\/tags?post=19447"}],"curies":[{"name":"wp","href":"https:\/\/api.w.org\/{rel}","templated":true}]}}