

{"id":20216,"date":"2024-02-12T08:56:03","date_gmt":"2024-02-12T07:56:03","guid":{"rendered":"https:\/\/www.minicrm.hu\/blog\/?p=20216"},"modified":"2024-02-12T08:56:03","modified_gmt":"2024-02-12T07:56:03","slug":"minicrm-segitseg-kollegaknak","status":"publish","type":"post","link":"https:\/\/www.minicrm.hu\/blog\/2024\/02-12\/minicrm-segitseg-kollegaknak\/","title":{"rendered":"N\u00e9lk\u00fcl\u00f6zhetetlen seg\u00edts\u00e9g vagy felesleges adminisztr\u00e1ci\u00f3 a MiniCRM a koll\u00e9g\u00e1idnak?"},"content":{"rendered":"<p>Amikor szembej\u00f6n veled egy CRM-es hirdet\u00e9s vagy ut\u00e1naolvasol valahol a t\u00e9m\u00e1nak, azt tapasztalhatod, hogy a sz\u00f6vegez\u00e9s els\u0151sorban a c\u00e9gvezet\u0151knek, d\u00f6nt\u00e9shoz\u00f3knak sz\u00f3l. Nem v\u00e9letlen\u00fcl, hiszen \u0151k hat\u00e1rozhatnak arr\u00f3l, hogy bevezetik-e a v\u00e1llalkoz\u00e1sukban az \u00fcgyf\u00e9lkapcsolat-kezel\u0151t. Miut\u00e1n azonban ez megt\u00f6rt\u00e9nt, a rendszert minden koll\u00e9ga haszn\u00e1lni fogja napi szinten.<\/p>\n<p>Ha a MiniCRM-et n\u00e9zz\u00fck, ebben dolgozhatnak majd az \u00e9rt\u00e9kes\u00edt\u0151k, a marketingesek, a HR-esek vagy ak\u00e1r a k\u00e9tkezi munk\u00e1sok egy r\u00e9sze, esetleg a p\u00e9nz\u00fcgyesek \u00e9s az \u00fcgyf\u00e9lszolg\u00e1latos koll\u00e9g\u00e1k. Vajon mit gondolnak majd a rendszerr\u0151l: hogy k\u00f6nnyebb\u00e9 \u00e9s hat\u00e9konyabb\u00e1 teszi a munk\u00e1jukat vagy \u00e9pp ellenkez\u0151leg, hogy csak p\u00fap a h\u00e1tukon? Cikk\u00fcnkben \u00f6t \u00e9rvet mutatunk, ami\u00e9rt a MiniCRM-mel a koll\u00e9g\u00e1k is csak nyerhetnek!<\/p>\n<p><!--more--><\/p>\n<h2>1. Gyorsabb \u00e9s hat\u00e9konyabb munkav\u00e9gz\u00e9s<\/h2>\n<p>Szerencs\u00e9s esetben minden koll\u00e9g\u00e1d arra t\u00f6rekszik, hogy a munk\u00e1j\u00e1t a lehet\u0151 legmagasabb min\u0151s\u00e9gben, gyorsan \u00e9s bonyodalmak n\u00e9lk\u00fcl v\u00e9gezze. Erre azonban csak akkor k\u00e9pesek, ha a c\u00e9gedn\u00e9l rend uralkodik \u00e9s nem k\u00e1osz. Mi ennek az alapja? <a href=\"https:\/\/www.linkedin.com\/pulse\/6-reasons-why-project-management-tools-important\/\" target=\"_blank\" rel=\"noopener\">Az, hogy mindenki tudja, hogy mikor mi a feladata<\/a>, azzal mikorra kell k\u00e9sz lennie, \u00e9s esetleg kiket kell m\u00e9g bevonnia a teljes\u00edt\u00e9shez.<\/p>\n<p>A MiniCRM profi projekt- \u00e9s feladatkezel\u0151je pontosan ezt ny\u00fajtja. A munkat\u00e1rsak a szoftver erre l\u00e9trehozott fel\u00fclet\u00e9n k\u00f6vethetik nyomon a feladataikat, adhatnak ki feladatokat m\u00e1soknak, \u00e9s itt l\u00e1tj\u00e1k majd azt is, hogy melyik teend\u0151nek mi a hat\u00e1rideje. Mivel minden feladatnak egyedi felel\u0151se van, az sem fordulhat el\u0151, hogy egy teend\u0151 elsikkad, gazd\u00e1tlanul teng\u0151dik.<\/p>\n<p>Mi\u00e9rt k\u00f6nnyebbs\u00e9g ez a koll\u00e9g\u00e1knak? Az\u00e9rt, mert nem kell \u00e1tn\u00e9znie az e-mailez\u00e9s\u00e9t, a Skype-besz\u00e9lget\u00e9seket, ha el akar kezdeni egy feladatot \u2013 \u00e9s nem kell a felettes\u00e9hez, koll\u00e9g\u00e1ihoz mennie meg\u00e9rdekl\u0151dni a r\u00e9szleteket. Mindent egy helyen l\u00e1that \u00e1t, ami megk\u00f6nny\u00edti \u00e9s g\u00f6rd\u00fcl\u00e9kenny\u00e9 teszi a munkanapjait.<\/p>\n<p>A legt\u00f6bb munkak\u00f6rre igaz, hogy gyakran kell ugyanolyan feladatokat elv\u00e9gezni \u00fajra \u00e9s \u00fajra. Vegy\u00fck p\u00e9ld\u00e1ul egy \u00e9rt\u00e9kes\u00edt\u0151 koll\u00e9g\u00e1t. Minden telefonh\u00edv\u00e1s ut\u00e1n ugyanazokat a k\u00e9rd\u00e9seket teszi fel az \u00e9rdekl\u0151d\u0151nek, ugyan\u00fagy leadminisztr\u00e1lja valahova (j\u00f3 esetben a MiniCRM-be), majd meghat\u00e1rozza a k\u00f6vetkez\u0151 l\u00e9p\u00e9st. Ez l\u00e9nyeg\u00e9ben egy forgat\u00f3k\u00f6nyv, amib\u0151l sablonfeladatot hozhatsz l\u00e9tre.<\/p>\n<p>A MiniCRM-ben ak\u00e1r ilyen forgat\u00f3k\u00f6nyveket is l\u00e9trehozhatsz: ilyen \u00e9s ilyen feladatokat ezeken \u00e9s ezeken a l\u00e9p\u00e9seken kereszt\u00fcl hajtunk v\u00e9gre. Ezzel egyr\u00e9szt gondoskodhatsz r\u00f3la, hogy soha egyetlen fontos l\u00e9p\u00e9s se maradjon ki, m\u00e1sr\u00e9szt akkor sincs elakad\u00e1s, ha az sz\u00f3ban forg\u00f3 \u00e9rt\u00e9kes\u00edt\u0151 betegs\u00e9g miatt kiesik vagy t\u00e1vozik a c\u00e9gt\u0151l. A CRM-ben a meghat\u00e1rozott l\u00e9p\u00e9sek alapj\u00e1n az \u00faj koll\u00e9ga azonnal fel tudja venni a fonalat, tudni fogja, hogy mit kell csin\u00e1lnia, \u00e9s hozz\u00e1 is f\u00e9r minden fontos adathoz, \u00fcgyf\u00e9lel\u0151zm\u00e9nyhez.<\/p>\n<p>Ez azzal is j\u00e1r, hogy egyetlen \u00e9rt\u00e9kes\u00edt\u0151nek sem kell azon gondolkodnia, hogy pontosan mikor \u00e9s milyen \u00fcgyben kell keresni az \u00fcgyfelet. Azt sem kell fejben tartania, hogy tegez\u0151dnek vagy mag\u00e1z\u00f3dnak, \u00e9s az is ott lesz majd az adatlapon, hogy mi az \u00fcgyf\u00e9l kedvenc tort\u00e1ja, hogy h\u00edvj\u00e1k a gyerekeit \u00e9s mikor van a sz\u00fclinapja.<\/p>\n<h2>2. T\u00f6bb adminisztr\u00e1ci\u00f3? \u00c9pp ellenkez\u0151leg!<\/h2>\n<p>Gyakran hallhat\u00f3 kifog\u00e1s a CRM-rendszerekkel szemben, hogy rengeteg extra adminisztr\u00e1ci\u00f3t jelentenek. Abban term\u00e9szetesen van igazs\u00e1g, hogy a MiniCRM-et haszn\u00e1lni kell, ha bevezett\u00e9tek. Teh\u00e1t itt kell vezetni az adatokat, a feladatokat, \u00e9s a koll\u00e9g\u00e1kat meg kell gy\u0151zn\u00f6d, hogy \u201e<em>Ami nincs a MiniCRM-ben, az nem is l\u00e9tezik<\/em>\u201d. Ha ez megvan, akkor az alkalmazottaid is l\u00e1tni fogj\u00e1k, hogy mennyivel cs\u00f6kken a felesleges adminisztr\u00e1ci\u00f3val t\u00f6lt\u00f6tt munka\u00f3r\u00e1k sz\u00e1ma. \u00c9pp att\u00f3l a l\u00e9lek\u00f6l\u0151, unalmas feladatokt\u00f3l szabadulhatnak meg, amik a ki\u00e9g\u00e9shez szoktak vezetni.<\/p>\n<div class=\"tenor-gif-embed\" data-postid=\"21864854\" data-share-method=\"host\" data-aspect-ratio=\"1.25\" data-width=\"40%\"><a href=\"https:\/\/tenor.com\/view\/happy-death-day-tree-gelbman-tired-sleeping-sleepy-gif-21864854\">Happy Death Day Tree Gelbman GIF<\/a>from <a href=\"https:\/\/tenor.com\/search\/happy+death+day-gifs\">Happy Death Day GIFs<\/a><\/div>\n<p><script type=\"text\/javascript\" async src=\"https:\/\/tenor.com\/embed.js\"><\/script><\/p>\n<p>&nbsp;<\/p>\n<p>Most vegy\u00fcnk <a href=\"https:\/\/www.hrfuture.net\/talent-management\/technology\/crm-for-human-resources-benefits-and-examples\/\" target=\"_blank\" rel=\"noopener\">p\u00e9ld\u00e1ul egy HR-es munkat\u00e1rsat.<\/a> \u00c9pp van egy akt\u00edv \u00e1ll\u00e1shirdet\u00e9s, amire bej\u00f6n napi \u00f6tven \u00f6n\u00e9letrajz. Fogja szeg\u00e9ny, megnyitja \u0151ket, \u00e9s CTRL-C, CTRL-V m\u00f3dszerrel beviszi az adatokat egy Excelbe vagy m\u00e1s hasonl\u00f3 programba. Ett\u0151l m\u00e1r elmegy minden \u00e9letkedve, de ut\u00e1na m\u00e9g ki kell k\u00fcldeni egyes\u00e9vel \u00f6tven e-mailt is a jelentkez\u0151knek Outlookb\u00f3l \u2013 micsoda izgalmak!<\/p>\n<p>Amennyiben MiniCRM-et haszn\u00e1lna, erre az eg\u00e9szre semmi sz\u00fcks\u00e9g nem lenne. Csak kitenne egy \u0171rlapot a honlapra vagy Facebookra, \u00e9s ha egy jelentkez\u0151 azt kit\u00f6lti, az adatai azonnal, automatikusan beker\u00fclnek a CRM-be. A HR-esnek a kisujj\u00e1t sem kell megmozd\u00edtani. Emellett be\u00e1ll\u00edt sz\u00e9pen egy automatizmust is: minden jelentkez\u0151 azonnal, emberi beavatkoz\u00e1s n\u00e9lk\u00fcl kap egy visszaigazol\u00f3 e-mailt. A HR-es koll\u00e9g\u00e1d boldog lesz, mert nem embert pr\u00f3b\u00e1l\u00f3, unalmas feladatokkal megy el a napja. De te is boldog lehetsz, mert a CRM-es megold\u00e1ssal cs\u00f6kken a hib\u00e1z\u00e1s lehet\u0151s\u00e9ge \u00e9s motiv\u00e1ltabb lesz a munkat\u00e1rsad.<\/p>\n<h2>3. Nem csak egy szoftver, hanem egy szeml\u00e9letm\u00f3d<\/h2>\n<p>M\u00e1r az elej\u00e9n \u00e9rdemes \u00e1tbesz\u00e9lned a munkat\u00e1rsaiddal, hogy a MiniCRM bevezet\u00e9s\u00e9vel nem csak egy \u00fajabb, tizenkett\u0151 egy tucat szoftver \u00e9rkezik a c\u00e9ghez. Hanem vele egy\u00fctt egy olyan szem\u00e9letm\u00f3d \u00e9s \u00e1talakul\u00e1s, ami a rendezetts\u00e9g, szervezetts\u00e9g \u00e9s hat\u00e9konys\u00e1g ir\u00e1ny\u00e1ba mutat. A szoftver ugyanis a logik\u00e1j\u00e1b\u00f3l fakad\u00f3an arra k\u00e9szteti a koll\u00e9g\u00e1kat, hogy folyamatokban gondolkodjanak, a l\u00e9nyegi munk\u00e1ra koncentr\u00e1ljanak a sallang helyett \u2013 \u00e9s t\u00e1mogatja \u0151ket abban, hogy m\u00e9g min\u0151s\u00e9gibb v\u00e9geredm\u00e9nyt adhassanak ki a kez\u00fckb\u0151l.<\/p>\n<p>A tapasztalat azt mutatja, hogy sokszor m\u00e1r az \u00f6nmag\u00e1ban d\u00f6nt\u0151 v\u00e1ltoz\u00e1st hoz egy c\u00e9gn\u00e9l, hogy a feladatok egy\u00e9rtelm\u0171en defini\u00e1lva \u00e9s r\u00f6gz\u00edtve vannak, m\u00e9ghozz\u00e1 visszakereshet\u0151 form\u00e1ban. \u00c9s nem, nem az\u00e9rt, mert a f\u0151n\u00f6k k\u00e9mkedik \u00e9s sz\u00e1monk\u00e9r, hanem az\u00e9rt, mert a CRM keretet ad a munk\u00e1nak, vezeti a dolgoz\u00f3 kez\u00e9t, ami egymag\u00e1ban hozz\u00e1j\u00e1rul a lelkiismeretes munk\u00e1hoz.<\/p>\n<h2>4. K\u00f6nnyen megtanulhat\u00f3, b\u00e1rhonnan haszn\u00e1lhat\u00f3<\/h2>\n<p>Nem k\u00e9ts\u00e9ges, hogy egy \u00faj szoftver t\u00f6k\u00e9letes elsaj\u00e1t\u00edt\u00e1sa id\u0151t vesz ig\u00e9nybe. Az viszont nem mindegy, hogy pontosan mennyi id\u0151t. A MiniCRM feladatkezel\u0151j\u00e9t alighanem p\u00e1r nap alatt meg lehet tanulni, f\u0151leg, ha valaki l\u00e1tott m\u00e1r hasonl\u00f3 programot. A bonyolultabb funkci\u00f3k elsaj\u00e1t\u00edt\u00e1s\u00e1hoz enn\u00e9l nyilv\u00e1n t\u00f6bb id\u0151re van sz\u00fcks\u00e9g, ugyanakkor nem kell mindenkinek mindenhez \u00e9rtenie. A MiniCRM modul\u00e1ris fel\u00e9p\u00edt\u00e9s\u0171, azaz k\u00fcl\u00f6n kis szigetet alkot mondjuk a HR, a projektkezel\u0151 funkci\u00f3, a sz\u00e1ml\u00e1z\u00e1s, az \u00fcgyf\u00e9lkezel\u0151, a marketing \u00e9s \u00edgy tov\u00e1bb. A koll\u00e9g\u00e1idnak el\u00e9g azt megtanulni, amit val\u00f3ban haszn\u00e1lnak is.<\/p>\n<p>Mivel a MiniCRM felh\u0151alap\u00fa szoftver, b\u00e1rhonnan \u00e9s b\u00e1rmikor hozz\u00e1f\u00e9rhet\u0151 an\u00e9lk\u00fcl, hogy b\u00e1rmit telep\u00edteni k\u00e9ne a g\u00e9pekre. Ez k\u00fcl\u00f6n\u00f6sen akkor hasznos, ha a munkat\u00e1rsak otthonr\u00f3l dolgoznak vagy helysz\u00edni munk\u00e1t v\u00e9geznek. Napelemes c\u00e9gekt\u0151l p\u00e9ld\u00e1ul gyakran halljuk, hogy mekkora seg\u00edts\u00e9g a MiniCRM a terepmunk\u00e1n\u00e1l. A koll\u00e9g\u00e1k akkor is hozz\u00e1f\u00e9rnek minden adathoz, dokumentumhoz, amikor kint vannak valakin\u00e9l szerelni. Cseppet sem mellesleg teljes \u00e9rt\u00e9k\u0171 mobilapplik\u00e1ci\u00f3val is rendelkez\u00fcnk.<\/p>\n<h2>5. A MiniCRM-hez komplex bevezet\u00e9si t\u00e1mogat\u00e1st is kaptok<\/h2>\n<p>Hogy m\u00e9g hamarabb \u00e9lvezhess\u00e9tek a MiniCRM el\u0151nyeit, <a href=\"https:\/\/www.minicrm.hu\/minicrm-bevezetesi-tamogatas\/\" target=\"_blank\" rel=\"noopener\">teljes k\u00f6r\u0171 bevezet\u00e9si t\u00e1mogat\u00e1ssal seg\u00edt\u00fcnk titeket.<\/a> Ennek keret\u00e9ben szak\u00e9rt\u0151ink seg\u00edtenek a c\u00e9ged ig\u00e9nyei szerint be\u00e1ll\u00edtani a rendszert, megmutatj\u00e1k a legfontosabb funkci\u00f3kat \u00e9s a szoftver kezel\u00e9s\u00e9nek m\u00f3dj\u00e1t. S\u0151t, c\u00e9gvezet\u00e9si strat\u00e9gi\u00e1kat is megoszt veletek, hogy a folyamataid \u00e9s az \u00fczleti tev\u00e9kenys\u00e9ged m\u00e9g hat\u00e9konyabb legyen.<\/p>\n<p>A koll\u00e9g\u00e1idat ezek ut\u00e1n te is megtan\u00edthatod a CRM-rendszer haszn\u00e1lat\u00e1ra, de a bevezet\u00e9si t\u00e1mogat\u00e1s sor\u00e1n sz\u00e1mukra is ingyenes k\u00e9pz\u00e9seket ny\u00fajtunk \u2013 egy \u00e1ltalad v\u00e1lasztott munkat\u00e1rsnak pedig a halad\u00f3fel haszn\u00e1l\u00e1si \u00e9s be\u00e1ll\u00edt\u00e1si lehet\u0151s\u00e9gek is seg\u00edt\u00fcnk elsaj\u00e1t\u00edtani. Az \u00fcgyfelek sz\u00e1m\u00e1ra el\u00e9rhet\u0151 Mini Akad\u00e9mia pedig b\u00e1rmikor lehet\u0151s\u00e9get biztos\u00edt sz\u00e1motokra, hogy b\u0151v\u00edts\u00e9tek a tud\u00e1sotokat, \u00e9s m\u00e9g jobb MiniCRM-felhaszn\u00e1l\u00f3v\u00e1 v\u00e1lhassatok.<\/p>\n<h2>N\u00e9h\u00e1ny h\u00f3nap \u00e9s egyetlen k\u00e9rd\u00e9s kering majd az irod\u00e1ban<\/h2>\n<p>Ez pedig az lesz: hogyan csin\u00e1ltuk ezt a MiniCRM el\u0151tti id\u0151kben? Hol tartottuk sz\u00e1mon az \u00fcgyfelekkel kapcsolatos el\u0151zm\u00e9nyeket ennyire \u00e1tl\u00e1that\u00f3, k\u00f6nnyen kezelhet\u0151 m\u00f3don? Mik\u00e9nt k\u00f6vett\u00fck nyomon, hogy hogyan \u00e1llunk egy projekttel \u00e9s a hozz\u00e1 kapcsol\u00f3d\u00f3 feladatokkal? Hogy a m\u00e9nk\u0171be maradt id\u0151nk dolgozni automatizmusok n\u00e9lk\u00fcl?<\/p>\n<p>A Speak nyelviskola vezet\u0151je <a href=\"https:\/\/www.minicrm.hu\/esettanulmanyok\/speak\/?utm_source=blog&amp;utm_medium=web&amp;utm_campaign=direct&amp;utm_content=minicrm-kollegak-2302\" target=\"_blank\" rel=\"noopener\">ezt \u00edgy fogalmazta meg<\/a>: \u201e<em>A CRM az egyik legfontosabb munkat\u00e1rsunk. Gyakorlatilag az agy a c\u00e9gben, iszonyatos mennyis\u00e9g\u0171 munk\u00e1t vesz le a koll\u00e9g\u00e1k v\u00e1ll\u00e1r\u00f3l. Szinte m\u00e1r szem\u00e9lyk\u00e9nt gondolok r\u00e1, viszont, ha t\u00e9nyleg ember lenne, akinek fizet\u00e9st kellene adni, biztos, hogy messze nem annyiba ker\u00fclne csak, mint a szoftver el\u0151fizet\u00e9si d\u00edja.\u201d<\/em><\/p>\n<p><strong>Ha szeretn\u00e9l te is prec\u00edzen dolgoz\u00f3 koll\u00e9g\u00e1kat \u00e9s eredm\u00e9nyesebb mindennapokat, akkor ind\u00edts MiniCRM tesztrendszert <a href=\"https:\/\/www.minicrm.hu\/signup\/try\/?utm_source=blog&amp;utm_medium=web&amp;utm_campaign=direct&amp;utm_content=minicrm-kollegak-2302\">ezen a linken!<\/a><\/strong><\/p>\n","protected":false},"excerpt":{"rendered":"<p>Amikor szembej\u00f6n veled egy CRM-es hirdet\u00e9s vagy ut\u00e1naolvasol valahol a t\u00e9m\u00e1nak, azt tapasztalhatod, hogy a sz\u00f6vegez\u00e9s els\u0151sorban a c\u00e9gvezet\u0151knek, d\u00f6nt\u00e9shoz\u00f3knak sz\u00f3l. Nem v\u00e9letlen\u00fcl, hiszen \u0151k hat\u00e1rozhatnak arr\u00f3l, hogy bevezetik-e a v\u00e1llalkoz\u00e1sukban az \u00fcgyf\u00e9lkapcsolat-kezel\u0151t. Miut\u00e1n azonban ez megt\u00f6rt\u00e9nt, a rendszert minden koll\u00e9ga haszn\u00e1lni fogja napi szinten. Ha a MiniCRM-et n\u00e9zz\u00fck, ebben dolgozhatnak majd az \u00e9rt\u00e9kes\u00edt\u0151k, a [&hellip;]<\/p>\n","protected":false},"author":75,"featured_media":20228,"comment_status":"closed","ping_status":"closed","sticky":false,"template":"","format":"standard","meta":{"inline_featured_image":false,"footnotes":""},"categories":[28,376],"tags":[401,249,445,597,441,446],"class_list":["post-20216","post","type-post","status-publish","format-standard","has-post-thumbnail","hentry","category-cegvezetes","category-minicrm","tag-a-jo-vezeto","tag-automatizmus","tag-bevezetes","tag-crm-bevezetes","tag-ertekesites","tag-minicrm"],"yoast_head":"<!-- This site is optimized with the Yoast SEO plugin v27.1.1 - https:\/\/yoast.com\/product\/yoast-seo-wordpress\/ -->\n<title>N\u00e9lk\u00fcl\u00f6zhetetlen seg\u00edts\u00e9g vagy felesleges adminisztr\u00e1ci\u00f3 a MiniCRM a koll\u00e9g\u00e1idnak?<\/title>\n<meta name=\"description\" content=\"\u00c1ld\u00e1s vagy \u00e1tok egy \u00fcgyf\u00e9lkapcsolat-kezel\u0151 (CRM) a koll\u00e9g\u00e1idnak? \u00d6r\u00f6mmel haszn\u00e1lj\u00e1k majd, vagy csak ny\u0171g lesz? A v\u00e1laszok a cikkben!\" \/>\n<meta name=\"robots\" content=\"index, follow, max-snippet:-1, max-image-preview:large, max-video-preview:-1\" \/>\n<link rel=\"canonical\" href=\"https:\/\/www.minicrm.hu\/blog\/2024\/02-12\/minicrm-segitseg-kollegaknak\/\" \/>\n<meta property=\"og:locale\" content=\"hu_HU\" \/>\n<meta property=\"og:type\" content=\"article\" \/>\n<meta property=\"og:title\" content=\"N\u00e9lk\u00fcl\u00f6zhetetlen seg\u00edts\u00e9g vagy felesleges adminisztr\u00e1ci\u00f3 a MiniCRM a koll\u00e9g\u00e1idnak?\" \/>\n<meta property=\"og:description\" content=\"\u00c1ld\u00e1s vagy \u00e1tok egy \u00fcgyf\u00e9lkapcsolat-kezel\u0151 (CRM) a koll\u00e9g\u00e1idnak? \u00d6r\u00f6mmel haszn\u00e1lj\u00e1k majd, vagy csak ny\u0171g lesz? A v\u00e1laszok a cikkben!\" \/>\n<meta property=\"og:url\" content=\"https:\/\/www.minicrm.hu\/blog\/2024\/02-12\/minicrm-segitseg-kollegaknak\/\" \/>\n<meta property=\"og:site_name\" content=\"MiniCRM Blog\" \/>\n<meta property=\"article:published_time\" content=\"2024-02-12T07:56:03+00:00\" \/>\n<meta property=\"og:image\" content=\"https:\/\/minicrm-wp-hu.s3.amazonaws.com\/uploads\/2024\/02\/minicrm-kollegak.jpeg\" \/>\n\t<meta property=\"og:image:width\" content=\"1190\" \/>\n\t<meta property=\"og:image:height\" content=\"750\" \/>\n\t<meta property=\"og:image:type\" content=\"image\/jpeg\" \/>\n<meta name=\"author\" content=\"\u00c1kos Szelle\" \/>\n<meta name=\"twitter:label1\" content=\"Szerz\u0151:\" \/>\n\t<meta name=\"twitter:data1\" content=\"\u00c1kos Szelle\" \/>\n\t<meta name=\"twitter:label2\" content=\"Becs\u00fclt olvas\u00e1si id\u0151\" \/>\n\t<meta name=\"twitter:data2\" content=\"9 perc\" \/>\n<script type=\"application\/ld+json\" class=\"yoast-schema-graph\">{\"@context\":\"https:\/\/schema.org\",\"@graph\":[{\"@type\":\"Article\",\"@id\":\"https:\/\/www.minicrm.hu\/blog\/2024\/02-12\/minicrm-segitseg-kollegaknak\/#article\",\"isPartOf\":{\"@id\":\"https:\/\/www.minicrm.hu\/blog\/2024\/02-12\/minicrm-segitseg-kollegaknak\/\"},\"author\":{\"name\":\"\u00c1kos Szelle\",\"@id\":\"https:\/\/www.minicrm.hu\/blog\/#\/schema\/person\/f42c3023cd3a47a98325aacebe2f9b0f\"},\"headline\":\"N\u00e9lk\u00fcl\u00f6zhetetlen seg\u00edts\u00e9g vagy felesleges adminisztr\u00e1ci\u00f3 a MiniCRM a koll\u00e9g\u00e1idnak?\",\"datePublished\":\"2024-02-12T07:56:03+00:00\",\"mainEntityOfPage\":{\"@id\":\"https:\/\/www.minicrm.hu\/blog\/2024\/02-12\/minicrm-segitseg-kollegaknak\/\"},\"wordCount\":1739,\"publisher\":{\"@id\":\"https:\/\/www.minicrm.hu\/blog\/#organization\"},\"image\":{\"@id\":\"https:\/\/www.minicrm.hu\/blog\/2024\/02-12\/minicrm-segitseg-kollegaknak\/#primaryimage\"},\"thumbnailUrl\":\"https:\/\/minicrm-wp-hu.s3.amazonaws.com\/uploads\/2024\/02\/minicrm-kollegak.jpeg\",\"keywords\":[\"A j\u00f3 vezet\u0151\",\"Automatizmus\",\"bevezet\u00e9s\",\"CRM bevezet\u00e9s\",\"\u00e9rt\u00e9kes\u00edt\u00e9s\",\"minicrm\"],\"articleSection\":[\"C\u00e9gvezet\u00e9s\",\"MiniCRM\"],\"inLanguage\":\"hu\"},{\"@type\":\"WebPage\",\"@id\":\"https:\/\/www.minicrm.hu\/blog\/2024\/02-12\/minicrm-segitseg-kollegaknak\/\",\"url\":\"https:\/\/www.minicrm.hu\/blog\/2024\/02-12\/minicrm-segitseg-kollegaknak\/\",\"name\":\"N\u00e9lk\u00fcl\u00f6zhetetlen seg\u00edts\u00e9g vagy felesleges adminisztr\u00e1ci\u00f3 a MiniCRM a koll\u00e9g\u00e1idnak?\",\"isPartOf\":{\"@id\":\"https:\/\/www.minicrm.hu\/blog\/#website\"},\"primaryImageOfPage\":{\"@id\":\"https:\/\/www.minicrm.hu\/blog\/2024\/02-12\/minicrm-segitseg-kollegaknak\/#primaryimage\"},\"image\":{\"@id\":\"https:\/\/www.minicrm.hu\/blog\/2024\/02-12\/minicrm-segitseg-kollegaknak\/#primaryimage\"},\"thumbnailUrl\":\"https:\/\/minicrm-wp-hu.s3.amazonaws.com\/uploads\/2024\/02\/minicrm-kollegak.jpeg\",\"datePublished\":\"2024-02-12T07:56:03+00:00\",\"description\":\"\u00c1ld\u00e1s vagy \u00e1tok egy \u00fcgyf\u00e9lkapcsolat-kezel\u0151 (CRM) a koll\u00e9g\u00e1idnak? \u00d6r\u00f6mmel haszn\u00e1lj\u00e1k majd, vagy csak ny\u0171g lesz? A v\u00e1laszok a cikkben!\",\"breadcrumb\":{\"@id\":\"https:\/\/www.minicrm.hu\/blog\/2024\/02-12\/minicrm-segitseg-kollegaknak\/#breadcrumb\"},\"inLanguage\":\"hu\",\"potentialAction\":[{\"@type\":\"ReadAction\",\"target\":[\"https:\/\/www.minicrm.hu\/blog\/2024\/02-12\/minicrm-segitseg-kollegaknak\/\"]}]},{\"@type\":\"ImageObject\",\"inLanguage\":\"hu\",\"@id\":\"https:\/\/www.minicrm.hu\/blog\/2024\/02-12\/minicrm-segitseg-kollegaknak\/#primaryimage\",\"url\":\"https:\/\/minicrm-wp-hu.s3.amazonaws.com\/uploads\/2024\/02\/minicrm-kollegak.jpeg\",\"contentUrl\":\"https:\/\/minicrm-wp-hu.s3.amazonaws.com\/uploads\/2024\/02\/minicrm-kollegak.jpeg\",\"width\":1190,\"height\":750,\"caption\":\"CRM koll\u00e9g\u00e1k\"},{\"@type\":\"BreadcrumbList\",\"@id\":\"https:\/\/www.minicrm.hu\/blog\/2024\/02-12\/minicrm-segitseg-kollegaknak\/#breadcrumb\",\"itemListElement\":[{\"@type\":\"ListItem\",\"position\":1,\"name\":\"Home\",\"item\":\"https:\/\/www.minicrm.hu\/blog\/\"},{\"@type\":\"ListItem\",\"position\":2,\"name\":\"N\u00e9lk\u00fcl\u00f6zhetetlen seg\u00edts\u00e9g vagy felesleges adminisztr\u00e1ci\u00f3 a MiniCRM a koll\u00e9g\u00e1idnak?\"}]},{\"@type\":\"WebSite\",\"@id\":\"https:\/\/www.minicrm.hu\/blog\/#website\",\"url\":\"https:\/\/www.minicrm.hu\/blog\/\",\"name\":\"MiniCRM Blog\",\"description\":\"CRM Blog\",\"publisher\":{\"@id\":\"https:\/\/www.minicrm.hu\/blog\/#organization\"},\"potentialAction\":[{\"@type\":\"SearchAction\",\"target\":{\"@type\":\"EntryPoint\",\"urlTemplate\":\"https:\/\/www.minicrm.hu\/blog\/?s={search_term_string}\"},\"query-input\":{\"@type\":\"PropertyValueSpecification\",\"valueRequired\":true,\"valueName\":\"search_term_string\"}}],\"inLanguage\":\"hu\"},{\"@type\":\"Organization\",\"@id\":\"https:\/\/www.minicrm.hu\/blog\/#organization\",\"name\":\"MiniCRM Blog\",\"url\":\"https:\/\/www.minicrm.hu\/blog\/\",\"logo\":{\"@type\":\"ImageObject\",\"inLanguage\":\"hu\",\"@id\":\"https:\/\/www.minicrm.hu\/blog\/#\/schema\/logo\/image\/\",\"url\":\"https:\/\/minicrm-wp-hu.s3.amazonaws.com\/uploads\/2021\/04\/cropped-MC-logo-Blog-2021_G-Dark.png\",\"contentUrl\":\"https:\/\/minicrm-wp-hu.s3.amazonaws.com\/uploads\/2021\/04\/cropped-MC-logo-Blog-2021_G-Dark.png\",\"width\":91,\"height\":89,\"caption\":\"MiniCRM Blog\"},\"image\":{\"@id\":\"https:\/\/www.minicrm.hu\/blog\/#\/schema\/logo\/image\/\"}},{\"@type\":\"Person\",\"@id\":\"https:\/\/www.minicrm.hu\/blog\/#\/schema\/person\/f42c3023cd3a47a98325aacebe2f9b0f\",\"name\":\"\u00c1kos Szelle\",\"image\":{\"@type\":\"ImageObject\",\"inLanguage\":\"hu\",\"@id\":\"https:\/\/www.minicrm.hu\/blog\/#\/schema\/person\/image\/\",\"url\":\"https:\/\/secure.gravatar.com\/avatar\/1fbb57b94a6bbc5512792922a0c62637a1cbf53175f9d92f26edd00dbac8a4f6?s=96&r=g\",\"contentUrl\":\"https:\/\/secure.gravatar.com\/avatar\/1fbb57b94a6bbc5512792922a0c62637a1cbf53175f9d92f26edd00dbac8a4f6?s=96&r=g\",\"caption\":\"\u00c1kos Szelle\"},\"url\":\"https:\/\/www.minicrm.hu\/blog\/author\/szelle-akos\/\"}]}<\/script>\n<!-- \/ Yoast SEO plugin. -->","yoast_head_json":{"title":"N\u00e9lk\u00fcl\u00f6zhetetlen seg\u00edts\u00e9g vagy felesleges adminisztr\u00e1ci\u00f3 a MiniCRM a koll\u00e9g\u00e1idnak?","description":"\u00c1ld\u00e1s vagy \u00e1tok egy \u00fcgyf\u00e9lkapcsolat-kezel\u0151 (CRM) a koll\u00e9g\u00e1idnak? \u00d6r\u00f6mmel haszn\u00e1lj\u00e1k majd, vagy csak ny\u0171g lesz? A v\u00e1laszok a cikkben!","robots":{"index":"index","follow":"follow","max-snippet":"max-snippet:-1","max-image-preview":"max-image-preview:large","max-video-preview":"max-video-preview:-1"},"canonical":"https:\/\/www.minicrm.hu\/blog\/2024\/02-12\/minicrm-segitseg-kollegaknak\/","og_locale":"hu_HU","og_type":"article","og_title":"N\u00e9lk\u00fcl\u00f6zhetetlen seg\u00edts\u00e9g vagy felesleges adminisztr\u00e1ci\u00f3 a MiniCRM a koll\u00e9g\u00e1idnak?","og_description":"\u00c1ld\u00e1s vagy \u00e1tok egy \u00fcgyf\u00e9lkapcsolat-kezel\u0151 (CRM) a koll\u00e9g\u00e1idnak? \u00d6r\u00f6mmel haszn\u00e1lj\u00e1k majd, vagy csak ny\u0171g lesz? A v\u00e1laszok a cikkben!","og_url":"https:\/\/www.minicrm.hu\/blog\/2024\/02-12\/minicrm-segitseg-kollegaknak\/","og_site_name":"MiniCRM Blog","article_published_time":"2024-02-12T07:56:03+00:00","og_image":[{"width":1190,"height":750,"url":"https:\/\/minicrm-wp-hu.s3.amazonaws.com\/uploads\/2024\/02\/minicrm-kollegak.jpeg","type":"image\/jpeg"}],"author":"\u00c1kos Szelle","twitter_misc":{"Szerz\u0151:":"\u00c1kos Szelle","Becs\u00fclt olvas\u00e1si id\u0151":"9 perc"},"schema":{"@context":"https:\/\/schema.org","@graph":[{"@type":"Article","@id":"https:\/\/www.minicrm.hu\/blog\/2024\/02-12\/minicrm-segitseg-kollegaknak\/#article","isPartOf":{"@id":"https:\/\/www.minicrm.hu\/blog\/2024\/02-12\/minicrm-segitseg-kollegaknak\/"},"author":{"name":"\u00c1kos Szelle","@id":"https:\/\/www.minicrm.hu\/blog\/#\/schema\/person\/f42c3023cd3a47a98325aacebe2f9b0f"},"headline":"N\u00e9lk\u00fcl\u00f6zhetetlen seg\u00edts\u00e9g vagy felesleges adminisztr\u00e1ci\u00f3 a MiniCRM a koll\u00e9g\u00e1idnak?","datePublished":"2024-02-12T07:56:03+00:00","mainEntityOfPage":{"@id":"https:\/\/www.minicrm.hu\/blog\/2024\/02-12\/minicrm-segitseg-kollegaknak\/"},"wordCount":1739,"publisher":{"@id":"https:\/\/www.minicrm.hu\/blog\/#organization"},"image":{"@id":"https:\/\/www.minicrm.hu\/blog\/2024\/02-12\/minicrm-segitseg-kollegaknak\/#primaryimage"},"thumbnailUrl":"https:\/\/minicrm-wp-hu.s3.amazonaws.com\/uploads\/2024\/02\/minicrm-kollegak.jpeg","keywords":["A j\u00f3 vezet\u0151","Automatizmus","bevezet\u00e9s","CRM bevezet\u00e9s","\u00e9rt\u00e9kes\u00edt\u00e9s","minicrm"],"articleSection":["C\u00e9gvezet\u00e9s","MiniCRM"],"inLanguage":"hu"},{"@type":"WebPage","@id":"https:\/\/www.minicrm.hu\/blog\/2024\/02-12\/minicrm-segitseg-kollegaknak\/","url":"https:\/\/www.minicrm.hu\/blog\/2024\/02-12\/minicrm-segitseg-kollegaknak\/","name":"N\u00e9lk\u00fcl\u00f6zhetetlen seg\u00edts\u00e9g vagy felesleges adminisztr\u00e1ci\u00f3 a MiniCRM a koll\u00e9g\u00e1idnak?","isPartOf":{"@id":"https:\/\/www.minicrm.hu\/blog\/#website"},"primaryImageOfPage":{"@id":"https:\/\/www.minicrm.hu\/blog\/2024\/02-12\/minicrm-segitseg-kollegaknak\/#primaryimage"},"image":{"@id":"https:\/\/www.minicrm.hu\/blog\/2024\/02-12\/minicrm-segitseg-kollegaknak\/#primaryimage"},"thumbnailUrl":"https:\/\/minicrm-wp-hu.s3.amazonaws.com\/uploads\/2024\/02\/minicrm-kollegak.jpeg","datePublished":"2024-02-12T07:56:03+00:00","description":"\u00c1ld\u00e1s vagy \u00e1tok egy \u00fcgyf\u00e9lkapcsolat-kezel\u0151 (CRM) a koll\u00e9g\u00e1idnak? \u00d6r\u00f6mmel haszn\u00e1lj\u00e1k majd, vagy csak ny\u0171g lesz? A v\u00e1laszok a cikkben!","breadcrumb":{"@id":"https:\/\/www.minicrm.hu\/blog\/2024\/02-12\/minicrm-segitseg-kollegaknak\/#breadcrumb"},"inLanguage":"hu","potentialAction":[{"@type":"ReadAction","target":["https:\/\/www.minicrm.hu\/blog\/2024\/02-12\/minicrm-segitseg-kollegaknak\/"]}]},{"@type":"ImageObject","inLanguage":"hu","@id":"https:\/\/www.minicrm.hu\/blog\/2024\/02-12\/minicrm-segitseg-kollegaknak\/#primaryimage","url":"https:\/\/minicrm-wp-hu.s3.amazonaws.com\/uploads\/2024\/02\/minicrm-kollegak.jpeg","contentUrl":"https:\/\/minicrm-wp-hu.s3.amazonaws.com\/uploads\/2024\/02\/minicrm-kollegak.jpeg","width":1190,"height":750,"caption":"CRM koll\u00e9g\u00e1k"},{"@type":"BreadcrumbList","@id":"https:\/\/www.minicrm.hu\/blog\/2024\/02-12\/minicrm-segitseg-kollegaknak\/#breadcrumb","itemListElement":[{"@type":"ListItem","position":1,"name":"Home","item":"https:\/\/www.minicrm.hu\/blog\/"},{"@type":"ListItem","position":2,"name":"N\u00e9lk\u00fcl\u00f6zhetetlen seg\u00edts\u00e9g vagy felesleges adminisztr\u00e1ci\u00f3 a MiniCRM a koll\u00e9g\u00e1idnak?"}]},{"@type":"WebSite","@id":"https:\/\/www.minicrm.hu\/blog\/#website","url":"https:\/\/www.minicrm.hu\/blog\/","name":"MiniCRM Blog","description":"CRM Blog","publisher":{"@id":"https:\/\/www.minicrm.hu\/blog\/#organization"},"potentialAction":[{"@type":"SearchAction","target":{"@type":"EntryPoint","urlTemplate":"https:\/\/www.minicrm.hu\/blog\/?s={search_term_string}"},"query-input":{"@type":"PropertyValueSpecification","valueRequired":true,"valueName":"search_term_string"}}],"inLanguage":"hu"},{"@type":"Organization","@id":"https:\/\/www.minicrm.hu\/blog\/#organization","name":"MiniCRM Blog","url":"https:\/\/www.minicrm.hu\/blog\/","logo":{"@type":"ImageObject","inLanguage":"hu","@id":"https:\/\/www.minicrm.hu\/blog\/#\/schema\/logo\/image\/","url":"https:\/\/minicrm-wp-hu.s3.amazonaws.com\/uploads\/2021\/04\/cropped-MC-logo-Blog-2021_G-Dark.png","contentUrl":"https:\/\/minicrm-wp-hu.s3.amazonaws.com\/uploads\/2021\/04\/cropped-MC-logo-Blog-2021_G-Dark.png","width":91,"height":89,"caption":"MiniCRM Blog"},"image":{"@id":"https:\/\/www.minicrm.hu\/blog\/#\/schema\/logo\/image\/"}},{"@type":"Person","@id":"https:\/\/www.minicrm.hu\/blog\/#\/schema\/person\/f42c3023cd3a47a98325aacebe2f9b0f","name":"\u00c1kos Szelle","image":{"@type":"ImageObject","inLanguage":"hu","@id":"https:\/\/www.minicrm.hu\/blog\/#\/schema\/person\/image\/","url":"https:\/\/secure.gravatar.com\/avatar\/1fbb57b94a6bbc5512792922a0c62637a1cbf53175f9d92f26edd00dbac8a4f6?s=96&r=g","contentUrl":"https:\/\/secure.gravatar.com\/avatar\/1fbb57b94a6bbc5512792922a0c62637a1cbf53175f9d92f26edd00dbac8a4f6?s=96&r=g","caption":"\u00c1kos Szelle"},"url":"https:\/\/www.minicrm.hu\/blog\/author\/szelle-akos\/"}]}},"_links":{"self":[{"href":"https:\/\/www.minicrm.hu\/blog\/wp-json\/wp\/v2\/posts\/20216","targetHints":{"allow":["GET"]}}],"collection":[{"href":"https:\/\/www.minicrm.hu\/blog\/wp-json\/wp\/v2\/posts"}],"about":[{"href":"https:\/\/www.minicrm.hu\/blog\/wp-json\/wp\/v2\/types\/post"}],"author":[{"embeddable":true,"href":"https:\/\/www.minicrm.hu\/blog\/wp-json\/wp\/v2\/users\/75"}],"replies":[{"embeddable":true,"href":"https:\/\/www.minicrm.hu\/blog\/wp-json\/wp\/v2\/comments?post=20216"}],"version-history":[{"count":2,"href":"https:\/\/www.minicrm.hu\/blog\/wp-json\/wp\/v2\/posts\/20216\/revisions"}],"predecessor-version":[{"id":20264,"href":"https:\/\/www.minicrm.hu\/blog\/wp-json\/wp\/v2\/posts\/20216\/revisions\/20264"}],"wp:featuredmedia":[{"embeddable":true,"href":"https:\/\/www.minicrm.hu\/blog\/wp-json\/wp\/v2\/media\/20228"}],"wp:attachment":[{"href":"https:\/\/www.minicrm.hu\/blog\/wp-json\/wp\/v2\/media?parent=20216"}],"wp:term":[{"taxonomy":"category","embeddable":true,"href":"https:\/\/www.minicrm.hu\/blog\/wp-json\/wp\/v2\/categories?post=20216"},{"taxonomy":"post_tag","embeddable":true,"href":"https:\/\/www.minicrm.hu\/blog\/wp-json\/wp\/v2\/tags?post=20216"}],"curies":[{"name":"wp","href":"https:\/\/api.w.org\/{rel}","templated":true}]}}