

{"id":21302,"date":"2025-10-22T10:20:06","date_gmt":"2025-10-22T08:20:06","guid":{"rendered":"https:\/\/www.minicrm.hu\/blog\/?p=21302"},"modified":"2025-10-22T10:20:06","modified_gmt":"2025-10-22T08:20:06","slug":"cegepitok-tatar-gyorgy-hotelpremio-group","status":"publish","type":"post","link":"https:\/\/www.minicrm.hu\/blog\/2025\/10-22\/cegepitok-tatar-gyorgy-hotelpremio-group\/","title":{"rendered":"A COVID alatt nulla, m\u00e1ra 3 milli\u00e1rd forint a bev\u00e9tel &#8211; Tat\u00e1r Gy\u00f6rgy, HotelPremio Group"},"content":{"rendered":"<p><b>Mi kell ahhoz, hogy valaki t\u00f6bb mint h\u00fasz \u00e9ve a vend\u00e9gl\u00e1t\u00e1sban dolgozva ma is n\u00f6vekedjen?<\/b><\/p>\n<p><span style=\"font-weight: 400;\">Ebben az epiz\u00f3dban <\/span><b>Tat\u00e1r Gy\u00f6rgy<\/b><span style=\"font-weight: 400;\">, a <\/span><b><a href=\"https:\/\/hotelpremiogroup.com\/\" target=\"_blank\" rel=\"noopener\">HotelPremio Group<\/a> alap\u00edt\u00f3ja \u00e9s CEO-ja<\/b><span style=\"font-weight: 400;\"> mes\u00e9l arr\u00f3l, hogyan \u00e9p\u00edtett fel egy pr\u00e9mium sz\u00e1llodal\u00e1ncot v\u00e1ls\u00e1gok, \u00fajratervez\u00e9sek \u00e9s gener\u00e1ci\u00f3v\u00e1lt\u00e1s k\u00f6zepette.<\/span><\/p>\n<p><iframe loading=\"lazy\" title=\"YouTube video player\" src=\"https:\/\/www.youtube.com\/embed\/vDYA7bW_kB0?si=zMZWxwpnHW5NYWze\" width=\"560\" height=\"315\" frameborder=\"0\" allowfullscreen=\"allowfullscreen\"><\/iframe><\/p>\n<p><span style=\"font-weight: 400;\">\u201eA vend\u00e9gl\u00e1t\u00e1s nem csak \u00fczlet, hanem \u00e9letforma. Ha ezt valaki nem szereti, nem fogja sok\u00e1ig b\u00edrni.\u201d \u2013 mondja Gy\u00f6rgy, aki a kezdetekt\u0151l fogva saj\u00e1t elvei ment\u00e9n \u00e9p\u00edti v\u00e1llalkoz\u00e1sait, \u00e9s soha nem f\u00e9lt v\u00e1ltoztatni, amikor a piac vagy az \u00e9let \u00fagy hozta.<\/span><\/p>\n<p><span style=\"font-weight: 400;\">Az ad\u00e1sban sz\u00f3 lesz arr\u00f3l is,<\/span><\/p>\n<ul>\n<li><span style=\"font-weight: 400;\">hogyan \u00e9p\u00fcl fel egy <\/span><b>stabil, \u00f6nj\u00e1r\u00f3 csapat<\/b><span style=\"font-weight: 400;\">,<\/span><\/li>\n<li><span style=\"font-weight: 400;\">mi\u00e9rt hisz abban, hogy a \u201ej\u00f3 vezet\u0151 nem mindenhez \u00e9rt, de tudja, kire b\u00edzza\u201d,<\/span><\/li>\n<li><span style=\"font-weight: 400;\">hogyan lehet v\u00e1ls\u00e1ghelyzetekben \u00faj ir\u00e1nyt tal\u00e1lni,<\/span><\/li>\n<li>milyen <strong>SEO m\u00f3dszerekkel<\/strong> hozta j\u00f3 helyzetbe a <a href=\"https:\/\/www.cegeshelyszinek.hu\/\" target=\"_blank\" rel=\"noopener\">cegeshelyszinek.hu oldal\u00e1t?<\/a><\/li>\n<li><span style=\"font-weight: 400;\">\u00e9s mi\u00e9rt vallja, hogy a <\/span><b>szem\u00e9lyes jelenl\u00e9t \u00e9s hiteless\u00e9g<\/b><span style=\"font-weight: 400;\"> m\u00e9g mindig a leger\u0151sebb vezet\u0151i eszk\u00f6z.<\/span><\/li>\n<\/ul>\n<p><span style=\"font-weight: 400;\">\u201eHa csak a sz\u00e1mokat n\u00e9zed, elveszted az embert. De ha az embert n\u00e9zed, a sz\u00e1mok is rendbe j\u00f6nnek.\u201d \u2013 fogalmaz Gy\u00f6rgy a v\u00e1llalati kult\u00fara \u00e9s a bizalom szerep\u00e9r\u0151l.<\/span><\/p>\n<p><span style=\"font-weight: 400;\">Ez az epiz\u00f3d inspir\u00e1l\u00f3 t\u00f6rt\u00e9net a <\/span><b>kitart\u00e1sr\u00f3l, \u00fajratervez\u00e9sr\u0151l \u00e9s arr\u00f3l, hogyan lehet a vend\u00e9gl\u00e1t\u00e1sban is tudatosan, hossz\u00fa t\u00e1vra c\u00e9g\u00e9p\u00edt\u00e9sben gondolkodni.<\/b><\/p>\n<p><b>T\u00e9m\u00e1k \u00e9s id\u0151b\u00e9lyegek<\/b><\/p>\n<ul>\n<li><span style=\"font-weight: 400;\">00:00 \u2013 Hogyan indult a HotelPremio Group t\u00f6rt\u00e9nete<\/span><\/li>\n<li><span style=\"font-weight: 400;\">08:20 \u2013 Mi\u00e9rt k\u00fcl\u00f6nleges a vend\u00e9gl\u00e1t\u00e1s vil\u00e1ga?<\/span><\/li>\n<li><span style=\"font-weight: 400;\">17:30 \u2013 V\u00e1llalkoz\u00e1s\u00e9p\u00edt\u00e9s a v\u00e1ls\u00e1gok k\u00f6zepette<\/span><\/li>\n<li><span style=\"font-weight: 400;\">32:40 \u2013 Csapat, bizalom \u00e9s vezet\u0151i szeml\u00e9let<\/span><\/li>\n<li><span style=\"font-weight: 400;\">51:00 \u2013 A vend\u00e9g\u00e9lm\u00e9ny, mint strat\u00e9gia<\/span><\/li>\n<li><span style=\"font-weight: 400;\">1:09:00 \u2013 Innov\u00e1ci\u00f3 a hagyom\u00e1nyokban<\/span><\/li>\n<li><span style=\"font-weight: 400;\">1:25:00 \u2013 Mi\u00e9rt fontos az \u00f6nreflexi\u00f3 vezet\u0151k\u00e9nt?<\/span><\/li>\n<li><span style=\"font-weight: 400;\">1:40:00 \u2013 Z\u00e1r\u00f3gondolatok: \u201eA vend\u00e9gl\u00e1t\u00e1sban csak az marad talpon, aki k\u00e9pes \u00fajra \u00e9s \u00fajra feltal\u00e1lni mag\u00e1t.\u201d<\/span><\/li>\n<\/ul>\n<p><b>Hallgasd meg az epiz\u00f3dot, \u00e9s inspir\u00e1l\u00f3dj abb\u00f3l, hogyan lehet a vend\u00e9gl\u00e1t\u00e1sban is hossz\u00fa t\u00e1von, \u00e9rt\u00e9kalapon c\u00e9get \u00e9p\u00edteni \u2013 v\u00e1ls\u00e1gokon \u00e1t, emberekkel \u00e9s emberek\u00e9rt.<\/b><\/p>\n<p><iframe loading=\"lazy\" title=\"YouTube video player\" src=\"https:\/\/www.youtube.com\/embed\/vDYA7bW_kB0?si=zMZWxwpnHW5NYWze\" width=\"560\" height=\"315\" frameborder=\"0\" allowfullscreen=\"allowfullscreen\"><\/iframe><\/p>\n<h2>Hallgasd a C\u00e9g\u00e9p\u00edt\u0151ket a kedvenc platformodon:<\/h2>\n<ul>\n<li>Spotify: <a href=\"https:\/\/open.spotify.com\/episode\/3CNzZ2ykT2XBGGoR1aPpeS\">kattints ide<\/a><\/li>\n<li>Apple Podcast: <a href=\"https:\/\/podcasts.apple.com\/hu\/podcast\/a-covid-alatt-nulla-m\u00e1ra-3-milli\u00e1rd-forint-a\/id1585202757?i=1000732946027&amp;l=hu\">kattints ide<\/a><\/li>\n<li>YouTube: <a href=\"https:\/\/www.youtube.com\/watch?v=vDYA7bW_kB0\">kattints ide<\/a><\/li>\n<li>BuzzSprout: <a href=\"https:\/\/www.buzzsprout.com\/admin\/2452327\/episodes\/18055276-a-covid-alatt-nulla-mara-3-milliard-forint-a-bevetel-tatar-gyorgy-hotelpremio-group\">kattints ide<\/a><\/li>\n<li>YouTube Music: <a href=\"https:\/\/music.youtube.com\/podcast\/vDYA7bW_kB0\">kattints ide<\/a><\/li>\n<\/ul>\n<h3><b>Sokan k\u00e9rdezik Kriszti\u00e1nt\u00f3l: &#8222;Hogyan tehetn\u00e9m jobb\u00e1 a c\u00e9gemet? Mit kellene m\u00e1shogy csin\u00e1lnom, hogy gyorsabban fejl\u0151dj\u00fcnk \u00e9s n\u00f6vekedj\u00fcnk?&#8221;<\/b><\/h3>\n<p><span style=\"font-weight: 400;\">A MiniCRM-n\u00e9l \u00e9vente t\u00f6bb mint 400 v\u00e1llalkoz\u00e1snak seg\u00edt\u00fcnk rendszert \u00e9p\u00edteni, \u00edgy rengeteg bev\u00e1lt m\u00f3dszert \u00e9s tapasztalatot gy\u0171jt\u00f6tt\u00fcnk. Most ezt szeretn\u00e9nk veled is megosztani!<\/span><\/p>\n<p><b>Elk\u00e9sz\u00edtett\u00fcnk egy ingyenes online c\u00e9gauditot<\/b><span style=\"font-weight: 400;\">, amely seg\u00edt felt\u00e1rni a fejlesztend\u0151 ter\u00fcleteket \u00e9s a legjobb n\u00f6veked\u00e9si lehet\u0151s\u00e9geket.<\/span><\/p>\n<h4><span style=\"font-weight: 400;\"> T\u00f6ltsd ki p\u00e1r perc alatt a <\/span><a href=\"https:\/\/www.minicrm.hu\/audit\/?utm_source=blog&amp;utm_medium=web&amp;utm_campaign=direct&amp;utm_content=blog-tatar-gyorgy-251022\"><b>minicrm.hu\/audit<\/b><\/a> <span style=\"font-weight: 400;\">oldalon, \u00e9s hamarosan k\u00fcldj\u00fck az eredm\u00e9nyt e-mailben!<\/span><\/h4>\n<p>&#8212;<\/p>\n<p><em>A C\u00e9g\u00e9p\u00edt\u0151k podcast felv\u00e9tele a <a href=\"https:\/\/www.minicrm.hu\/?utm_source=blog&amp;utm_medium=web&amp;utm_campaign=direct&amp;utm_content=https:\/\/www.minicrm.hu\/audit\/?utm_source=blog&amp;utm_medium=web&amp;utm_campaign=direct&amp;utm_content=blog-tatar-gyorgy-251022\" target=\"_blank\" rel=\"noopener\">MiniCRM<\/a> megb\u00edz\u00e1s\u00e1b\u00f3l t\u00f6rt\u00e9nik, melyben a <a href=\"https:\/\/brocasterz.com\/podcast-studio-berles\/\" target=\"_blank\" rel=\"noopener\">Brocasterz Podcast St\u00fadi\u00f3<\/a> a partner\u00fcnk. Az ad\u00e1sok menedzsmentj\u00e9t a Brocasterz Podcast \u00dcgyn\u00f6ks\u00e9g csapata v\u00e9gzi.<\/em><\/p>\n","protected":false},"excerpt":{"rendered":"<p>Mi kell ahhoz, hogy valaki t\u00f6bb mint h\u00fasz \u00e9ve a vend\u00e9gl\u00e1t\u00e1sban dolgozva ma is n\u00f6vekedjen? Ebben az epiz\u00f3dban Tat\u00e1r Gy\u00f6rgy, a HotelPremio Group alap\u00edt\u00f3ja \u00e9s CEO-ja mes\u00e9l arr\u00f3l, hogyan \u00e9p\u00edtett fel egy pr\u00e9mium sz\u00e1llodal\u00e1ncot v\u00e1ls\u00e1gok, \u00fajratervez\u00e9sek \u00e9s gener\u00e1ci\u00f3v\u00e1lt\u00e1s k\u00f6zepette. \u201eA vend\u00e9gl\u00e1t\u00e1s nem csak \u00fczlet, hanem \u00e9letforma. Ha ezt valaki nem szereti, nem fogja sok\u00e1ig b\u00edrni.\u201d [&hellip;]<\/p>\n","protected":false},"author":75,"featured_media":21304,"comment_status":"closed","ping_status":"closed","sticky":false,"template":"","format":"standard","meta":{"inline_featured_image":false,"footnotes":""},"categories":[778],"tags":[415,732,387,735,1655],"class_list":["post-21302","post","type-post","status-publish","format-standard","has-post-thumbnail","hentry","category-podcast","tag-bevetelnovelo-tippek","tag-cegepitok","tag-interju","tag-podcast","tag-vendeglatas"],"yoast_head":"<!-- This site is optimized with the Yoast SEO plugin v27.1.1 - https:\/\/yoast.com\/product\/yoast-seo-wordpress\/ -->\n<title>A COVID alatt nulla, m\u00e1ra 3 milli\u00e1rd forint a bev\u00e9tel - Tat\u00e1r Gy\u00f6rgy,<\/title>\n<meta name=\"description\" content=\"Hallgasd meg Tat\u00e1r Gy\u00f6rgy\u00f6t a C\u00e9g\u00e9p\u00edt\u0151k Podcastben, \u00e9s tudd meg, hogyan lehet stabil c\u00e9get \u00e9p\u00edteni, ami a legnagyobb v\u00e1ls\u00e1gokat is t\u00fal\u00e9li!\" \/>\n<meta name=\"robots\" content=\"index, follow, max-snippet:-1, max-image-preview:large, max-video-preview:-1\" \/>\n<link rel=\"canonical\" href=\"https:\/\/www.minicrm.hu\/blog\/2025\/10-22\/cegepitok-tatar-gyorgy-hotelpremio-group\/\" \/>\n<meta property=\"og:locale\" content=\"hu_HU\" \/>\n<meta property=\"og:type\" content=\"article\" \/>\n<meta property=\"og:title\" content=\"A COVID alatt nulla, m\u00e1ra 3 milli\u00e1rd forint a bev\u00e9tel - Tat\u00e1r Gy\u00f6rgy,\" \/>\n<meta property=\"og:description\" content=\"Hallgasd meg Tat\u00e1r Gy\u00f6rgy\u00f6t a C\u00e9g\u00e9p\u00edt\u0151k Podcastben, \u00e9s tudd meg, hogyan lehet stabil c\u00e9get \u00e9p\u00edteni, ami a legnagyobb v\u00e1ls\u00e1gokat is t\u00fal\u00e9li!\" \/>\n<meta property=\"og:url\" content=\"https:\/\/www.minicrm.hu\/blog\/2025\/10-22\/cegepitok-tatar-gyorgy-hotelpremio-group\/\" \/>\n<meta property=\"og:site_name\" content=\"MiniCRM Blog\" \/>\n<meta property=\"article:published_time\" content=\"2025-10-22T08:20:06+00:00\" \/>\n<meta property=\"og:image\" content=\"https:\/\/minicrm-wp-hu.s3.amazonaws.com\/uploads\/2025\/10\/tatar-gyorgy-BLOG-pic-1190x750-KIEMELT-CIKK.jpg\" \/>\n\t<meta property=\"og:image:width\" content=\"1270\" \/>\n\t<meta property=\"og:image:height\" content=\"570\" \/>\n\t<meta property=\"og:image:type\" content=\"image\/jpeg\" \/>\n<meta name=\"author\" content=\"\u00c1kos Szelle\" \/>\n<meta name=\"twitter:label1\" content=\"Szerz\u0151:\" \/>\n\t<meta name=\"twitter:data1\" content=\"MiniCRM\" \/>\n\t<meta name=\"twitter:label2\" content=\"Becs\u00fclt olvas\u00e1si id\u0151\" \/>\n\t<meta name=\"twitter:data2\" content=\"3 perc\" \/>\n<script type=\"application\/ld+json\" class=\"yoast-schema-graph\">{\"@context\":\"https:\/\/schema.org\",\"@graph\":[{\"@type\":\"Article\",\"@id\":\"https:\/\/www.minicrm.hu\/blog\/2025\/10-22\/cegepitok-tatar-gyorgy-hotelpremio-group\/#article\",\"isPartOf\":{\"@id\":\"https:\/\/www.minicrm.hu\/blog\/2025\/10-22\/cegepitok-tatar-gyorgy-hotelpremio-group\/\"},\"author\":{\"name\":\"\u00c1kos Szelle\",\"@id\":\"https:\/\/www.minicrm.hu\/blog\/#\/schema\/person\/f42c3023cd3a47a98325aacebe2f9b0f\"},\"headline\":\"A COVID alatt nulla, m\u00e1ra 3 milli\u00e1rd forint a bev\u00e9tel &#8211; Tat\u00e1r Gy\u00f6rgy, HotelPremio Group\",\"datePublished\":\"2025-10-22T08:20:06+00:00\",\"mainEntityOfPage\":{\"@id\":\"https:\/\/www.minicrm.hu\/blog\/2025\/10-22\/cegepitok-tatar-gyorgy-hotelpremio-group\/\"},\"wordCount\":595,\"publisher\":{\"@id\":\"https:\/\/www.minicrm.hu\/blog\/#organization\"},\"image\":{\"@id\":\"https:\/\/www.minicrm.hu\/blog\/2025\/10-22\/cegepitok-tatar-gyorgy-hotelpremio-group\/#primaryimage\"},\"thumbnailUrl\":\"https:\/\/minicrm-wp-hu.s3.amazonaws.com\/uploads\/2025\/10\/tatar-gyorgy-BLOG-pic-1190x750-KIEMELT-CIKK.jpg\",\"keywords\":[\"bev\u00e9teln\u00f6vel\u0151 tippek\",\"c\u00e9g\u00e9p\u00edt\u0151k\",\"Interj\u00fa\",\"podcast\",\"vend\u00e9gl\u00e1t\u00e1s\"],\"articleSection\":[\"Podcast\"],\"inLanguage\":\"hu\"},{\"@type\":\"WebPage\",\"@id\":\"https:\/\/www.minicrm.hu\/blog\/2025\/10-22\/cegepitok-tatar-gyorgy-hotelpremio-group\/\",\"url\":\"https:\/\/www.minicrm.hu\/blog\/2025\/10-22\/cegepitok-tatar-gyorgy-hotelpremio-group\/\",\"name\":\"A COVID alatt nulla, m\u00e1ra 3 milli\u00e1rd forint a bev\u00e9tel - Tat\u00e1r Gy\u00f6rgy,\",\"isPartOf\":{\"@id\":\"https:\/\/www.minicrm.hu\/blog\/#website\"},\"primaryImageOfPage\":{\"@id\":\"https:\/\/www.minicrm.hu\/blog\/2025\/10-22\/cegepitok-tatar-gyorgy-hotelpremio-group\/#primaryimage\"},\"image\":{\"@id\":\"https:\/\/www.minicrm.hu\/blog\/2025\/10-22\/cegepitok-tatar-gyorgy-hotelpremio-group\/#primaryimage\"},\"thumbnailUrl\":\"https:\/\/minicrm-wp-hu.s3.amazonaws.com\/uploads\/2025\/10\/tatar-gyorgy-BLOG-pic-1190x750-KIEMELT-CIKK.jpg\",\"datePublished\":\"2025-10-22T08:20:06+00:00\",\"description\":\"Hallgasd meg Tat\u00e1r Gy\u00f6rgy\u00f6t a C\u00e9g\u00e9p\u00edt\u0151k Podcastben, \u00e9s tudd meg, hogyan lehet stabil c\u00e9get \u00e9p\u00edteni, ami a legnagyobb v\u00e1ls\u00e1gokat is t\u00fal\u00e9li!\",\"breadcrumb\":{\"@id\":\"https:\/\/www.minicrm.hu\/blog\/2025\/10-22\/cegepitok-tatar-gyorgy-hotelpremio-group\/#breadcrumb\"},\"inLanguage\":\"hu\",\"potentialAction\":[{\"@type\":\"ReadAction\",\"target\":[\"https:\/\/www.minicrm.hu\/blog\/2025\/10-22\/cegepitok-tatar-gyorgy-hotelpremio-group\/\"]}]},{\"@type\":\"ImageObject\",\"inLanguage\":\"hu\",\"@id\":\"https:\/\/www.minicrm.hu\/blog\/2025\/10-22\/cegepitok-tatar-gyorgy-hotelpremio-group\/#primaryimage\",\"url\":\"https:\/\/minicrm-wp-hu.s3.amazonaws.com\/uploads\/2025\/10\/tatar-gyorgy-BLOG-pic-1190x750-KIEMELT-CIKK.jpg\",\"contentUrl\":\"https:\/\/minicrm-wp-hu.s3.amazonaws.com\/uploads\/2025\/10\/tatar-gyorgy-BLOG-pic-1190x750-KIEMELT-CIKK.jpg\",\"width\":1270,\"height\":570,\"caption\":\"C\u00e9g\u00e9p\u00edt\u0151k - Tat\u00e1r Gy\u00f6rgy\"},{\"@type\":\"BreadcrumbList\",\"@id\":\"https:\/\/www.minicrm.hu\/blog\/2025\/10-22\/cegepitok-tatar-gyorgy-hotelpremio-group\/#breadcrumb\",\"itemListElement\":[{\"@type\":\"ListItem\",\"position\":1,\"name\":\"Home\",\"item\":\"https:\/\/www.minicrm.hu\/blog\/\"},{\"@type\":\"ListItem\",\"position\":2,\"name\":\"A COVID alatt nulla, m\u00e1ra 3 milli\u00e1rd forint a bev\u00e9tel &#8211; Tat\u00e1r Gy\u00f6rgy, HotelPremio Group\"}]},{\"@type\":\"WebSite\",\"@id\":\"https:\/\/www.minicrm.hu\/blog\/#website\",\"url\":\"https:\/\/www.minicrm.hu\/blog\/\",\"name\":\"MiniCRM Blog\",\"description\":\"CRM Blog\",\"publisher\":{\"@id\":\"https:\/\/www.minicrm.hu\/blog\/#organization\"},\"potentialAction\":[{\"@type\":\"SearchAction\",\"target\":{\"@type\":\"EntryPoint\",\"urlTemplate\":\"https:\/\/www.minicrm.hu\/blog\/?s={search_term_string}\"},\"query-input\":{\"@type\":\"PropertyValueSpecification\",\"valueRequired\":true,\"valueName\":\"search_term_string\"}}],\"inLanguage\":\"hu\"},{\"@type\":\"Organization\",\"@id\":\"https:\/\/www.minicrm.hu\/blog\/#organization\",\"name\":\"MiniCRM Blog\",\"url\":\"https:\/\/www.minicrm.hu\/blog\/\",\"logo\":{\"@type\":\"ImageObject\",\"inLanguage\":\"hu\",\"@id\":\"https:\/\/www.minicrm.hu\/blog\/#\/schema\/logo\/image\/\",\"url\":\"https:\/\/minicrm-wp-hu.s3.amazonaws.com\/uploads\/2021\/04\/cropped-MC-logo-Blog-2021_G-Dark.png\",\"contentUrl\":\"https:\/\/minicrm-wp-hu.s3.amazonaws.com\/uploads\/2021\/04\/cropped-MC-logo-Blog-2021_G-Dark.png\",\"width\":91,\"height\":89,\"caption\":\"MiniCRM Blog\"},\"image\":{\"@id\":\"https:\/\/www.minicrm.hu\/blog\/#\/schema\/logo\/image\/\"}},{\"@type\":\"Person\",\"@id\":\"https:\/\/www.minicrm.hu\/blog\/#\/schema\/person\/f42c3023cd3a47a98325aacebe2f9b0f\",\"name\":\"\u00c1kos Szelle\",\"image\":{\"@type\":\"ImageObject\",\"inLanguage\":\"hu\",\"@id\":\"https:\/\/www.minicrm.hu\/blog\/#\/schema\/person\/image\/\",\"url\":\"https:\/\/secure.gravatar.com\/avatar\/1fbb57b94a6bbc5512792922a0c62637a1cbf53175f9d92f26edd00dbac8a4f6?s=96&r=g\",\"contentUrl\":\"https:\/\/secure.gravatar.com\/avatar\/1fbb57b94a6bbc5512792922a0c62637a1cbf53175f9d92f26edd00dbac8a4f6?s=96&r=g\",\"caption\":\"\u00c1kos Szelle\"},\"url\":\"\"}]}<\/script>\n<!-- \/ Yoast SEO plugin. -->","yoast_head_json":{"title":"A COVID alatt nulla, m\u00e1ra 3 milli\u00e1rd forint a bev\u00e9tel - Tat\u00e1r Gy\u00f6rgy,","description":"Hallgasd meg Tat\u00e1r Gy\u00f6rgy\u00f6t a C\u00e9g\u00e9p\u00edt\u0151k Podcastben, \u00e9s tudd meg, hogyan lehet stabil c\u00e9get \u00e9p\u00edteni, ami a legnagyobb v\u00e1ls\u00e1gokat is t\u00fal\u00e9li!","robots":{"index":"index","follow":"follow","max-snippet":"max-snippet:-1","max-image-preview":"max-image-preview:large","max-video-preview":"max-video-preview:-1"},"canonical":"https:\/\/www.minicrm.hu\/blog\/2025\/10-22\/cegepitok-tatar-gyorgy-hotelpremio-group\/","og_locale":"hu_HU","og_type":"article","og_title":"A COVID alatt nulla, m\u00e1ra 3 milli\u00e1rd forint a bev\u00e9tel - Tat\u00e1r Gy\u00f6rgy,","og_description":"Hallgasd meg Tat\u00e1r Gy\u00f6rgy\u00f6t a C\u00e9g\u00e9p\u00edt\u0151k Podcastben, \u00e9s tudd meg, hogyan lehet stabil c\u00e9get \u00e9p\u00edteni, ami a legnagyobb v\u00e1ls\u00e1gokat is t\u00fal\u00e9li!","og_url":"https:\/\/www.minicrm.hu\/blog\/2025\/10-22\/cegepitok-tatar-gyorgy-hotelpremio-group\/","og_site_name":"MiniCRM Blog","article_published_time":"2025-10-22T08:20:06+00:00","og_image":[{"width":1270,"height":570,"url":"https:\/\/minicrm-wp-hu.s3.amazonaws.com\/uploads\/2025\/10\/tatar-gyorgy-BLOG-pic-1190x750-KIEMELT-CIKK.jpg","type":"image\/jpeg"}],"author":"\u00c1kos Szelle","twitter_misc":{"Szerz\u0151:":"MiniCRM","Becs\u00fclt olvas\u00e1si id\u0151":"3 perc"},"schema":{"@context":"https:\/\/schema.org","@graph":[{"@type":"Article","@id":"https:\/\/www.minicrm.hu\/blog\/2025\/10-22\/cegepitok-tatar-gyorgy-hotelpremio-group\/#article","isPartOf":{"@id":"https:\/\/www.minicrm.hu\/blog\/2025\/10-22\/cegepitok-tatar-gyorgy-hotelpremio-group\/"},"author":{"name":"\u00c1kos Szelle","@id":"https:\/\/www.minicrm.hu\/blog\/#\/schema\/person\/f42c3023cd3a47a98325aacebe2f9b0f"},"headline":"A COVID alatt nulla, m\u00e1ra 3 milli\u00e1rd forint a bev\u00e9tel &#8211; Tat\u00e1r Gy\u00f6rgy, HotelPremio Group","datePublished":"2025-10-22T08:20:06+00:00","mainEntityOfPage":{"@id":"https:\/\/www.minicrm.hu\/blog\/2025\/10-22\/cegepitok-tatar-gyorgy-hotelpremio-group\/"},"wordCount":595,"publisher":{"@id":"https:\/\/www.minicrm.hu\/blog\/#organization"},"image":{"@id":"https:\/\/www.minicrm.hu\/blog\/2025\/10-22\/cegepitok-tatar-gyorgy-hotelpremio-group\/#primaryimage"},"thumbnailUrl":"https:\/\/minicrm-wp-hu.s3.amazonaws.com\/uploads\/2025\/10\/tatar-gyorgy-BLOG-pic-1190x750-KIEMELT-CIKK.jpg","keywords":["bev\u00e9teln\u00f6vel\u0151 tippek","c\u00e9g\u00e9p\u00edt\u0151k","Interj\u00fa","podcast","vend\u00e9gl\u00e1t\u00e1s"],"articleSection":["Podcast"],"inLanguage":"hu"},{"@type":"WebPage","@id":"https:\/\/www.minicrm.hu\/blog\/2025\/10-22\/cegepitok-tatar-gyorgy-hotelpremio-group\/","url":"https:\/\/www.minicrm.hu\/blog\/2025\/10-22\/cegepitok-tatar-gyorgy-hotelpremio-group\/","name":"A COVID alatt nulla, m\u00e1ra 3 milli\u00e1rd forint a bev\u00e9tel - Tat\u00e1r Gy\u00f6rgy,","isPartOf":{"@id":"https:\/\/www.minicrm.hu\/blog\/#website"},"primaryImageOfPage":{"@id":"https:\/\/www.minicrm.hu\/blog\/2025\/10-22\/cegepitok-tatar-gyorgy-hotelpremio-group\/#primaryimage"},"image":{"@id":"https:\/\/www.minicrm.hu\/blog\/2025\/10-22\/cegepitok-tatar-gyorgy-hotelpremio-group\/#primaryimage"},"thumbnailUrl":"https:\/\/minicrm-wp-hu.s3.amazonaws.com\/uploads\/2025\/10\/tatar-gyorgy-BLOG-pic-1190x750-KIEMELT-CIKK.jpg","datePublished":"2025-10-22T08:20:06+00:00","description":"Hallgasd meg Tat\u00e1r Gy\u00f6rgy\u00f6t a C\u00e9g\u00e9p\u00edt\u0151k Podcastben, \u00e9s tudd meg, hogyan lehet stabil c\u00e9get \u00e9p\u00edteni, ami a legnagyobb v\u00e1ls\u00e1gokat is t\u00fal\u00e9li!","breadcrumb":{"@id":"https:\/\/www.minicrm.hu\/blog\/2025\/10-22\/cegepitok-tatar-gyorgy-hotelpremio-group\/#breadcrumb"},"inLanguage":"hu","potentialAction":[{"@type":"ReadAction","target":["https:\/\/www.minicrm.hu\/blog\/2025\/10-22\/cegepitok-tatar-gyorgy-hotelpremio-group\/"]}]},{"@type":"ImageObject","inLanguage":"hu","@id":"https:\/\/www.minicrm.hu\/blog\/2025\/10-22\/cegepitok-tatar-gyorgy-hotelpremio-group\/#primaryimage","url":"https:\/\/minicrm-wp-hu.s3.amazonaws.com\/uploads\/2025\/10\/tatar-gyorgy-BLOG-pic-1190x750-KIEMELT-CIKK.jpg","contentUrl":"https:\/\/minicrm-wp-hu.s3.amazonaws.com\/uploads\/2025\/10\/tatar-gyorgy-BLOG-pic-1190x750-KIEMELT-CIKK.jpg","width":1270,"height":570,"caption":"C\u00e9g\u00e9p\u00edt\u0151k - Tat\u00e1r Gy\u00f6rgy"},{"@type":"BreadcrumbList","@id":"https:\/\/www.minicrm.hu\/blog\/2025\/10-22\/cegepitok-tatar-gyorgy-hotelpremio-group\/#breadcrumb","itemListElement":[{"@type":"ListItem","position":1,"name":"Home","item":"https:\/\/www.minicrm.hu\/blog\/"},{"@type":"ListItem","position":2,"name":"A COVID alatt nulla, m\u00e1ra 3 milli\u00e1rd forint a bev\u00e9tel &#8211; Tat\u00e1r Gy\u00f6rgy, HotelPremio Group"}]},{"@type":"WebSite","@id":"https:\/\/www.minicrm.hu\/blog\/#website","url":"https:\/\/www.minicrm.hu\/blog\/","name":"MiniCRM Blog","description":"CRM Blog","publisher":{"@id":"https:\/\/www.minicrm.hu\/blog\/#organization"},"potentialAction":[{"@type":"SearchAction","target":{"@type":"EntryPoint","urlTemplate":"https:\/\/www.minicrm.hu\/blog\/?s={search_term_string}"},"query-input":{"@type":"PropertyValueSpecification","valueRequired":true,"valueName":"search_term_string"}}],"inLanguage":"hu"},{"@type":"Organization","@id":"https:\/\/www.minicrm.hu\/blog\/#organization","name":"MiniCRM Blog","url":"https:\/\/www.minicrm.hu\/blog\/","logo":{"@type":"ImageObject","inLanguage":"hu","@id":"https:\/\/www.minicrm.hu\/blog\/#\/schema\/logo\/image\/","url":"https:\/\/minicrm-wp-hu.s3.amazonaws.com\/uploads\/2021\/04\/cropped-MC-logo-Blog-2021_G-Dark.png","contentUrl":"https:\/\/minicrm-wp-hu.s3.amazonaws.com\/uploads\/2021\/04\/cropped-MC-logo-Blog-2021_G-Dark.png","width":91,"height":89,"caption":"MiniCRM Blog"},"image":{"@id":"https:\/\/www.minicrm.hu\/blog\/#\/schema\/logo\/image\/"}},{"@type":"Person","@id":"https:\/\/www.minicrm.hu\/blog\/#\/schema\/person\/f42c3023cd3a47a98325aacebe2f9b0f","name":"\u00c1kos Szelle","image":{"@type":"ImageObject","inLanguage":"hu","@id":"https:\/\/www.minicrm.hu\/blog\/#\/schema\/person\/image\/","url":"https:\/\/secure.gravatar.com\/avatar\/1fbb57b94a6bbc5512792922a0c62637a1cbf53175f9d92f26edd00dbac8a4f6?s=96&r=g","contentUrl":"https:\/\/secure.gravatar.com\/avatar\/1fbb57b94a6bbc5512792922a0c62637a1cbf53175f9d92f26edd00dbac8a4f6?s=96&r=g","caption":"\u00c1kos Szelle"},"url":""}]}},"_links":{"self":[{"href":"https:\/\/www.minicrm.hu\/blog\/wp-json\/wp\/v2\/posts\/21302","targetHints":{"allow":["GET"]}}],"collection":[{"href":"https:\/\/www.minicrm.hu\/blog\/wp-json\/wp\/v2\/posts"}],"about":[{"href":"https:\/\/www.minicrm.hu\/blog\/wp-json\/wp\/v2\/types\/post"}],"author":[{"embeddable":true,"href":"https:\/\/www.minicrm.hu\/blog\/wp-json\/wp\/v2\/users\/75"}],"replies":[{"embeddable":true,"href":"https:\/\/www.minicrm.hu\/blog\/wp-json\/wp\/v2\/comments?post=21302"}],"version-history":[{"count":2,"href":"https:\/\/www.minicrm.hu\/blog\/wp-json\/wp\/v2\/posts\/21302\/revisions"}],"predecessor-version":[{"id":21309,"href":"https:\/\/www.minicrm.hu\/blog\/wp-json\/wp\/v2\/posts\/21302\/revisions\/21309"}],"wp:featuredmedia":[{"embeddable":true,"href":"https:\/\/www.minicrm.hu\/blog\/wp-json\/wp\/v2\/media\/21304"}],"wp:attachment":[{"href":"https:\/\/www.minicrm.hu\/blog\/wp-json\/wp\/v2\/media?parent=21302"}],"wp:term":[{"taxonomy":"category","embeddable":true,"href":"https:\/\/www.minicrm.hu\/blog\/wp-json\/wp\/v2\/categories?post=21302"},{"taxonomy":"post_tag","embeddable":true,"href":"https:\/\/www.minicrm.hu\/blog\/wp-json\/wp\/v2\/tags?post=21302"}],"curies":[{"name":"wp","href":"https:\/\/api.w.org\/{rel}","templated":true}]}}