

{"id":7527,"date":"2014-07-28T17:09:52","date_gmt":"2014-07-28T15:09:52","guid":{"rendered":"https:\/\/www.minicrm.hu\/?p=7527"},"modified":"2014-09-03T21:53:21","modified_gmt":"2014-09-03T19:53:21","slug":"6-nonverbalis-trukk-weboldalunkhoz","status":"publish","type":"post","link":"https:\/\/www.minicrm.hu\/blog\/2014\/07-28\/6-nonverbalis-trukk-weboldalunkhoz\/","title":{"rendered":"6 nonverb\u00e1lis tr\u00fckk a weboldalunkhoz"},"content":{"rendered":"<p>Egy weboldalnak 0.05 m\u00e1sodperce van arra, hogy j\u00f3 \u201eels\u0151 benyom\u00e1st\u201d tegyen a l\u00e1togat\u00f3ra. Igen, itt m\u00e9g k\u00f6zel sincs tartalmi elem, csak \u00e9s kiz\u00e1r\u00f3lag a l\u00e1tv\u00e1ny, ami kommunik\u00e1ci\u00f3s szempontb\u00f3l a nem verb\u00e1lis szintet jelenti.<\/p>\n<p>Ahogy az ember \u00e9s ember k\u00f6z\u00f6tt, \u00fagy egy weboldal \u00e9s egy ember k\u00f6z\u00f6tt is t\u00f6rt\u00e9nik nonverb\u00e1lis (azaz nem sz\u00f3ban kimondott) interakci\u00f3, kommunik\u00e1ci\u00f3. Az els\u0151 benyom\u00e1s magasan a leger\u0151sebb, szinte teljes m\u00e9rt\u00e9kben meghat\u00e1rozza a kapcsolat kimenetel\u00e9t \u00e9s skatuly\u00e1j\u00e1t (egy weboldal \u00e9s az ember k\u00f6z\u00f6tt er\u0151s id\u00e9z\u0151jellel).<\/p>\n<p>Milyen eszk\u00f6zeink lehetnek a tartalmon k\u00edv\u00fcl, melyek el\u00e9g er\u0151sek ahhoz, hogy ilyen hamar pozit\u00edv attit\u0171d\u00f6t teremtsenek a l\u00e1togat\u00f3ban? A nonverb\u00e1lis, tudat alatti, nem kimondott, azaz nem le\u00edrt tartalmi elemek.<\/p>\n<p><strong>Egy klasszikus: hova n\u00e9z a felhaszn\u00e1l\u00f3?<\/strong><\/p>\n<p>Ahhoz, hogy a legjobb tartalmunkat a lehet\u0151 legjobb \u00e9s \u201elegel\u0151kel\u0151bb\u201d helyre tudjuk kihelyezni, ismern\u00fcnk kell azt a t\u00e9nyt, hogy egy user hova is tekint weboldalunkon. Ismert \u00e9s elterjedt az a kutat\u00e1si eredm\u00e9ny, mely rengeteg meger\u0151s\u00edt\u00e9s ut\u00e1n t\u00e9nyk\u00e9nt kezelend\u0151: a felhaszn\u00e1l\u00f3k \u201eF\u201d alakot k\u00f6vetve, balr\u00f3l jobbra olvass\u00e1k el a weboldalakat.<\/p>\n<div id=\"attachment_6987\" style=\"width: 490px\" class=\"wp-caption aligncenter\"><a href=\"https:\/\/minicrm-wp-hu.s3.amazonaws.com\/uploads\/2014\/04\/f-pattern_3.jpg\"><img loading=\"lazy\" decoding=\"async\" aria-describedby=\"caption-attachment-6987\" onerror=\"this.src='https:\/\/minicrm-wp-hu.s3.amazonaws.com\/uploads\/2021\/04\/MC_logo_2021_G-Dark.svg'\" class=\"size-full wp-image-6987\" src=\"https:\/\/minicrm-wp-hu.s3.amazonaws.com\/uploads\/2014\/04\/f-pattern_3.jpg\" alt=\"\u00cdme 6 nonverb\u00e1lis tr\u00fckk, mellyel jav\u00edthatjuk weboldalunk teljes\u00edtm\u00e9ny\u00e9t.\" width=\"480\" height=\"317\" srcset=\"https:\/\/minicrm-wp-hu.s3.amazonaws.com\/uploads\/2014\/04\/f-pattern_3.jpg 480w, https:\/\/minicrm-wp-hu.s3.amazonaws.com\/uploads\/2014\/04\/f-pattern_3-300x198.jpg 300w, https:\/\/minicrm-wp-hu.s3.amazonaws.com\/uploads\/2014\/04\/f-pattern_3-454x300.jpg 454w\" sizes=\"auto, (max-width: 480px) 100vw, 480px\" \/><\/a><p id=\"caption-attachment-6987\" class=\"wp-caption-text\">A h\u00edres F forma<\/p><\/div>\n<p>Ezt a vizsg\u00e1latot k\u00fcl\u00f6nb\u00f6z\u0151 h\u0151t\u00e9rk\u00e9pes megold\u00e1ssal m\u00e9rt\u00e9k \u00e9s az egyik alapt\u00e9zis a weboldalak tervez\u00e9s\u00e9nek. A balr\u00f3l-jobbra halad\u00e1st pedig <a href=\"https:\/\/www.minicrm.hu\/blog\/2014\/04-17\/het-eyetracking-teny-hova-neznek-egy-weboldalon\/\" target=\"_blank\">m\u00e1r mi is meg\u00edrtuk<\/a>, a bal oldalra elhelyezett tartalmat jelent\u0151s m\u00e9rt\u00e9kben nagyobb figyelem \u00f6vezi, mint a jobb oldalit.<\/p>\n<p>Gy\u0151z\u0151dj\u00fcnk meg r\u00f3la, hogy a header r\u00e9szbe \u00e9s k\u00f6zvetlen al\u00e1 helyezz\u00fck el a l\u00e9nyegi tartalmakat!<\/p>\n<p><strong>Alak\u00edtsunk ki bizalmat, nonverb\u00e1lis eszk\u00f6z\u00f6kkel<\/strong><\/p>\n<p>Erre a legegyszer\u0171bb m\u00f3d, hogy az \u00e1ltalunk a honlapra kitett k\u00e9peket, portr\u00e9kat \u00fajra \u00e1tgondoljuk \u00e9s g\u00f3rcs\u0151 al\u00e1 vessz\u00fck. Mi szerint? Az egyik legismertebb metakommunik\u00e1ci\u00f3s t\u00e9ny a bizalom ki\u00e9p\u00edt\u00e9s\u00e9vel kapcsolatos: k\u00e9t f\u00e9l k\u00f6z\u00f6tti interakci\u00f3 alatt a testbesz\u00e9d egyik legjellemz\u0151bb bizalmi indik\u00e1tora a teny\u00e9r megmutat\u00e1sa.<\/p>\n<p>Amikor az egyik f\u00e9l a tenyer\u00e9t mutatja, akkor tudat alatt azt pr\u00f3b\u00e1lja kifejezni, hogy nincs rejtegetni val\u00f3ja.<\/p>\n<div id=\"attachment_7528\" style=\"width: 677px\" class=\"wp-caption aligncenter\"><a href=\"https:\/\/minicrm-wp-hu.s3.amazonaws.com\/uploads\/2014\/07\/shutterstock_180350624.jpg\"><img loading=\"lazy\" decoding=\"async\" aria-describedby=\"caption-attachment-7528\" onerror=\"this.src='https:\/\/minicrm-wp-hu.s3.amazonaws.com\/uploads\/2021\/04\/MC_logo_2021_G-Dark.svg'\" class=\" wp-image-7528\" src=\"https:\/\/minicrm-wp-hu.s3.amazonaws.com\/uploads\/2014\/07\/shutterstock_180350624.jpg\" alt=\"\u00cdme 6 nonverb\u00e1lis tr\u00fckk, mellyel jav\u00edthatjuk weboldalunk teljes\u00edtm\u00e9ny\u00e9t.\" width=\"667\" height=\"408\" srcset=\"https:\/\/minicrm-wp-hu.s3.amazonaws.com\/uploads\/2014\/07\/shutterstock_180350624.jpg 1000w, https:\/\/minicrm-wp-hu.s3.amazonaws.com\/uploads\/2014\/07\/shutterstock_180350624-300x184.jpg 300w, https:\/\/minicrm-wp-hu.s3.amazonaws.com\/uploads\/2014\/07\/shutterstock_180350624-657x402.jpg 657w, https:\/\/minicrm-wp-hu.s3.amazonaws.com\/uploads\/2014\/07\/shutterstock_180350624-490x300.jpg 490w\" sizes=\"auto, (max-width: 667px) 100vw, 667px\" \/><\/a><p id=\"caption-attachment-7528\" class=\"wp-caption-text\">Teny\u00e9r, a bizalom jele<\/p><\/div>\n<p>Keress\u00fcnk olyan stockfot\u00f3kat, portr\u00e9kat, ahol a modell tenyere is l\u00e1tszik, magunk is \u00e9rezni fogjuk, hogy a \u201ebizalmi faktor\u201d magasabbra n\u0151tt.<\/p>\n<p>Alapvet\u0151en \u00e9rdemes \u00fajravizsg\u00e1lni minden stockfot\u00f3t a webolalunkon, biztosan pozit\u00edv attit\u0171d\u00f6t keltenek? Megfelel\u0151 modelleket v\u00e1lasztottunk? \u00dcgyelj\u00fcnk a modellek testbesz\u00e9dj\u00e9re, kar, k\u00e9z, teny\u00e9r, arcmimika \u00e9s mosoly, ezek az elemek befoly\u00e1solj\u00e1k legink\u00e1bb a pozit\u00edv vagy negat\u00edv hat\u00e1st a vev\u0151 f\u00e9lben.<\/p>\n<p><strong>Ir\u00e1ny\u00edtsuk a figyelmet<\/strong><\/p>\n<p>Ha siker\u00fclt el\u00e9rn\u00fcnk, hogy a honlapunkra \u00e9rkez\u0151k els\u0151 benyom\u00e1s\u00e1t pozit\u00edvv\u00e1 alak\u00edtottuk, akkor m\u00e1r csak azt kell el\u00e9rn\u00fcnk, hogy az \u00e1ltalunk kit\u0171z\u00f6tt ir\u00e1nyba haladjanak tov\u00e1bb (vagy azt a c\u00e9lt \u00e9rj\u00e9k el).<\/p>\n<div id=\"attachment_7529\" style=\"width: 607px\" class=\"wp-caption aligncenter\"><a href=\"https:\/\/minicrm-wp-hu.s3.amazonaws.com\/uploads\/2014\/07\/shutterstock_161958980.jpg\"><img loading=\"lazy\" decoding=\"async\" aria-describedby=\"caption-attachment-7529\" onerror=\"this.src='https:\/\/minicrm-wp-hu.s3.amazonaws.com\/uploads\/2021\/04\/MC_logo_2021_G-Dark.svg'\" class=\" wp-image-7529\" src=\"https:\/\/minicrm-wp-hu.s3.amazonaws.com\/uploads\/2014\/07\/shutterstock_161958980.jpg\" alt=\"\u00cdme 6 nonverb\u00e1lis tr\u00fckk, mellyel jav\u00edthatjuk weboldalunk teljes\u00edtm\u00e9ny\u00e9t.\" width=\"597\" height=\"398\" srcset=\"https:\/\/minicrm-wp-hu.s3.amazonaws.com\/uploads\/2014\/07\/shutterstock_161958980.jpg 1000w, https:\/\/minicrm-wp-hu.s3.amazonaws.com\/uploads\/2014\/07\/shutterstock_161958980-300x200.jpg 300w, https:\/\/minicrm-wp-hu.s3.amazonaws.com\/uploads\/2014\/07\/shutterstock_161958980-603x402.jpg 603w, https:\/\/minicrm-wp-hu.s3.amazonaws.com\/uploads\/2014\/07\/shutterstock_161958980-450x300.jpg 450w\" sizes=\"auto, (max-width: 597px) 100vw, 597px\" \/><\/a><p id=\"caption-attachment-7529\" class=\"wp-caption-text\">Egy CTA gomb bal oldalra?<\/p><\/div>\n<p>Ehhez szint\u00e9n ny\u00falhatunk a testbesz\u00e9d eszk\u00f6zeihez, amennyiben \u00fajra embert, szem\u00e9lyt \u00e1br\u00e1zol\u00f3 k\u00e9pet v\u00e1lasztunk, mint diz\u00e1jnelem:<\/p>\n<p>Ha egy k\u00e9p, melyen a modell k\u00e9zmozdulata, mutat\u00e1sa a CTA fel\u00e9 ir\u00e1nyul, k\u00f6nnyed\u00e9n s\u00falyos (\u00e9s \u00e9rt\u00e9kes) sz\u00e1zal\u00e9kokkal n\u00f6velheti meg a konverzi\u00f3s vagy kattint\u00e1si eredm\u00e9nyeket. Hasonl\u00f3an ir\u00e1ny\u00edthatjuk a halad\u00e1st enn\u00e9l finomabb eszk\u00f6zzel is. Pl. scrolloz\u00e1sra \u00f6szt\u00f6n\u00f6zhetj\u00fck a l\u00e1togat\u00f3kat, ha egy k\u00f6zeli portr\u00e9n szerepl\u0151 modell arca lefel\u00e9 n\u00e9z sejtelmesen, azt sugallva, hogy lentebb valami izgalmas, \u00e9rt\u00e9kes tal\u00e1lhat\u00f3.<\/p>\n<p><strong>Oda f\u00f3kusz\u00e1ljunk, ahova a l\u00e1togat\u00f3k is<\/strong><\/p>\n<p>Fentebb is eml\u00edtett\u00fck m\u00e1r az eye-tracking h\u0151t\u00e9rk\u00e9pes vizsg\u00e1latok eredm\u00e9nyeit. Dr. Hong Seng kutat\u00f3 kapcsol\u00f3d\u00f3 \u00e9s igen \u00f6sszefog\u00f3 anyaga a k\u00f6vetkez\u0151 elemeket emeli ki, melyek a weboldalak legink\u00e1bb figyelemmel \u00f6vezett ter\u00fcletei:<\/p>\n<p>1. log\u00f3<br \/>\n2. navig\u00e1ci\u00f3<br \/>\n3. keres\u00e9s<br \/>\n4. header k\u00e9p<br \/>\n5. \u00edrott sz\u00f6veg<br \/>\n6. weboldal footer<\/p>\n<p>Koncentr\u00e1ljunk mi is ezekre a ter\u00fcletekre \u00e9s e szerint alak\u00edtsuk a prior\u00edt\u00e1sokat. T\u00f6k\u00e9letes\u00edts\u00fck \u0151ket \u00e9s tesztelj\u00fcnk folyamatosan, hogy jobb \u00e9s jobb eredm\u00e9nyeket \u00e9rj\u00fcnk el.<\/p>\n<p><strong>Azok a sz\u00ednek<\/strong><\/p>\n<p>Bizony\u00e1ra olvas\u00f3ink t\u00f6bbs\u00e9ge is tiszt\u00e1ban van vele, hogy a sz\u00ednek er\u0151s pszichol\u00f3giai jelent\u00e9ssel b\u00edrnak. \u00c9ppen ez\u00e9rt kor\u00e1nt sem mindegy, hogy a weboldalunkon melyek a domin\u00e1l\u00f3 sz\u00ednek. Fontos megjegyezni, hogy m\u00e1r a log\u00f3nk \u00e9s arculatunk tervez\u00e9sekor is meg kell gondolnunk, hogy mik lesznek az alapsz\u00edneink, hiszen azok v\u00e9gig vezetni \u00e9s alak\u00edtani fogj\u00e1k a r\u00f3lunk kialak\u00edtott, sz\u00ednek \u00e1ltal keltett attit\u0171d\u00f6t.<\/p>\n<div id=\"attachment_7530\" style=\"width: 585px\" class=\"wp-caption aligncenter\"><a href=\"https:\/\/minicrm-wp-hu.s3.amazonaws.com\/uploads\/2014\/07\/shutterstock_112663169.jpg\"><img loading=\"lazy\" decoding=\"async\" aria-describedby=\"caption-attachment-7530\" onerror=\"this.src='https:\/\/minicrm-wp-hu.s3.amazonaws.com\/uploads\/2021\/04\/MC_logo_2021_G-Dark.svg'\" class=\" wp-image-7530\" src=\"https:\/\/minicrm-wp-hu.s3.amazonaws.com\/uploads\/2014\/07\/shutterstock_112663169.jpg\" alt=\"\u00cdme 6 nonverb\u00e1lis tr\u00fckk, mellyel jav\u00edthatjuk weboldalunk teljes\u00edtm\u00e9ny\u00e9t.\" width=\"575\" height=\"432\" srcset=\"https:\/\/minicrm-wp-hu.s3.amazonaws.com\/uploads\/2014\/07\/shutterstock_112663169.jpg 1000w, https:\/\/minicrm-wp-hu.s3.amazonaws.com\/uploads\/2014\/07\/shutterstock_112663169-300x225.jpg 300w, https:\/\/minicrm-wp-hu.s3.amazonaws.com\/uploads\/2014\/07\/shutterstock_112663169-536x402.jpg 536w, https:\/\/minicrm-wp-hu.s3.amazonaws.com\/uploads\/2014\/07\/shutterstock_112663169-400x300.jpg 400w\" sizes=\"auto, (max-width: 575px) 100vw, 575px\" \/><\/a><p id=\"caption-attachment-7530\" class=\"wp-caption-text\">A sz\u00edneknek sz\u00e1mos jelent\u00e9se van<\/p><\/div>\n<p>N\u00e9h\u00e1ny p\u00e9lda a legink\u00e1bb elterjedt meghat\u00e1roz\u00e1sokkal:<\/p>\n<ul>\n<li>K\u00e9k: lojalit\u00e1s, stabilit\u00e1s, megb\u00edzhat\u00f3s\u00e1g<\/li>\n<li>S\u00e1rga: boldogs\u00e1g, optimizmus, fiatals\u00e1g<\/li>\n<li>Z\u00f6ld: sikeress\u00e9g, rem\u00e9ny, boldogs\u00e1g<\/li>\n<li>Fekete: er\u0151, misztikuss\u00e1g, professzionalist\u00e1s<\/li>\n<li>Feh\u00e9r: letisztults\u00e1g, tisztas\u00e1g<\/li>\n<li>Piros: elhivatotts\u00e1g, szexualit\u00e1s, \u00e9rz\u00e9kenys\u00e9g, intimit\u00e1s<\/li>\n<li>Narancss\u00e1rga: energikuss\u00e1g, m\u00f3ka<\/li>\n<\/ul>\n<p><strong>A KISS m\u00f3dszer<\/strong><\/p>\n<p>Keep it Simple Stupid, azaz t\u00f6rekedj\u00fcnk az egyszer\u0171s\u00e9gre \u00e9s az \u00e9rthet\u0151s\u00e9gre. Az alapelvet m\u00e9g 1960-ban alkott\u00e1k meg \u00e9s a l\u00e9nyege, hogy minden rendszer akkor m\u0171k\u00f6dik a legjobban, ha a lehet\u0151 legink\u00e1bb a letisztults\u00e1gra \u00e9s egyszer\u0171s\u00e9gre t\u00f6rekszik.<\/p>\n<p>Ez igaz a weboldalunkra is, igyekezz\u00fcnk \u00e1tl\u00e1that\u00f3 tagol\u00e1st, \u00e1tgondolt sz\u00f6vegez\u00e9st \u00e9s megfontolt, metakommunik\u00e1ci\u00f3s szempontb\u00f3l is j\u00f3l m\u0171k\u00f6d\u0151 k\u00e9peket \u00e9s diz\u00e1jn elemeket v\u00e1lasztani.<\/p>\n<p>Mindezekn\u00e9l fontos, hogy hagyjunk \u00fcres tereket a szem \u00e9s a tudat pihentet\u00e9s\u00e9re, maradjunk a term\u00e9k\/szolg\u00e1ltat\u00e1s alaptulajdons\u00e1gainak bemutat\u00e1s\u00e1n\u00e1l, azaz v\u00e9gig igyekezz\u00fcnk egyszer\u0171en prezent\u00e1lni a t\u00e9m\u00e1t.<\/p>\n<p>A fenti, illetve kor\u00e1bbi cikkeinkb\u0151l is kider\u00fclt, hogy mennyi mindenre kell figyeln\u00fcnk, amikor weboldal tervez\u00e9s\u00e9re adjuk a fej\u00fcnket. Ak\u00e1r mi magunk k\u00e9sz\u00edtj\u00fck azt, ak\u00e1r csak \u00f6tletel\u00fcnk megb\u00edz\u00f3k\u00e9nt, \u00e9rdemes az alapt\u00e9zisekkel tiszt\u00e1ban lenni, hiszen fontos sz\u00e1zal\u00e9kokat jelentenek a v\u00e9geredm\u00e9ny eredm\u00e9nyess\u00e9g\u00e9ben.<\/p>\n","protected":false},"excerpt":{"rendered":"<p>Egy weboldalnak 0.05 m\u00e1sodperce van arra, hogy j\u00f3 \u201eels\u0151 benyom\u00e1st\u201d tegyen a l\u00e1togat\u00f3ra. Igen, itt m\u00e9g k\u00f6zel sincs tartalmi elem, csak \u00e9s kiz\u00e1r\u00f3lag a l\u00e1tv\u00e1ny, ami kommunik\u00e1ci\u00f3s szempontb\u00f3l a nem verb\u00e1lis szintet jelenti. Ahogy az ember \u00e9s ember k\u00f6z\u00f6tt, \u00fagy egy weboldal \u00e9s egy ember k\u00f6z\u00f6tt is t\u00f6rt\u00e9nik nonverb\u00e1lis (azaz nem sz\u00f3ban kimondott) interakci\u00f3, kommunik\u00e1ci\u00f3. [&hellip;]<\/p>\n","protected":false},"author":66,"featured_media":7528,"comment_status":"open","ping_status":"closed","sticky":false,"template":"","format":"gallery","meta":{"inline_featured_image":false,"footnotes":""},"categories":[174],"tags":[219],"class_list":["post-7527","post","type-post","status-publish","format-gallery","has-post-thumbnail","hentry","category-marketing","tag-online-marketing","post_format-post-format-gallery"],"yoast_head":"<!-- This site is optimized with the Yoast SEO plugin v27.1.1 - https:\/\/yoast.com\/product\/yoast-seo-wordpress\/ -->\n<title>6 nonverb\u00e1lis tr\u00fckk a weboldalunkhoz<\/title>\n<meta name=\"description\" content=\"\u00cdme 6 nonverb\u00e1lis tr\u00fckk, mellyel jav\u00edthatjuk weboldalunk teljes\u00edtm\u00e9ny\u00e9t.\" \/>\n<meta name=\"robots\" content=\"index, follow, max-snippet:-1, max-image-preview:large, max-video-preview:-1\" \/>\n<link rel=\"canonical\" href=\"https:\/\/www.minicrm.hu\/blog\/2014\/07-28\/6-nonverbalis-trukk-weboldalunkhoz\/\" \/>\n<meta property=\"og:locale\" content=\"hu_HU\" \/>\n<meta property=\"og:type\" content=\"article\" \/>\n<meta property=\"og:title\" content=\"6 nonverb\u00e1lis tr\u00fckk a weboldalunkhoz\" \/>\n<meta property=\"og:description\" content=\"\u00cdme 6 nonverb\u00e1lis tr\u00fckk, mellyel jav\u00edthatjuk weboldalunk teljes\u00edtm\u00e9ny\u00e9t.\" \/>\n<meta property=\"og:url\" content=\"https:\/\/www.minicrm.hu\/blog\/2014\/07-28\/6-nonverbalis-trukk-weboldalunkhoz\/\" \/>\n<meta property=\"og:site_name\" content=\"MiniCRM Blog\" \/>\n<meta property=\"article:published_time\" content=\"2014-07-28T15:09:52+00:00\" \/>\n<meta property=\"article:modified_time\" content=\"2014-09-03T19:53:21+00:00\" \/>\n<meta property=\"og:image\" content=\"https:\/\/minicrm-wp-hu.s3.amazonaws.com\/uploads\/2014\/07\/shutterstock_180350624.jpg\" \/>\n\t<meta property=\"og:image:width\" content=\"1000\" \/>\n\t<meta property=\"og:image:height\" content=\"612\" \/>\n\t<meta property=\"og:image:type\" content=\"image\/jpeg\" \/>\n<meta name=\"author\" content=\"MiniCRM\" \/>\n<meta name=\"twitter:label1\" content=\"Szerz\u0151:\" \/>\n\t<meta name=\"twitter:data1\" content=\"MiniCRM\" \/>\n\t<meta name=\"twitter:label2\" content=\"Becs\u00fclt olvas\u00e1si id\u0151\" \/>\n\t<meta name=\"twitter:data2\" content=\"6 perc\" \/>\n<script type=\"application\/ld+json\" class=\"yoast-schema-graph\">{\"@context\":\"https:\/\/schema.org\",\"@graph\":[{\"@type\":\"Article\",\"@id\":\"https:\/\/www.minicrm.hu\/blog\/2014\/07-28\/6-nonverbalis-trukk-weboldalunkhoz\/#article\",\"isPartOf\":{\"@id\":\"https:\/\/www.minicrm.hu\/blog\/2014\/07-28\/6-nonverbalis-trukk-weboldalunkhoz\/\"},\"author\":{\"name\":\"MiniCRM\",\"@id\":\"https:\/\/www.minicrm.hu\/blog\/#\/schema\/person\/069da389ff66e1b062bfea11f5435219\"},\"headline\":\"6 nonverb\u00e1lis tr\u00fckk a weboldalunkhoz\",\"datePublished\":\"2014-07-28T15:09:52+00:00\",\"dateModified\":\"2014-09-03T19:53:21+00:00\",\"mainEntityOfPage\":{\"@id\":\"https:\/\/www.minicrm.hu\/blog\/2014\/07-28\/6-nonverbalis-trukk-weboldalunkhoz\/\"},\"wordCount\":1154,\"commentCount\":0,\"publisher\":{\"@id\":\"https:\/\/www.minicrm.hu\/blog\/#organization\"},\"image\":{\"@id\":\"https:\/\/www.minicrm.hu\/blog\/2014\/07-28\/6-nonverbalis-trukk-weboldalunkhoz\/#primaryimage\"},\"thumbnailUrl\":\"https:\/\/minicrm-wp-hu.s3.amazonaws.com\/uploads\/2014\/07\/shutterstock_180350624.jpg\",\"keywords\":[\"Online marketing\"],\"articleSection\":[\"Marketing\"],\"inLanguage\":\"hu\",\"potentialAction\":[{\"@type\":\"CommentAction\",\"name\":\"Comment\",\"target\":[\"https:\/\/www.minicrm.hu\/blog\/2014\/07-28\/6-nonverbalis-trukk-weboldalunkhoz\/#respond\"]}]},{\"@type\":\"WebPage\",\"@id\":\"https:\/\/www.minicrm.hu\/blog\/2014\/07-28\/6-nonverbalis-trukk-weboldalunkhoz\/\",\"url\":\"https:\/\/www.minicrm.hu\/blog\/2014\/07-28\/6-nonverbalis-trukk-weboldalunkhoz\/\",\"name\":\"6 nonverb\u00e1lis tr\u00fckk a weboldalunkhoz\",\"isPartOf\":{\"@id\":\"https:\/\/www.minicrm.hu\/blog\/#website\"},\"primaryImageOfPage\":{\"@id\":\"https:\/\/www.minicrm.hu\/blog\/2014\/07-28\/6-nonverbalis-trukk-weboldalunkhoz\/#primaryimage\"},\"image\":{\"@id\":\"https:\/\/www.minicrm.hu\/blog\/2014\/07-28\/6-nonverbalis-trukk-weboldalunkhoz\/#primaryimage\"},\"thumbnailUrl\":\"https:\/\/minicrm-wp-hu.s3.amazonaws.com\/uploads\/2014\/07\/shutterstock_180350624.jpg\",\"datePublished\":\"2014-07-28T15:09:52+00:00\",\"dateModified\":\"2014-09-03T19:53:21+00:00\",\"description\":\"\u00cdme 6 nonverb\u00e1lis tr\u00fckk, mellyel jav\u00edthatjuk weboldalunk teljes\u00edtm\u00e9ny\u00e9t.\",\"breadcrumb\":{\"@id\":\"https:\/\/www.minicrm.hu\/blog\/2014\/07-28\/6-nonverbalis-trukk-weboldalunkhoz\/#breadcrumb\"},\"inLanguage\":\"hu\",\"potentialAction\":[{\"@type\":\"ReadAction\",\"target\":[\"https:\/\/www.minicrm.hu\/blog\/2014\/07-28\/6-nonverbalis-trukk-weboldalunkhoz\/\"]}]},{\"@type\":\"ImageObject\",\"inLanguage\":\"hu\",\"@id\":\"https:\/\/www.minicrm.hu\/blog\/2014\/07-28\/6-nonverbalis-trukk-weboldalunkhoz\/#primaryimage\",\"url\":\"https:\/\/minicrm-wp-hu.s3.amazonaws.com\/uploads\/2014\/07\/shutterstock_180350624.jpg\",\"contentUrl\":\"https:\/\/minicrm-wp-hu.s3.amazonaws.com\/uploads\/2014\/07\/shutterstock_180350624.jpg\",\"width\":1000,\"height\":612,\"caption\":\"\u00cdme 6 nonverb\u00e1lis tr\u00fckk, mellyel jav\u00edthatjuk weboldalunk teljes\u00edtm\u00e9ny\u00e9t.\"},{\"@type\":\"BreadcrumbList\",\"@id\":\"https:\/\/www.minicrm.hu\/blog\/2014\/07-28\/6-nonverbalis-trukk-weboldalunkhoz\/#breadcrumb\",\"itemListElement\":[{\"@type\":\"ListItem\",\"position\":1,\"name\":\"Home\",\"item\":\"https:\/\/www.minicrm.hu\/blog\/\"},{\"@type\":\"ListItem\",\"position\":2,\"name\":\"6 nonverb\u00e1lis tr\u00fckk a weboldalunkhoz\"}]},{\"@type\":\"WebSite\",\"@id\":\"https:\/\/www.minicrm.hu\/blog\/#website\",\"url\":\"https:\/\/www.minicrm.hu\/blog\/\",\"name\":\"MiniCRM Blog\",\"description\":\"CRM Blog\",\"publisher\":{\"@id\":\"https:\/\/www.minicrm.hu\/blog\/#organization\"},\"potentialAction\":[{\"@type\":\"SearchAction\",\"target\":{\"@type\":\"EntryPoint\",\"urlTemplate\":\"https:\/\/www.minicrm.hu\/blog\/?s={search_term_string}\"},\"query-input\":{\"@type\":\"PropertyValueSpecification\",\"valueRequired\":true,\"valueName\":\"search_term_string\"}}],\"inLanguage\":\"hu\"},{\"@type\":\"Organization\",\"@id\":\"https:\/\/www.minicrm.hu\/blog\/#organization\",\"name\":\"MiniCRM Blog\",\"url\":\"https:\/\/www.minicrm.hu\/blog\/\",\"logo\":{\"@type\":\"ImageObject\",\"inLanguage\":\"hu\",\"@id\":\"https:\/\/www.minicrm.hu\/blog\/#\/schema\/logo\/image\/\",\"url\":\"https:\/\/minicrm-wp-hu.s3.amazonaws.com\/uploads\/2021\/04\/cropped-MC-logo-Blog-2021_G-Dark.png\",\"contentUrl\":\"https:\/\/minicrm-wp-hu.s3.amazonaws.com\/uploads\/2021\/04\/cropped-MC-logo-Blog-2021_G-Dark.png\",\"width\":91,\"height\":89,\"caption\":\"MiniCRM Blog\"},\"image\":{\"@id\":\"https:\/\/www.minicrm.hu\/blog\/#\/schema\/logo\/image\/\"}},{\"@type\":\"Person\",\"@id\":\"https:\/\/www.minicrm.hu\/blog\/#\/schema\/person\/069da389ff66e1b062bfea11f5435219\",\"name\":\"MiniCRM\",\"image\":{\"@type\":\"ImageObject\",\"inLanguage\":\"hu\",\"@id\":\"https:\/\/www.minicrm.hu\/blog\/#\/schema\/person\/image\/\",\"url\":\"https:\/\/secure.gravatar.com\/avatar\/dcefd6bba8934b04bb248dd2c1a6d1aefd3e2560e872f17db31afd984ef19a13?s=96&r=g\",\"contentUrl\":\"https:\/\/secure.gravatar.com\/avatar\/dcefd6bba8934b04bb248dd2c1a6d1aefd3e2560e872f17db31afd984ef19a13?s=96&r=g\",\"caption\":\"MiniCRM\"},\"sameAs\":[\"https:\/\/www.minicrm.hu\/\"],\"url\":\"https:\/\/www.minicrm.hu\/blog\/author\/minicrm\/\"}]}<\/script>\n<!-- \/ Yoast SEO plugin. -->","yoast_head_json":{"title":"6 nonverb\u00e1lis tr\u00fckk a weboldalunkhoz","description":"\u00cdme 6 nonverb\u00e1lis tr\u00fckk, mellyel jav\u00edthatjuk weboldalunk teljes\u00edtm\u00e9ny\u00e9t.","robots":{"index":"index","follow":"follow","max-snippet":"max-snippet:-1","max-image-preview":"max-image-preview:large","max-video-preview":"max-video-preview:-1"},"canonical":"https:\/\/www.minicrm.hu\/blog\/2014\/07-28\/6-nonverbalis-trukk-weboldalunkhoz\/","og_locale":"hu_HU","og_type":"article","og_title":"6 nonverb\u00e1lis tr\u00fckk a weboldalunkhoz","og_description":"\u00cdme 6 nonverb\u00e1lis tr\u00fckk, mellyel jav\u00edthatjuk weboldalunk teljes\u00edtm\u00e9ny\u00e9t.","og_url":"https:\/\/www.minicrm.hu\/blog\/2014\/07-28\/6-nonverbalis-trukk-weboldalunkhoz\/","og_site_name":"MiniCRM Blog","article_published_time":"2014-07-28T15:09:52+00:00","article_modified_time":"2014-09-03T19:53:21+00:00","og_image":[{"width":1000,"height":612,"url":"https:\/\/minicrm-wp-hu.s3.amazonaws.com\/uploads\/2014\/07\/shutterstock_180350624.jpg","type":"image\/jpeg"}],"author":"MiniCRM","twitter_misc":{"Szerz\u0151:":"MiniCRM","Becs\u00fclt olvas\u00e1si id\u0151":"6 perc"},"schema":{"@context":"https:\/\/schema.org","@graph":[{"@type":"Article","@id":"https:\/\/www.minicrm.hu\/blog\/2014\/07-28\/6-nonverbalis-trukk-weboldalunkhoz\/#article","isPartOf":{"@id":"https:\/\/www.minicrm.hu\/blog\/2014\/07-28\/6-nonverbalis-trukk-weboldalunkhoz\/"},"author":{"name":"MiniCRM","@id":"https:\/\/www.minicrm.hu\/blog\/#\/schema\/person\/069da389ff66e1b062bfea11f5435219"},"headline":"6 nonverb\u00e1lis tr\u00fckk a weboldalunkhoz","datePublished":"2014-07-28T15:09:52+00:00","dateModified":"2014-09-03T19:53:21+00:00","mainEntityOfPage":{"@id":"https:\/\/www.minicrm.hu\/blog\/2014\/07-28\/6-nonverbalis-trukk-weboldalunkhoz\/"},"wordCount":1154,"commentCount":0,"publisher":{"@id":"https:\/\/www.minicrm.hu\/blog\/#organization"},"image":{"@id":"https:\/\/www.minicrm.hu\/blog\/2014\/07-28\/6-nonverbalis-trukk-weboldalunkhoz\/#primaryimage"},"thumbnailUrl":"https:\/\/minicrm-wp-hu.s3.amazonaws.com\/uploads\/2014\/07\/shutterstock_180350624.jpg","keywords":["Online marketing"],"articleSection":["Marketing"],"inLanguage":"hu","potentialAction":[{"@type":"CommentAction","name":"Comment","target":["https:\/\/www.minicrm.hu\/blog\/2014\/07-28\/6-nonverbalis-trukk-weboldalunkhoz\/#respond"]}]},{"@type":"WebPage","@id":"https:\/\/www.minicrm.hu\/blog\/2014\/07-28\/6-nonverbalis-trukk-weboldalunkhoz\/","url":"https:\/\/www.minicrm.hu\/blog\/2014\/07-28\/6-nonverbalis-trukk-weboldalunkhoz\/","name":"6 nonverb\u00e1lis tr\u00fckk a weboldalunkhoz","isPartOf":{"@id":"https:\/\/www.minicrm.hu\/blog\/#website"},"primaryImageOfPage":{"@id":"https:\/\/www.minicrm.hu\/blog\/2014\/07-28\/6-nonverbalis-trukk-weboldalunkhoz\/#primaryimage"},"image":{"@id":"https:\/\/www.minicrm.hu\/blog\/2014\/07-28\/6-nonverbalis-trukk-weboldalunkhoz\/#primaryimage"},"thumbnailUrl":"https:\/\/minicrm-wp-hu.s3.amazonaws.com\/uploads\/2014\/07\/shutterstock_180350624.jpg","datePublished":"2014-07-28T15:09:52+00:00","dateModified":"2014-09-03T19:53:21+00:00","description":"\u00cdme 6 nonverb\u00e1lis tr\u00fckk, mellyel jav\u00edthatjuk weboldalunk teljes\u00edtm\u00e9ny\u00e9t.","breadcrumb":{"@id":"https:\/\/www.minicrm.hu\/blog\/2014\/07-28\/6-nonverbalis-trukk-weboldalunkhoz\/#breadcrumb"},"inLanguage":"hu","potentialAction":[{"@type":"ReadAction","target":["https:\/\/www.minicrm.hu\/blog\/2014\/07-28\/6-nonverbalis-trukk-weboldalunkhoz\/"]}]},{"@type":"ImageObject","inLanguage":"hu","@id":"https:\/\/www.minicrm.hu\/blog\/2014\/07-28\/6-nonverbalis-trukk-weboldalunkhoz\/#primaryimage","url":"https:\/\/minicrm-wp-hu.s3.amazonaws.com\/uploads\/2014\/07\/shutterstock_180350624.jpg","contentUrl":"https:\/\/minicrm-wp-hu.s3.amazonaws.com\/uploads\/2014\/07\/shutterstock_180350624.jpg","width":1000,"height":612,"caption":"\u00cdme 6 nonverb\u00e1lis tr\u00fckk, mellyel jav\u00edthatjuk weboldalunk teljes\u00edtm\u00e9ny\u00e9t."},{"@type":"BreadcrumbList","@id":"https:\/\/www.minicrm.hu\/blog\/2014\/07-28\/6-nonverbalis-trukk-weboldalunkhoz\/#breadcrumb","itemListElement":[{"@type":"ListItem","position":1,"name":"Home","item":"https:\/\/www.minicrm.hu\/blog\/"},{"@type":"ListItem","position":2,"name":"6 nonverb\u00e1lis tr\u00fckk a weboldalunkhoz"}]},{"@type":"WebSite","@id":"https:\/\/www.minicrm.hu\/blog\/#website","url":"https:\/\/www.minicrm.hu\/blog\/","name":"MiniCRM Blog","description":"CRM Blog","publisher":{"@id":"https:\/\/www.minicrm.hu\/blog\/#organization"},"potentialAction":[{"@type":"SearchAction","target":{"@type":"EntryPoint","urlTemplate":"https:\/\/www.minicrm.hu\/blog\/?s={search_term_string}"},"query-input":{"@type":"PropertyValueSpecification","valueRequired":true,"valueName":"search_term_string"}}],"inLanguage":"hu"},{"@type":"Organization","@id":"https:\/\/www.minicrm.hu\/blog\/#organization","name":"MiniCRM Blog","url":"https:\/\/www.minicrm.hu\/blog\/","logo":{"@type":"ImageObject","inLanguage":"hu","@id":"https:\/\/www.minicrm.hu\/blog\/#\/schema\/logo\/image\/","url":"https:\/\/minicrm-wp-hu.s3.amazonaws.com\/uploads\/2021\/04\/cropped-MC-logo-Blog-2021_G-Dark.png","contentUrl":"https:\/\/minicrm-wp-hu.s3.amazonaws.com\/uploads\/2021\/04\/cropped-MC-logo-Blog-2021_G-Dark.png","width":91,"height":89,"caption":"MiniCRM Blog"},"image":{"@id":"https:\/\/www.minicrm.hu\/blog\/#\/schema\/logo\/image\/"}},{"@type":"Person","@id":"https:\/\/www.minicrm.hu\/blog\/#\/schema\/person\/069da389ff66e1b062bfea11f5435219","name":"MiniCRM","image":{"@type":"ImageObject","inLanguage":"hu","@id":"https:\/\/www.minicrm.hu\/blog\/#\/schema\/person\/image\/","url":"https:\/\/secure.gravatar.com\/avatar\/dcefd6bba8934b04bb248dd2c1a6d1aefd3e2560e872f17db31afd984ef19a13?s=96&r=g","contentUrl":"https:\/\/secure.gravatar.com\/avatar\/dcefd6bba8934b04bb248dd2c1a6d1aefd3e2560e872f17db31afd984ef19a13?s=96&r=g","caption":"MiniCRM"},"sameAs":["https:\/\/www.minicrm.hu\/"],"url":"https:\/\/www.minicrm.hu\/blog\/author\/minicrm\/"}]}},"_links":{"self":[{"href":"https:\/\/www.minicrm.hu\/blog\/wp-json\/wp\/v2\/posts\/7527","targetHints":{"allow":["GET"]}}],"collection":[{"href":"https:\/\/www.minicrm.hu\/blog\/wp-json\/wp\/v2\/posts"}],"about":[{"href":"https:\/\/www.minicrm.hu\/blog\/wp-json\/wp\/v2\/types\/post"}],"author":[{"embeddable":true,"href":"https:\/\/www.minicrm.hu\/blog\/wp-json\/wp\/v2\/users\/66"}],"replies":[{"embeddable":true,"href":"https:\/\/www.minicrm.hu\/blog\/wp-json\/wp\/v2\/comments?post=7527"}],"version-history":[{"count":3,"href":"https:\/\/www.minicrm.hu\/blog\/wp-json\/wp\/v2\/posts\/7527\/revisions"}],"predecessor-version":[{"id":7533,"href":"https:\/\/www.minicrm.hu\/blog\/wp-json\/wp\/v2\/posts\/7527\/revisions\/7533"}],"wp:featuredmedia":[{"embeddable":true,"href":"https:\/\/www.minicrm.hu\/blog\/wp-json\/wp\/v2\/media\/7528"}],"wp:attachment":[{"href":"https:\/\/www.minicrm.hu\/blog\/wp-json\/wp\/v2\/media?parent=7527"}],"wp:term":[{"taxonomy":"category","embeddable":true,"href":"https:\/\/www.minicrm.hu\/blog\/wp-json\/wp\/v2\/categories?post=7527"},{"taxonomy":"post_tag","embeddable":true,"href":"https:\/\/www.minicrm.hu\/blog\/wp-json\/wp\/v2\/tags?post=7527"}],"curies":[{"name":"wp","href":"https:\/\/api.w.org\/{rel}","templated":true}]}}