

{"id":8062,"date":"2014-09-13T06:59:06","date_gmt":"2014-09-13T04:59:06","guid":{"rendered":"https:\/\/www.minicrm.hu\/?p=8062"},"modified":"2014-12-01T11:05:09","modified_gmt":"2014-12-01T10:05:09","slug":"igy-legyen-jo-kkv-web-strategiaja-2-resz-tartalommarketing","status":"publish","type":"post","link":"https:\/\/www.minicrm.hu\/blog\/2014\/09-13\/igy-legyen-jo-kkv-web-strategiaja-2-resz-tartalommarketing\/","title":{"rendered":"\u00cdgy legyen j\u00f3 KKV web strat\u00e9gi\u00e1ja! (2. r\u00e9sz) \u2013 A tartalommarketing"},"content":{"rendered":"<p><strong>Folytat\u00f3dik a KKV-s web strat\u00e9gi\u00e1val foglalkoz\u00f3 cikksorozatunk! Az els\u0151 r\u00e9szben v\u00e9gigvett\u00fcnk minden fontos elemet, mellyel egy kisv\u00e1llalkoz\u00e1s ki tud alak\u00edtani egy teljes k\u00f6r\u0171, j\u00f3l fel\u00e9p\u00edtett webes marketing strat\u00e9gi\u00e1t. <\/strong><\/p>\n<p>Ezen cikk\u00fcnkben a \u201econtent\u201d, azaz a weboldalunk \u00e9s internetes tev\u00e9kenys\u00e9g\u00fcnk tartalmi elem\u00e9t vessz\u00fck g\u00f3rcs\u0151 al\u00e1.<\/p>\n<p>N\u00e9zz\u00fcnk a piramis alj\u00e1ra, az alapokra, amire \u00e9p\u00fcl a teljes online strat\u00e9gi\u00e1nk! Val\u00f3ban ez az alapja mindennek, hi\u00e1ba van t\u00f6k\u00e9letes weboldalunk, remek \u00fczleti modell\u00fcnk, j\u00f3l m\u0171k\u00f6d\u0151 rekl\u00e1mjaink, ha a c\u00e9leszk\u00f6z (weboldal) tartalmi r\u00e9sze, valamint a term\u00e9k\u00fcnk nem ny\u00fajt \u00e9rt\u00e9ket az \u00e9rdekl\u0151d\u0151knek.<\/p>\n<p><strong>A term\u00e9k \u00e9s az \u00e9rt\u00e9k<\/strong><\/p>\n<p>Az \u00e9n \u00e9rtelmez\u00e9semben, melyet mindig igyekszem kihangs\u00falyozni az \u00fcgyfeleknek is, a \u201econtent\u201d fogalma r\u00e9szben egyenl\u0151 a term\u00e9kkel is. Ejtett\u00fcnk m\u00e1r sz\u00f3t arr\u00f3l, hogy mik\u00e9nt \u00e9rdemes \u00e9rt\u00e9ket teremteni szolg\u00e1ltat\u00e1sunkkal vagy term\u00e9k\u00fcnkkel, ezt ez\u00faton is al\u00e1 kell h\u00faznunk! A vil\u00e1g legjobb online strat\u00e9gi\u00e1ja is csak ideig-\u00f3r\u00e1ig tudja eladni \u00e9s \u00e9rt\u00e9kes\u00edteni azt a term\u00e9ket, mely nem b\u00edr val\u00f3s min\u0151s\u00e9ggel, hozz\u00e1adott \u00e9rt\u00e9kkel a felhaszn\u00e1l\u00f3k szem\u00e9ben. Igyekezz\u00fcnk term\u00e9k\u00fcnket \u00fagy alak\u00edtani, finom\u00edtani, hogy az hozz\u00e1adjon valamit az \u00e1ltala megoldott probl\u00e9ma metodik\u00e1j\u00e1hoz (az \u00fcgyf\u00e9l probl\u00e9m\u00e1j\u00e1nak megold\u00e1s\u00e1hoz). A term\u00e9k maga, valamint a kapcsol\u00f3d\u00f3 szolg\u00e1ltat\u00e1sok min\u0151s\u00e9ge el\u0151re determin\u00e1lja, el\u0151re meghat\u00e1rozza annak hossz\u00fa t\u00e1v\u00fa l\u00e9tjogosults\u00e1g\u00e1t.<\/p>\n<p><strong>A tartalom a kir\u00e1ly<\/strong><\/p>\n<p>Elcs\u00e9pelt mondat, de igaz: keres\u0151optimaliz\u00e1l\u00e1si szempontb\u00f3l a tartalomgener\u00e1l\u00e1s m\u00e1r az els\u0151 helyek egyik\u00e9n vir\u00edt, a Google folyamatosan az ir\u00e1nyba h\u00faz, hogy a k\u00fcl\u00f6nb\u00f6z\u0151 SEO technik\u00e1k \u00e9s megold\u00e1sok helyett kiz\u00e1r\u00f3lag egy dolog sz\u00e1m\u00edtson: a l\u00e1togat\u00f3 el\u00e9gedetts\u00e9ge. Ezt mivel lehet el\u00e9rni? Ha azt a tartalmat ny\u00fajtjuk neki, amit a keres\u0151motor tal\u00e1lati oldal\u00e1n \u00edg\u00e9rt\u00fcnk. P\u00e1r \u00e9ve m\u00e9g csak a t\u00f6rekv\u00e9s l\u00e1tszott, m\u00e1ra vil\u00e1gos: akik idejekor\u00e1n beleinveszt\u00e1ltak energi\u00e1t \u00e9s id\u0151t a konzekvens \u00e9s relev\u00e1ns min\u0151s\u00e9gi tartalom el\u0151\u00e1ll\u00edt\u00e1s\u00e1ba, azok el\u0151nyre tettek szert. Ez az el\u0151ny egyre n\u0151 \u00e9s neh\u00e9z lesz el\u0151zni a k\u00e9s\u0151n kapcsol\u00f3knak.<\/p>\n<p><a href=\"https:\/\/minicrm-wp-hu.s3.amazonaws.com\/uploads\/2014\/09\/shutterstock_182447726.jpg\"><img loading=\"lazy\" decoding=\"async\" onerror=\"this.src='https:\/\/minicrm-wp-hu.s3.amazonaws.com\/uploads\/2021\/04\/MC_logo_2021_G-Dark.svg'\" class=\" wp-image-8064 aligncenter\" src=\"https:\/\/minicrm-wp-hu.s3.amazonaws.com\/uploads\/2014\/09\/shutterstock_182447726.jpg\" alt=\"Web strat\u00e9giai piramis: a tartalommarketing\" width=\"519\" height=\"519\" srcset=\"https:\/\/minicrm-wp-hu.s3.amazonaws.com\/uploads\/2014\/09\/shutterstock_182447726.jpg 1000w, https:\/\/minicrm-wp-hu.s3.amazonaws.com\/uploads\/2014\/09\/shutterstock_182447726-150x150.jpg 150w, https:\/\/minicrm-wp-hu.s3.amazonaws.com\/uploads\/2014\/09\/shutterstock_182447726-300x300.jpg 300w, https:\/\/minicrm-wp-hu.s3.amazonaws.com\/uploads\/2014\/09\/shutterstock_182447726-402x402.jpg 402w\" sizes=\"auto, (max-width: 519px) 100vw, 519px\" \/><\/a><\/p>\n<p>Ahhoz, hogy weboldalunkon megfelel\u0151 tartalmi strat\u00e9gi\u00e1t tudjunk kialak\u00edtani, m\u00e1r az elej\u00e9n el kell d\u00f6nten\u00fcnk n\u00e9h\u00e1ny alapvet\u0151 k\u00e9rd\u00e9st:<\/p>\n<ul>\n<li>Milyen nyelvezeten, st\u00edlusban \u00e9s form\u00e1ban akarunk tartalmat megosztani?<\/li>\n<li>Csak alibi tartalomgener\u00e1l\u00e1st hajtunk v\u00e9gre, vagy val\u00f3di \u00e9rt\u00e9ket akarunk teremteni?<\/li>\n<li>Saj\u00e1t tapasztalatot, ismeretet osztunk meg, vagy kiz\u00e1r\u00f3lag m\u00e1sok gondolatait szajk\u00f3zzuk \u00fajra?<\/li>\n<\/ul>\n<p>Ezek azok a d\u00f6nt\u00e9sek, melyekre ha j\u00f3l v\u00e1laszolunk, akkor v\u00e9lhet\u0151en min\u0151s\u00e9gi tartalom el\u0151\u00e1ll\u00edt\u00e1s\u00e1ra rendezkedt\u00fcnk be.<\/p>\n<p><strong>De hogyan kezdj\u00fcnk neki? Term\u00e9szetesen a tervez\u00e9ssel, n\u00e9zz\u00fck meg, hogyan kell a Content strat\u00e9gi\u00e1t, c\u00e9g\u00fcnk tartalommarketingre \u00e9p\u00fcl\u0151 strat\u00e9gi\u00e1j\u00e1t \u00f6ssze\u00e1ll\u00edtani:<\/strong><\/p>\n<p>A tartalmi strat\u00e9gi\u00e1nk term\u00e9szetesen nem csak egy hasra\u00fct\u00e9sszer\u0171 ir\u00e1nyba elind\u00edtott folyamat, kiemelten fontos, hogy az k\u00f6zvetett vagy k\u00f6zvetlen m\u00f3don konverg\u00e1ljon az \u00fczleti modell\u00fcnk, c\u00e9g\u00fcnk \u00fczleti c\u00e9ljaival. Teh\u00e1t ne csak azt tiszt\u00e1zzuk \u00e9s v\u00e9ss\u00fck k\u0151be, hogy milyen tartalmat akarunk el\u0151\u00e1ll\u00edtani, hanem azt is, hogy mi\u00e9rt (feliratkoz\u00f3k gy\u0171jt\u00e9se, l\u00e1togat\u00f3k, \u00e9rdekl\u0151d\u0151k gener\u00e1l\u00e1sa, stb.).<\/p>\n<p>Term\u00e9szetesen a tartalmi strat\u00e9gia, a tartalommarketing strat\u00e9gi\u00e1ja sem csup\u00e1n a cselekv\u00e9s, tartalom el\u0151\u00e1ll\u00edt\u00e1s f\u00e1zis\u00e1b\u00f3l \u00e1ll. Ahhoz, hogy sikeres legyen, tervezn\u00fcnk \u00e9s analiz\u00e1lnunk kell. A mit \u00e9s mi\u00e9rt k\u00f6lt\u0151i, t\u00e1vlati meg\u00e1llap\u00edt\u00e1sa ut\u00e1n j\u00f6n a megel\u0151z\u0151 f\u00e1zis, ahol a produktum \u201egy\u00e1rt\u00e1s\u00e1t\u201d megel\u0151z\u0151en pontosan megm\u00e9rj\u00fck, hogy mit, kinek \u00e9s milyen form\u00e1ban \u00e9rdemes el\u0151\u00e1ll\u00edtanunk.<\/p>\n<p><strong>Mire kapjunk v\u00e1laszt?<\/strong><\/p>\n<ul>\n<li>gap anal\u00edzis (technikailag \u00e9s elemekre bontva, valamint kompetencia szinten mink van most, \u00e9s mi kell a c\u00e9l teljes\u00fcl\u00e9s\u00e9hez)<\/li>\n<li>legfontosabb t\u00e9mair\u00e1nyok \u00e9s alapvet\u0151 \u00fczenetek<\/li>\n<li>hogyan \u00e9ri el a c\u00e9lj\u00e1t a megalkotott tartalom<\/li>\n<li>on-site SEO alapvet\u0151 ir\u00e1nyai (meta adatok, anchor textek stb.)<\/li>\n<\/ul>\n<p>M\u00e1r ezen k\u00e9rd\u00e9sek v\u00e1laszaival is jelent\u0151sen koncepcion\u00e1lisabb m\u00f3don tudjuk elkezdeni a munk\u00e1t, avagy a pusk\u00e1nkkal v\u00e9gre c\u00e9loztunk is, nem csak l\u0151tt\u00fcnk a nagyvil\u00e1gba.<\/p>\n<p><a href=\"https:\/\/minicrm-wp-hu.s3.amazonaws.com\/uploads\/2014\/09\/shutterstock_145420288.jpg\"><img loading=\"lazy\" decoding=\"async\" onerror=\"this.src='https:\/\/minicrm-wp-hu.s3.amazonaws.com\/uploads\/2021\/04\/MC_logo_2021_G-Dark.svg'\" class=\" wp-image-8065 aligncenter\" src=\"https:\/\/minicrm-wp-hu.s3.amazonaws.com\/uploads\/2014\/09\/shutterstock_145420288.jpg\" alt=\"Web strat\u00e9giai piramis: a tartalommarketing\" width=\"504\" height=\"326\" srcset=\"https:\/\/minicrm-wp-hu.s3.amazonaws.com\/uploads\/2014\/09\/shutterstock_145420288.jpg 1000w, https:\/\/minicrm-wp-hu.s3.amazonaws.com\/uploads\/2014\/09\/shutterstock_145420288-300x194.jpg 300w, https:\/\/minicrm-wp-hu.s3.amazonaws.com\/uploads\/2014\/09\/shutterstock_145420288-621x402.jpg 621w, https:\/\/minicrm-wp-hu.s3.amazonaws.com\/uploads\/2014\/09\/shutterstock_145420288-464x300.jpg 464w\" sizes=\"auto, (max-width: 504px) 100vw, 504px\" \/><\/a><\/p>\n<p>J\u00f3l hangzik, ugye? V\u00e9gre a tartalom, melyet el\u0151\u00e1ll\u00edtunk &#8211; hogy rengeteg \u00e9rdekl\u0151d\u0151t csalogassunk oldalunkra \u2013 kezd val\u00f3s koncepci\u00f3ban mozogni, ezzel egy\u00fctt hat\u00e9konyabban m\u0171k\u00f6dni.<\/p>\n<p><strong>N\u00e9zz\u00fck meg, hogy a fenti alapk\u00e9rd\u00e9seket hogyan lehet kibontani, mik azok a m\u00e9lyebb \u00e9s konkr\u00e9tabb k\u00e9rd\u00e9sek, melyekre v\u00e1laszt kell adnunk a tartalommarketing strat\u00e9gi\u00e1nk kialak\u00edt\u00e1s\u00e1nak legelej\u00e9n:<\/strong><\/p>\n<p><strong>Tartalommal kapcsolatos alapvet\u0151 strat\u00e9giai k\u00e9rd\u00e9sek:<\/strong><\/p>\n<ol>\n<li><strong>tartalom:<\/strong> milyen t\u00e9nyleges t\u00e9m\u00e1kkal kell dolgoznunk? Mik ennek a hiteles forr\u00e1sai? Mik a legfontosabb t\u00edpusok (sz\u00f6veg, vide\u00f3, hanganyag?), illetve a c\u00e9lk\u00f6z\u00f6ns\u00e9g\u00fcnk milyen tartalmi form\u00e1t ig\u00e9nyelhet?<\/li>\n<li><strong>strukt\u00fara:<\/strong> milyen \u00fctemez\u00e9sben, fel\u00e9p\u00edt\u00e9sben, publik\u00e1l\u00e1si metodik\u00e1val \u00e9s k\u00f6nt\u00f6sben kell k\u00f6zkincs\u00e9 tenni anyagainkat? Igen, ez egy mini kommunik\u00e1ci\u00f3s terv, kutat\u00e1ssal \u00e9s strat\u00e9gi\u00e1val.<\/li>\n<\/ol>\n<p><strong><br \/>\nMegval\u00f3s\u00edt\u00e1sra vonatkoz\u00f3 k\u00e9rd\u00e9sek<\/strong><\/p>\n<ol>\n<li><strong>Munka\u00fctemez\u00e9s:<\/strong> kik, mikor \u00e9s milyen eszk\u00f6z\u00f6kkel, \u00fctemez\u00e9ssel v\u00e9gzik a tartalom el\u0151\u00e1ll\u00edt\u00e1s\u00e1t, publik\u00e1l\u00e1s\u00e1t \u00e9s marketingj\u00e9t, majd analitik\u00e1j\u00e1t?<\/li>\n<li><strong>D\u00f6nt\u00e9shozatal:<\/strong> kik a d\u00f6nt\u00e9shozok a strat\u00e9gia kialak\u00edt\u00e1s\u00e1ban \u00e9s mi\u00e9rt? Tal\u00e1ljuk meg a kompetens szem\u00e9lyeket, ne egyed\u00fcl dolgozzunk.<\/li>\n<li><strong>Kutat\u00e1si eredm\u00e9nyek \u00e9s c\u00e9lok \u00f6sszef\u00e9s\u00fcl\u00e9se:<\/strong> ismerj\u00fck meg a c\u00e9lk\u00f6z\u00f6ns\u00e9g ig\u00e9nyeit \u00e9s \u00fczleti c\u00e9lunkban keress\u00fcnk ehhez passzol\u00f3, koherens megval\u00f3sul\u00e1si elemet, elemeket!<\/li>\n<li><strong>K\u00f6z\u00f6ns\u00e9gkutat\u00e1s:<\/strong> ne nyissuk ki a sz\u00e1nkat an\u00e9lk\u00fcl, hogy tudn\u00e1nk milyen k\u00f6zegbe ker\u00fclt\u00fcnk. Konkurenciaelemz\u00e9ssel \u00e9s c\u00e9lk\u00f6z\u00f6ns\u00e9g kutat\u00e1ssal pontosan l\u00e1thatjuk, hogy mi az a nyelvezet \u00e9s st\u00edlus, amire sz\u00fcks\u00e9g van.<\/li>\n<li><strong>Kommunik\u00e1ci\u00f3s forma meghat\u00e1roz\u00e1sa:<\/strong> az el\u0151z\u0151 pontra alapozva t\u00e9nylegesen \u00edrjuk le \u00e9s v\u00e9ss\u00fck k\u0151be a kommunik\u00e1ci\u00f3s form\u00e1nkat \u00e9s st\u00edlusunkat.<\/li>\n<li><strong>\u00c9rt\u00e9k hozz\u00e1ad\u00e1sa:<\/strong> t\u00fck\u00f6roldal lesz\u00fcnk, ford\u00edtott anyagokkal, vagy val\u00f3di \u00e9rt\u00e9ket \u00e9s tapasztalatot tudunk megosztani? M\u00e1r az elej\u00e9n meg kell hat\u00e1rozni, hogy mi az, amit kiz\u00e1r\u00f3lag mi tudunk adni \u00e9s m\u00e1s nem. Mit\u0151l lesz\u00fcnk \u00e9rt\u00e9kesek \u00e9s egyediek?<\/li>\n<li><strong>Tartalmi forr\u00e1sok \u00e9s aktualiz\u00e1l\u00e1s: mib\u0151l dolgozunk?<\/strong> Vizsg\u00e1ljuk meg, hogy szakmai forr\u00e1saink t\u00e9nylegesen 2014-ben \u00e9lnek-e, vagy esetleg elavultak?<\/li>\n<li><strong>Megval\u00f3s\u00edt\u00e1s:<\/strong> SEO, weboldal tervez\u00e9s \u00e9s UX alapok. Meg kell tervezni, el\u0151re meg kell hat\u00e1rozni, hogy a tartalmi strat\u00e9gi\u00e1nkat mik\u00e9nt \u00e9s milyen t\u00e9rben (weboldal) osztjuk meg.<\/li>\n<\/ol>\n<p>&nbsp;<\/p>\n<p>Ahogy haladunk m\u00e9lyebbre a t\u00e9m\u00e1ban, \u00fagy konkretiz\u00e1l\u00f3dnak a feladatok a tartalmi strat\u00e9gi\u00e1nk kialak\u00edt\u00e1s\u00e1hoz. Az els\u0151 l\u00e9p\u00e9sekn\u00e9l m\u00e9g csup\u00e1n v\u00e9giggondoltunk \u00e9s v\u00e1zlatszer\u0171en le\u00edrtuk, hogy mit szeretn\u00e9nk. Ez ut\u00e1n pontos\u00edtottuk a f\u0151bb vezet\u0151 ir\u00e1nyokat, melyek el\u0151seg\u00edtik a konkr\u00e9t megval\u00f3s\u00edt\u00e1st. Javaslom, hogy mindenki ilyen fel\u00e9p\u00edt\u00e9sben kezdje el a munk\u00e1t, nem lehet r\u00f6gt\u00f6n minden r\u00e9szletet meghat\u00e1rozni v\u00e1zlatok n\u00e9lk\u00fcl, de v\u00e1zlatokkal sem lehet hat\u00e9kony tartalommarketinget fenntartani.<\/p>\n<p>A k\u00f6vetkez\u0151 list\u00e1ban pontosan meghat\u00e1rozzuk a feladatokat, ha net\u00e1n nem teljesen vil\u00e1gos a strat\u00e9gia l\u00e9pcs\u0151zetes, piramis szer\u0171 fel\u00e9p\u00edt\u00e9se, akkor javaslom, hogy gondolja \u00e1t \u00fajra, hiszen kiemelten fontos, hogy \u00e9rts\u00fck, hogy mely f\u00e1zis k\u00f6veti a m\u00e1sikat \u00e9s melyik \u00e9p\u00fcl melyikre. A t\u00e9nyleges megval\u00f3s\u00edt\u00e1s \u00e9s kidolgoz\u00e1s el\u0151tt musz\u00e1j a f\u0151bb elemeket meg\u00e9rten\u00fcnk!<\/p>\n<p><strong>N\u00e9zz\u00fck teh\u00e1t, hogy konkr\u00e9tan mib\u0151l is \u00e1ll egy k\u00f6vetkezetes, j\u00f3l m\u0171k\u00f6d\u0151 tartalommarketing strat\u00e9gia:<\/strong><\/p>\n<p>o\u00a0\u00a0\u00a0 <strong>Kutat\u00e1s<\/strong><\/p>\n<ul>\n<li>C\u00e9lk\u00f6z\u00f6ns\u00e9g elemz\u00e9s\/felhaszn\u00e1l\u00f3i szok\u00e1sok<\/li>\n<li>Tartalom anal\u00edzis (c\u00e9lk\u00f6z\u00f6ns\u00e9g tartalmi fogyaszt\u00e1sai, forr\u00e1sok stb.)<\/li>\n<li>A tartalom publik\u00e1l\u00e1si folyamat sz\u00fcks\u00e9ges elemeinek fel\u00e1ll\u00edt\u00e1sa<\/li>\n<li>Konkurenciaelemz\u00e9s<\/li>\n<li>SEO audit (keres\u0151optimaliz\u00e1l\u00e1s audit szakasza (konkurensvizsg\u00e1lat))<\/li>\n<\/ul>\n<p>o\u00a0\u00a0\u00a0 <strong>Kommunik\u00e1ci\u00f3s elemek<\/strong><\/p>\n<ul>\n<li>Hangnem, st\u00edlus meghat\u00e1roz\u00e1sa, m\u00e1rkakoh\u00e9zi\u00f3 adapt\u00e1l\u00e1sa<\/li>\n<li>Tartalmi \u00f6tletek \u00f6ssze\u00edr\u00e1sa, list\u00e1ba gy\u0171jt\u00e9se (c\u00edmek, sorozatok, rovatok)<\/li>\n<li>\u00d6tletek koncepci\u00f3ba foglal\u00e1sa, struktur\u00e1l\u00e1sa<\/li>\n<li>Munkafolyamatok meghat\u00e1roz\u00e1sa (pl. publik\u00e1l\u00e1s folyamata, cikklead\u00e1s, \u00fctemez\u00e9sek)<\/li>\n<li>Megjelen\u00e9si terv (mikor, mi ,milyen id\u0151k\u00f6z\u00f6nk\u00e9nt, kit\u0151l jelenik meg)<\/li>\n<\/ul>\n<p>o\u00a0\u00a0\u00a0 <strong>Menedzsment<\/strong><\/p>\n<ul>\n<li>Tartalmi fel\u00e9p\u00edt\u00e9s (tartalmi koncepci\u00f3 v\u00e9gleges\u00edt\u00e9se)<\/li>\n<li>Tartalomgy\u00e1rt\u00e1shoz haszn\u00e1lt eszk\u00f6z\u00f6k \u00f6sszegy\u0171jt\u00e9se (programok, szolg\u00e1ltat\u00f3k, stb.)<\/li>\n<li>Strat\u00e9giai g\u00f3lok (konverzi\u00f3k) meghat\u00e1roz\u00e1sa \u00e9s m\u00e9r\u00e9s\u00e9nek be\u00e1ll\u00edt\u00e1sa<\/li>\n<li>Elemz\u0151 rendszerek fel\u00e1ll\u00edt\u00e1sa (pl. Analytics)<\/li>\n<\/ul>\n<p>o\u00a0\u00a0\u00a0 <strong>Tartalomgy\u00e1rt\u00e1s<\/strong><\/p>\n<ul>\n<li>Sz\u00f6veg\u00edr\u00e1s\/ford\u00edt\u00e1s<\/li>\n<li>on-site SEO elemek t\u00e1rs\u00edt\u00e1sa (adott cikkhez tagek, kulcsszavak, meta le\u00edr\u00e1sok \u00f6ssze\u00edr\u00e1sa)<\/li>\n<li>Sz\u00f6vegellen\u0151rz\u00e9s, stilisztika, \u00e9rthet\u0151s\u00e9g<\/li>\n<li>Tartalom felt\u00f6lt\u00e9se, szerkeszt\u00e9s, publik\u00e1l\u00e1s<\/li>\n<\/ul>\n<p>o\u00a0\u00a0\u00a0 <strong>Ut\u00f3 feladatok<\/strong><\/p>\n<ul>\n<li>Prom\u00f3ci\u00f3\n<ul>\n<li>Monitoroz\u00e1s (forr\u00e1selemz\u00e9s, marketing t\u00e1mogat\u00e1sa, kommentfigyel\u00e9s, stb.)<\/li>\n<li>K\u00f6z\u00f6ss\u00e9gi oldalak fel\u00e9 val\u00f3 publik\u00e1ci\u00f3, PR tev\u00e9kenys\u00e9g, rekl\u00e1m<\/li>\n<\/ul>\n<\/li>\n<li>Analitika (id\u0151szakos \u00e9s ad hoc kielemz\u00e9s pl. Google Analytics-et haszn\u00e1lva)<\/li>\n<\/ul>\n<p>&nbsp;<\/p>\n<p>L\u00e1thatjuk, hogy igen \u00f6sszetett feladat egy igazi tartalommarketing strat\u00e9gia \u00f6ssze\u00e1ll\u00edt\u00e1sa. Kiemelten fontos, hogy ha belev\u00e1gunk a tartalomgy\u00e1rt\u00e1sba, akkor energi\u00e1t nem sp\u00f3rolva el\u0151re hat\u00e1rozzuk meg a k\u00f6vetkez\u0151 hetek, h\u00f3napok tartalmi strat\u00e9gi\u00e1j\u00e1t. Eredm\u00e9nyt csak \u00edgy, ezen m\u00f3dszer haszn\u00e1lat\u00e1val \u00e9s pontos tervez\u00e9ssel tudunk el\u00e9rni.<\/p>\n<p>B\u00e1r bonyolultnak t\u0171nhet, v\u00e9giggondolva minden eleme egy webmesterrel, szorgalmas menedzserrel, weboldal fejleszt\u0151vel \u00e9s egy j\u00f3 \u00edr\u00e1sk\u00e9szs\u00e9g\u0171 koll\u00e9g\u00e1val \u00f6ssze\u00e1ll\u00edthat\u00f3 \u00e9s elind\u00edthat\u00f3. Ha m\u00e1r fejlesztj\u00fck a weboldalunkat, akkor a tartalommarketing lehet\u0151s\u00e9g\u00e9t is implement\u00e1ljuk a fejleszt\u00e9sekbe, \u00edgy k\u00fcl\u00f6n \u00e9rdemi k\u00f6lts\u00e9ggel nem j\u00e1r a k\u00e9s\u0151bbi content alap\u00fa web strat\u00e9giai munka.<\/p>\n<p>Az eredm\u00e9nyek l\u00e1togat\u00f3sz\u00e1mban, SEO teljes\u00edtm\u00e9nyben is m\u00e9rhet\u0151ek \u00e9s l\u00e1that\u00f3ak lesznek, nem besz\u00e9lve a szakmai elismer\u00e9sr\u0151l, melyet egy j\u00f3l vezetett blog, h\u00edroldal, inform\u00e1ci\u00f3s g\u00f3cpont ny\u00fajt sz\u00e1munkra.<\/p>\n<p>Cikksorozatunk k\u00f6vetkez\u0151 r\u00e9sz\u00e9ben feljebb l\u00e9p\u00fcnk a web strat\u00e9gia piramis\u00e1ban, megalkottuk a tartalmi strat\u00e9gi\u00e1nkat, j\u00f6het a Usability szintje, azaz a weboldal \u00e9s a haszn\u00e1lhat\u00f3s\u00e1g fontoss\u00e1ga \u00e9s vizsg\u00e1lata.<\/p>\n<p><strong>KKV web strat\u00e9gia cikksorozat:<\/strong><\/p>\n<ol>\n<li><a href=\"https:\/\/www.minicrm.hu\/blog\/2014\/09-02\/igy-legyen-jo-kkv-web-strategiaja-hogyan-letezzen-cegunk-weben-cikksorozat\/\"><strong>Cikksorozat ind\u00edt\u00f3<\/strong><\/a><\/li>\n<li><a href=\"https:\/\/www.minicrm.hu\/blog\/2014\/09-13\/igy-legyen-jo-kkv-web-strategiaja-2-resz-tartalommarketing\/\"><strong>Content \u2013 tartalom\/\u00fczleti modell<\/strong><\/a><\/li>\n<li><a href=\"https:\/\/www.minicrm.hu\/blog\/2014\/09-24\/igy-legyen-jo-kkv-web-strategiaja-3-resz-usability-hasznalhatosag\/\"><strong>Usability \u2013 weboldal \u00e9s haszn\u00e1lhat\u00f3s\u00e1g\/c\u00e9loptimaliz\u00e1l\u00e1s<\/strong><\/a><\/li>\n<li><a href=\"https:\/\/www.minicrm.hu\/blog\/2014\/10-14\/igy-legyen-jo-kkv-web-strategiaja-4-resz-seo\/\"><strong>SEO \u2013 keres\u0151optimaliz\u00e1l\u00e1s<\/strong><\/a><\/li>\n<li><a href=\"https:\/\/www.minicrm.hu\/blog\/2014\/11-04\/igy-legyen-jo-kkv-web-strategiaja-5-resz-kozossegi-media\/\"><strong>Social Media \u2013 k\u00f6z\u00f6ss\u00e9gi marketing<\/strong><\/a><\/li>\n<li><strong><a title=\"KKV web strat\u00e9gia: PPC\" href=\"https:\/\/www.minicrm.hu\/blog\/2014\/11-10\/igy-legyen-jo-kkv-web-strategiaja-6-resz-kattintas-alapu-kampanyok\/\">PPC \u2013 Kattint\u00e1s alap\u00fa hirdet\u00e9sek<\/a><\/strong><\/li>\n<li><strong><a title=\"KKV web strat\u00e9gia: gondolat\u00e9breszt\u0151\" href=\"https:\/\/www.minicrm.hu\/blog\/2014\/12-01\/igy-legyen-jo-kkv-web-strategiaja-7-resz-gondolatebreszto\/\">\u00d6sszegz\u00e9s, gondolat\u00e9breszt\u0151<\/a><\/strong><\/li>\n<\/ol>\n","protected":false},"excerpt":{"rendered":"<p>Folytat\u00f3dik a KKV-s web strat\u00e9gi\u00e1val foglalkoz\u00f3 cikksorozatunk! Az els\u0151 r\u00e9szben v\u00e9gigvett\u00fcnk minden fontos elemet, mellyel egy kisv\u00e1llalkoz\u00e1s ki tud alak\u00edtani egy teljes k\u00f6r\u0171, j\u00f3l fel\u00e9p\u00edtett webes marketing strat\u00e9gi\u00e1t. Ezen cikk\u00fcnkben a \u201econtent\u201d, azaz a weboldalunk \u00e9s internetes tev\u00e9kenys\u00e9g\u00fcnk tartalmi elem\u00e9t vessz\u00fck g\u00f3rcs\u0151 al\u00e1. N\u00e9zz\u00fcnk a piramis alj\u00e1ra, az alapokra, amire \u00e9p\u00fcl a teljes online strat\u00e9gi\u00e1nk! [&hellip;]<\/p>\n","protected":false},"author":66,"featured_media":8063,"comment_status":"open","ping_status":"closed","sticky":false,"template":"","format":"gallery","meta":{"inline_featured_image":false,"footnotes":""},"categories":[174],"tags":[307,377],"class_list":["post-8062","post","type-post","status-publish","format-gallery","has-post-thumbnail","hentry","category-marketing","tag-tartalommarketing","tag-web-strategia","post_format-post-format-gallery"],"yoast_head":"<!-- This site is optimized with the Yoast SEO plugin v27.1.1 - https:\/\/yoast.com\/product\/yoast-seo-wordpress\/ -->\n<title>kkv-web-strategia-cikksorozat-tartalommarketing<\/title>\n<meta name=\"description\" content=\"\u00cdgy legyen j\u00f3 KKV web strat\u00e9gi\u00e1ja! (2. r\u00e9sz) \u2013 A tartalommarketing\" \/>\n<meta name=\"robots\" content=\"index, follow, max-snippet:-1, max-image-preview:large, max-video-preview:-1\" \/>\n<link rel=\"canonical\" href=\"https:\/\/www.minicrm.hu\/blog\/2014\/09-13\/igy-legyen-jo-kkv-web-strategiaja-2-resz-tartalommarketing\/\" \/>\n<meta property=\"og:locale\" content=\"hu_HU\" \/>\n<meta property=\"og:type\" content=\"article\" \/>\n<meta property=\"og:title\" content=\"kkv-web-strategia-cikksorozat-tartalommarketing\" \/>\n<meta property=\"og:description\" content=\"\u00cdgy legyen j\u00f3 KKV web strat\u00e9gi\u00e1ja! (2. r\u00e9sz) \u2013 A tartalommarketing\" \/>\n<meta property=\"og:url\" content=\"https:\/\/www.minicrm.hu\/blog\/2014\/09-13\/igy-legyen-jo-kkv-web-strategiaja-2-resz-tartalommarketing\/\" \/>\n<meta property=\"og:site_name\" content=\"MiniCRM Blog\" \/>\n<meta property=\"article:published_time\" content=\"2014-09-13T04:59:06+00:00\" \/>\n<meta property=\"article:modified_time\" content=\"2014-12-01T10:05:09+00:00\" \/>\n<meta property=\"og:image\" content=\"https:\/\/minicrm-wp-hu.s3.amazonaws.com\/uploads\/2014\/09\/shutterstock_205401421.jpg\" \/>\n\t<meta property=\"og:image:width\" content=\"1000\" \/>\n\t<meta property=\"og:image:height\" content=\"669\" \/>\n\t<meta property=\"og:image:type\" content=\"image\/jpeg\" \/>\n<meta name=\"author\" content=\"MiniCRM\" \/>\n<meta name=\"twitter:label1\" content=\"Szerz\u0151:\" \/>\n\t<meta name=\"twitter:data1\" content=\"MiniCRM\" \/>\n\t<meta name=\"twitter:label2\" content=\"Becs\u00fclt olvas\u00e1si id\u0151\" \/>\n\t<meta name=\"twitter:data2\" content=\"10 perc\" \/>\n<script type=\"application\/ld+json\" class=\"yoast-schema-graph\">{\"@context\":\"https:\/\/schema.org\",\"@graph\":[{\"@type\":\"Article\",\"@id\":\"https:\/\/www.minicrm.hu\/blog\/2014\/09-13\/igy-legyen-jo-kkv-web-strategiaja-2-resz-tartalommarketing\/#article\",\"isPartOf\":{\"@id\":\"https:\/\/www.minicrm.hu\/blog\/2014\/09-13\/igy-legyen-jo-kkv-web-strategiaja-2-resz-tartalommarketing\/\"},\"author\":{\"name\":\"MiniCRM\",\"@id\":\"https:\/\/www.minicrm.hu\/blog\/#\/schema\/person\/069da389ff66e1b062bfea11f5435219\"},\"headline\":\"\u00cdgy legyen j\u00f3 KKV web strat\u00e9gi\u00e1ja! (2. r\u00e9sz) \u2013 A tartalommarketing\",\"datePublished\":\"2014-09-13T04:59:06+00:00\",\"dateModified\":\"2014-12-01T10:05:09+00:00\",\"mainEntityOfPage\":{\"@id\":\"https:\/\/www.minicrm.hu\/blog\/2014\/09-13\/igy-legyen-jo-kkv-web-strategiaja-2-resz-tartalommarketing\/\"},\"wordCount\":2040,\"commentCount\":0,\"publisher\":{\"@id\":\"https:\/\/www.minicrm.hu\/blog\/#organization\"},\"image\":{\"@id\":\"https:\/\/www.minicrm.hu\/blog\/2014\/09-13\/igy-legyen-jo-kkv-web-strategiaja-2-resz-tartalommarketing\/#primaryimage\"},\"thumbnailUrl\":\"https:\/\/minicrm-wp-hu.s3.amazonaws.com\/uploads\/2014\/09\/shutterstock_205401421.jpg\",\"keywords\":[\"Tartalommarketing\",\"Web strat\u00e9gia\"],\"articleSection\":[\"Marketing\"],\"inLanguage\":\"hu\",\"potentialAction\":[{\"@type\":\"CommentAction\",\"name\":\"Comment\",\"target\":[\"https:\/\/www.minicrm.hu\/blog\/2014\/09-13\/igy-legyen-jo-kkv-web-strategiaja-2-resz-tartalommarketing\/#respond\"]}]},{\"@type\":\"WebPage\",\"@id\":\"https:\/\/www.minicrm.hu\/blog\/2014\/09-13\/igy-legyen-jo-kkv-web-strategiaja-2-resz-tartalommarketing\/\",\"url\":\"https:\/\/www.minicrm.hu\/blog\/2014\/09-13\/igy-legyen-jo-kkv-web-strategiaja-2-resz-tartalommarketing\/\",\"name\":\"kkv-web-strategia-cikksorozat-tartalommarketing\",\"isPartOf\":{\"@id\":\"https:\/\/www.minicrm.hu\/blog\/#website\"},\"primaryImageOfPage\":{\"@id\":\"https:\/\/www.minicrm.hu\/blog\/2014\/09-13\/igy-legyen-jo-kkv-web-strategiaja-2-resz-tartalommarketing\/#primaryimage\"},\"image\":{\"@id\":\"https:\/\/www.minicrm.hu\/blog\/2014\/09-13\/igy-legyen-jo-kkv-web-strategiaja-2-resz-tartalommarketing\/#primaryimage\"},\"thumbnailUrl\":\"https:\/\/minicrm-wp-hu.s3.amazonaws.com\/uploads\/2014\/09\/shutterstock_205401421.jpg\",\"datePublished\":\"2014-09-13T04:59:06+00:00\",\"dateModified\":\"2014-12-01T10:05:09+00:00\",\"description\":\"\u00cdgy legyen j\u00f3 KKV web strat\u00e9gi\u00e1ja! (2. r\u00e9sz) \u2013 A tartalommarketing\",\"breadcrumb\":{\"@id\":\"https:\/\/www.minicrm.hu\/blog\/2014\/09-13\/igy-legyen-jo-kkv-web-strategiaja-2-resz-tartalommarketing\/#breadcrumb\"},\"inLanguage\":\"hu\",\"potentialAction\":[{\"@type\":\"ReadAction\",\"target\":[\"https:\/\/www.minicrm.hu\/blog\/2014\/09-13\/igy-legyen-jo-kkv-web-strategiaja-2-resz-tartalommarketing\/\"]}]},{\"@type\":\"ImageObject\",\"inLanguage\":\"hu\",\"@id\":\"https:\/\/www.minicrm.hu\/blog\/2014\/09-13\/igy-legyen-jo-kkv-web-strategiaja-2-resz-tartalommarketing\/#primaryimage\",\"url\":\"https:\/\/minicrm-wp-hu.s3.amazonaws.com\/uploads\/2014\/09\/shutterstock_205401421.jpg\",\"contentUrl\":\"https:\/\/minicrm-wp-hu.s3.amazonaws.com\/uploads\/2014\/09\/shutterstock_205401421.jpg\",\"width\":1000,\"height\":669,\"caption\":\"Web strat\u00e9gia: tartalommarketing\"},{\"@type\":\"BreadcrumbList\",\"@id\":\"https:\/\/www.minicrm.hu\/blog\/2014\/09-13\/igy-legyen-jo-kkv-web-strategiaja-2-resz-tartalommarketing\/#breadcrumb\",\"itemListElement\":[{\"@type\":\"ListItem\",\"position\":1,\"name\":\"Home\",\"item\":\"https:\/\/www.minicrm.hu\/blog\/\"},{\"@type\":\"ListItem\",\"position\":2,\"name\":\"\u00cdgy legyen j\u00f3 KKV web strat\u00e9gi\u00e1ja! (2. r\u00e9sz) \u2013 A tartalommarketing\"}]},{\"@type\":\"WebSite\",\"@id\":\"https:\/\/www.minicrm.hu\/blog\/#website\",\"url\":\"https:\/\/www.minicrm.hu\/blog\/\",\"name\":\"MiniCRM Blog\",\"description\":\"CRM Blog\",\"publisher\":{\"@id\":\"https:\/\/www.minicrm.hu\/blog\/#organization\"},\"potentialAction\":[{\"@type\":\"SearchAction\",\"target\":{\"@type\":\"EntryPoint\",\"urlTemplate\":\"https:\/\/www.minicrm.hu\/blog\/?s={search_term_string}\"},\"query-input\":{\"@type\":\"PropertyValueSpecification\",\"valueRequired\":true,\"valueName\":\"search_term_string\"}}],\"inLanguage\":\"hu\"},{\"@type\":\"Organization\",\"@id\":\"https:\/\/www.minicrm.hu\/blog\/#organization\",\"name\":\"MiniCRM Blog\",\"url\":\"https:\/\/www.minicrm.hu\/blog\/\",\"logo\":{\"@type\":\"ImageObject\",\"inLanguage\":\"hu\",\"@id\":\"https:\/\/www.minicrm.hu\/blog\/#\/schema\/logo\/image\/\",\"url\":\"https:\/\/minicrm-wp-hu.s3.amazonaws.com\/uploads\/2021\/04\/cropped-MC-logo-Blog-2021_G-Dark.png\",\"contentUrl\":\"https:\/\/minicrm-wp-hu.s3.amazonaws.com\/uploads\/2021\/04\/cropped-MC-logo-Blog-2021_G-Dark.png\",\"width\":91,\"height\":89,\"caption\":\"MiniCRM Blog\"},\"image\":{\"@id\":\"https:\/\/www.minicrm.hu\/blog\/#\/schema\/logo\/image\/\"}},{\"@type\":\"Person\",\"@id\":\"https:\/\/www.minicrm.hu\/blog\/#\/schema\/person\/069da389ff66e1b062bfea11f5435219\",\"name\":\"MiniCRM\",\"image\":{\"@type\":\"ImageObject\",\"inLanguage\":\"hu\",\"@id\":\"https:\/\/www.minicrm.hu\/blog\/#\/schema\/person\/image\/\",\"url\":\"https:\/\/secure.gravatar.com\/avatar\/dcefd6bba8934b04bb248dd2c1a6d1aefd3e2560e872f17db31afd984ef19a13?s=96&r=g\",\"contentUrl\":\"https:\/\/secure.gravatar.com\/avatar\/dcefd6bba8934b04bb248dd2c1a6d1aefd3e2560e872f17db31afd984ef19a13?s=96&r=g\",\"caption\":\"MiniCRM\"},\"sameAs\":[\"https:\/\/www.minicrm.hu\/\"],\"url\":\"https:\/\/www.minicrm.hu\/blog\/author\/minicrm\/\"}]}<\/script>\n<!-- \/ Yoast SEO plugin. -->","yoast_head_json":{"title":"kkv-web-strategia-cikksorozat-tartalommarketing","description":"\u00cdgy legyen j\u00f3 KKV web strat\u00e9gi\u00e1ja! (2. r\u00e9sz) \u2013 A tartalommarketing","robots":{"index":"index","follow":"follow","max-snippet":"max-snippet:-1","max-image-preview":"max-image-preview:large","max-video-preview":"max-video-preview:-1"},"canonical":"https:\/\/www.minicrm.hu\/blog\/2014\/09-13\/igy-legyen-jo-kkv-web-strategiaja-2-resz-tartalommarketing\/","og_locale":"hu_HU","og_type":"article","og_title":"kkv-web-strategia-cikksorozat-tartalommarketing","og_description":"\u00cdgy legyen j\u00f3 KKV web strat\u00e9gi\u00e1ja! (2. r\u00e9sz) \u2013 A tartalommarketing","og_url":"https:\/\/www.minicrm.hu\/blog\/2014\/09-13\/igy-legyen-jo-kkv-web-strategiaja-2-resz-tartalommarketing\/","og_site_name":"MiniCRM Blog","article_published_time":"2014-09-13T04:59:06+00:00","article_modified_time":"2014-12-01T10:05:09+00:00","og_image":[{"width":1000,"height":669,"url":"https:\/\/minicrm-wp-hu.s3.amazonaws.com\/uploads\/2014\/09\/shutterstock_205401421.jpg","type":"image\/jpeg"}],"author":"MiniCRM","twitter_misc":{"Szerz\u0151:":"MiniCRM","Becs\u00fclt olvas\u00e1si id\u0151":"10 perc"},"schema":{"@context":"https:\/\/schema.org","@graph":[{"@type":"Article","@id":"https:\/\/www.minicrm.hu\/blog\/2014\/09-13\/igy-legyen-jo-kkv-web-strategiaja-2-resz-tartalommarketing\/#article","isPartOf":{"@id":"https:\/\/www.minicrm.hu\/blog\/2014\/09-13\/igy-legyen-jo-kkv-web-strategiaja-2-resz-tartalommarketing\/"},"author":{"name":"MiniCRM","@id":"https:\/\/www.minicrm.hu\/blog\/#\/schema\/person\/069da389ff66e1b062bfea11f5435219"},"headline":"\u00cdgy legyen j\u00f3 KKV web strat\u00e9gi\u00e1ja! (2. r\u00e9sz) \u2013 A tartalommarketing","datePublished":"2014-09-13T04:59:06+00:00","dateModified":"2014-12-01T10:05:09+00:00","mainEntityOfPage":{"@id":"https:\/\/www.minicrm.hu\/blog\/2014\/09-13\/igy-legyen-jo-kkv-web-strategiaja-2-resz-tartalommarketing\/"},"wordCount":2040,"commentCount":0,"publisher":{"@id":"https:\/\/www.minicrm.hu\/blog\/#organization"},"image":{"@id":"https:\/\/www.minicrm.hu\/blog\/2014\/09-13\/igy-legyen-jo-kkv-web-strategiaja-2-resz-tartalommarketing\/#primaryimage"},"thumbnailUrl":"https:\/\/minicrm-wp-hu.s3.amazonaws.com\/uploads\/2014\/09\/shutterstock_205401421.jpg","keywords":["Tartalommarketing","Web strat\u00e9gia"],"articleSection":["Marketing"],"inLanguage":"hu","potentialAction":[{"@type":"CommentAction","name":"Comment","target":["https:\/\/www.minicrm.hu\/blog\/2014\/09-13\/igy-legyen-jo-kkv-web-strategiaja-2-resz-tartalommarketing\/#respond"]}]},{"@type":"WebPage","@id":"https:\/\/www.minicrm.hu\/blog\/2014\/09-13\/igy-legyen-jo-kkv-web-strategiaja-2-resz-tartalommarketing\/","url":"https:\/\/www.minicrm.hu\/blog\/2014\/09-13\/igy-legyen-jo-kkv-web-strategiaja-2-resz-tartalommarketing\/","name":"kkv-web-strategia-cikksorozat-tartalommarketing","isPartOf":{"@id":"https:\/\/www.minicrm.hu\/blog\/#website"},"primaryImageOfPage":{"@id":"https:\/\/www.minicrm.hu\/blog\/2014\/09-13\/igy-legyen-jo-kkv-web-strategiaja-2-resz-tartalommarketing\/#primaryimage"},"image":{"@id":"https:\/\/www.minicrm.hu\/blog\/2014\/09-13\/igy-legyen-jo-kkv-web-strategiaja-2-resz-tartalommarketing\/#primaryimage"},"thumbnailUrl":"https:\/\/minicrm-wp-hu.s3.amazonaws.com\/uploads\/2014\/09\/shutterstock_205401421.jpg","datePublished":"2014-09-13T04:59:06+00:00","dateModified":"2014-12-01T10:05:09+00:00","description":"\u00cdgy legyen j\u00f3 KKV web strat\u00e9gi\u00e1ja! (2. r\u00e9sz) \u2013 A tartalommarketing","breadcrumb":{"@id":"https:\/\/www.minicrm.hu\/blog\/2014\/09-13\/igy-legyen-jo-kkv-web-strategiaja-2-resz-tartalommarketing\/#breadcrumb"},"inLanguage":"hu","potentialAction":[{"@type":"ReadAction","target":["https:\/\/www.minicrm.hu\/blog\/2014\/09-13\/igy-legyen-jo-kkv-web-strategiaja-2-resz-tartalommarketing\/"]}]},{"@type":"ImageObject","inLanguage":"hu","@id":"https:\/\/www.minicrm.hu\/blog\/2014\/09-13\/igy-legyen-jo-kkv-web-strategiaja-2-resz-tartalommarketing\/#primaryimage","url":"https:\/\/minicrm-wp-hu.s3.amazonaws.com\/uploads\/2014\/09\/shutterstock_205401421.jpg","contentUrl":"https:\/\/minicrm-wp-hu.s3.amazonaws.com\/uploads\/2014\/09\/shutterstock_205401421.jpg","width":1000,"height":669,"caption":"Web strat\u00e9gia: tartalommarketing"},{"@type":"BreadcrumbList","@id":"https:\/\/www.minicrm.hu\/blog\/2014\/09-13\/igy-legyen-jo-kkv-web-strategiaja-2-resz-tartalommarketing\/#breadcrumb","itemListElement":[{"@type":"ListItem","position":1,"name":"Home","item":"https:\/\/www.minicrm.hu\/blog\/"},{"@type":"ListItem","position":2,"name":"\u00cdgy legyen j\u00f3 KKV web strat\u00e9gi\u00e1ja! (2. r\u00e9sz) \u2013 A tartalommarketing"}]},{"@type":"WebSite","@id":"https:\/\/www.minicrm.hu\/blog\/#website","url":"https:\/\/www.minicrm.hu\/blog\/","name":"MiniCRM Blog","description":"CRM Blog","publisher":{"@id":"https:\/\/www.minicrm.hu\/blog\/#organization"},"potentialAction":[{"@type":"SearchAction","target":{"@type":"EntryPoint","urlTemplate":"https:\/\/www.minicrm.hu\/blog\/?s={search_term_string}"},"query-input":{"@type":"PropertyValueSpecification","valueRequired":true,"valueName":"search_term_string"}}],"inLanguage":"hu"},{"@type":"Organization","@id":"https:\/\/www.minicrm.hu\/blog\/#organization","name":"MiniCRM Blog","url":"https:\/\/www.minicrm.hu\/blog\/","logo":{"@type":"ImageObject","inLanguage":"hu","@id":"https:\/\/www.minicrm.hu\/blog\/#\/schema\/logo\/image\/","url":"https:\/\/minicrm-wp-hu.s3.amazonaws.com\/uploads\/2021\/04\/cropped-MC-logo-Blog-2021_G-Dark.png","contentUrl":"https:\/\/minicrm-wp-hu.s3.amazonaws.com\/uploads\/2021\/04\/cropped-MC-logo-Blog-2021_G-Dark.png","width":91,"height":89,"caption":"MiniCRM Blog"},"image":{"@id":"https:\/\/www.minicrm.hu\/blog\/#\/schema\/logo\/image\/"}},{"@type":"Person","@id":"https:\/\/www.minicrm.hu\/blog\/#\/schema\/person\/069da389ff66e1b062bfea11f5435219","name":"MiniCRM","image":{"@type":"ImageObject","inLanguage":"hu","@id":"https:\/\/www.minicrm.hu\/blog\/#\/schema\/person\/image\/","url":"https:\/\/secure.gravatar.com\/avatar\/dcefd6bba8934b04bb248dd2c1a6d1aefd3e2560e872f17db31afd984ef19a13?s=96&r=g","contentUrl":"https:\/\/secure.gravatar.com\/avatar\/dcefd6bba8934b04bb248dd2c1a6d1aefd3e2560e872f17db31afd984ef19a13?s=96&r=g","caption":"MiniCRM"},"sameAs":["https:\/\/www.minicrm.hu\/"],"url":"https:\/\/www.minicrm.hu\/blog\/author\/minicrm\/"}]}},"_links":{"self":[{"href":"https:\/\/www.minicrm.hu\/blog\/wp-json\/wp\/v2\/posts\/8062","targetHints":{"allow":["GET"]}}],"collection":[{"href":"https:\/\/www.minicrm.hu\/blog\/wp-json\/wp\/v2\/posts"}],"about":[{"href":"https:\/\/www.minicrm.hu\/blog\/wp-json\/wp\/v2\/types\/post"}],"author":[{"embeddable":true,"href":"https:\/\/www.minicrm.hu\/blog\/wp-json\/wp\/v2\/users\/66"}],"replies":[{"embeddable":true,"href":"https:\/\/www.minicrm.hu\/blog\/wp-json\/wp\/v2\/comments?post=8062"}],"version-history":[{"count":11,"href":"https:\/\/www.minicrm.hu\/blog\/wp-json\/wp\/v2\/posts\/8062\/revisions"}],"predecessor-version":[{"id":9498,"href":"https:\/\/www.minicrm.hu\/blog\/wp-json\/wp\/v2\/posts\/8062\/revisions\/9498"}],"wp:featuredmedia":[{"embeddable":true,"href":"https:\/\/www.minicrm.hu\/blog\/wp-json\/wp\/v2\/media\/8063"}],"wp:attachment":[{"href":"https:\/\/www.minicrm.hu\/blog\/wp-json\/wp\/v2\/media?parent=8062"}],"wp:term":[{"taxonomy":"category","embeddable":true,"href":"https:\/\/www.minicrm.hu\/blog\/wp-json\/wp\/v2\/categories?post=8062"},{"taxonomy":"post_tag","embeddable":true,"href":"https:\/\/www.minicrm.hu\/blog\/wp-json\/wp\/v2\/tags?post=8062"}],"curies":[{"name":"wp","href":"https:\/\/api.w.org\/{rel}","templated":true}]}}