

{"id":8218,"date":"2014-09-24T10:00:36","date_gmt":"2014-09-24T08:00:36","guid":{"rendered":"https:\/\/www.minicrm.hu\/?p=8218"},"modified":"2014-12-01T11:04:51","modified_gmt":"2014-12-01T10:04:51","slug":"igy-legyen-jo-kkv-web-strategiaja-3-resz-usability-hasznalhatosag","status":"publish","type":"post","link":"https:\/\/www.minicrm.hu\/blog\/2014\/09-24\/igy-legyen-jo-kkv-web-strategiaja-3-resz-usability-hasznalhatosag\/","title":{"rendered":"\u00cdgy legyen j\u00f3 KKV web strat\u00e9gi\u00e1ja! (3. r\u00e9sz) \u2013 Usability, haszn\u00e1lhat\u00f3s\u00e1g"},"content":{"rendered":"<p><strong>Harmadik r\u00e9sz\u00e9hez \u00e9rkezett a KKV c\u00e9geknek sz\u00e1nt web strat\u00e9gi\u00e1val foglalkoz\u00f3 cikksorozatunk. Miut\u00e1n \u00e1tvett\u00fck az alapokat, m\u00e9lyebben bele\u00e1stuk magunkat a tartalom fontoss\u00e1g\u00e1ba, ez\u00fattal a c\u00e9ges weboldalunk usability, azaz a haszn\u00e1lhat\u00f3s\u00e1g\u00e1nak fontoss\u00e1g\u00e1t elemezz\u00fck.<\/strong><\/p>\n<p>A piramis m\u00e1sodik foka teh\u00e1t a usability, azaz a haszn\u00e1lhat\u00f3s\u00e1g, valamint a fel\u00e9p\u00edt\u00e9s. Mi\u00e9rt fontos ez? Gondoljunk bele, ha a l\u00e1togat\u00f3 nem tal\u00e1lja meg azt, ami\u00e9rt j\u00f6tt, akkor hi\u00e1ba mi\u00e9nk a legjobb term\u00e9k, soha nem fog minket v\u00e1lasztani, t\u0151l\u00fcnk v\u00e1s\u00e1rolni.<\/p>\n<p>T\u00f6bb metodika \u00e9s aspektus l\u00e9tezik, <a title=\"Landing page alapok\" href=\"https:\/\/www.minicrm.hu\/blog\/2014\/03-28\/landing-page-avagy-erkezo-oldal-erre-figyeljunk\/\" target=\"_blank\">melyeket k\u00f6vetve biztosra mehet\u00fcnk<\/a> a j\u00f3l fel\u00e9p\u00edtett \u00e9s haszn\u00e1lhat\u00f3 weboldal ir\u00e1ny\u00e1nak eltal\u00e1l\u00e1s\u00e1hoz: navig\u00e1ci\u00f3, \u00fcres helyek, grafikai elemek, tipogr\u00e1fia mind a l\u00e1togat\u00f3 c\u00e9lir\u00e1nyos vezet\u00e9s\u00e9t szolg\u00e1lj\u00e1k. Ebben a cikkben els\u0151sorban az alapelveket vessz\u00fck \u00e1t, hogy minden c\u00e9gvezet\u0151 tiszt\u00e1ban legyen azzal, hogy mi\u00e9rt is fontos a usability tudom\u00e1nya.<\/p>\n<p><strong>Mi is pontosan a usability?<\/strong><\/p>\n<p>Haszn\u00e1lat\u00f3s\u00e1g \u00e9s min\u0151s\u00e9g, mely seg\u00edti a felhaszn\u00e1l\u00f3t, s\u0151t ir\u00e1ny\u00edtja, hogy a tervez\u0151k c\u00e9lj\u00e1t v\u00e9gigvigye a weboldalon.<\/p>\n<p>A testamentumi tanok 5 f\u0151bb elemet hat\u00e1roznak meg a usability-vel kapcsolatban:<\/p>\n<ul>\n<li><strong>Tanulhat\u00f3s\u00e1g<\/strong>: mennyire k\u00f6nny\u0171 megtanulni a haszn\u00e1latot, ak\u00e1r m\u00e1r els\u0151 alkalommal?<\/li>\n<li><strong>Hat\u00e9konys\u00e1g<\/strong>: a meghat\u00e1rozott c\u00e9lt mennyire gyorsan \u00e9s tudatosan tudja v\u00e9ghezvinni a l\u00e1togat\u00f3\/felhaszn\u00e1l\u00f3?<\/li>\n<li><strong>Eml\u00e9kez\u00e9s<\/strong>: ha a l\u00e1togat\u00f3 nem haszn\u00e1lja a weboldalt, majd \u00fajra visszat\u00e9r, mennyire ragad meg benne annak c\u00e9lja, folyama, haszn\u00e1lata?<\/li>\n<li><strong>Hib\u00e1k<\/strong>: mennyit t\u00e9vednek ezek a l\u00e1togat\u00f3k? A c\u00e9l vil\u00e1gos, vajon h\u00e1ny zs\u00e1kutc\u00e1ba jutnak el, mire a v\u00e9gs\u0151 c\u00e9lt (pl. v\u00e1s\u00e1rl\u00e1s, ingyenes let\u00f6lt\u00e9s) elv\u00e9gzik.<\/li>\n<li><strong>El\u00e9gedetts\u00e9g<\/strong>: ut\u00f3lag hogyan \u00e9rt\u00e9kelik a haszn\u00e1lhat\u00f3s\u00e1got?<\/li>\n<\/ul>\n<p>&nbsp;<\/p>\n<p><strong>Haszn\u00e1lhat\u00f3s\u00e1g<\/strong><\/p>\n<p>Tegy\u00fck fel a k\u00e9rd\u00e9st: a weboldal azt a c\u00e9lt szolg\u00e1lja, seg\u00edti el\u0151, amire tervezt\u00fck? Am\u00edg erre a l\u00e1togat\u00f3k szemsz\u00f6g\u00e9b\u0151l nem tudunk egy\u00e9rtelm\u0171 v\u00e1laszt adni, addig nem vagyunk k\u00e9sz.<\/p>\n<p>A haszn\u00e1lhat\u00f3s\u00e1g \u00e9s a hasznoss\u00e1g egyar\u00e1nt fontosak, hiszen a<a title=\"Tartalommarketing\" href=\"https:\/\/www.minicrm.hu\/blog\/2014\/09-13\/igy-legyen-jo-kkv-web-strategiaja-2-resz-tartalommarketing\/\" target=\"_blank\"> content, azaz a tartalom szintj\u00e9n is kit\u00e9rt\u00fcnk m\u00e1r r\u00e1<\/a>, hogy hossz\u00fa t\u00e1von kiz\u00e1r\u00f3lag az olyan weboldal \u00e9s szolg\u00e1ltat\u00e1s tud \u201efennmaradni\u201d, melyek val\u00f3ban \u00e9rt\u00e9ket k\u00f6zvet\u00edtenek. A usability-nek, a weboldal tervez\u00e9s\u00e9nek ezt kell t\u00e1mogatnia. Egy rossz navig\u00e1ci\u00f3, bonyolult, \u00e1tl\u00e1thatatlan diz\u00e1jn kontraprodukt\u00edv lehet, hiszen nem csup\u00e1n nem tudunk majd vele \u00e9rt\u00e9kes\u00edteni, de a felhaszn\u00e1l\u00f3k is hamar elhagyj\u00e1k az oldalt, amit a Google hamar b\u00fcntetni is fog SEO ir\u00e1nyb\u00f3l.<\/p>\n<p><strong>Mi\u00e9rt is fontos ez?<\/strong><\/p>\n<p>Gyakorlatilag a t\u00fal\u00e9l\u00e9s\u00e9rt, ahogy fentebb is eml\u00edtett\u00fck m\u00e1r t\u00f6bbsz\u00f6r is, ha egy weboldalt <a title=\"6+1 UX hiba, amit \u00e9rdemes elker\u00fclni\" href=\"https:\/\/www.minicrm.hu\/blog\/2014\/06-23\/61-ux-hiba-melyekbe-gyakran-belefutunk\/\" target=\"_blank\">t\u00fal k\u00f6r\u00fclm\u00e9nyes haszn\u00e1lni, esetleg zavar\u00f3 a fel\u00e9p\u00edt\u00e9se<\/a>, akkor a <em>felhaszn\u00e1l\u00f3k elhagyj\u00e1k azt<\/em>. Amennyiben a honlap nem tudja vil\u00e1goss\u00e1 tenni, hogy mit lehet rajta v\u00e9ghezvinni, akkor a <em>felhaszn\u00e1l\u00f3k elhagyj\u00e1k<\/em>. Ha rosszul van t\u00f6rdelve, zavar\u00f3 a diz\u00e1jn, rossz a tipogr\u00e1fia, olvashatatlan a sz\u00f6veg, akkor <em>a felhaszn\u00e1l\u00f3k elhagyj\u00e1k. <\/em><\/p>\n<p style=\"text-align: center;\">A felhaszn\u00e1l\u00f3k, l\u00e1togat\u00f3k nem fognak id\u0151t t\u00f6lteni azzal, hogy megfejts\u00e9k a weboldal m\u0171k\u00f6d\u00e9s\u00e9t, keressenek rajta valamit, esetleg nagy nehezen, szemet meger\u0151ltetve elolvass\u00e1k. <em>Ha ez nem megy azonnal, akkor keresnek egy m\u00e1sik honlapot.<br \/>\n<\/em><br \/>\n<a href=\"https:\/\/minicrm-wp-hu.s3.amazonaws.com\/uploads\/2014\/09\/shutterstock_174623645.jpg\"><img loading=\"lazy\" decoding=\"async\" onerror=\"this.src='https:\/\/minicrm-wp-hu.s3.amazonaws.com\/uploads\/2021\/04\/MC_logo_2021_G-Dark.svg'\" class=\"size-full wp-image-8220 aligncenter\" src=\"https:\/\/minicrm-wp-hu.s3.amazonaws.com\/uploads\/2014\/09\/shutterstock_174623645.jpg\" alt=\"KKV web strat\u00e9gia: usability\" width=\"500\" height=\"605\" srcset=\"https:\/\/minicrm-wp-hu.s3.amazonaws.com\/uploads\/2014\/09\/shutterstock_174623645.jpg 500w, https:\/\/minicrm-wp-hu.s3.amazonaws.com\/uploads\/2014\/09\/shutterstock_174623645-248x300.jpg 248w, https:\/\/minicrm-wp-hu.s3.amazonaws.com\/uploads\/2014\/09\/shutterstock_174623645-332x402.jpg 332w\" sizes=\"auto, (max-width: 500px) 100vw, 500px\" \/><\/a> T\u00f6rekedj\u00fcnk r\u00e1, hogy minden platformon ugyan azt az \u00e9lm\u00e9nyt ny\u00fajtsuk!<\/p>\n<p>Az internetes \u00e9rt\u00e9kes\u00edt\u00e9s egyik legfontosabb szab\u00e1lya, hogy azt a term\u00e9ket vagy szolg\u00e1ltat\u00e1st nem fogj\u00e1k megvenni, amit nem tal\u00e1lnak meg.<\/p>\n<p>Ne becs\u00fclj\u00fck al\u00e1 a usability tudom\u00e1ny\u00e1t, a leg\u00fajabb nemzetk\u00f6zi ir\u00e1nyelvek szerint a diz\u00e1jnra sz\u00e1nt keret\u00f6sszeg 10%-\u00e1t a haszn\u00e1lhat\u00f3s\u00e1g jav\u00edt\u00e1s\u00e1ra \u00e9s vizsg\u00e1lat\u00e1ra kell k\u00f6lteni, minimum. A Nielsen Norman Group felm\u00e9r\u00e9se szerint egy j\u00f3 usability optimaliz\u00e1l\u00e1si folyamat ak\u00e1r megdupl\u00e1zhatja a weboldal sikeress\u00e9g\u00e9t.<\/p>\n<p><strong>Hogyan jav\u00edtsunk weboldalunkon?<\/strong><\/p>\n<p>Rengeteg ismeretanyag \u00e9s metodika sz\u00fcletett arra, hogy a haszn\u00e1lhat\u00f3s\u00e1gon jav\u00edtsunk, ezek k\u00f6z\u00fcl a tesztel\u00e9s (user testing) a legfontosabb.<\/p>\n<p>Hogyan tesztelj\u00fcnk? H\u00e1rom fontos elemre \u00e9rdemes figyelni:<\/p>\n<ul>\n<li>Igyekezz\u00fcnk reprezentat\u00edv felhaszn\u00e1l\u00f3kkal nekiv\u00e1gni, a c\u00e9lcsoportunk legk\u00fcl\u00f6nb\u00f6z\u0151bb t\u00edpusaib\u00f3l.<\/li>\n<li>J\u00f3l le\u00edrt feladatsort kelljen v\u00e9grehajtania minden tesztel\u0151nek, hogy azt konzekvensen lehessen vizsg\u00e1lni.<\/li>\n<li>M\u00e9lyvizsg\u00e1latot tartsunk az eredm\u00e9nyekkel kapcsolatban, figyelj\u00fck meg a tesztel\u0151ket, hogy melyik ponton hogyan teljes\u00edtenek, akadnak el, vagy v\u00e9gzik el a c\u00e9lokat.<\/li>\n<\/ul>\n<p>Term\u00e9szetesen a v\u00e9grehajt\u00e1sba nem szabad beleavatkozni, hiszen ekkor befoly\u00e1soltuk az eredm\u00e9nyeket. A tanulm\u00e1nyok szerint egy 5-15 f\u0151s mint\u00e1val m\u00e1r szinte minden hib\u00e1t ki tudunk sz\u0171rni, lehet\u0151s\u00e9geinkhez m\u00e9rten teh\u00e1t igyekezz\u00fcnk minimum 5 f\u0151vel elv\u00e9gezni a weboldalunk tesztel\u00e9s\u00e9t.<\/p>\n<p><strong>Mikor dolgozzunk a usability-n?<\/strong><\/p>\n<p>A tervez\u00e9si \u00e9s fejleszt\u00e9si f\u00e1zisban folyamatosan, hiszen nem szabad csak az utols\u00f3, m\u00e1r k\u00e9sz verzi\u00f3val nekifogni a tesztel\u00e9snek. Vajon melyik egyszer\u0171bb, folyamatosan kisebb teszteket lefuttatni, majd apr\u00f3 v\u00e1ltoztat\u00e1sokat v\u00e9grehajtani, esetleg egy k\u00e9sz weboldalt a rossz eredm\u00e9nyek miatt teljesen \u00fajratervezni?<\/p>\n<p style=\"text-align: center;\"><a href=\"https:\/\/minicrm-wp-hu.s3.amazonaws.com\/uploads\/2014\/09\/shutterstock_122664076.jpg\"><img loading=\"lazy\" decoding=\"async\" onerror=\"this.src='https:\/\/minicrm-wp-hu.s3.amazonaws.com\/uploads\/2021\/04\/MC_logo_2021_G-Dark.svg'\" class=\"aligncenter wp-image-8221\" src=\"https:\/\/minicrm-wp-hu.s3.amazonaws.com\/uploads\/2014\/09\/shutterstock_122664076.jpg\" alt=\"KKV web strat\u00e9gia: usability\" width=\"461\" height=\"304\" srcset=\"https:\/\/minicrm-wp-hu.s3.amazonaws.com\/uploads\/2014\/09\/shutterstock_122664076.jpg 400w, https:\/\/minicrm-wp-hu.s3.amazonaws.com\/uploads\/2014\/09\/shutterstock_122664076-300x198.jpg 300w\" sizes=\"auto, (max-width: 461px) 100vw, 461px\" \/><\/a> Tervez\u00e9s \u00e9s tesztel\u00e9s, ak\u00e1r t\u00f6bb verzi\u00f3 is sz\u00fclethet<\/p>\n<p><strong>Hogyan fogjunk hozz\u00e1?<\/strong><\/p>\n<p>Nem mindenki engedheti meg a szakember alkalmaz\u00e1s\u00e1t, ennek ellen\u00e9re mind a fejleszt\u0151 fel\u00e9 jelezhetj\u00fck, hogy kiemelten fontosnak tartjuk a usability-t, illetve magunk is tehet\u00fcnk fontos \u00e9s eredm\u00e9nyes l\u00e9p\u00e9seket a j\u00f3l haszn\u00e1lhat\u00f3 weboldal fel\u00e9:<\/p>\n<ol>\n<li>Miel\u0151tt az \u00faj weboldal tervez\u00e9s\u00e9be fogn\u00e1nk, tesztelj\u00fck a r\u00e9gi v\u00e1ltozatot. Itt sok id\u0151t megtakar\u00edthatunk azzal, hogy a j\u00f3 elemeket kiv\u00e1lasztjuk \u00e9s \u00e1temelj\u00fck.<\/li>\n<li>Vizsg\u00e1ljuk meg a konkurenci\u00e1t, s\u0151t, tesztelj\u00fck azt. Az eredm\u00e9nyek, az \u00e1ltalunk v\u00e9lt hib\u00e1k remek kiindul\u00e1si alapot fognak adni.<\/li>\n<li>V\u00e9gezz\u00fcnk kutat\u00e1st megl\u00e9v\u0151 \u00fcgyfeleink k\u00f6z\u00f6tt, tudjuk meg, hogy mire nyitottak, mit hi\u00e1nyolnak a r\u00e9gi weboldalunkr\u00f3l. Csak egy k\u00e9rd\u0151\u00edv\u2026<\/li>\n<li>Haszn\u00e1ljunk <a title=\"Egy remek mockup eszk\u00f6z\" href=\"http:\/\/ninjamock.com\/\" target=\"_blank\">mockup<\/a> eszk\u00f6z\u00f6ket, ezeket a protot\u00edpusokat r\u00f6gt\u00f6n tesztelhetj\u00fck, megmutathatjuk m\u00e1soknak, szakembereknek. Elk\u00e9sz\u00edt\u00e9s\u00fck gyorsan megy, rengeteg energi\u00e1t sp\u00f3rolhatunk vel\u00fck.<\/li>\n<li>Tanuljunk \u00e9s j\u00e1rjunk ut\u00e1na a leg\u00fajabb <a title=\"Nonverb\u00e1lis tr\u00fckk weboldalakhoz\" href=\"https:\/\/www.minicrm.hu\/blog\/2014\/07-28\/6-nonverbalis-trukk-weboldalunkhoz\/\" target=\"_blank\">usability \u00e9s weboldal diz\u00e1jn trendeknek<\/a>. Rengeteg blog \u00e9s honlap foglalkozik a t\u00e9m\u00e1val, melyeket \u00e1tn\u00e9zve sok l\u00e9p\u00e9ssel a konkurensek el\u0151tt j\u00e1rhatunk<\/li>\n<li>Amikor m\u00e1r \u00fagy \u00e9rezz\u00fck, hogy t\u00f6k\u00e9letes lett weboldalunk terve, tesztelj\u00fck le m\u00e9g egyszer!<\/li>\n<\/ol>\n<p>&nbsp;<\/p>\n<p>Kiemelten fontos, hogy a user experience, azaz a felhaszn\u00e1l\u00f3i \u00e9lm\u00e9nyre, valamint a haszn\u00e1lhat\u00f3s\u00e1gra ir\u00e1nyul\u00f3 tesztel\u00e9seket m\u00e1r a kezdeti, tervez\u00e9si f\u00e1zisban elkezdj\u00fck.<\/p>\n<p>Ne felejts\u00fck, hogy a tervez\u00e9s pap\u00edron kezd\u0151dik.<a title=\"web strat\u00e9gia: tartalommarketing\" href=\"https:\/\/www.minicrm.hu\/blog\/2014\/09-13\/igy-legyen-jo-kkv-web-strategiaja-2-resz-tartalommarketing\/\" target=\"_blank\"> Kor\u00e1bbi l\u00e9p\u00e9sekkor m\u00e1r \u00f6ssze\u00e1ll\u00edtottuk azt, hogy mi a weboldalunk c\u00e9lja, milyen tartalmat \u00e9s szolg\u00e1ltat\u00e1st szeretn\u00e9nk gener\u00e1lni<\/a>, ez ut\u00e1n a k\u00f6vetkez\u0151 l\u00e9p\u00e9s az, hogy mindezt \u201ev\u00e1szonra vigy\u00fck\u201d.<\/p>\n<p>Kezdj\u00fcnk el rajzolni, n\u00e9zz\u00fcnk meg sablonokat, inspir\u00e1l\u00f3djunk m\u00e1s weboldalakb\u00f3l. A rajzol\u00e1s, avagy a mockupok k\u00e9sz\u00edt\u00e9se <a title=\"Eye-tracking t\u00e9nyek, mit hova helyezz\u00fcnk?\" href=\"https:\/\/www.minicrm.hu\/blog\/2014\/04-17\/het-eyetracking-teny-hova-neznek-egy-weboldalon\/\" target=\"_blank\">kiterjed minden fontos elem elhelyez\u00e9s\u00e9re<\/a>, valamint kiemelten fontos navig\u00e1ci\u00f3 pontos kital\u00e1l\u00e1sa, \u00e1tgondol\u00e1sa.<\/p>\n<p>Amikor \u00f6ssze\u00e1llt pap\u00edron a fel\u00e9p\u00edtett honlap, akkor meg nem a fejleszt\u00e9s j\u00f6n, hanem m\u00e1r ebben a f\u00e1zisban is tesztelni kell. Ak\u00e1r ha \u00d6n k\u00e9sz\u00edti ezeket a terveket \u00e9s fejleszteti le \u0151ket, ak\u00e1r egy szakember, a tervez\u00e9si f\u00e1zis ut\u00e1n ezeket a v\u00e1zlatokat a lehet\u0151 legt\u00f6bb embernek meg kell mutatni. V\u00e9lem\u00e9ny\u00fcket kik\u00e9rni, majd ki\u00e9rt\u00e9kelni.<\/p>\n<p><strong>Teh\u00e1t<\/strong>:<\/p>\n<ul>\n<li>M\u00e9rj\u00fck fel a konkurenci\u00e1t, \u00e1ll\u00edtsuk \u00f6ssze a tartalmi elemeket, hat\u00e1rozzuk meg a c\u00e9lokat.<\/li>\n<li>Rajzoljunk, k\u00e9sz\u00edts\u00fcnk mockupokat, ezeket m\u00e1r ebben a kezdeti f\u00e1zisban tesztelj\u00fck, mutassuk meg m\u00e1soknak is.<\/li>\n<li>A v\u00e9gs\u0151 eredm\u00e9nyek ut\u00e1n kezdj\u00fck el a fejleszt\u00e9st (adjuk le a fejleszt\u0151nek), de minden l\u00e9nyegi f\u00e1zis elk\u00e9sz\u00fclte ut\u00e1n tesztelj\u00fcnk \u00fajra!<\/li>\n<\/ul>\n<p>&nbsp;<\/p>\n<p>L\u00e1thatjuk, hogy a haszn\u00e1lhat\u00f3s\u00e1g \u00e9s a felhaszn\u00e1l\u00f3i \u00e9lm\u00e9ny vizsg\u00e1lata logikai alapokon nyugszik, tervezn\u00fcnk \u00e9s teszteln\u00fcnk kell, melyekb\u0151l v\u00e9g\u00fcl egy remek weboldal alakulhat ki.<\/p>\n<p style=\"text-align: center;\"><a href=\"https:\/\/minicrm-wp-hu.s3.amazonaws.com\/uploads\/2014\/09\/shutterstock_156863096.jpg\"><img loading=\"lazy\" decoding=\"async\" onerror=\"this.src='https:\/\/minicrm-wp-hu.s3.amazonaws.com\/uploads\/2021\/04\/MC_logo_2021_G-Dark.svg'\" class=\" wp-image-8222 aligncenter\" src=\"https:\/\/minicrm-wp-hu.s3.amazonaws.com\/uploads\/2014\/09\/shutterstock_156863096.jpg\" alt=\"KKV web strat\u00e9gia: usability\" width=\"458\" height=\"306\" srcset=\"https:\/\/minicrm-wp-hu.s3.amazonaws.com\/uploads\/2014\/09\/shutterstock_156863096.jpg 400w, https:\/\/minicrm-wp-hu.s3.amazonaws.com\/uploads\/2014\/09\/shutterstock_156863096-300x200.jpg 300w\" sizes=\"auto, (max-width: 458px) 100vw, 458px\" \/><\/a> Rajzoljunk, k\u00e9sz\u00edts\u00fcnk mockupokat!<\/p>\n<p>Hogy milyen ir\u00e1nyvonalakra \u00e9rdemes odafigyelni 2014-ben? \u00cdme egy r\u00f6vid \u00fatraval\u00f3, ha most kezden\u00e9nek el gondolkodni egy \u00faj c\u00e9ges weboldalon:<\/p>\n<ol>\n<li>Mobil minden: a mobil piac meg\u00e1ll\u00edthatatlanul n\u00f6vekszik, minden szegmensben drasztikusan emelkednek a mobil felhaszn\u00e1l\u00f3k ar\u00e1nyai. Tal\u00e1n le sem kell \u00edrni: megfelel\u0151en optimaliz\u00e1lt \u00e9s j\u00f3l haszn\u00e1lhat\u00f3 mobil verzi\u00f3t kell k\u00e9sz\u00edten\u00fcnk weboldalunkb\u00f3l.<\/li>\n<li>Egyszer\u0171, <a title=\"\u00c9rzelmek kiv\u00e1lt\u00e1sa a weboldalunkon\" href=\"https:\/\/www.minicrm.hu\/blog\/2014\/07-17\/igy-valtsunk-ki-erzelmeket-weboldalunkon\/\" target=\"_blank\">parallax (g\u00f6rgethet\u0151) weboldalak\u00e9 a jelen<\/a>. Nem v\u00e9letlen\u00fcl, a tesztek azt bizony\u00edtj\u00e1k, hogy az ilyen egyszer\u0171, g\u00f6rgethet\u0151 \u00e9s 1-2 has\u00e1bos honlapok konvert\u00e1lnak a legjobban. \u00c1tl\u00e1that\u00f3ak \u00e9s \u00e9rthet\u0151ek, hiszen egyszer\u0171s\u00e9g\u00fck r\u00e1k\u00e9nyszer\u00edti a k\u00e9sz\u00edt\u0151t, hogy c\u00e9lrat\u00f6r\u0151en vigyen fel tartalmat.<\/li>\n<li>Kevesebb locsog\u00e1s: f\u00f3kusz\u00e1ljunk a l\u00e9nyegre, mind sz\u00f6veges form\u00e1ban, mind a diz\u00e1jnban ker\u00fclj\u00fck a giccset. Minden felhaszn\u00e1l\u00f3 arra t\u00f6rekszik \u00e9s akkor el\u00e9gedett, ha szinte azonnal \u00e1tl\u00e1tja a weboldal c\u00e9lj\u00e1t \u00e9s meg\u00e9rti annak l\u00e9nyeg\u00e9t.<\/li>\n<li>K\u00e9pek \u00e9s vide\u00f3k: tal\u00e1n sosem voltak m\u00e9g ilyen fontosak a k\u00e9pek, magunk is t\u00f6bbsz\u00f6r \u00edrtunk m\u00e1r olyan technik\u00e1kr\u00f3l, melyekkel a figyelmet tudjuk ir\u00e1ny\u00edtani. A k\u00e9pek \u00e9s a <a title=\"4 tipp vide\u00f3marketinghez\" href=\"https:\/\/www.minicrm.hu\/blog\/2014\/08-15\/4-tipp-melyek-nelkul-ne-videomarketingezzen\/\" target=\"_blank\">vide\u00f3k erre val\u00f3k<\/a>. Haszn\u00e1ljuk \u0151ket!<\/li>\n<li>Egyszer\u0171 navig\u00e1ci\u00f3 minden platformon: roppant fontos, hogy a navig\u00e1ci\u00f3 minden platformon ugyanolyan egyszer\u0171 legyen, hiszen egy felhaszn\u00e1l\u00f3 v\u00e9lhet\u0151en PC-n \u00e9s pl. mobilon is megn\u00e9zi majd weboldalunkat. Ne okozzunk neki plusz fejt\u00f6r\u00e9st.<\/li>\n<\/ol>\n<p>&nbsp;<\/p>\n<p>A <a title=\"Web strat\u00e9gia KKV c\u00e9gek r\u00e9sz\u00e9re\" href=\"https:\/\/www.minicrm.hu\/blog\/tag\/web-strategia\/\" target=\"_blank\">KKV c\u00e9geknek sz\u00f3l\u00f3 web strat\u00e9gi\u00e1val foglalkoz\u00f3 cikksorozatunk<\/a> harmadik r\u00e9sz\u00e9ben teh\u00e1t a weboldalak haszn\u00e1lhat\u00f3s\u00e1g\u00e1ra t\u00e9rt\u00fcnk ki. Els\u0151sorban az ir\u00e1nyelveket igyekezt\u00fcnk lefektetni, konkr\u00e9t strat\u00e9gi\u00e1kkal \u00e9s eszk\u00f6z\u00f6kkel, megold\u00e1sokkal itt a MiniCRM \u00fczleti blogj\u00e1n is folyamatosan tal\u00e1lkozhat, tal\u00e1lkozhatott.<\/p>\n<p>A k\u00f6vetkez\u0151 r\u00e9szben a m\u00e1r j\u00f3l ismert SEO-val fogunk foglalkozni. Eljutottunk od\u00e1ig, hogy van egy remek tartalmi strat\u00e9gi\u00e1nk, \u00fczleti modell\u00fcnk, erre \u00e9p\u00fcl\u0151 felhaszn\u00e1l\u00f3bar\u00e1t weboldalunk. A k\u00f6vetkez\u0151 f\u00e1zis a keres\u0151optimaliz\u00e1l\u00e1s lesz. Tartsanak vel\u00fcnk!<\/p>\n<p><strong>KKV web strat\u00e9gia cikksorozat:<\/strong><\/p>\n<ol>\n<li><a href=\"https:\/\/www.minicrm.hu\/blog\/2014\/09-02\/igy-legyen-jo-kkv-web-strategiaja-hogyan-letezzen-cegunk-weben-cikksorozat\/\"><strong>Cikksorozat ind\u00edt\u00f3<\/strong><\/a><\/li>\n<li><a href=\"https:\/\/www.minicrm.hu\/blog\/2014\/09-13\/igy-legyen-jo-kkv-web-strategiaja-2-resz-tartalommarketing\/\"><strong>Content \u2013 tartalom\/\u00fczleti modell<\/strong><\/a><\/li>\n<li><a href=\"https:\/\/www.minicrm.hu\/blog\/2014\/09-24\/igy-legyen-jo-kkv-web-strategiaja-3-resz-usability-hasznalhatosag\/\"><strong>Usability \u2013 weboldal \u00e9s haszn\u00e1lhat\u00f3s\u00e1g\/c\u00e9loptimaliz\u00e1l\u00e1s<\/strong><\/a><\/li>\n<li><a href=\"https:\/\/www.minicrm.hu\/blog\/2014\/10-14\/igy-legyen-jo-kkv-web-strategiaja-4-resz-seo\/\"><strong>SEO \u2013 keres\u0151optimaliz\u00e1l\u00e1s<\/strong><\/a><\/li>\n<li><a href=\"https:\/\/www.minicrm.hu\/blog\/2014\/11-04\/igy-legyen-jo-kkv-web-strategiaja-5-resz-kozossegi-media\/\"><strong>Social Media \u2013 k\u00f6z\u00f6ss\u00e9gi marketing<\/strong><\/a><\/li>\n<li><strong><a title=\"KKV web strat\u00e9gia: PPC\" href=\"https:\/\/www.minicrm.hu\/blog\/2014\/11-10\/igy-legyen-jo-kkv-web-strategiaja-6-resz-kattintas-alapu-kampanyok\/\">PPC \u2013 Kattint\u00e1s alap\u00fa hirdet\u00e9sek<\/a><\/strong><\/li>\n<li><strong><a title=\"KKV web strat\u00e9gia: gondolat\u00e9breszt\u0151\" href=\"https:\/\/www.minicrm.hu\/blog\/2014\/12-01\/igy-legyen-jo-kkv-web-strategiaja-7-resz-gondolatebreszto\/\">\u00d6sszegz\u00e9s, gondolat\u00e9breszt\u0151<\/a><\/strong><\/li>\n<\/ol>\n","protected":false},"excerpt":{"rendered":"<p>Harmadik r\u00e9sz\u00e9hez \u00e9rkezett a KKV c\u00e9geknek sz\u00e1nt web strat\u00e9gi\u00e1val foglalkoz\u00f3 cikksorozatunk. Miut\u00e1n \u00e1tvett\u00fck az alapokat, m\u00e9lyebben bele\u00e1stuk magunkat a tartalom fontoss\u00e1g\u00e1ba, ez\u00fattal a c\u00e9ges weboldalunk usability, azaz a haszn\u00e1lhat\u00f3s\u00e1g\u00e1nak fontoss\u00e1g\u00e1t elemezz\u00fck. A piramis m\u00e1sodik foka teh\u00e1t a usability, azaz a haszn\u00e1lhat\u00f3s\u00e1g, valamint a fel\u00e9p\u00edt\u00e9s. Mi\u00e9rt fontos ez? Gondoljunk bele, ha a l\u00e1togat\u00f3 nem tal\u00e1lja meg [&hellip;]<\/p>\n","protected":false},"author":66,"featured_media":8219,"comment_status":"open","ping_status":"closed","sticky":false,"template":"","format":"gallery","meta":{"inline_featured_image":false,"footnotes":""},"categories":[174],"tags":[404,377],"class_list":["post-8218","post","type-post","status-publish","format-gallery","has-post-thumbnail","hentry","category-marketing","tag-usability","tag-web-strategia","post_format-post-format-gallery"],"yoast_head":"<!-- This site is optimized with the Yoast SEO plugin v27.1.1 - https:\/\/yoast.com\/product\/yoast-seo-wordpress\/ -->\n<title>KKV web strat\u00e9gia 3. r\u00e9sz: usability<\/title>\n<meta name=\"description\" content=\"Mit jelent a usability? Haszn\u00e1lat\u00f3s\u00e1g \u00e9s min\u0151s\u00e9g, mely seg\u00edti a felhaszn\u00e1l\u00f3t, s\u0151t ir\u00e1ny\u00edtja, hogy a tervez\u0151k c\u00e9lj\u00e1t v\u00e9gigvigye a weboldalon.\" \/>\n<meta name=\"robots\" content=\"index, follow, max-snippet:-1, max-image-preview:large, max-video-preview:-1\" \/>\n<link rel=\"canonical\" href=\"https:\/\/www.minicrm.hu\/blog\/2014\/09-24\/igy-legyen-jo-kkv-web-strategiaja-3-resz-usability-hasznalhatosag\/\" \/>\n<meta property=\"og:locale\" content=\"hu_HU\" \/>\n<meta property=\"og:type\" content=\"article\" \/>\n<meta property=\"og:title\" content=\"KKV web strat\u00e9gia 3. r\u00e9sz: usability\" \/>\n<meta property=\"og:description\" content=\"Mit jelent a usability? Haszn\u00e1lat\u00f3s\u00e1g \u00e9s min\u0151s\u00e9g, mely seg\u00edti a felhaszn\u00e1l\u00f3t, s\u0151t ir\u00e1ny\u00edtja, hogy a tervez\u0151k c\u00e9lj\u00e1t v\u00e9gigvigye a weboldalon.\" \/>\n<meta property=\"og:url\" content=\"https:\/\/www.minicrm.hu\/blog\/2014\/09-24\/igy-legyen-jo-kkv-web-strategiaja-3-resz-usability-hasznalhatosag\/\" \/>\n<meta property=\"og:site_name\" content=\"MiniCRM Blog\" \/>\n<meta property=\"article:published_time\" content=\"2014-09-24T08:00:36+00:00\" \/>\n<meta property=\"article:modified_time\" content=\"2014-12-01T10:04:51+00:00\" \/>\n<meta property=\"og:image\" content=\"https:\/\/minicrm-wp-hu.s3.amazonaws.com\/uploads\/2014\/09\/shutterstock_187078499.jpg\" \/>\n\t<meta property=\"og:image:width\" content=\"800\" \/>\n\t<meta property=\"og:image:height\" content=\"565\" \/>\n\t<meta property=\"og:image:type\" content=\"image\/jpeg\" \/>\n<meta name=\"author\" content=\"MiniCRM\" \/>\n<meta name=\"twitter:label1\" content=\"Szerz\u0151:\" \/>\n\t<meta name=\"twitter:data1\" content=\"MiniCRM\" \/>\n\t<meta name=\"twitter:label2\" content=\"Becs\u00fclt olvas\u00e1si id\u0151\" \/>\n\t<meta name=\"twitter:data2\" content=\"10 perc\" \/>\n<script type=\"application\/ld+json\" class=\"yoast-schema-graph\">{\"@context\":\"https:\/\/schema.org\",\"@graph\":[{\"@type\":\"Article\",\"@id\":\"https:\/\/www.minicrm.hu\/blog\/2014\/09-24\/igy-legyen-jo-kkv-web-strategiaja-3-resz-usability-hasznalhatosag\/#article\",\"isPartOf\":{\"@id\":\"https:\/\/www.minicrm.hu\/blog\/2014\/09-24\/igy-legyen-jo-kkv-web-strategiaja-3-resz-usability-hasznalhatosag\/\"},\"author\":{\"name\":\"MiniCRM\",\"@id\":\"https:\/\/www.minicrm.hu\/blog\/#\/schema\/person\/069da389ff66e1b062bfea11f5435219\"},\"headline\":\"\u00cdgy legyen j\u00f3 KKV web strat\u00e9gi\u00e1ja! (3. r\u00e9sz) \u2013 Usability, haszn\u00e1lhat\u00f3s\u00e1g\",\"datePublished\":\"2014-09-24T08:00:36+00:00\",\"dateModified\":\"2014-12-01T10:04:51+00:00\",\"mainEntityOfPage\":{\"@id\":\"https:\/\/www.minicrm.hu\/blog\/2014\/09-24\/igy-legyen-jo-kkv-web-strategiaja-3-resz-usability-hasznalhatosag\/\"},\"wordCount\":1975,\"commentCount\":0,\"publisher\":{\"@id\":\"https:\/\/www.minicrm.hu\/blog\/#organization\"},\"image\":{\"@id\":\"https:\/\/www.minicrm.hu\/blog\/2014\/09-24\/igy-legyen-jo-kkv-web-strategiaja-3-resz-usability-hasznalhatosag\/#primaryimage\"},\"thumbnailUrl\":\"https:\/\/minicrm-wp-hu.s3.amazonaws.com\/uploads\/2014\/09\/shutterstock_187078499.jpg\",\"keywords\":[\"usability\",\"Web strat\u00e9gia\"],\"articleSection\":[\"Marketing\"],\"inLanguage\":\"hu\",\"potentialAction\":[{\"@type\":\"CommentAction\",\"name\":\"Comment\",\"target\":[\"https:\/\/www.minicrm.hu\/blog\/2014\/09-24\/igy-legyen-jo-kkv-web-strategiaja-3-resz-usability-hasznalhatosag\/#respond\"]}]},{\"@type\":\"WebPage\",\"@id\":\"https:\/\/www.minicrm.hu\/blog\/2014\/09-24\/igy-legyen-jo-kkv-web-strategiaja-3-resz-usability-hasznalhatosag\/\",\"url\":\"https:\/\/www.minicrm.hu\/blog\/2014\/09-24\/igy-legyen-jo-kkv-web-strategiaja-3-resz-usability-hasznalhatosag\/\",\"name\":\"KKV web strat\u00e9gia 3. r\u00e9sz: usability\",\"isPartOf\":{\"@id\":\"https:\/\/www.minicrm.hu\/blog\/#website\"},\"primaryImageOfPage\":{\"@id\":\"https:\/\/www.minicrm.hu\/blog\/2014\/09-24\/igy-legyen-jo-kkv-web-strategiaja-3-resz-usability-hasznalhatosag\/#primaryimage\"},\"image\":{\"@id\":\"https:\/\/www.minicrm.hu\/blog\/2014\/09-24\/igy-legyen-jo-kkv-web-strategiaja-3-resz-usability-hasznalhatosag\/#primaryimage\"},\"thumbnailUrl\":\"https:\/\/minicrm-wp-hu.s3.amazonaws.com\/uploads\/2014\/09\/shutterstock_187078499.jpg\",\"datePublished\":\"2014-09-24T08:00:36+00:00\",\"dateModified\":\"2014-12-01T10:04:51+00:00\",\"description\":\"Mit jelent a usability? Haszn\u00e1lat\u00f3s\u00e1g \u00e9s min\u0151s\u00e9g, mely seg\u00edti a felhaszn\u00e1l\u00f3t, s\u0151t ir\u00e1ny\u00edtja, hogy a tervez\u0151k c\u00e9lj\u00e1t v\u00e9gigvigye a weboldalon.\",\"breadcrumb\":{\"@id\":\"https:\/\/www.minicrm.hu\/blog\/2014\/09-24\/igy-legyen-jo-kkv-web-strategiaja-3-resz-usability-hasznalhatosag\/#breadcrumb\"},\"inLanguage\":\"hu\",\"potentialAction\":[{\"@type\":\"ReadAction\",\"target\":[\"https:\/\/www.minicrm.hu\/blog\/2014\/09-24\/igy-legyen-jo-kkv-web-strategiaja-3-resz-usability-hasznalhatosag\/\"]}]},{\"@type\":\"ImageObject\",\"inLanguage\":\"hu\",\"@id\":\"https:\/\/www.minicrm.hu\/blog\/2014\/09-24\/igy-legyen-jo-kkv-web-strategiaja-3-resz-usability-hasznalhatosag\/#primaryimage\",\"url\":\"https:\/\/minicrm-wp-hu.s3.amazonaws.com\/uploads\/2014\/09\/shutterstock_187078499.jpg\",\"contentUrl\":\"https:\/\/minicrm-wp-hu.s3.amazonaws.com\/uploads\/2014\/09\/shutterstock_187078499.jpg\",\"width\":800,\"height\":565,\"caption\":\"KKV web strat\u00e9gia: usability\"},{\"@type\":\"BreadcrumbList\",\"@id\":\"https:\/\/www.minicrm.hu\/blog\/2014\/09-24\/igy-legyen-jo-kkv-web-strategiaja-3-resz-usability-hasznalhatosag\/#breadcrumb\",\"itemListElement\":[{\"@type\":\"ListItem\",\"position\":1,\"name\":\"Home\",\"item\":\"https:\/\/www.minicrm.hu\/blog\/\"},{\"@type\":\"ListItem\",\"position\":2,\"name\":\"\u00cdgy legyen j\u00f3 KKV web strat\u00e9gi\u00e1ja! (3. r\u00e9sz) \u2013 Usability, haszn\u00e1lhat\u00f3s\u00e1g\"}]},{\"@type\":\"WebSite\",\"@id\":\"https:\/\/www.minicrm.hu\/blog\/#website\",\"url\":\"https:\/\/www.minicrm.hu\/blog\/\",\"name\":\"MiniCRM Blog\",\"description\":\"CRM Blog\",\"publisher\":{\"@id\":\"https:\/\/www.minicrm.hu\/blog\/#organization\"},\"potentialAction\":[{\"@type\":\"SearchAction\",\"target\":{\"@type\":\"EntryPoint\",\"urlTemplate\":\"https:\/\/www.minicrm.hu\/blog\/?s={search_term_string}\"},\"query-input\":{\"@type\":\"PropertyValueSpecification\",\"valueRequired\":true,\"valueName\":\"search_term_string\"}}],\"inLanguage\":\"hu\"},{\"@type\":\"Organization\",\"@id\":\"https:\/\/www.minicrm.hu\/blog\/#organization\",\"name\":\"MiniCRM Blog\",\"url\":\"https:\/\/www.minicrm.hu\/blog\/\",\"logo\":{\"@type\":\"ImageObject\",\"inLanguage\":\"hu\",\"@id\":\"https:\/\/www.minicrm.hu\/blog\/#\/schema\/logo\/image\/\",\"url\":\"https:\/\/minicrm-wp-hu.s3.amazonaws.com\/uploads\/2021\/04\/cropped-MC-logo-Blog-2021_G-Dark.png\",\"contentUrl\":\"https:\/\/minicrm-wp-hu.s3.amazonaws.com\/uploads\/2021\/04\/cropped-MC-logo-Blog-2021_G-Dark.png\",\"width\":91,\"height\":89,\"caption\":\"MiniCRM Blog\"},\"image\":{\"@id\":\"https:\/\/www.minicrm.hu\/blog\/#\/schema\/logo\/image\/\"}},{\"@type\":\"Person\",\"@id\":\"https:\/\/www.minicrm.hu\/blog\/#\/schema\/person\/069da389ff66e1b062bfea11f5435219\",\"name\":\"MiniCRM\",\"image\":{\"@type\":\"ImageObject\",\"inLanguage\":\"hu\",\"@id\":\"https:\/\/www.minicrm.hu\/blog\/#\/schema\/person\/image\/\",\"url\":\"https:\/\/secure.gravatar.com\/avatar\/dcefd6bba8934b04bb248dd2c1a6d1aefd3e2560e872f17db31afd984ef19a13?s=96&r=g\",\"contentUrl\":\"https:\/\/secure.gravatar.com\/avatar\/dcefd6bba8934b04bb248dd2c1a6d1aefd3e2560e872f17db31afd984ef19a13?s=96&r=g\",\"caption\":\"MiniCRM\"},\"sameAs\":[\"https:\/\/www.minicrm.hu\/\"],\"url\":\"https:\/\/www.minicrm.hu\/blog\/author\/minicrm\/\"}]}<\/script>\n<!-- \/ Yoast SEO plugin. -->","yoast_head_json":{"title":"KKV web strat\u00e9gia 3. r\u00e9sz: usability","description":"Mit jelent a usability? Haszn\u00e1lat\u00f3s\u00e1g \u00e9s min\u0151s\u00e9g, mely seg\u00edti a felhaszn\u00e1l\u00f3t, s\u0151t ir\u00e1ny\u00edtja, hogy a tervez\u0151k c\u00e9lj\u00e1t v\u00e9gigvigye a weboldalon.","robots":{"index":"index","follow":"follow","max-snippet":"max-snippet:-1","max-image-preview":"max-image-preview:large","max-video-preview":"max-video-preview:-1"},"canonical":"https:\/\/www.minicrm.hu\/blog\/2014\/09-24\/igy-legyen-jo-kkv-web-strategiaja-3-resz-usability-hasznalhatosag\/","og_locale":"hu_HU","og_type":"article","og_title":"KKV web strat\u00e9gia 3. r\u00e9sz: usability","og_description":"Mit jelent a usability? Haszn\u00e1lat\u00f3s\u00e1g \u00e9s min\u0151s\u00e9g, mely seg\u00edti a felhaszn\u00e1l\u00f3t, s\u0151t ir\u00e1ny\u00edtja, hogy a tervez\u0151k c\u00e9lj\u00e1t v\u00e9gigvigye a weboldalon.","og_url":"https:\/\/www.minicrm.hu\/blog\/2014\/09-24\/igy-legyen-jo-kkv-web-strategiaja-3-resz-usability-hasznalhatosag\/","og_site_name":"MiniCRM Blog","article_published_time":"2014-09-24T08:00:36+00:00","article_modified_time":"2014-12-01T10:04:51+00:00","og_image":[{"width":800,"height":565,"url":"https:\/\/minicrm-wp-hu.s3.amazonaws.com\/uploads\/2014\/09\/shutterstock_187078499.jpg","type":"image\/jpeg"}],"author":"MiniCRM","twitter_misc":{"Szerz\u0151:":"MiniCRM","Becs\u00fclt olvas\u00e1si id\u0151":"10 perc"},"schema":{"@context":"https:\/\/schema.org","@graph":[{"@type":"Article","@id":"https:\/\/www.minicrm.hu\/blog\/2014\/09-24\/igy-legyen-jo-kkv-web-strategiaja-3-resz-usability-hasznalhatosag\/#article","isPartOf":{"@id":"https:\/\/www.minicrm.hu\/blog\/2014\/09-24\/igy-legyen-jo-kkv-web-strategiaja-3-resz-usability-hasznalhatosag\/"},"author":{"name":"MiniCRM","@id":"https:\/\/www.minicrm.hu\/blog\/#\/schema\/person\/069da389ff66e1b062bfea11f5435219"},"headline":"\u00cdgy legyen j\u00f3 KKV web strat\u00e9gi\u00e1ja! (3. r\u00e9sz) \u2013 Usability, haszn\u00e1lhat\u00f3s\u00e1g","datePublished":"2014-09-24T08:00:36+00:00","dateModified":"2014-12-01T10:04:51+00:00","mainEntityOfPage":{"@id":"https:\/\/www.minicrm.hu\/blog\/2014\/09-24\/igy-legyen-jo-kkv-web-strategiaja-3-resz-usability-hasznalhatosag\/"},"wordCount":1975,"commentCount":0,"publisher":{"@id":"https:\/\/www.minicrm.hu\/blog\/#organization"},"image":{"@id":"https:\/\/www.minicrm.hu\/blog\/2014\/09-24\/igy-legyen-jo-kkv-web-strategiaja-3-resz-usability-hasznalhatosag\/#primaryimage"},"thumbnailUrl":"https:\/\/minicrm-wp-hu.s3.amazonaws.com\/uploads\/2014\/09\/shutterstock_187078499.jpg","keywords":["usability","Web strat\u00e9gia"],"articleSection":["Marketing"],"inLanguage":"hu","potentialAction":[{"@type":"CommentAction","name":"Comment","target":["https:\/\/www.minicrm.hu\/blog\/2014\/09-24\/igy-legyen-jo-kkv-web-strategiaja-3-resz-usability-hasznalhatosag\/#respond"]}]},{"@type":"WebPage","@id":"https:\/\/www.minicrm.hu\/blog\/2014\/09-24\/igy-legyen-jo-kkv-web-strategiaja-3-resz-usability-hasznalhatosag\/","url":"https:\/\/www.minicrm.hu\/blog\/2014\/09-24\/igy-legyen-jo-kkv-web-strategiaja-3-resz-usability-hasznalhatosag\/","name":"KKV web strat\u00e9gia 3. r\u00e9sz: usability","isPartOf":{"@id":"https:\/\/www.minicrm.hu\/blog\/#website"},"primaryImageOfPage":{"@id":"https:\/\/www.minicrm.hu\/blog\/2014\/09-24\/igy-legyen-jo-kkv-web-strategiaja-3-resz-usability-hasznalhatosag\/#primaryimage"},"image":{"@id":"https:\/\/www.minicrm.hu\/blog\/2014\/09-24\/igy-legyen-jo-kkv-web-strategiaja-3-resz-usability-hasznalhatosag\/#primaryimage"},"thumbnailUrl":"https:\/\/minicrm-wp-hu.s3.amazonaws.com\/uploads\/2014\/09\/shutterstock_187078499.jpg","datePublished":"2014-09-24T08:00:36+00:00","dateModified":"2014-12-01T10:04:51+00:00","description":"Mit jelent a usability? Haszn\u00e1lat\u00f3s\u00e1g \u00e9s min\u0151s\u00e9g, mely seg\u00edti a felhaszn\u00e1l\u00f3t, s\u0151t ir\u00e1ny\u00edtja, hogy a tervez\u0151k c\u00e9lj\u00e1t v\u00e9gigvigye a weboldalon.","breadcrumb":{"@id":"https:\/\/www.minicrm.hu\/blog\/2014\/09-24\/igy-legyen-jo-kkv-web-strategiaja-3-resz-usability-hasznalhatosag\/#breadcrumb"},"inLanguage":"hu","potentialAction":[{"@type":"ReadAction","target":["https:\/\/www.minicrm.hu\/blog\/2014\/09-24\/igy-legyen-jo-kkv-web-strategiaja-3-resz-usability-hasznalhatosag\/"]}]},{"@type":"ImageObject","inLanguage":"hu","@id":"https:\/\/www.minicrm.hu\/blog\/2014\/09-24\/igy-legyen-jo-kkv-web-strategiaja-3-resz-usability-hasznalhatosag\/#primaryimage","url":"https:\/\/minicrm-wp-hu.s3.amazonaws.com\/uploads\/2014\/09\/shutterstock_187078499.jpg","contentUrl":"https:\/\/minicrm-wp-hu.s3.amazonaws.com\/uploads\/2014\/09\/shutterstock_187078499.jpg","width":800,"height":565,"caption":"KKV web strat\u00e9gia: usability"},{"@type":"BreadcrumbList","@id":"https:\/\/www.minicrm.hu\/blog\/2014\/09-24\/igy-legyen-jo-kkv-web-strategiaja-3-resz-usability-hasznalhatosag\/#breadcrumb","itemListElement":[{"@type":"ListItem","position":1,"name":"Home","item":"https:\/\/www.minicrm.hu\/blog\/"},{"@type":"ListItem","position":2,"name":"\u00cdgy legyen j\u00f3 KKV web strat\u00e9gi\u00e1ja! (3. r\u00e9sz) \u2013 Usability, haszn\u00e1lhat\u00f3s\u00e1g"}]},{"@type":"WebSite","@id":"https:\/\/www.minicrm.hu\/blog\/#website","url":"https:\/\/www.minicrm.hu\/blog\/","name":"MiniCRM Blog","description":"CRM Blog","publisher":{"@id":"https:\/\/www.minicrm.hu\/blog\/#organization"},"potentialAction":[{"@type":"SearchAction","target":{"@type":"EntryPoint","urlTemplate":"https:\/\/www.minicrm.hu\/blog\/?s={search_term_string}"},"query-input":{"@type":"PropertyValueSpecification","valueRequired":true,"valueName":"search_term_string"}}],"inLanguage":"hu"},{"@type":"Organization","@id":"https:\/\/www.minicrm.hu\/blog\/#organization","name":"MiniCRM Blog","url":"https:\/\/www.minicrm.hu\/blog\/","logo":{"@type":"ImageObject","inLanguage":"hu","@id":"https:\/\/www.minicrm.hu\/blog\/#\/schema\/logo\/image\/","url":"https:\/\/minicrm-wp-hu.s3.amazonaws.com\/uploads\/2021\/04\/cropped-MC-logo-Blog-2021_G-Dark.png","contentUrl":"https:\/\/minicrm-wp-hu.s3.amazonaws.com\/uploads\/2021\/04\/cropped-MC-logo-Blog-2021_G-Dark.png","width":91,"height":89,"caption":"MiniCRM Blog"},"image":{"@id":"https:\/\/www.minicrm.hu\/blog\/#\/schema\/logo\/image\/"}},{"@type":"Person","@id":"https:\/\/www.minicrm.hu\/blog\/#\/schema\/person\/069da389ff66e1b062bfea11f5435219","name":"MiniCRM","image":{"@type":"ImageObject","inLanguage":"hu","@id":"https:\/\/www.minicrm.hu\/blog\/#\/schema\/person\/image\/","url":"https:\/\/secure.gravatar.com\/avatar\/dcefd6bba8934b04bb248dd2c1a6d1aefd3e2560e872f17db31afd984ef19a13?s=96&r=g","contentUrl":"https:\/\/secure.gravatar.com\/avatar\/dcefd6bba8934b04bb248dd2c1a6d1aefd3e2560e872f17db31afd984ef19a13?s=96&r=g","caption":"MiniCRM"},"sameAs":["https:\/\/www.minicrm.hu\/"],"url":"https:\/\/www.minicrm.hu\/blog\/author\/minicrm\/"}]}},"_links":{"self":[{"href":"https:\/\/www.minicrm.hu\/blog\/wp-json\/wp\/v2\/posts\/8218","targetHints":{"allow":["GET"]}}],"collection":[{"href":"https:\/\/www.minicrm.hu\/blog\/wp-json\/wp\/v2\/posts"}],"about":[{"href":"https:\/\/www.minicrm.hu\/blog\/wp-json\/wp\/v2\/types\/post"}],"author":[{"embeddable":true,"href":"https:\/\/www.minicrm.hu\/blog\/wp-json\/wp\/v2\/users\/66"}],"replies":[{"embeddable":true,"href":"https:\/\/www.minicrm.hu\/blog\/wp-json\/wp\/v2\/comments?post=8218"}],"version-history":[{"count":15,"href":"https:\/\/www.minicrm.hu\/blog\/wp-json\/wp\/v2\/posts\/8218\/revisions"}],"predecessor-version":[{"id":9497,"href":"https:\/\/www.minicrm.hu\/blog\/wp-json\/wp\/v2\/posts\/8218\/revisions\/9497"}],"wp:featuredmedia":[{"embeddable":true,"href":"https:\/\/www.minicrm.hu\/blog\/wp-json\/wp\/v2\/media\/8219"}],"wp:attachment":[{"href":"https:\/\/www.minicrm.hu\/blog\/wp-json\/wp\/v2\/media?parent=8218"}],"wp:term":[{"taxonomy":"category","embeddable":true,"href":"https:\/\/www.minicrm.hu\/blog\/wp-json\/wp\/v2\/categories?post=8218"},{"taxonomy":"post_tag","embeddable":true,"href":"https:\/\/www.minicrm.hu\/blog\/wp-json\/wp\/v2\/tags?post=8218"}],"curies":[{"name":"wp","href":"https:\/\/api.w.org\/{rel}","templated":true}]}}