

{"id":8588,"date":"2014-10-18T15:38:18","date_gmt":"2014-10-18T13:38:18","guid":{"rendered":"https:\/\/www.minicrm.hu\/?p=8588"},"modified":"2015-04-24T15:03:58","modified_gmt":"2015-04-24T13:03:58","slug":"amit-nem-mersz-az-biztos-hanyatlik","status":"publish","type":"post","link":"https:\/\/www.minicrm.hu\/blog\/2014\/10-18\/amit-nem-mersz-az-biztos-hanyatlik\/","title":{"rendered":"\u201cAmit nem m\u00e9rsz, az biztos hanyatlik\u201d: Kontrolling a MiniCRM seg\u00edts\u00e9g\u00e9vel"},"content":{"rendered":"<p class=\"p1\"><span class=\"s1\">A MiniCRM funkci\u00f3it milli\u00f3 \u00e9s egy m\u00f3don haszn\u00e1lhatod fel. Megyeri Domonkos, az \u00d6ntapad\u00f3 C\u00edmke Nyomtat\u00e1s (<span style=\"color: #0000ff;\"><a style=\"color: #0000ff;\" href=\"http:\/\/OntapadoCimkeNyomtatas.hu\"><span class=\"s2\">http:\/\/OntapadoCimkeNyomtatas.hu<\/span><\/a><\/span>) alap\u00edt\u00f3ja 2012 febru\u00e1rja \u00f3ta haszn\u00e1lja a MiniCRM-et. Esettanulm\u00e1ny\u00e1ban arr\u00f3l mes\u00e9l, hogy hogyan fejlesztette ki saj\u00e1t kontrolling rendszer\u00e9t az alkalmaz\u00e1s seg\u00edts\u00e9g\u00e9vel.<\/span><\/p>\n<p class=\"p2\"><span class=\"s1\"><b>Amit nem m\u00e9rsz, az biztos hanyatlik.<\/b><\/span><\/p>\n<p class=\"p1\"><span class=\"s1\">Tegnap besz\u00e9lgettem az egyik kedves ismer\u0151s\u00f6mmel, aki valami nagyon \u00e9rdekeset mes\u00e9lt. Egyik \u00fcgyfele egy ideig nem m\u00e9rte a<\/span> <span class=\"s1\">rendszer\u00e9t, de foglalkoztatta a gondolat, ez\u00e9rt elkezdett ut\u00e1naj\u00e1rni a lehet\u0151s\u00e9geknek. Mikor az alkalmazottai megsejtett\u00e9k, hogy valaki m\u00e9ri \u0151ket, a rendszer v\u00e1ltoztat\u00e1sa n\u00e9lk\u00fcl a teljes\u00edtm\u00e9ny\u00fck megt\u00f6bbsz\u00f6r\u00f6z\u0151d\u00f6tt.<\/span><\/p>\n<p class=\"p1\"><span class=\"s1\">Teh\u00e1t: <\/span><\/p>\n<blockquote>\n<p class=\"p1\"><span class=\"s1\">&#8222;M\u00e9rd, ami m\u00e9rhet\u0151, sz\u00e1mold, ami sz\u00e1molhat\u00f3, \u00e9s ami nem m\u00e9rhet\u0151, azt pedig tedd m\u00e9rhet\u0151v\u00e9!\u201d \/Galilei\/<\/span><\/p>\n<\/blockquote>\n<p class=\"p1\"><span class=\"s1\">Egyed\u00fcl vezetem a c\u00e9gemet titk\u00e1rn\u0151m, a MiniCRM seg\u00edts\u00e9g\u00e9vel. 2012 el\u0151tt a levelez\u0151rendszeremben pr\u00f3b\u00e1ltam nyilv\u00e1ntartani, hogy ki rendelt, mit \u00e9s mikorra. V\u00e9g\u00fcl m\u00e1r szinte lehetetlen volt minden megrendel\u00e9st fejben tartani. Ekkor tal\u00e1ltam r\u00e1 a MiniCRM-re, amivel jelenleg t\u00e9nyleg ki tudok v\u00e1ltani egy munkat\u00e1rsat.<\/span><\/p>\n<p class=\"p1\"><span class=\"s1\">Mindig figyelemmel k\u00eds\u00e9rtem az alkalmaz\u00e1s friss\u00edt\u00e9seit, az \u00faj funkci\u00f3kat, \u00e9s igyekeztem azokat hat\u00e9konyan integr\u00e1lni a mindennapokba. \u00cdgy volt ez a sz\u00e1ml\u00e1z\u00f3 modullal is. Azt\u00e1n r\u00e1tal\u00e1ltam az\u00a0<a href=\"https:\/\/www.minicrm.hu\/blog\/2013\/05-16\/afa-fizetes-de-mennyi\/\"><span class=\"s2\">\u201e<span style=\"color: #0000ff;\">\u00c1fa fizet\u00e9s?! De mennyi?<\/span>\u201d<\/span><\/a>\u00a0c\u00edm\u0171 blogbejegyz\u00e9sre, aminek seg\u00edts\u00e9g\u00e9vel azt\u00e1n \u00f6sszeraktam a saj\u00e1t kontrolling rendszeremet.<\/span><\/p>\n<p class=\"p2\"><span class=\"s1\"><b>Kontrolling<\/b><\/span><\/p>\n<p><em>Mi az a kontrolling?<\/em><\/p>\n<p>Sz\u00e1momra a kontrolling minden m\u00e9rt adat \u00f6sszegz\u00e9se, megjelen\u00edt\u00e9se \u00e9s figyel\u00e9se, fel\u00fclvizsg\u00e1lata, nyomon k\u00f6vet\u00e9se. Seg\u00edt a d\u00f6nt\u00e9shozatalban, megmutatja, hogy a c\u00e9gem milyen ir\u00e1nyba halad. Ha pedig valamilyen folyamat ok\u00e1t keresem (p\u00e9ld\u00e1ul mi\u00e9rt n\u00f6vekszik vagy cs\u00f6kken valami), akkor ki tudom der\u00edteni, hogy az adott esem\u00e9ny mi\u00e9rt t\u00f6rt\u00e9nhetett.<\/p>\n<p class=\"p3\"><em><span class=\"s1\">Mit akarok l\u00e1tni? <\/span><\/em><\/p>\n<p class=\"p1\"><span class=\"s1\">Nagyon leegyszer\u0171s\u00edtve:<\/span><\/p>\n<p class=\"p4\"><span class=\"s1\">1. Honnan j\u00f6ttem? &#8211; Az elm\u00falt id\u0151szak adataib\u00f3l l\u00e1tom, hogy hogyan fejl\u0151d\u00f6tt a c\u00e9gem.<\/span><\/p>\n<p class=\"p4\"><span class=\"s1\">2. Hol vagyok most? &#8211; Jelenleg milyen mutat\u00f3i vannak a c\u00e9gemnek.<\/span><\/p>\n<p class=\"p1\"><span class=\"s1\">3. Hov\u00e1 tartok? &#8211; Milyen ir\u00e1nyba halad c\u00e9gem, milyen kil\u00e1t\u00e1saim vannak a j\u00f6v\u0151re n\u00e9zve?<\/span><\/p>\n<p class=\"p3\"><em><span class=\"s1\">Miket \u00e9rdemes m\u00e9rni?<\/span><\/em><\/p>\n<p class=\"p1\"><span class=\"s1\">Ha a c\u00e9g\u00fcnket nem karitat\u00edv vagy hobbi c\u00e9lb\u00f3l \u00fczemeltetj\u00fck, akkor profitorient\u00e1ltak vagyunk. Ennek megfelel\u0151en a <b>profitot<\/b> a legfontosabb m\u00e9rni. <\/span><\/p>\n<p class=\"p1\"><span class=\"s1\">Kisebb c\u00e9gekn\u00e9l az \u00e9ves profit mutathatja a fejl\u0151d\u00e9st, de ez alapj\u00e1n neh\u00e9z d\u00f6nt\u00e9st hozni, mert egy \u00e9vet kell v\u00e1rni, hogy l\u00e1tsz\u00f3djon, milyen ir\u00e1nyba halad a c\u00e9g\u00fcnk. Egy fokkal jobb a negyed\u00e9ves m\u00e9r\u00e9si pont, de mindenk\u00e9ppen \u00e9rdemes n\u00e9zni a havi bont\u00e1st is. Ha van el\u00e9g adat (forgalom), akkor heti, de ak\u00e1r napi r\u00e9szletess\u00e9ggel k\u00e9sz\u00edthet\u00fcnk jelent\u00e9st.<\/span><\/p>\n<p class=\"p2\"><span class=\"s1\"><b>A t\u00e1bl\u00e1zat fel\u00e9p\u00edt\u00e9se<\/b><\/span><\/p>\n<p class=\"p1\"><span class=\"s1\">A kontrolling rendszerhez egy Google T\u00e1bl\u00e1zatot k\u00e9sz\u00edtettem, mert ahhoz b\u00e1rhol, b\u00e1rmikor hozz\u00e1f\u00e9rek.<\/span><\/p>\n<p class=\"p1\"><span class=\"s1\">T\u00f6bb f\u00fclre tagoltam a t\u00e1bl\u00e1zatomat: grafikonok, bev\u00e9tel, kiad\u00e1s, honlappal kapcsolatos adatok (hidegh\u00edv\u00e1sok, \u00e1raj\u00e1nlatok, l\u00e1togatotts\u00e1g, konverzi\u00f3, stb). <\/span><\/p>\n<p class=\"p3\"><span style=\"text-decoration: underline;\"><span class=\"s2\"><b>1. Grafikonok f\u00fcl<\/b><\/span><\/span><\/p>\n<p class=\"p1\"><span class=\"s1\">A \u201eGrafikonok\u201d f\u00fcl\u00f6n egyszer\u0171en l\u00e1tom, hogy milyen ir\u00e1nyban halad a c\u00e9gem. Ide gy\u0171jt\u00f6m \u00f6ssze a profit, bev\u00e9tel, \u00e9s kiad\u00e1s grafikonokat. Ha a profit n\u0151, nincs gond. Ha a bev\u00e9tel n\u0151, nincs gond. Ha a kiad\u00e1s n\u0151, akkor ki kell der\u00edtenem, hogy az mit\u0151l van.<\/span><\/p>\n<p class=\"p3\"><span class=\"s1\"><i>\u2022 Grafikonok f\u00fcl, Profit<\/i><\/span><\/p>\n<p class=\"p1\"><span class=\"s1\">Ahogy eml\u00edtettem, a legels\u0151 grafikon a profit, hiszen emiatt csin\u00e1ljuk a c\u00e9get. Ha pozit\u00edv, \u00e9s n\u0151 is, a c\u00e9g\u00fcnk v\u00e9lhet\u0151en j\u00f3 ir\u00e1nyba halad. Arra, hogy az adatok honnan j\u00f6nnek, a Bev\u00e9telek f\u00fcl r\u00e9szn\u00e9l t\u00e9rek ki.<\/span><\/p>\n<p class=\"p1\"><a href=\"https:\/\/minicrm-wp-hu.s3.amazonaws.com\/uploads\/2014\/10\/image001.png\"><img loading=\"lazy\" decoding=\"async\" onerror=\"this.src='https:\/\/minicrm-wp-hu.s3.amazonaws.com\/uploads\/2021\/04\/MC_logo_2021_G-Dark.svg'\" class=\"aligncenter wp-image-8589 size-full\" src=\"https:\/\/minicrm-wp-hu.s3.amazonaws.com\/uploads\/2014\/10\/image001.png\" alt=\"image001\" width=\"381\" height=\"294\" srcset=\"https:\/\/minicrm-wp-hu.s3.amazonaws.com\/uploads\/2014\/10\/image001.png 381w, https:\/\/minicrm-wp-hu.s3.amazonaws.com\/uploads\/2014\/10\/image001-300x231.png 300w\" sizes=\"auto, (max-width: 381px) 100vw, 381px\" \/><\/a><\/p>\n<p class=\"p1\" style=\"text-align: center;\"><span class=\"s1\">Heti bont\u00e1s. A k\u00e9k vonal a tervezett, a piros vonal pedig a val\u00f3s profit.<\/span><\/p>\n<p class=\"p1\"><span class=\"s1\">Bizonyos el\u0151re l\u00e1that\u00f3 kiad\u00e1sokat be lehet kalkul\u00e1lni (eszk\u00f6zbeszerz\u00e9s), ezeket mutatja a k\u00e9k t\u00f6r\u00e9svonal. A piros pedig a val\u00f3s kiad\u00e1sok okozta profitvesztes\u00e9g.<\/span><\/p>\n<p class=\"p1\"><span class=\"s1\">Mivel a heti felbont\u00e1sban sok az ingadoz\u00e1s, jobbnak l\u00e1ttam egy havi profitot is mell\u00e9tenni:<\/span><\/p>\n<p class=\"p1\"><a href=\"https:\/\/minicrm-wp-hu.s3.amazonaws.com\/uploads\/2014\/10\/image002.png\"><img loading=\"lazy\" decoding=\"async\" onerror=\"this.src='https:\/\/minicrm-wp-hu.s3.amazonaws.com\/uploads\/2021\/04\/MC_logo_2021_G-Dark.svg'\" class=\"size-full wp-image-8590 aligncenter\" src=\"https:\/\/minicrm-wp-hu.s3.amazonaws.com\/uploads\/2014\/10\/image002.png\" alt=\"image002\" width=\"472\" height=\"301\" srcset=\"https:\/\/minicrm-wp-hu.s3.amazonaws.com\/uploads\/2014\/10\/image002.png 472w, https:\/\/minicrm-wp-hu.s3.amazonaws.com\/uploads\/2014\/10\/image002-300x191.png 300w, https:\/\/minicrm-wp-hu.s3.amazonaws.com\/uploads\/2014\/10\/image002-470x300.png 470w\" sizes=\"auto, (max-width: 472px) 100vw, 472px\" \/><\/a><\/p>\n<p class=\"p1\"><span class=\"s1\">Az \u00e9v elej\u00e9n a honlapom bizonyos okok miatt nem m\u0171k\u00f6d\u00f6tt, ez\u00e9rt el\u00e9g gyeng\u00e9n indult az \u00e9v, de j\u00faniusra \u00fajra fellend\u00fclt a forgalom. J\u00faliusban egy jelent\u0151sebb f\u00e9l\u00e9ves \u00e9s \u00e9ves tags\u00e1gi d\u00edjat kellett fizetnem, valamint nagy mennyis\u00e9g\u0171 alapanyag\/eszk\u00f6zbeszerz\u00e9s is t\u00f6rt\u00e9nt. Emiatt negat\u00edv a profit, de meg\u00e9rte, mert augusztusban helyre\u00e1llt az egyens\u00faly, szeptemberben pedig kimagasl\u00f3 eredm\u00e9nyt k\u00f6nyvelhettem el.<\/span><\/p>\n<p class=\"p1\"><span class=\"s1\">A profit k\u00e9t \u00f6sszetev\u0151b\u0151l \u00e1ll: bev\u00e9tel \u00e9s kiad\u00e1s<\/span><\/p>\n<p class=\"p3\"><span style=\"text-decoration: underline;\"><span class=\"s2\"><b>2. Bev\u00e9telek f\u00fcl<\/b><\/span><\/span><\/p>\n<p class=\"p1\"><span class=\"s1\">Mivel a sz\u00e1ml\u00e1z\u00f3 modult is haszn\u00e1lom, ami\u00f3ta csak megsz\u00fcletett, \u00edgy az \u00e1ltalam ki\u00e1ll\u00edtott sz\u00e1ml\u00e1k m\u00e1r a rendszerben vannak. Ebb\u0151l meghat\u00e1rozhat\u00f3 a bev\u00e9tel.<\/span><\/p>\n<p class=\"p1\"><span class=\"s1\">Az egyik legjobb funkci\u00f3, hogy sz\u0171r\u0151 \u00e1ltal lek\u00e9rdezett adatlapok meghat\u00e1rozott mez\u0151it Google T\u00e1bl\u00e1zatokba lehet export\u00e1lni. Az adatok megnyit\u00e1sonk\u00e9nt friss\u00fclnek, \u00edgy mindig naprak\u00e9sz adatb\u00e1zist l\u00e1tok. <\/span><\/p>\n<p class=\"p1\"><span class=\"s1\">Jelenleg ar\u00e1nylag kev\u00e9s dolgot m\u00e9rek: havi bev\u00e9tel, havi rendel\u00e9s darabsz\u00e1m, havi k\u00e9szp\u00e9nzes fizet\u00e9s. Ezt a j\u00f6v\u0151ben term\u00e9kt\u00edpusokra fogom bontani.<\/span><\/p>\n<p class=\"p3\"><span class=\"s1\"><i>A technikai r\u00e9szletek:<\/i><\/span><\/p>\n<p class=\"p1\"><span class=\"s1\">A MiniCRM-ben a sz\u00e1ml\u00e1z\u00f3 modulban l\u00e9trehoztam egy sz\u0171r\u0151t &#8222;2014 kimen\u0151 sz\u00e1ml\u00e1k\u201d n\u00e9ven. Krit\u00e9riumoknak pedig be\u00e1ll\u00edtottam, hogy a ki\u00e1ll\u00edt\u00e1s d\u00e1tuma 2013 december 31. \u00e9s 2015 janu\u00e1r 1. k\u00f6z\u00f6tt legyen, t\u00edpusa: sz\u00e1mla. \u00cdgy az aj\u00e1nlatok \u00e9s d\u00edjbek\u00e9r\u0151k nem ker\u00fclnek benne.<\/span><\/p>\n<p class=\"p1\"><span class=\"s1\">A t\u00e1bl\u00e1zatos megjelen\u00edt\u00e9sn\u00e9l a sz\u00e1momra fontos adatokat t\u00fcntettettem fel: n\u00e9v (adatlap) (ez gyakorlatilag a sz\u00e1mla sorsz\u00e1ma), \u00fcgyf\u00e9l neve, fizet\u00e9si hat\u00e1rid\u0151, st\u00e1tusz, nett\u00f3 \u00f6sszeg, fizet\u00e9si m\u00f3d, v\u00e9g\u00f6sszeg, ki\u00e1ll\u00edt\u00e1s d\u00e1tuma.<\/span><\/p>\n<p class=\"p1\"><span class=\"s1\">Majd: Ment\u00e9s f\u00e1jlba &gt; Szinkroniz\u00e1l\u00e1s Google T\u00e1bl\u00e1zattal &gt; Megosztva, \u00e9s kim\u00e1soltam az =ImportData-val kezd\u0151d\u0151 sort. Ha ezt a Google T\u00e1bl\u00e1zatok egy cell\u00e1j\u00e1ba illesztj\u00fck, ad egy list\u00e1t a sz\u0171r\u0151 krit\u00e9rium\u00e1nak megfelel\u0151 adatlapokkal, \u00e9s a v\u00e1lasztott t\u00e1bl\u00e1zat-fejl\u00e9cekkel.<\/span><\/p>\n<p class=\"p1\"><span class=\"s1\">Mivel a list\u00e1t \u00f6sszegezni szeretn\u00e9m havi bont\u00e1sban, ez\u00e9rt fel\u00fcl egy kis helyet hagyok ki az \u00f6sszegz\u00e9snek, \u00e9s az A16-os cell\u00e1ba illesztem ezt az \u201eImportData\u201d sort. P\u00e1r m\u00e1sodperces t\u00f6lt\u00e9s ut\u00e1n megjelennek a t\u00e1bl\u00e1zat fejl\u00e9ceim (nett\u00f3 \u00f6sszeg, fizet\u00e9si hat\u00e1rid\u0151 stb.)<\/span><\/p>\n<p class=\"p1\"><span class=\"s1\">Az \u00f6sszegz\u00e9st f\u00fcggv\u00e9nyekkel csin\u00e1lom meg az \u00fcres r\u00e9szben.<\/span><\/p>\n<p class=\"p1\"><span class=\"s1\">El\u0151sz\u00f6r is fel\u00edrom a h\u00f3napok nev\u00e9t egy oszlopba, majd mell\u00e9 kigy\u0171jt\u00f6m f\u00fcggv\u00e9nnyel, hogy milyen nett\u00f3 bev\u00e9telem volt adott h\u00f3napban, h\u00e1ny darab rendel\u00e9sem, stb.<\/span><\/p>\n<p class=\"p1\"><span class=\"s1\">&#8222;=sumif(I$17:I$1000;CONCATENATE(<\/span><span style=\"color: #008000;\"><span class=\"s4\">&#8222;2014. &#8222;<\/span><span class=\"s1\" style=\"color: #000000;\">;<\/span><span class=\"s5\" style=\"color: #ff6600;\">B2<\/span><span class=\"s1\" style=\"color: #000000;\">;<\/span><span class=\"s4\">&#8222;*&#8221;<\/span><\/span><span class=\"s1\">);F$17:F$1000)\u201d<\/span><\/p>\n<p class=\"p1\"><span class=\"s1\">A fenti f\u00fcggv\u00e9ny magyarul:<\/span><\/p>\n<p class=\"p1\"><span class=\"s1\">Add \u00f6ssze az al\u00e1bbiakat, ha(sz\u00e1mla ki\u00e1ll\u00edt\u00e1s d\u00e1tuma;\u00f6sszef\u0171z(2014.;h\u00f3nap neve;b\u00e1rmilyen nap);sz\u00e1mla nett\u00f3 \u00f6sszeg)<\/span><\/p>\n<p class=\"p1\"><span class=\"s1\">Teh\u00e1t: ha az I oszlopban tal\u00e1lhat\u00f3 d\u00e1tum 2014. \u201eB oszlopban tal\u00e1lhat\u00f3 megfelel\u0151 h\u00f3nap\u201d ak\u00e1rh\u00e1nyadik napja, akkor adja \u00f6ssze az F oszlop 17-es cell\u00e1j\u00e1t\u00f3l kezdve az \u00f6sszes nett\u00f3 \u00f6sszeget.<\/span><\/p>\n<p class=\"p1\"><span class=\"s1\">A doll\u00e1rjelek seg\u00edtenek, hogy ezt a f\u00fcggv\u00e9nyt m\u00e1solva ne \u201em\u00e1sszon el\u201d az \u00f6sszegzett cella.<\/span><\/p>\n<p class=\"p1\"><span class=\"s1\">Ha ezek megvannak, a h\u00f3napokat m\u00e1r lehet \u00f6sszegezni sima \u201esum\u201d f\u00fcggv\u00e9nnyel.<\/span><\/p>\n<p class=\"p1\"><a href=\"https:\/\/minicrm-wp-hu.s3.amazonaws.com\/uploads\/2014\/10\/image0031.png\"><img loading=\"lazy\" decoding=\"async\" onerror=\"this.src='https:\/\/minicrm-wp-hu.s3.amazonaws.com\/uploads\/2021\/04\/MC_logo_2021_G-Dark.svg'\" class=\"aligncenter size-full wp-image-8598\" src=\"https:\/\/minicrm-wp-hu.s3.amazonaws.com\/uploads\/2014\/10\/image0031.png\" alt=\"image003\" width=\"1246\" height=\"523\" srcset=\"https:\/\/minicrm-wp-hu.s3.amazonaws.com\/uploads\/2014\/10\/image0031.png 1246w, https:\/\/minicrm-wp-hu.s3.amazonaws.com\/uploads\/2014\/10\/image0031-300x126.png 300w, https:\/\/minicrm-wp-hu.s3.amazonaws.com\/uploads\/2014\/10\/image0031-767x322.png 767w, https:\/\/minicrm-wp-hu.s3.amazonaws.com\/uploads\/2014\/10\/image0031-500x210.png 500w\" sizes=\"auto, (max-width: 1246px) 100vw, 1246px\" \/><\/a><\/p>\n<p class=\"p1\"><span class=\"s1\">(a DB rendel\u00e9s t\u00f6rt\u00e9nelmi okokb\u00f3l ker\u00fclt k\u00e9tszer a t\u00e1bl\u00e1zatba :) )<\/span><\/p>\n<p class=\"p1\"><span class=\"s1\">A rendel\u00e9s darabsz\u00e1m f\u00fcggv\u00e9nye:<\/span><\/p>\n<p class=\"p1\"><span class=\"s1\">=countif(I$17:I$1000;CONCATENATE(<\/span><span class=\"s4\" style=\"color: #008000;\">&#8222;2014. &#8222;<\/span><span class=\"s1\">;<\/span><span class=\"s5\" style=\"color: #ff6600;\">B2<\/span><span class=\"s1\">;<\/span><span class=\"s4\" style=\"color: #008000;\">&#8222;*&#8221;<\/span><span class=\"s1\">))-countifs(I$17:I$1000;CONCATENATE(<\/span><span class=\"s4\" style=\"color: #008000;\">&#8222;2014. &#8222;<\/span><span class=\"s1\">;<\/span><span class=\"s5\" style=\"color: #ff6600;\">B2<\/span><span class=\"s1\">;<\/span><span class=\"s4\" style=\"color: #008000;\">&#8222;*&#8221;<\/span><span class=\"s1\">);F$17:F$1000;<\/span><span class=\"s4\" style=\"color: #008000;\">&#8222;&lt;0&#8221;<\/span><span class=\"s1\">)*<\/span><span class=\"s6\" style=\"color: #0000ff;\">2<\/span><\/p>\n<p class=\"p1\"><span class=\"s1\">countif: sz\u00e1ml\u00e1ld meg, ha\u2026<\/span><\/p>\n<p class=\"p1\"><span class=\"s1\">A negat\u00edv r\u00e9sz\u00f6sszeg k\u00e9tszeres szorz\u00f3val az\u00e9rt sz\u00fcks\u00e9ges, mert ha elrontunk \u00e9s sztorn\u00f3zunk egy sz\u00e1ml\u00e1t, akkor az is beker\u00fcl ebbe a list\u00e1ba, \u00e9s a sztorn\u00f3zott \u00e9s sztorn\u00f3 sz\u00e1ml\u00e1kat is megsz\u00e1molja. \u00cdgy ha egy sz\u00e1mla negat\u00edv \u00f6sszeg\u0171, azokat lesz\u00e1molja, megszorozza kett\u0151vel, \u00e9s j\u00f3 darabsz\u00e1mot fog mutatni a t\u00e1bl\u00e1zatunk.<\/span><\/p>\n<p class=\"p1\"><span class=\"s1\">K\u00e9szp\u00e9nzes v\u00e1s\u00e1rl\u00e1sok \u00f6sszege:<\/span><\/p>\n<p class=\"p1\"><span class=\"s1\">=sumifs(F$17:F$1000;I$17:I$1000;CONCATENATE(<\/span><span class=\"s4\" style=\"color: #008000;\">&#8222;2014. &#8222;<\/span><span class=\"s1\">;<\/span><span class=\"s5\" style=\"color: #ff6600;\">B2<\/span><span class=\"s1\">;<\/span><span class=\"s4\" style=\"color: #008000;\">&#8222;*&#8221;<\/span><span class=\"s1\">);G$17:G$1000;<\/span><span class=\"s4\" style=\"color: #008000;\">&#8222;K\u00e9szp\u00e9nz&#8221;<\/span><span class=\"s1\">)<\/span><\/p>\n<p class=\"p1\"><span class=\"s1\">M\u00e9g egy f\u00fcggv\u00e9nyt illesztettem minden adatsor v\u00e9g\u00e9re, ami meghat\u00e1rozza, hogy az adott sz\u00e1mla melyik napt\u00e1ri h\u00e9thez tartozik, hogy heti tervet \u00e9s jelent\u00e9st tudjak k\u00e9sz\u00edteni:<\/span><\/p>\n<p class=\"p1\"><span class=\"s1\">=weeknum(datevalue(left(<\/span><span class=\"s5\" style=\"color: #ff6600;\">I17<\/span><span class=\"s1\">;find(<\/span><span class=\"s4\" style=\"color: #008000;\">&#8222;.&#8221;<\/span><span class=\"s1\">;<\/span><span class=\"s5\" style=\"color: #ff6600;\">I17<\/span><span class=\"s1\">;<\/span><span class=\"s6\" style=\"color: #0000ff;\">6<\/span><span class=\"s1\">))))<\/span><\/p>\n<p class=\"p1\"><span class=\"s1\">\u2014 ahol az I17 a sz\u00e1mla ki\u00e1ll\u00edt\u00e1s d\u00e1tuma.<\/span><\/p>\n<p class=\"p3\"><span class=\"s1\"><i>\u2022 Grafikonok f\u00fcl, bev\u00e9telek:<\/i><\/span><\/p>\n<p class=\"p1\"><span class=\"s1\">A \u201eBev\u00e9telek\u201d f\u00fcl \u00f6sszegzett adatai alapj\u00e1n a \u201eGrafikonok\u201d f\u00fclre ki tudjuk tenni a v\u00e1ltoz\u00e1sokat szeml\u00e9ltet\u0151 diagramot<\/span><\/p>\n<p class=\"p1\"><a href=\"https:\/\/minicrm-wp-hu.s3.amazonaws.com\/uploads\/2014\/10\/image004.png\"><img loading=\"lazy\" decoding=\"async\" onerror=\"this.src='https:\/\/minicrm-wp-hu.s3.amazonaws.com\/uploads\/2021\/04\/MC_logo_2021_G-Dark.svg'\" class=\"aligncenter wp-image-8592 size-full\" src=\"https:\/\/minicrm-wp-hu.s3.amazonaws.com\/uploads\/2014\/10\/image004.png\" alt=\"image004\" width=\"393\" height=\"320\" srcset=\"https:\/\/minicrm-wp-hu.s3.amazonaws.com\/uploads\/2014\/10\/image004.png 393w, https:\/\/minicrm-wp-hu.s3.amazonaws.com\/uploads\/2014\/10\/image004-300x244.png 300w, https:\/\/minicrm-wp-hu.s3.amazonaws.com\/uploads\/2014\/10\/image004-368x300.png 368w\" sizes=\"auto, (max-width: 393px) 100vw, 393px\" \/><\/a><\/p>\n<p class=\"p1\"><span class=\"s1\">Bev\u00e9teli g\u00f6rb\u00e9k: k\u00e9k: 2014, piros: 2013, narancss\u00e1rga: 2012, z\u00f6ld: 2011, lila: 2010. Ehhez persze kellenek az el\u0151z\u0151 \u00e9vek havi bev\u00e9teli adatsorai is.<\/span><\/p>\n<p class=\"p1\"><span class=\"s1\">Bal oldalon a 0 sz\u00e1mok a nagyobb \u00f6sszegek utols\u00f3 sz\u00e1mjegyei.<\/span><\/p>\n<p class=\"p1\"><span class=\"s1\">Term\u00e9szetesen a bev\u00e9telt is c\u00e9lszer\u0171 tervezni, amib\u0151l szint\u00e9n l\u00e9trehoztam egy grafikont.<\/span><\/p>\n<p class=\"p1\"><a href=\"https:\/\/minicrm-wp-hu.s3.amazonaws.com\/uploads\/2014\/10\/image005.png\"><img loading=\"lazy\" decoding=\"async\" onerror=\"this.src='https:\/\/minicrm-wp-hu.s3.amazonaws.com\/uploads\/2021\/04\/MC_logo_2021_G-Dark.svg'\" class=\"aligncenter size-full wp-image-8593\" src=\"https:\/\/minicrm-wp-hu.s3.amazonaws.com\/uploads\/2014\/10\/image005.png\" alt=\"image005\" width=\"386\" height=\"281\" srcset=\"https:\/\/minicrm-wp-hu.s3.amazonaws.com\/uploads\/2014\/10\/image005.png 386w, https:\/\/minicrm-wp-hu.s3.amazonaws.com\/uploads\/2014\/10\/image005-300x218.png 300w\" sizes=\"auto, (max-width: 386px) 100vw, 386px\" \/><\/a><\/p>\n<p class=\"p1\" style=\"text-align: center;\"><span class=\"s1\">A k\u00e9k a tervezett, a piros a val\u00f3s bev\u00e9telt mutatja. Heti bont\u00e1s.<\/span><\/p>\n<p class=\"p1\"><span class=\"s1\">A megrendel\u00e9sek darabsz\u00e1ma havi bont\u00e1sban:<\/span><\/p>\n<p class=\"p1\"><a href=\"https:\/\/minicrm-wp-hu.s3.amazonaws.com\/uploads\/2014\/10\/image006.png\"><img loading=\"lazy\" decoding=\"async\" onerror=\"this.src='https:\/\/minicrm-wp-hu.s3.amazonaws.com\/uploads\/2021\/04\/MC_logo_2021_G-Dark.svg'\" class=\"aligncenter size-full wp-image-8594\" src=\"https:\/\/minicrm-wp-hu.s3.amazonaws.com\/uploads\/2014\/10\/image006.png\" alt=\"image006\" width=\"415\" height=\"289\" srcset=\"https:\/\/minicrm-wp-hu.s3.amazonaws.com\/uploads\/2014\/10\/image006.png 415w, https:\/\/minicrm-wp-hu.s3.amazonaws.com\/uploads\/2014\/10\/image006-300x209.png 300w\" sizes=\"auto, (max-width: 415px) 100vw, 415px\" \/><\/a><\/p>\n<p class=\"p1\"><span class=\"s1\">Az utols\u00f3 p\u00e1r adat m\u00e9g nincs felt\u00f6ltve, l\u00e9v\u00e9n, hogy okt\u00f3ber-december h\u00f3napokra jelenleg 0-t mutat a t\u00e1bl\u00e1zat, ez\u00e9rt l\u00e1that\u00f3 benne a nagy t\u00f6r\u00e9s.<\/span><\/p>\n<p class=\"p1\"><span class=\"s1\">A havi bev\u00e9telb\u0151l \u00e9s a rendel\u00e9s darabsz\u00e1mb\u00f3l meghat\u00e1rozhat\u00f3 a kos\u00e1r\u00e9rt\u00e9k:<\/span><\/p>\n<p class=\"p1\"><span class=\"s1\"><i><a href=\"https:\/\/minicrm-wp-hu.s3.amazonaws.com\/uploads\/2014\/10\/image007.png\"><img loading=\"lazy\" decoding=\"async\" onerror=\"this.src='https:\/\/minicrm-wp-hu.s3.amazonaws.com\/uploads\/2021\/04\/MC_logo_2021_G-Dark.svg'\" class=\"aligncenter size-full wp-image-8595\" src=\"https:\/\/minicrm-wp-hu.s3.amazonaws.com\/uploads\/2014\/10\/image007.png\" alt=\"image007\" width=\"392\" height=\"322\" srcset=\"https:\/\/minicrm-wp-hu.s3.amazonaws.com\/uploads\/2014\/10\/image007.png 392w, https:\/\/minicrm-wp-hu.s3.amazonaws.com\/uploads\/2014\/10\/image007-300x246.png 300w, https:\/\/minicrm-wp-hu.s3.amazonaws.com\/uploads\/2014\/10\/image007-365x300.png 365w\" sizes=\"auto, (max-width: 392px) 100vw, 392px\" \/><\/a><\/i><\/span><i>\u00a0\u00a0<\/i><\/p>\n<p class=\"p3\"><span style=\"text-decoration: underline;\"><span class=\"s2\"><b>3. Kiad\u00e1sok f\u00fcl<\/b><\/span><\/span><\/p>\n<p class=\"p1\"><span class=\"s1\">Egy \u00faj f\u00fcl\u00f6n tal\u00e1lhat\u00f3ak a kiad\u00e1sok. De ezek hogyan ker\u00fclnek ide?<\/span><\/p>\n<p class=\"p1\"><span class=\"s1\">A \u201eSz\u00e1ml\u00e1z\u00f3\u201d modul p\u00e1rjak\u00e9nt l\u00e9trehoztam egy modult, ahol a bej\u00f6v\u0151 sz\u00e1ml\u00e1imat (teh\u00e1t a kiad\u00e1saimat) r\u00f6gz\u00edtem, amit \u201eoszt\u00e1lyozok\u201d k\u00fcl\u00f6nf\u00e9le jellemz\u0151k szerint.<\/span><\/p>\n<p class=\"p1\"><span class=\"s1\">Fix k\u00f6lts\u00e9gek: b\u00e9rek (\u00e9s j\u00e1rul\u00e9kok), irodab\u00e9rlet (\u00e9s rezsi), eszk\u00f6z (\u00e9s irodaszer), marketing, \u00fcgyviteli k\u00f6lts\u00e9gek (t\u00e1rhelyb\u00e9rlett\u0151l kezdve a MiniCRM el\u0151fizet\u00e9sig) &#8211; \u00e9s term\u00e9szetesen mindenkinek a saj\u00e1t \u00edzl\u00e9se szerinti k\u00f6lts\u00e9gnemek.<\/span><\/p>\n<p class=\"p1\"><span class=\"s1\">V\u00e1ltoz\u00f3 k\u00f6lts\u00e9gek: c\u00edmke, fest\u00e9kszalag, sz\u00e1ll\u00edt\u00e1si k\u00f6lts\u00e9g, csomagol\u00f3anyag (N\u00e1lam. Term\u00e9szetesen m\u00e1sn\u00e1l m\u00e1s alapanyagk\u00f6lts\u00e9gek jelentkeznek, de ha p\u00e9ld\u00e1ul nagyobb munkaer\u0151re van sz\u00fcks\u00e9g a gy\u00e1rt\u00e1shoz, lehet az is v\u00e1ltoz\u00f3 k\u00f6lts\u00e9g)<\/span><\/p>\n<p class=\"p1\"><span class=\"s1\">A sz\u00e1ml\u00e1z\u00f3 modulhoz hasonl\u00f3an itt is egy f\u00fcggv\u00e9ny gy\u0171jti ki a 2014-es bej\u00f6v\u0151 sz\u00e1ml\u00e1kat, amelyeket ugyan\u00fagy list\u00e1ztatok ki a Google T\u00e1bl\u00e1zatokban, de egy k\u00fcl\u00f6n \u201eKiad\u00e1sok\u201d f\u00fcl\u00f6n. Fel\u00fcl ism\u00e9t hagyok helyet, hogy \u00f6sszegezni tudjam az adatokat. Viszont itt az egyes k\u00f6lts\u00e9gt\u00edpusokat (pl. b\u00e9r, sz\u00e1ll\u00edt\u00e1si k\u00f6lts\u00e9g stb.) megoszt\u00e1sban \u00f6sszegzem, majd ezeket az \u00f6sszegeket adom hozz\u00e1 a fix- vagy v\u00e1ltoz\u00f3 k\u00f6lts\u00e9gekhez, adott h\u00f3napra vonatkoz\u00f3an.<\/span><\/p>\n<p class=\"p3\"><span class=\"s1\"><i>\u2022 Grafikonok f\u00fcl, kiad\u00e1sok:<\/i><\/span><\/p>\n<p class=\"p1\"><a href=\"https:\/\/minicrm-wp-hu.s3.amazonaws.com\/uploads\/2014\/10\/image0081.jpg\"><img loading=\"lazy\" decoding=\"async\" onerror=\"this.src='https:\/\/minicrm-wp-hu.s3.amazonaws.com\/uploads\/2021\/04\/MC_logo_2021_G-Dark.svg'\" class=\"aligncenter size-full wp-image-8607\" src=\"https:\/\/minicrm-wp-hu.s3.amazonaws.com\/uploads\/2014\/10\/image0081.jpg\" alt=\"image008\" width=\"1205\" height=\"439\" srcset=\"https:\/\/minicrm-wp-hu.s3.amazonaws.com\/uploads\/2014\/10\/image0081.jpg 1205w, https:\/\/minicrm-wp-hu.s3.amazonaws.com\/uploads\/2014\/10\/image0081-300x109.jpg 300w, https:\/\/minicrm-wp-hu.s3.amazonaws.com\/uploads\/2014\/10\/image0081-767x279.jpg 767w, https:\/\/minicrm-wp-hu.s3.amazonaws.com\/uploads\/2014\/10\/image0081-500x182.jpg 500w\" sizes=\"auto, (max-width: 1205px) 100vw, 1205px\" \/><\/a><\/p>\n<p class=\"p1\"><span class=\"s1\"><a href=\"https:\/\/minicrm-wp-hu.s3.amazonaws.com\/uploads\/2014\/10\/image009.png\"><img loading=\"lazy\" decoding=\"async\" onerror=\"this.src='https:\/\/minicrm-wp-hu.s3.amazonaws.com\/uploads\/2021\/04\/MC_logo_2021_G-Dark.svg'\" class=\"aligncenter size-full wp-image-8599\" src=\"https:\/\/minicrm-wp-hu.s3.amazonaws.com\/uploads\/2014\/10\/image009.png\" alt=\"image009\" width=\"431\" height=\"312\" srcset=\"https:\/\/minicrm-wp-hu.s3.amazonaws.com\/uploads\/2014\/10\/image009.png 431w, https:\/\/minicrm-wp-hu.s3.amazonaws.com\/uploads\/2014\/10\/image009-300x217.png 300w, https:\/\/minicrm-wp-hu.s3.amazonaws.com\/uploads\/2014\/10\/image009-414x300.png 414w\" sizes=\"auto, (max-width: 431px) 100vw, 431px\" \/><\/a>\u00a0<\/span><\/p>\n<p class=\"p1\"><a href=\"https:\/\/minicrm-wp-hu.s3.amazonaws.com\/uploads\/2014\/10\/image010.png\"><img loading=\"lazy\" decoding=\"async\" onerror=\"this.src='https:\/\/minicrm-wp-hu.s3.amazonaws.com\/uploads\/2021\/04\/MC_logo_2021_G-Dark.svg'\" class=\"aligncenter size-full wp-image-8600\" src=\"https:\/\/minicrm-wp-hu.s3.amazonaws.com\/uploads\/2014\/10\/image010.png\" alt=\"image010\" width=\"405\" height=\"278\" srcset=\"https:\/\/minicrm-wp-hu.s3.amazonaws.com\/uploads\/2014\/10\/image010.png 405w, https:\/\/minicrm-wp-hu.s3.amazonaws.com\/uploads\/2014\/10\/image010-300x206.png 300w\" sizes=\"auto, (max-width: 405px) 100vw, 405px\" \/><\/a><\/p>\n<p class=\"p1\"><a href=\"https:\/\/minicrm-wp-hu.s3.amazonaws.com\/uploads\/2014\/10\/image011.png\"><img loading=\"lazy\" decoding=\"async\" onerror=\"this.src='https:\/\/minicrm-wp-hu.s3.amazonaws.com\/uploads\/2021\/04\/MC_logo_2021_G-Dark.svg'\" class=\"aligncenter size-full wp-image-8601\" src=\"https:\/\/minicrm-wp-hu.s3.amazonaws.com\/uploads\/2014\/10\/image011.png\" alt=\"image011\" width=\"462\" height=\"287\" srcset=\"https:\/\/minicrm-wp-hu.s3.amazonaws.com\/uploads\/2014\/10\/image011.png 462w, https:\/\/minicrm-wp-hu.s3.amazonaws.com\/uploads\/2014\/10\/image011-300x186.png 300w\" sizes=\"auto, (max-width: 462px) 100vw, 462px\" \/><\/a><\/p>\n<p class=\"p1\"><span class=\"s1\">Az al\u00e1bbi diagramok seg\u00edts\u00e9g\u00e9vel megn\u00e9zhetem, hogy mi okozhat egy k\u00f6lts\u00e9gmegugr\u00e1st:<\/span><\/p>\n<p class=\"p1\"><a href=\"https:\/\/minicrm-wp-hu.s3.amazonaws.com\/uploads\/2014\/10\/image012.png\"><img loading=\"lazy\" decoding=\"async\" onerror=\"this.src='https:\/\/minicrm-wp-hu.s3.amazonaws.com\/uploads\/2021\/04\/MC_logo_2021_G-Dark.svg'\" class=\"aligncenter size-full wp-image-8602\" src=\"https:\/\/minicrm-wp-hu.s3.amazonaws.com\/uploads\/2014\/10\/image012.png\" alt=\"image012\" width=\"480\" height=\"318\" srcset=\"https:\/\/minicrm-wp-hu.s3.amazonaws.com\/uploads\/2014\/10\/image012.png 480w, https:\/\/minicrm-wp-hu.s3.amazonaws.com\/uploads\/2014\/10\/image012-300x199.png 300w, https:\/\/minicrm-wp-hu.s3.amazonaws.com\/uploads\/2014\/10\/image012-453x300.png 453w\" sizes=\"auto, (max-width: 480px) 100vw, 480px\" \/><\/a><\/p>\n<p class=\"p1\"><a href=\"https:\/\/minicrm-wp-hu.s3.amazonaws.com\/uploads\/2014\/10\/image013.png\"><img loading=\"lazy\" decoding=\"async\" onerror=\"this.src='https:\/\/minicrm-wp-hu.s3.amazonaws.com\/uploads\/2021\/04\/MC_logo_2021_G-Dark.svg'\" class=\"aligncenter size-full wp-image-8603\" src=\"https:\/\/minicrm-wp-hu.s3.amazonaws.com\/uploads\/2014\/10\/image013.png\" alt=\"image013\" width=\"545\" height=\"324\" srcset=\"https:\/\/minicrm-wp-hu.s3.amazonaws.com\/uploads\/2014\/10\/image013.png 545w, https:\/\/minicrm-wp-hu.s3.amazonaws.com\/uploads\/2014\/10\/image013-300x178.png 300w, https:\/\/minicrm-wp-hu.s3.amazonaws.com\/uploads\/2014\/10\/image013-500x297.png 500w\" sizes=\"auto, (max-width: 545px) 100vw, 545px\" \/><\/a><\/p>\n<p class=\"p1\"><span class=\"s1\">Az al\u00e1bbi diagram 100%-nak veszi a havi kiad\u00e1st, \u00e9s azon bel\u00fcl osztja meg azokat: mintha egy-egy tortadiagramban d\u00f6nten\u00e9nk el, hogy mi volt a d\u00f6nt\u0151 kiad\u00e1s az adott h\u00f3napra vonatkoz\u00f3an.<\/span><\/p>\n<p class=\"p1\"><span class=\"s1\">Term\u00e9szetesen a fix k\u00f6lts\u00e9gekre is k\u00e9sz\u00edthet\u00fcnk ugyanilyen diagramokat.<\/span><\/p>\n<p class=\"p3\"><span style=\"text-decoration: underline;\"><span class=\"s2\"><b>4. Honlappal kapcsolatos adatok f\u00fcl: A j\u00f6v\u0151bel\u00e1t\u00e1s<\/b><\/span><\/span><\/p>\n<p class=\"p1\"><span class=\"s1\">A fentiek alapj\u00e1n meg tudom hat\u00e1rozni, hogy honnan j\u00f6n a c\u00e9gem, \u00e9s jelenleg a fejl\u0151d\u00e9si szakaszban hol tartok. De hogyan mutatja ez a j\u00f6v\u0151t?<\/span><\/p>\n<p class=\"p1\"><span class=\"s1\">Az legfontosabb, hogy a potenci\u00e1lis \u00fcgyfeleket el\u00e9rem-e. Erre vonatkoz\u00f3an az adott \u00e1raj\u00e1nlatokat, honlap l\u00e1togatotts\u00e1got, hideg-h\u00edv\u00e1s mennyis\u00e9g\u00e9t kell figyelnem, stb. Ezeket az adatokat egy \u00faj f\u00fcl\u00f6n r\u00f6gz\u00edtem a Google T\u00e1bl\u00e1zatokban, amikb\u0151l szint\u00e9n tudok grafikonokat rajzolni. <\/span><\/p>\n<p class=\"p1\"><span class=\"s1\">Ha a honlapomnak m\u00e9rt a konverzi\u00f3ja (p\u00e9ld\u00e1ul, hogy h\u00e1ny honlap l\u00e1togat\u00f3b\u00f3l v\u00e1rhat\u00f3 egy v\u00e1s\u00e1rl\u00f3), akkor abb\u00f3l megj\u00f3solhat\u00f3, hogy h\u00e1ny \u00faj \u00fcgyf\u00e9lre tehet\u00fcnk szert ezen kereszt\u00fcl. Ha n\u0151 a l\u00e1togatotts\u00e1gom, v\u00e1rhat\u00f3an t\u00f6bb \u00fcgyfelem lesz.<\/span><\/p>\n<p class=\"p1\"><span class=\"s1\">Ezen k\u00edv\u00fcl jav\u00edthatom a konverzi\u00f3t is, hogy azonos mennyis\u00e9g\u0171 honlapl\u00e1togat\u00f3 mellett t\u00f6bb \u00faj \u00fcgyfelem legyen.<\/span><\/p>\n<p class=\"p1\"><span class=\"s1\">Ha a k\u00f6ztes pontokat is m\u00e9rem, azok seg\u00edts\u00e9g\u00e9vel meg tudom hat\u00e1rozni a konverzi\u00f3s l\u00e9p\u00e9sek javul\u00e1s\u00e1t\/gyeng\u00fcl\u00e9s\u00e9t.<\/span><\/p>\n<p class=\"p2\"><span class=\"s1\"><b>\u00d6sszegz\u00e9s<\/b><\/span><\/p>\n<p class=\"p1\"><span class=\"s1\">T\u00f6k\u00e9letes a rendszerem? Nem. Fontos, hogy legyen valamilyen kontrolling rendszerem? Igen. Tudnom kell, hogy honnan j\u00f6ttem, \u00e9s hov\u00e1 tartok, valamint, hogy most hol van a c\u00e9gem, j\u00f3 ir\u00e1nyba tartok-e.<\/span><\/p>\n<p class=\"p1\"><span class=\"s1\">Lehet-e finom\u00edtani? Igen. Lehet m\u00e9g r\u00e9szletesebb adatokat r\u00f6gz\u00edteni; \u00e9n p\u00e9ld\u00e1ul term\u00e9kt\u00edpusonk\u00e9nti megoszl\u00e1st fogok a k\u00f6zelj\u00f6v\u0151ben gener\u00e1lni. Ehhez tov\u00e1bbi adatr\u00f6gz\u00edt\u00e9sre van sz\u00fcks\u00e9g.<\/span><\/p>\n<p class=\"p1\"><span class=\"s1\">Menet k\u00f6zben egy\u00e9rtelm\u0171en rengeteg k\u00e9rd\u00e9s fog felmer\u00fclni, ezt hogyan j\u00f3, azt hogyan \u00e9rdemes csin\u00e1lni, azt hogyan lehet, hogy\u2026, de mi\u00e9rt \u00fagy, \u00e9s mi\u00e9rt nem m\u00e1shogy? A c\u00e9l, hogy a \u201esehogy\u201d ut\u00e1n \u201evalahogy\u201d m\u0171k\u00f6dj\u00f6n, hogy ut\u00e1na \u201ej\u00f3l\u201d tudjon m\u0171k\u00f6dni. Folyamatosan finomhangolni kell.<\/span><\/p>\n<p class=\"p6\"><span class=\"s1\">P\u00e9ld\u00e1ul: cash-flow-t mutassa-e, vagy ne? Gondolok itt t\u00f6bbek k\u00f6z\u00f6tt, hogy \u00e9n \u00e9ves d\u00edjat fizetek a MiniCRM haszn\u00e1lat\u00e1\u00e9rt, ugyanakkor az\u00e9rt 12 h\u00f3napnyi szolg\u00e1ltat\u00e1st kapok, le lehetne osztani 12 h\u00f3napra (vagy heti bont\u00e1s miatt 52 h\u00e9tre).<\/span><\/p>\n<p class=\"p7\"><span class=\"s1\"><b>Kinek aj\u00e1nlom?<\/b><\/span><\/p>\n<p>Kisebb c\u00e9geknek, kb. 3-5 f\u0151ig. De ha nagyobb a c\u00e9g, egy kezdeti kontrolling rendszert akkor is \u00f6ssze lehet \u00e1ll\u00edtani a fentiek alapj\u00e1n, ahonnan tov\u00e1bb lehet l\u00e9pni egy komplexebb rendszerhez. Gyakorlatilag a fenti kontrolling rendszer \u00f6sszetettebb verzi\u00f3ja nagyobb 10-50 f\u0151s c\u00e9geknek, akiknek m\u00e9g nem felt\u00e9tlen sz\u00fcks\u00e9ges ERP rendszer bevezet\u00e9se.<\/p>\n","protected":false},"excerpt":{"rendered":"<p>A MiniCRM funkci\u00f3it milli\u00f3 \u00e9s egy m\u00f3don haszn\u00e1lhatod fel. Megyeri Domonkos, az \u00d6ntapad\u00f3 C\u00edmke Nyomtat\u00e1s (http:\/\/OntapadoCimkeNyomtatas.hu) alap\u00edt\u00f3ja 2012 febru\u00e1rja \u00f3ta haszn\u00e1lja a MiniCRM-et. Esettanulm\u00e1ny\u00e1ban arr\u00f3l mes\u00e9l, hogy hogyan fejlesztette ki saj\u00e1t kontrolling rendszer\u00e9t az alkalmaz\u00e1s seg\u00edts\u00e9g\u00e9vel. Amit nem m\u00e9rsz, az biztos hanyatlik. Tegnap besz\u00e9lgettem az egyik kedves ismer\u0151s\u00f6mmel, aki valami nagyon \u00e9rdekeset mes\u00e9lt. Egyik \u00fcgyfele [&hellip;]<\/p>\n","protected":false},"author":21,"featured_media":8778,"comment_status":"open","ping_status":"closed","sticky":false,"template":"","format":"gallery","meta":{"inline_featured_image":false,"footnotes":""},"categories":[376],"tags":[],"class_list":["post-8588","post","type-post","status-publish","format-gallery","has-post-thumbnail","hentry","category-minicrm","post_format-post-format-gallery"],"yoast_head":"<!-- This site is optimized with the Yoast SEO plugin v27.1.1 - https:\/\/yoast.com\/product\/yoast-seo-wordpress\/ -->\n<title>\u201cAmit nem m\u00e9rsz, az biztos hanyatlik\u201d: Kontrolling a MiniCRM seg\u00edts\u00e9g\u00e9vel<\/title>\n<meta name=\"description\" content=\"A MiniCRM funkci\u00f3it milli\u00f3 \u00e9s egy m\u00f3don haszn\u00e1lhatod fel. Megyeri Domonkos, az \u00d6ntapad\u00f3 C\u00edmke Nyomtat\u00e1s (http:\/\/OntapadoCimkeNyomtatas.hu) alap\u00edt\u00f3ja 2012\" \/>\n<meta name=\"robots\" content=\"index, follow, max-snippet:-1, max-image-preview:large, max-video-preview:-1\" \/>\n<link rel=\"canonical\" href=\"https:\/\/www.minicrm.hu\/blog\/2014\/10-18\/amit-nem-mersz-az-biztos-hanyatlik\/\" \/>\n<meta property=\"og:locale\" content=\"hu_HU\" \/>\n<meta property=\"og:type\" content=\"article\" \/>\n<meta property=\"og:title\" content=\"\u201cAmit nem m\u00e9rsz, az biztos hanyatlik\u201d: Kontrolling a MiniCRM seg\u00edts\u00e9g\u00e9vel\" \/>\n<meta property=\"og:description\" content=\"A MiniCRM funkci\u00f3it milli\u00f3 \u00e9s egy m\u00f3don haszn\u00e1lhatod fel. Megyeri Domonkos, az \u00d6ntapad\u00f3 C\u00edmke Nyomtat\u00e1s (http:\/\/OntapadoCimkeNyomtatas.hu) alap\u00edt\u00f3ja 2012\" \/>\n<meta property=\"og:url\" content=\"https:\/\/www.minicrm.hu\/blog\/2014\/10-18\/amit-nem-mersz-az-biztos-hanyatlik\/\" \/>\n<meta property=\"og:site_name\" content=\"MiniCRM Blog\" \/>\n<meta property=\"article:published_time\" content=\"2014-10-18T13:38:18+00:00\" \/>\n<meta property=\"article:modified_time\" content=\"2015-04-24T13:03:58+00:00\" \/>\n<meta property=\"og:image\" content=\"https:\/\/minicrm-wp-hu.s3.amazonaws.com\/uploads\/2014\/10\/amit_nem_mersz.jpg\" \/>\n\t<meta property=\"og:image:width\" content=\"600\" \/>\n\t<meta property=\"og:image:height\" content=\"557\" \/>\n\t<meta property=\"og:image:type\" content=\"image\/jpeg\" \/>\n<meta name=\"author\" content=\"L\u00edvia F\u00fcl\u00f6p\" \/>\n<meta name=\"twitter:label1\" content=\"Szerz\u0151:\" \/>\n\t<meta name=\"twitter:data1\" content=\"L\u00edvia F\u00fcl\u00f6p\" \/>\n\t<meta name=\"twitter:label2\" content=\"Becs\u00fclt olvas\u00e1si id\u0151\" \/>\n\t<meta name=\"twitter:data2\" content=\"12 perc\" \/>\n<script type=\"application\/ld+json\" class=\"yoast-schema-graph\">{\"@context\":\"https:\/\/schema.org\",\"@graph\":[{\"@type\":\"Article\",\"@id\":\"https:\/\/www.minicrm.hu\/blog\/2014\/10-18\/amit-nem-mersz-az-biztos-hanyatlik\/#article\",\"isPartOf\":{\"@id\":\"https:\/\/www.minicrm.hu\/blog\/2014\/10-18\/amit-nem-mersz-az-biztos-hanyatlik\/\"},\"author\":{\"name\":\"L\u00edvia F\u00fcl\u00f6p\",\"@id\":\"https:\/\/www.minicrm.hu\/blog\/#\/schema\/person\/0063bca47bc09d508384cc964ae03065\"},\"headline\":\"\u201cAmit nem m\u00e9rsz, az biztos hanyatlik\u201d: Kontrolling a MiniCRM seg\u00edts\u00e9g\u00e9vel\",\"datePublished\":\"2014-10-18T13:38:18+00:00\",\"dateModified\":\"2015-04-24T13:03:58+00:00\",\"mainEntityOfPage\":{\"@id\":\"https:\/\/www.minicrm.hu\/blog\/2014\/10-18\/amit-nem-mersz-az-biztos-hanyatlik\/\"},\"wordCount\":2497,\"commentCount\":0,\"publisher\":{\"@id\":\"https:\/\/www.minicrm.hu\/blog\/#organization\"},\"image\":{\"@id\":\"https:\/\/www.minicrm.hu\/blog\/2014\/10-18\/amit-nem-mersz-az-biztos-hanyatlik\/#primaryimage\"},\"thumbnailUrl\":\"https:\/\/minicrm-wp-hu.s3.amazonaws.com\/uploads\/2014\/10\/amit_nem_mersz.jpg\",\"articleSection\":[\"MiniCRM\"],\"inLanguage\":\"hu\",\"potentialAction\":[{\"@type\":\"CommentAction\",\"name\":\"Comment\",\"target\":[\"https:\/\/www.minicrm.hu\/blog\/2014\/10-18\/amit-nem-mersz-az-biztos-hanyatlik\/#respond\"]}]},{\"@type\":\"WebPage\",\"@id\":\"https:\/\/www.minicrm.hu\/blog\/2014\/10-18\/amit-nem-mersz-az-biztos-hanyatlik\/\",\"url\":\"https:\/\/www.minicrm.hu\/blog\/2014\/10-18\/amit-nem-mersz-az-biztos-hanyatlik\/\",\"name\":\"\u201cAmit nem m\u00e9rsz, az biztos hanyatlik\u201d: Kontrolling a MiniCRM seg\u00edts\u00e9g\u00e9vel\",\"isPartOf\":{\"@id\":\"https:\/\/www.minicrm.hu\/blog\/#website\"},\"primaryImageOfPage\":{\"@id\":\"https:\/\/www.minicrm.hu\/blog\/2014\/10-18\/amit-nem-mersz-az-biztos-hanyatlik\/#primaryimage\"},\"image\":{\"@id\":\"https:\/\/www.minicrm.hu\/blog\/2014\/10-18\/amit-nem-mersz-az-biztos-hanyatlik\/#primaryimage\"},\"thumbnailUrl\":\"https:\/\/minicrm-wp-hu.s3.amazonaws.com\/uploads\/2014\/10\/amit_nem_mersz.jpg\",\"datePublished\":\"2014-10-18T13:38:18+00:00\",\"dateModified\":\"2015-04-24T13:03:58+00:00\",\"description\":\"A MiniCRM funkci\u00f3it milli\u00f3 \u00e9s egy m\u00f3don haszn\u00e1lhatod fel. Megyeri Domonkos, az \u00d6ntapad\u00f3 C\u00edmke Nyomtat\u00e1s (http:\/\/OntapadoCimkeNyomtatas.hu) alap\u00edt\u00f3ja 2012\",\"breadcrumb\":{\"@id\":\"https:\/\/www.minicrm.hu\/blog\/2014\/10-18\/amit-nem-mersz-az-biztos-hanyatlik\/#breadcrumb\"},\"inLanguage\":\"hu\",\"potentialAction\":[{\"@type\":\"ReadAction\",\"target\":[\"https:\/\/www.minicrm.hu\/blog\/2014\/10-18\/amit-nem-mersz-az-biztos-hanyatlik\/\"]}]},{\"@type\":\"ImageObject\",\"inLanguage\":\"hu\",\"@id\":\"https:\/\/www.minicrm.hu\/blog\/2014\/10-18\/amit-nem-mersz-az-biztos-hanyatlik\/#primaryimage\",\"url\":\"https:\/\/minicrm-wp-hu.s3.amazonaws.com\/uploads\/2014\/10\/amit_nem_mersz.jpg\",\"contentUrl\":\"https:\/\/minicrm-wp-hu.s3.amazonaws.com\/uploads\/2014\/10\/amit_nem_mersz.jpg\",\"width\":600,\"height\":557},{\"@type\":\"BreadcrumbList\",\"@id\":\"https:\/\/www.minicrm.hu\/blog\/2014\/10-18\/amit-nem-mersz-az-biztos-hanyatlik\/#breadcrumb\",\"itemListElement\":[{\"@type\":\"ListItem\",\"position\":1,\"name\":\"Home\",\"item\":\"https:\/\/www.minicrm.hu\/blog\/\"},{\"@type\":\"ListItem\",\"position\":2,\"name\":\"\u201cAmit nem m\u00e9rsz, az biztos hanyatlik\u201d: Kontrolling a MiniCRM seg\u00edts\u00e9g\u00e9vel\"}]},{\"@type\":\"WebSite\",\"@id\":\"https:\/\/www.minicrm.hu\/blog\/#website\",\"url\":\"https:\/\/www.minicrm.hu\/blog\/\",\"name\":\"MiniCRM Blog\",\"description\":\"CRM Blog\",\"publisher\":{\"@id\":\"https:\/\/www.minicrm.hu\/blog\/#organization\"},\"potentialAction\":[{\"@type\":\"SearchAction\",\"target\":{\"@type\":\"EntryPoint\",\"urlTemplate\":\"https:\/\/www.minicrm.hu\/blog\/?s={search_term_string}\"},\"query-input\":{\"@type\":\"PropertyValueSpecification\",\"valueRequired\":true,\"valueName\":\"search_term_string\"}}],\"inLanguage\":\"hu\"},{\"@type\":\"Organization\",\"@id\":\"https:\/\/www.minicrm.hu\/blog\/#organization\",\"name\":\"MiniCRM Blog\",\"url\":\"https:\/\/www.minicrm.hu\/blog\/\",\"logo\":{\"@type\":\"ImageObject\",\"inLanguage\":\"hu\",\"@id\":\"https:\/\/www.minicrm.hu\/blog\/#\/schema\/logo\/image\/\",\"url\":\"https:\/\/minicrm-wp-hu.s3.amazonaws.com\/uploads\/2021\/04\/cropped-MC-logo-Blog-2021_G-Dark.png\",\"contentUrl\":\"https:\/\/minicrm-wp-hu.s3.amazonaws.com\/uploads\/2021\/04\/cropped-MC-logo-Blog-2021_G-Dark.png\",\"width\":91,\"height\":89,\"caption\":\"MiniCRM Blog\"},\"image\":{\"@id\":\"https:\/\/www.minicrm.hu\/blog\/#\/schema\/logo\/image\/\"}},{\"@type\":\"Person\",\"@id\":\"https:\/\/www.minicrm.hu\/blog\/#\/schema\/person\/0063bca47bc09d508384cc964ae03065\",\"name\":\"L\u00edvia F\u00fcl\u00f6p\",\"image\":{\"@type\":\"ImageObject\",\"inLanguage\":\"hu\",\"@id\":\"https:\/\/www.minicrm.hu\/blog\/#\/schema\/person\/image\/\",\"url\":\"https:\/\/minicrm-wp-hu.s3.amazonaws.com\/uploads\/2015\/04\/Livi-96x96.jpg\",\"contentUrl\":\"https:\/\/minicrm-wp-hu.s3.amazonaws.com\/uploads\/2015\/04\/Livi-96x96.jpg\",\"caption\":\"L\u00edvia F\u00fcl\u00f6p\"},\"sameAs\":[\"https:\/\/www.minicrm.hu\/blog\/\"],\"url\":\"https:\/\/www.minicrm.hu\/blog\/author\/livia\/\"}]}<\/script>\n<!-- \/ Yoast SEO plugin. -->","yoast_head_json":{"title":"\u201cAmit nem m\u00e9rsz, az biztos hanyatlik\u201d: Kontrolling a MiniCRM seg\u00edts\u00e9g\u00e9vel","description":"A MiniCRM funkci\u00f3it milli\u00f3 \u00e9s egy m\u00f3don haszn\u00e1lhatod fel. Megyeri Domonkos, az \u00d6ntapad\u00f3 C\u00edmke Nyomtat\u00e1s (http:\/\/OntapadoCimkeNyomtatas.hu) alap\u00edt\u00f3ja 2012","robots":{"index":"index","follow":"follow","max-snippet":"max-snippet:-1","max-image-preview":"max-image-preview:large","max-video-preview":"max-video-preview:-1"},"canonical":"https:\/\/www.minicrm.hu\/blog\/2014\/10-18\/amit-nem-mersz-az-biztos-hanyatlik\/","og_locale":"hu_HU","og_type":"article","og_title":"\u201cAmit nem m\u00e9rsz, az biztos hanyatlik\u201d: Kontrolling a MiniCRM seg\u00edts\u00e9g\u00e9vel","og_description":"A MiniCRM funkci\u00f3it milli\u00f3 \u00e9s egy m\u00f3don haszn\u00e1lhatod fel. Megyeri Domonkos, az \u00d6ntapad\u00f3 C\u00edmke Nyomtat\u00e1s (http:\/\/OntapadoCimkeNyomtatas.hu) alap\u00edt\u00f3ja 2012","og_url":"https:\/\/www.minicrm.hu\/blog\/2014\/10-18\/amit-nem-mersz-az-biztos-hanyatlik\/","og_site_name":"MiniCRM Blog","article_published_time":"2014-10-18T13:38:18+00:00","article_modified_time":"2015-04-24T13:03:58+00:00","og_image":[{"width":600,"height":557,"url":"https:\/\/minicrm-wp-hu.s3.amazonaws.com\/uploads\/2014\/10\/amit_nem_mersz.jpg","type":"image\/jpeg"}],"author":"L\u00edvia F\u00fcl\u00f6p","twitter_misc":{"Szerz\u0151:":"L\u00edvia F\u00fcl\u00f6p","Becs\u00fclt olvas\u00e1si id\u0151":"12 perc"},"schema":{"@context":"https:\/\/schema.org","@graph":[{"@type":"Article","@id":"https:\/\/www.minicrm.hu\/blog\/2014\/10-18\/amit-nem-mersz-az-biztos-hanyatlik\/#article","isPartOf":{"@id":"https:\/\/www.minicrm.hu\/blog\/2014\/10-18\/amit-nem-mersz-az-biztos-hanyatlik\/"},"author":{"name":"L\u00edvia F\u00fcl\u00f6p","@id":"https:\/\/www.minicrm.hu\/blog\/#\/schema\/person\/0063bca47bc09d508384cc964ae03065"},"headline":"\u201cAmit nem m\u00e9rsz, az biztos hanyatlik\u201d: Kontrolling a MiniCRM seg\u00edts\u00e9g\u00e9vel","datePublished":"2014-10-18T13:38:18+00:00","dateModified":"2015-04-24T13:03:58+00:00","mainEntityOfPage":{"@id":"https:\/\/www.minicrm.hu\/blog\/2014\/10-18\/amit-nem-mersz-az-biztos-hanyatlik\/"},"wordCount":2497,"commentCount":0,"publisher":{"@id":"https:\/\/www.minicrm.hu\/blog\/#organization"},"image":{"@id":"https:\/\/www.minicrm.hu\/blog\/2014\/10-18\/amit-nem-mersz-az-biztos-hanyatlik\/#primaryimage"},"thumbnailUrl":"https:\/\/minicrm-wp-hu.s3.amazonaws.com\/uploads\/2014\/10\/amit_nem_mersz.jpg","articleSection":["MiniCRM"],"inLanguage":"hu","potentialAction":[{"@type":"CommentAction","name":"Comment","target":["https:\/\/www.minicrm.hu\/blog\/2014\/10-18\/amit-nem-mersz-az-biztos-hanyatlik\/#respond"]}]},{"@type":"WebPage","@id":"https:\/\/www.minicrm.hu\/blog\/2014\/10-18\/amit-nem-mersz-az-biztos-hanyatlik\/","url":"https:\/\/www.minicrm.hu\/blog\/2014\/10-18\/amit-nem-mersz-az-biztos-hanyatlik\/","name":"\u201cAmit nem m\u00e9rsz, az biztos hanyatlik\u201d: Kontrolling a MiniCRM seg\u00edts\u00e9g\u00e9vel","isPartOf":{"@id":"https:\/\/www.minicrm.hu\/blog\/#website"},"primaryImageOfPage":{"@id":"https:\/\/www.minicrm.hu\/blog\/2014\/10-18\/amit-nem-mersz-az-biztos-hanyatlik\/#primaryimage"},"image":{"@id":"https:\/\/www.minicrm.hu\/blog\/2014\/10-18\/amit-nem-mersz-az-biztos-hanyatlik\/#primaryimage"},"thumbnailUrl":"https:\/\/minicrm-wp-hu.s3.amazonaws.com\/uploads\/2014\/10\/amit_nem_mersz.jpg","datePublished":"2014-10-18T13:38:18+00:00","dateModified":"2015-04-24T13:03:58+00:00","description":"A MiniCRM funkci\u00f3it milli\u00f3 \u00e9s egy m\u00f3don haszn\u00e1lhatod fel. Megyeri Domonkos, az \u00d6ntapad\u00f3 C\u00edmke Nyomtat\u00e1s (http:\/\/OntapadoCimkeNyomtatas.hu) alap\u00edt\u00f3ja 2012","breadcrumb":{"@id":"https:\/\/www.minicrm.hu\/blog\/2014\/10-18\/amit-nem-mersz-az-biztos-hanyatlik\/#breadcrumb"},"inLanguage":"hu","potentialAction":[{"@type":"ReadAction","target":["https:\/\/www.minicrm.hu\/blog\/2014\/10-18\/amit-nem-mersz-az-biztos-hanyatlik\/"]}]},{"@type":"ImageObject","inLanguage":"hu","@id":"https:\/\/www.minicrm.hu\/blog\/2014\/10-18\/amit-nem-mersz-az-biztos-hanyatlik\/#primaryimage","url":"https:\/\/minicrm-wp-hu.s3.amazonaws.com\/uploads\/2014\/10\/amit_nem_mersz.jpg","contentUrl":"https:\/\/minicrm-wp-hu.s3.amazonaws.com\/uploads\/2014\/10\/amit_nem_mersz.jpg","width":600,"height":557},{"@type":"BreadcrumbList","@id":"https:\/\/www.minicrm.hu\/blog\/2014\/10-18\/amit-nem-mersz-az-biztos-hanyatlik\/#breadcrumb","itemListElement":[{"@type":"ListItem","position":1,"name":"Home","item":"https:\/\/www.minicrm.hu\/blog\/"},{"@type":"ListItem","position":2,"name":"\u201cAmit nem m\u00e9rsz, az biztos hanyatlik\u201d: Kontrolling a MiniCRM seg\u00edts\u00e9g\u00e9vel"}]},{"@type":"WebSite","@id":"https:\/\/www.minicrm.hu\/blog\/#website","url":"https:\/\/www.minicrm.hu\/blog\/","name":"MiniCRM Blog","description":"CRM Blog","publisher":{"@id":"https:\/\/www.minicrm.hu\/blog\/#organization"},"potentialAction":[{"@type":"SearchAction","target":{"@type":"EntryPoint","urlTemplate":"https:\/\/www.minicrm.hu\/blog\/?s={search_term_string}"},"query-input":{"@type":"PropertyValueSpecification","valueRequired":true,"valueName":"search_term_string"}}],"inLanguage":"hu"},{"@type":"Organization","@id":"https:\/\/www.minicrm.hu\/blog\/#organization","name":"MiniCRM Blog","url":"https:\/\/www.minicrm.hu\/blog\/","logo":{"@type":"ImageObject","inLanguage":"hu","@id":"https:\/\/www.minicrm.hu\/blog\/#\/schema\/logo\/image\/","url":"https:\/\/minicrm-wp-hu.s3.amazonaws.com\/uploads\/2021\/04\/cropped-MC-logo-Blog-2021_G-Dark.png","contentUrl":"https:\/\/minicrm-wp-hu.s3.amazonaws.com\/uploads\/2021\/04\/cropped-MC-logo-Blog-2021_G-Dark.png","width":91,"height":89,"caption":"MiniCRM Blog"},"image":{"@id":"https:\/\/www.minicrm.hu\/blog\/#\/schema\/logo\/image\/"}},{"@type":"Person","@id":"https:\/\/www.minicrm.hu\/blog\/#\/schema\/person\/0063bca47bc09d508384cc964ae03065","name":"L\u00edvia F\u00fcl\u00f6p","image":{"@type":"ImageObject","inLanguage":"hu","@id":"https:\/\/www.minicrm.hu\/blog\/#\/schema\/person\/image\/","url":"https:\/\/minicrm-wp-hu.s3.amazonaws.com\/uploads\/2015\/04\/Livi-96x96.jpg","contentUrl":"https:\/\/minicrm-wp-hu.s3.amazonaws.com\/uploads\/2015\/04\/Livi-96x96.jpg","caption":"L\u00edvia F\u00fcl\u00f6p"},"sameAs":["https:\/\/www.minicrm.hu\/blog\/"],"url":"https:\/\/www.minicrm.hu\/blog\/author\/livia\/"}]}},"_links":{"self":[{"href":"https:\/\/www.minicrm.hu\/blog\/wp-json\/wp\/v2\/posts\/8588","targetHints":{"allow":["GET"]}}],"collection":[{"href":"https:\/\/www.minicrm.hu\/blog\/wp-json\/wp\/v2\/posts"}],"about":[{"href":"https:\/\/www.minicrm.hu\/blog\/wp-json\/wp\/v2\/types\/post"}],"author":[{"embeddable":true,"href":"https:\/\/www.minicrm.hu\/blog\/wp-json\/wp\/v2\/users\/21"}],"replies":[{"embeddable":true,"href":"https:\/\/www.minicrm.hu\/blog\/wp-json\/wp\/v2\/comments?post=8588"}],"version-history":[{"count":18,"href":"https:\/\/www.minicrm.hu\/blog\/wp-json\/wp\/v2\/posts\/8588\/revisions"}],"predecessor-version":[{"id":10592,"href":"https:\/\/www.minicrm.hu\/blog\/wp-json\/wp\/v2\/posts\/8588\/revisions\/10592"}],"wp:featuredmedia":[{"embeddable":true,"href":"https:\/\/www.minicrm.hu\/blog\/wp-json\/wp\/v2\/media\/8778"}],"wp:attachment":[{"href":"https:\/\/www.minicrm.hu\/blog\/wp-json\/wp\/v2\/media?parent=8588"}],"wp:term":[{"taxonomy":"category","embeddable":true,"href":"https:\/\/www.minicrm.hu\/blog\/wp-json\/wp\/v2\/categories?post=8588"},{"taxonomy":"post_tag","embeddable":true,"href":"https:\/\/www.minicrm.hu\/blog\/wp-json\/wp\/v2\/tags?post=8588"}],"curies":[{"name":"wp","href":"https:\/\/api.w.org\/{rel}","templated":true}]}}