

{"id":9020,"date":"2014-11-04T15:58:54","date_gmt":"2014-11-04T14:58:54","guid":{"rendered":"https:\/\/www.minicrm.hu\/?p=9020"},"modified":"2014-12-01T11:04:12","modified_gmt":"2014-12-01T10:04:12","slug":"igy-legyen-jo-kkv-web-strategiaja-5-resz-kozossegi-media","status":"publish","type":"post","link":"https:\/\/www.minicrm.hu\/blog\/2014\/11-04\/igy-legyen-jo-kkv-web-strategiaja-5-resz-kozossegi-media\/","title":{"rendered":"\u00cdgy legyen j\u00f3 KKV web strat\u00e9gi\u00e1ja! (5. r\u00e9sz) \u2013 K\u00f6z\u00f6ss\u00e9gi m\u00e9dia"},"content":{"rendered":"<p><strong>A teljes web strat\u00e9gia kialak\u00edt\u00e1s\u00e1val foglalkoz\u00f3 cikksorozatunk aktu\u00e1lis r\u00e9sz\u00e9ben a k\u00f6z\u00f6ss\u00e9gi m\u00e9dia csatorn\u00e1it \u00e1ll\u00edtjuk csatasorba. \u00c1tvessz\u00fck, hogy a web strat\u00e9gia egyik fontos elem\u00e9t hogyan tudjuk tervezetten, strat\u00e9giai szinten v\u00e1llalkoz\u00e1sunk mell\u00e9 \u00e1ll\u00edtani.<\/strong><\/p>\n<p>A k\u00f6z\u00f6ss\u00e9gi oldalakr\u00f3l bizony\u00e1ra m\u00e1r \u00d6n is hallott, haszn\u00e1lja \u0151ket, s\u0151t ha blogunkat is olvassa, akkor m\u00e1r pontosan tudja, hogy egy v\u00e1llalkoz\u00e1s internetes jelenl\u00e9t\u00e9hez elengedhetetlen az online k\u00f6z\u00f6ss\u00e9gi aktivit\u00e1s.<\/p>\n<p>Legyen sz\u00f3 Facebookr\u00f3l, Instagramr\u00f3l, LinkedIn-r\u0151l, Google Plus-r\u00f3l, az alapok mindenhol ugyan azok. A fenti oldalak csak az eszk\u00f6zeink, hogy az al\u00e1bbi m\u00f3don megtervezet strat\u00e9gi\u00e1nkat v\u00e9ghezvigy\u00fck.<\/p>\n<p><strong>Mik az alapk\u00e9rd\u00e9sek, melyeket meg kell v\u00e1laszolnunk?<\/strong><\/p>\n<ul>\n<li>Pontosan hat\u00e1rozzuk meg, hogy mi a c\u00e9lunk a k\u00f6z\u00f6ss\u00e9gi oldalak haszn\u00e1lat\u00e1val!<\/li>\n<li>M\u00e9rj\u00fck fel v\u00e1llalkoz\u00e1sunk c\u00e9lk\u00f6z\u00f6ns\u00e9g\u00e9nek online k\u00f6z\u00f6ss\u00e9gi \u00e1llapot\u00e1t.<\/li>\n<li>Ehhez m\u00e9rten alkossuk meg a strat\u00e9gi\u00e1nkat.<\/li>\n<li>Mindezt m\u00e9rj\u00fck, \u00e9s a sz\u00e1mok t\u00fckr\u00e9ben pontos\u00edtsuk a teend\u0151ket, ir\u00e1nyokat.<\/li>\n<\/ul>\n<p>L\u00e1thatjuk, hogy a fenti l\u00e9p\u00e9sekkel m\u00e1r tal\u00e1lkozhattunk kor\u00e1bbi web strat\u00e9giai piramis elemekn\u00e9l, hiszen a c\u00e9l meghat\u00e1roz\u00e1sa \u2013 c\u00e9lk\u00f6z\u00f6ns\u00e9g felm\u00e9r\u00e9se \u2013 strat\u00e9gia alkot\u00e1sa \u2013 m\u00e9r\u00e9s \u00e9s v\u00e1ltoztat\u00e1s metodika szinte minden online marketing szegmensben meg\u00e1llja a hely\u00e9t. Ez\u00e9rt legyen sz\u00f3 b\u00e1rmir\u0151l is, ezt a megold\u00f3 k\u00e9pletet haszn\u00e1lva bizonyosan megfelel\u0151 min\u0151s\u00e9g\u0171 strat\u00e9gi\u00e1t vagy tervet alkothatunk.<\/p>\n<ol>\n<li><strong>Nevezd meg az \u00fczleti c\u00e9ljaid<\/strong><\/li>\n<\/ol>\n<p>Az els\u0151 feladtunk az, hogy pontosan meghat\u00e1rozzuk, milyen \u00fczleti c\u00e9ljaink vannak a k\u00f6z\u00f6ss\u00e9gi oldalakra val\u00f3 l\u00e9p\u00e9ssel. Ahogy a mond\u00e1s tartja, addig nem juthatunk el\u0151re, am\u00edg nem tudjuk, merre tartunk. Ez igaz az online marketingben is, jelen esetben pedig a k\u00f6z\u00f6ss\u00e9gi oldalak \u00fczleti c\u00e9l\u00fa felhaszn\u00e1l\u00e1s\u00e1ban.<\/p>\n<p>N\u00e9zz\u00fcnk k\u00f6r\u00fcl az \u00fczlet\u00fcnk h\u00e1za t\u00e1j\u00e9k\u00e1n \u00e9s \u00edrjunk list\u00e1t, hogy mik is lehetnek c\u00e9ljaink:<\/p>\n<ul>\n<li>Brand ismerts\u00e9g n\u00f6vel\u00e9se.<\/li>\n<li>Egy \u00faj h\u00edrcsatorna megnyit\u00e1sa.<\/li>\n<li>K\u00f6z\u00f6ss\u00e9g \u00e9p\u00edt\u00e9s.<\/li>\n<li>K\u00f6zvetlenebb kommunik\u00e1ci\u00f3s platform.<\/li>\n<li>\u00c9rt\u00e9kes\u00edt\u00e9s n\u00f6vel\u00e9se.<\/li>\n<li>L\u00e1togatotts\u00e1g n\u00f6vel\u00e9se.<\/li>\n<li>Kattint\u00e1s alap\u00fa hirdet\u00e9sek elind\u00edt\u00e1sa.<\/li>\n<\/ul>\n<p>Ezen \u00e9s ehhez hasonl\u00f3 c\u00e9lok megnevez\u00e9s\u00e9vel, majd csoportos\u00edt\u00e1s\u00e1val k\u00f6nnyen meghat\u00e1rozhatjuk, hogy melyek az els\u0151dleges \u00e9s m\u00e1sodlagos c\u00e9ljaink.<\/p>\n<p><a href=\"https:\/\/minicrm-wp-hu.s3.amazonaws.com\/uploads\/2014\/11\/shutterstock_74677777.jpg\"><img loading=\"lazy\" decoding=\"async\" onerror=\"this.src='https:\/\/minicrm-wp-hu.s3.amazonaws.com\/uploads\/2021\/04\/MC_logo_2021_G-Dark.svg'\" class=\"size-full wp-image-9025 aligncenter\" src=\"https:\/\/minicrm-wp-hu.s3.amazonaws.com\/uploads\/2014\/11\/shutterstock_74677777.jpg\" alt=\"K\u00f6z\u00f6ss\u00e9gi m\u00e9dia a web strat\u00e9gi\u00e1ban\" width=\"600\" height=\"584\" srcset=\"https:\/\/minicrm-wp-hu.s3.amazonaws.com\/uploads\/2014\/11\/shutterstock_74677777.jpg 600w, https:\/\/minicrm-wp-hu.s3.amazonaws.com\/uploads\/2014\/11\/shutterstock_74677777-300x292.jpg 300w, https:\/\/minicrm-wp-hu.s3.amazonaws.com\/uploads\/2014\/11\/shutterstock_74677777-413x402.jpg 413w, https:\/\/minicrm-wp-hu.s3.amazonaws.com\/uploads\/2014\/11\/shutterstock_74677777-308x300.jpg 308w\" sizes=\"auto, (max-width: 600px) 100vw, 600px\" \/><\/a><\/p>\n<p>&nbsp;<\/p>\n<ol start=\"2\">\n<li><strong>Sz\u00e1mszer\u0171s\u00edts\u00fcnk<\/strong><\/li>\n<\/ol>\n<p>B\u00e1r c\u00e9ljaink megvannak, ezek csak ir\u00e1nymutat\u00f3k, az igazi matek csak ekkor k\u00f6vetkezik. Meg kell el\u0151re tervezn\u00fcnk, hogy A pontb\u00f3l B-be hogyan vezet az \u00fat. Pontos m\u00e9rf\u00f6ldk\u00f6vek \u00e9s sz\u00e1mszer\u0171, k\u00f6vethet\u0151 \u00e9s sz\u00e1mon k\u00e9rhet\u0151 marketing c\u00e9lsz\u00e1mok kellenek.<\/p>\n<p>Ilyen m\u00e9rhet\u0151 \u00e9s egy\u00e9rtelm\u0171 c\u00e9lsz\u00e1m lehet a weboldal l\u00e1togatotts\u00e1g\u00e1nak n\u00f6vel\u00e9se 10%-kal, vagy a sales t\u00e1mogat\u00e1sa +5%-kal. Ekkor pontosan l\u00e1thatjuk, hogy honnan indultunk, hov\u00e1 tartunk, majd k\u00e9s\u0151bb hov\u00e1 jutottunk.<\/p>\n<p>Fontos, hogy amikor a c\u00e9ljainkr\u00f3l besz\u00e9l\u00fcnk, mindig bel\u00e1that\u00f3 id\u0151n bel\u00fcl el\u00e9rhet\u0151re gondoljunk. Ez az id\u0151ben t\u00f6rt\u00e9n\u0151 v\u00e1ltoztat\u00e1si lehet\u0151s\u00e9g, valamint a c\u00e9l el\u00e9r\u00e9s\u00e9b\u0151l fakad\u00f3 pozit\u00edv visszacsatol\u00e1s j\u00f3 pszichol\u00f3gi\u00e1ja miatt fontos.<\/p>\n<p>A r\u00f6vidt\u00e1v\u00fa c\u00e9lok pontosak, m\u00e9rhet\u0151ek \u00e9s lehet\u0151s\u00e9get ny\u00fajtanak a reag\u00e1l\u00e1sra is. Ha l\u00e1tjuk, hogy az \u00e1ltalunk haszn\u00e1lt eszk\u00f6z \u00e9s metodika nem hozza a v\u00e1rt eredm\u00e9nyt, akkor id\u0151ben tudunk reag\u00e1lni. S\u0151t, strat\u00e9gi\u00e1r\u00f3l l\u00e9v\u00e9n sz\u00f3 k\u00f6telez\u0151v\u00e9 tessz\u00fck annak el\u0151t\u00e9rbe helyez\u00e9s\u00e9t, nem ker\u00fcl a sz\u0151nyeg al\u00e1 a probl\u00e9ma.<\/p>\n<ol start=\"3\">\n<li><strong>Kik alkotj\u00e1k a c\u00e9lk\u00f6z\u00f6ns\u00e9g\u00fcnket<\/strong><\/li>\n<\/ol>\n<p>T\u00f6bb szinten kell a c\u00e9lk\u00f6z\u00f6ns\u00e9g\u00fcnket meghat\u00e1rozni. Pontosan kell ismern\u00fcnk azt az egzakt k\u00f6z\u00f6ns\u00e9get, melyek a v\u00e1s\u00e1rl\u00f3inkat alkotj\u00e1k. \u00c1m fontos, hogy ne csak a legsz\u0171kebb k\u00f6zeget ismerj\u00fck j\u00f3l, annak t\u00e1gabb csoportj\u00e1t is el kell \u00e9rn\u00fcnk, hiszen ebb\u0151l fogunk mer\u00edteni, amikor kisebb, sz\u0171kebb csoportokra c\u00e9lzunk.<\/p>\n<p>Sokan esnek abba a hib\u00e1ba, hogy egy nagyobb \u201esz\u00f3r\u00e1sban\u201d kommunik\u00e1l\u00f3 k\u00f6z\u00f6ss\u00e9gi platformon (pl. Facebook), olyan sz\u0171k csoportnak kommunik\u00e1lnak, hogy annak kis m\u00e9rete kontraprodukt\u00edvan hat a kamp\u00e1nyra. Teh\u00e1t ismerj\u00fck pontosan a v\u00e1s\u00e1rl\u00f3 k\u00f6zeget, de azt is tudjuk, hogy mib\u0151l mer\u00edtkezik ez a c\u00e9lcsoport.<\/p>\n<p>Mit kell tudnunk a c\u00e9lk\u00f6z\u00f6ns\u00e9gr\u0151l?<\/p>\n<p>Mindent: kor, nem, \u00e9rdekl\u0151d\u00e9si k\u00f6r\u00f6k, c\u00e9lok, probl\u00e9m\u00e1k, hobbik, kedvel\u00e9sek, motiv\u00e1ci\u00f3k, szok\u00e1sok\u2026 Mindent, amib\u0151l egy kicsit is jobban ki tudjuk k\u00f6vetkeztetni szolg\u00e1ltat\u00e1s, term\u00e9k vagy m\u00e9dia fogyaszt\u00e1sait, szok\u00e1sait.<\/p>\n<p>Min\u00e9l jobban csoportokra osztjuk \u00e9s sz\u0171k\u00edtj\u00fck ezt a k\u00f6z\u00f6ns\u00e9get, ann\u00e1l pontosabban, k\u00f6zvetlenebb\u00fcl, nagyobb konverzi\u00f3s \u00e9rt\u00e9kkel tudjuk v\u00e1s\u00e1rl\u00e1sra b\u00edrni \u0151ket. Nem mellesleg olcs\u00f3bban is.<\/p>\n<p><a href=\"https:\/\/minicrm-wp-hu.s3.amazonaws.com\/uploads\/2014\/11\/shutterstock_176327279.jpg\"><img loading=\"lazy\" decoding=\"async\" onerror=\"this.src='https:\/\/minicrm-wp-hu.s3.amazonaws.com\/uploads\/2021\/04\/MC_logo_2021_G-Dark.svg'\" class=\"size-full wp-image-9026 aligncenter\" src=\"https:\/\/minicrm-wp-hu.s3.amazonaws.com\/uploads\/2014\/11\/shutterstock_176327279.jpg\" alt=\"K\u00f6z\u00f6ss\u00e9gi m\u00e9dia a web strat\u00e9gi\u00e1ban\" width=\"600\" height=\"600\" srcset=\"https:\/\/minicrm-wp-hu.s3.amazonaws.com\/uploads\/2014\/11\/shutterstock_176327279.jpg 600w, https:\/\/minicrm-wp-hu.s3.amazonaws.com\/uploads\/2014\/11\/shutterstock_176327279-150x150.jpg 150w, https:\/\/minicrm-wp-hu.s3.amazonaws.com\/uploads\/2014\/11\/shutterstock_176327279-300x300.jpg 300w, https:\/\/minicrm-wp-hu.s3.amazonaws.com\/uploads\/2014\/11\/shutterstock_176327279-402x402.jpg 402w\" sizes=\"auto, (max-width: 600px) 100vw, 600px\" \/><\/a><\/p>\n<ol start=\"4\">\n<li><strong>Kutat\u00e1s, konkurencia elemz\u00e9s<\/strong><\/li>\n<\/ol>\n<p>Amikor k\u00f6z\u00f6ss\u00e9gi m\u00e9di\u00e1r\u00f3l esik sz\u00f3, az els\u0151 l\u00e9p\u00e9sek k\u00f6z\u00f6tt kell lennie annak, hogy felm\u00e9rj\u00fck a konkurenci\u00e1t. Legyen sz\u00f3 hazai vagy nemzetk\u00f6zi piaci versenyt\u00e1rsr\u00f3l, mindennem\u0171 inform\u00e1ci\u00f3 a hasznunkra lehet. L\u00e1thatjuk, hogy milyen minim\u00e1lis potenci\u00e1l rejt\u0151zik a szegmensben, milyen aktivit\u00e1s ir\u00e1nyul bizonyos t\u00edpus\u00fa tartalmakra, \u00e9s term\u00e9szetesen demogr\u00e1fiai adatokat is kutathatunk versenyt\u00e1rsaink oldalain.<\/p>\n<p>Kezdj\u00fck egy lista \u00f6ssze\u00e1ll\u00edt\u00e1s\u00e1val, ahol a 3-4 f\u0151bb konkurens\u00fcnk k\u00f6z\u00f6ss\u00e9gi aktivit\u00e1s\u00e1t elemezz\u00fck. Melyik c\u00e9g hol van jelen, milyen t\u00edpus\u00fa tartalommal oper\u00e1l, milyen aktivit\u00e1st v\u00e1lt ki \u00e9s milyen prom\u00f3ci\u00f3s vagy marketing c\u00e9lokra haszn\u00e1lja a platformot. Ezen lista \u00f6ssze\u00e1ll\u00edt\u00e1s\u00e1val nem csak \u00f6tleteket szerezhet\u00fcnk, hanem a saj\u00e1t \u201esz\u00f3szunkat\u201d is k\u00f6nnyebben tudjuk majd kikeverni.<\/p>\n<p>A v\u00e9geredm\u00e9ny akkor ide\u00e1lis, amikor pontosan l\u00e1tjuk, hogy a c\u00e9lk\u00f6z\u00f6ns\u00e9g\u00fcnk adott k\u00f6z\u00f6ss\u00e9gi oldalon milyen demogr\u00e1fiai adatokkal \u00e9s \u00e9rdekl\u0151d\u00e9ssel van jelen.<\/p>\n<ol start=\"5\">\n<li><strong>V\u00e1laszunk k\u00f6z\u00f6ss\u00e9gi platformot<\/strong><\/li>\n<\/ol>\n<p>\u00cdgy, hogy m\u00e1r vannak c\u00e9ljaink, ismerj\u00fck a k\u00f6z\u00f6ns\u00e9g\u00fcnket, valamint tiszt\u00e1ban vagyunk a konkurenseink strat\u00e9gi\u00e1j\u00e1val, elj\u00f6tt az id\u0151, hogy a saj\u00e1tunkat kezdj\u00fck el tervezni.<\/p>\n<p>Az els\u0151 l\u00e9p\u00e9s kiv\u00e1lasztani azokat a k\u00f6z\u00f6ss\u00e9gi oldalakat, ahol profilt akarunk fel\u00e1ll\u00edtani. Sok c\u00e9g beleesik abba az id\u0151pazarl\u00f3 hib\u00e1ba, hogy minden ismert helyre ir\u00e1ny\u00edt tartalmakat, pedig ez rengeteg plusz er\u0151forr\u00e1st vesz el.<\/p>\n<p>Alapvet\u0151en jellemz\u0151 lehet a LinkedIn, Google Plus \u00e9s a Facebook sz\u00fcks\u00e9gess\u00e9ge, a v\u00e1llalkoz\u00e1sok legt\u00f6bbj\u00e9nek ezen oldalak haszn\u00e1lata indokolhat\u00f3. F\u00fcgg\u0151en v\u00e1llalkoz\u00e1sunk profilj\u00e1t\u00f3l \u00e9s k\u00f6z\u00f6ns\u00e9g\u00e9t\u0151l, kib\u0151v\u00edthetj\u00fck ezt a list\u00e1t, legyen sz\u00f3 a k\u00e9pekre koncentr\u00e1l\u00f3 Instagramr\u00f3l, a r\u00f6vid \u00fczenetekkel oper\u00e1l\u00f3 Twitterr\u0151l, vagy ak\u00e1r egy Pinterestre ir\u00e1nyul\u00f3 mell\u00e9k\u00e1gr\u00f3l.<\/p>\n<p>Persze ezek a nemzetk\u00f6zi k\u00f6z\u00f6ss\u00e9gi oldalak, ahol szinte az \u00f6sszes magyar internetez\u0151t megtal\u00e1ljuk valamilyen m\u00f3don, de a c\u00e9lk\u00f6z\u00f6ns\u00e9g\u00fcnk indokoltt\u00e1 teheti kisebb k\u00f6z\u00f6ss\u00e9gekbe val\u00f3 megjelen\u00e9st is. Ilyenek lehetnek a bels\u0151 f\u00f3rumok vagy egyes kisebb, mikro-k\u00f6z\u00f6ss\u00e9gi megold\u00e1sok.<\/p>\n<ol start=\"6\">\n<li><strong>Alak\u00edtsuk ki a tartalmi strat\u00e9gi\u00e1nkat<\/strong><\/li>\n<\/ol>\n<p>A tartalommarketingr\u0151l \u00e9s a <a title=\"KKV web strat\u00e9gia - tartalommarketing\" href=\"https:\/\/www.minicrm.hu\/blog\/2014\/09-13\/igy-legyen-jo-kkv-web-strategiaja-2-resz-tartalommarketing\/\" target=\"_blank\">tartalmi strat\u00e9gia kialak\u00edt\u00e1s\u00e1r\u00f3l k\u00fcl\u00f6n fejezet \u00e9rtekezik.<\/a> A k\u00f6z\u00f6ss\u00e9gi oldalakra vonatkoz\u00f3 tartalmi strat\u00e9gia hasonl\u00f3 metodika alapj\u00e1n m\u0171k\u00f6dik \u00e9s ker\u00fcl kialak\u00edt\u00e1sra, optim\u00e1lis esetben korrel\u00e1l, illetve kieg\u00e9sz\u00edti a weboldalunkon t\u00f6rt\u00e9n\u0151 tartalmi kommunik\u00e1ci\u00f3t.<\/p>\n<p>Miut\u00e1n kialak\u00edtottuk, hogy weboldalunkon milyen tartalom jelenjen meg, fontos egy ut\u00f3lagos kieg\u00e9sz\u00edt\u00e9st is tenn\u00fcnk a k\u00f6z\u00f6ss\u00e9gi oldalak kapcs\u00e1n. Az ide\u00e1lis fel\u00e1ll\u00e1s az, ha a weboldal tartalm\u00e1t egyedi, k\u00f6nnyen fogyaszthat\u00f3 extr\u00e1kkal eg\u00e9sz\u00edtj\u00fck ki, valamint kiz\u00e1r\u00f3lag ide sz\u00e1nt contentet is kre\u00e1lunk. Fontos, hogy ne csak egy \u201et\u00fck\u00f6roldal\u201d legyen a k\u00f6z\u00f6ss\u00e9gi profilunk, hanem k\u00f6z\u00f6ss\u00e9get kov\u00e1csoljon \u00e9s exkluzivit\u00e1ssal is b\u00edrjon.<\/p>\n<p>Hasonl\u00f3an fontos odafigyelni arra, hogy ha k\u00e9t k\u00fcl\u00f6nb\u00f6z\u0151 t\u00edpus\u00fa k\u00f6z\u00f6ss\u00e9gi oldalon is fent vagyunk (pl. Twitter \u00e9s Facebook), akkor ne ugyan azt a t\u00edpus\u00fa \u00e9s fajt\u00e1j\u00fa kommunik\u00e1ci\u00f3t folytassuk mindkett\u0151n. A k\u00f6z\u00f6ss\u00e9gi oldalaknak megvan a saj\u00e1t felhaszn\u00e1l\u00f3i b\u00e1zisa \u00e9s tartalomfogyaszt\u00e1si profilja. Igazodjunk ehhez!<\/p>\n<p>Blogunk tartalommarketinggel foglalkoz\u00f3 cikkeiben rengeteg tippet tal\u00e1l arra, hogy megfelel\u0151, v\u00e1ltozatos \u00e9s kreat\u00edv tartalommal dolgozzon blogj\u00e1n \u00e9s k\u00f6z\u00f6ss\u00e9gi oldalain is.<\/p>\n<ol start=\"7\">\n<li><strong>Alak\u00edtsunk ki k\u00fcl\u00f6n k\u00f6lts\u00e9gkeretet a k\u00f6z\u00f6ss\u00e9gi oldalunk menedzsel\u00e9s\u00e9hez<\/strong><\/li>\n<\/ol>\n<p>Azok a v\u00e1llalkoz\u00e1sok, melyek energi\u00e1t \u00e9s id\u0151t (azaz p\u00e9nzt) \u00e1ldoznak a web strat\u00e9gi\u00e1juk kidolgoz\u00e1s\u00e1ra t\u00f6bbnyire megengedhetik maguknak, hogy havi szinten n\u00e9h\u00e1ny ezer forintot a k\u00f6z\u00f6ss\u00e9gi oldalaikra k\u00f6ltsenek.<\/p>\n<p>Ezek a k\u00f6lts\u00e9gek brandet vagy term\u00e9ket n\u00e9pszer\u0171s\u00edt\u0151 hirdet\u00e9seken fel\u00fcl lehetnek tartalomv\u00e1s\u00e1rl\u00e1sok (k\u00fcls\u0151 vend\u00e9g\u00edr\u00f3), arculati v\u00e1ltoztat\u00e1sok (grafikus k\u00f6lts\u00e9ge), kamp\u00e1nyok levez\u00e9nyl\u00e9se, vagy applik\u00e1ci\u00f3k is.<\/p>\n<p>De m\u00e1r az is rengeteg seg\u00edthet, ha egyes n\u00e9pszer\u0171 vagy fontos megoszt\u00e1sunkat egy bizonyos keret\u00f6sszeggel t\u00e1mogatjuk meg, mely a Facebookon azt eredm\u00e9nyezi, hogy t\u00f6bb rajong\u00f3nkhoz jut majd az el.<\/p>\n<p>Fontos, hogy ha p\u00e9nzt \u00e1ldozunk valamire, akkor annak eredm\u00e9ny\u00e9t m\u00e9rj\u00fck is, l\u00e1ssuk pontosan, hogy mire \u00e9s mi\u00e9rt k\u00f6lt\u00fcnk, ak\u00e1r magunkt\u00f3l is k\u00e9rj\u00fck sz\u00e1mon, hogy az hozott-e eredm\u00e9nyt.<\/p>\n<p style=\"text-align: center;\"><a href=\"https:\/\/minicrm-wp-hu.s3.amazonaws.com\/uploads\/2014\/11\/shutterstock_174838673.jpg\"><img loading=\"lazy\" decoding=\"async\" onerror=\"this.src='https:\/\/minicrm-wp-hu.s3.amazonaws.com\/uploads\/2021\/04\/MC_logo_2021_G-Dark.svg'\" class=\"size-full wp-image-9027 aligncenter\" src=\"https:\/\/minicrm-wp-hu.s3.amazonaws.com\/uploads\/2014\/11\/shutterstock_174838673.jpg\" alt=\"K\u00f6z\u00f6ss\u00e9gi m\u00e9dia a web strat\u00e9gi\u00e1ban\" width=\"600\" height=\"432\" srcset=\"https:\/\/minicrm-wp-hu.s3.amazonaws.com\/uploads\/2014\/11\/shutterstock_174838673.jpg 600w, https:\/\/minicrm-wp-hu.s3.amazonaws.com\/uploads\/2014\/11\/shutterstock_174838673-300x216.jpg 300w, https:\/\/minicrm-wp-hu.s3.amazonaws.com\/uploads\/2014\/11\/shutterstock_174838673-558x402.jpg 558w, https:\/\/minicrm-wp-hu.s3.amazonaws.com\/uploads\/2014\/11\/shutterstock_174838673-417x300.jpg 417w\" sizes=\"auto, (max-width: 600px) 100vw, 600px\" \/><\/a>(shuttersctock,.com)<\/p>\n<ol start=\"8\">\n<li><strong>Legyen felel\u0151s!<\/strong><\/li>\n<\/ol>\n<p>Ahogy id\u0151t \u00e9s p\u00e9nzt is ker\u00edtett\u00fcnk a k\u00f6z\u00f6ss\u00e9gi oldalainkra, ideje annak felel\u0151seit megnevezni. Fontos, hogy legyen, aki az eredm\u00e9nyek\u00e9rt felel, \u00e9s pontosan meglegyen nevezve az a szem\u00e9ly, aki vagy akik a profilok menedzsel\u00e9s\u00e9t viszik v\u00e9ghez. \u00cdgy elker\u00fclhet\u0151 a gazd\u00e1tlan k\u00f6lt\u00e9sek esete, valamint a k\u00f6vetkezetlen aktivit\u00e1s \u00e9s posztol\u00e1s.<\/p>\n<p>L\u00e1thatjuk, hogy a web strat\u00e9giai piramison felfel\u00e9 haladva egyre f\u00f3kusz\u00e1ltabban kell az eszk\u00f6z\u00f6kre koncentr\u00e1lnunk. A kor\u00e1bbi r\u00e9szek alkalm\u00e1val weboldalunkkal foglalkoztunk, most egy olyan eszk\u00f6zh\u00f6z ny\u00faltunk \u2013 a k\u00f6z\u00f6ss\u00e9gi oldalakhoz -, melyek a mai online vil\u00e1g egyik leghat\u00e9konyabb \u00e9s legink\u00e1bb k\u00f6lts\u00e9gk\u00edm\u00e9l\u0151bb kommunik\u00e1ci\u00f3s csatorn\u00e1i.<\/p>\n<p>Ne legyints\u00fcnk r\u00e1, ne csak \u201el\u00e1jkokat\u201d gy\u0171jts\u00fcnk. Akik nem kezeli megfelel\u0151 figyelemmel a k\u00f6z\u00f6ss\u00e9gi oldalakat \u00e9s nem ford\u00edtanak r\u00e1juk min\u0151s\u00e9gi id\u0151t, azok lemaradnak \u00e9s komoly h\u00e1tr\u00e1nyba ker\u00fclnek versenyt\u00e1rsaikkal szemben. Besz\u00e9lj\u00fcnk b\u00e1rmekkora \u00e9s b\u00e1rmilyen t\u00edpus\u00fa piacr\u00f3l is.<\/p>\n<p>A teljes web strat\u00e9giai piramisr\u00f3l sz\u00f3l\u00f3 cikksorozatunkat haszn\u00e1lva kis- \u00e9s k\u00f6z\u00e9pv\u00e1llalkoz\u00e1s is komoly, egzakt, k\u00f6vetkezetes online jelenl\u00e9tet tud kialak\u00edtani. \u00datmutat\u00f3nkkal el\u00e9rheti, hogy a komoly versenyt\u00e1rsaival felvegye a versenyt, vagy meg is el\u0151zze \u0151ket, hiszen kev\u00e9s olyan piac l\u00e9tezik, ahol az online jelenl\u00e9t nem l\u00e9tfontoss\u00e1g\u00fa.<\/p>\n<p>K\u00f6vesse <a title=\"Web strat\u00e9giai piramis\" href=\"https:\/\/www.minicrm.hu\/blog\/tag\/web-strategia\/\" target=\"_blank\">cikksorozatunkat<\/a>, mely legk\u00f6zelebb a kattint\u00e1s alap\u00fa hirdet\u00e9sekkel fog foglalkozni.<\/p>\n<p><strong>KKV web strat\u00e9gia cikksorozat:<\/strong><\/p>\n<ol>\n<li><a href=\"https:\/\/www.minicrm.hu\/blog\/2014\/09-02\/igy-legyen-jo-kkv-web-strategiaja-hogyan-letezzen-cegunk-weben-cikksorozat\/\"><strong>Cikksorozat ind\u00edt\u00f3<\/strong><\/a><\/li>\n<li><a href=\"https:\/\/www.minicrm.hu\/blog\/2014\/09-13\/igy-legyen-jo-kkv-web-strategiaja-2-resz-tartalommarketing\/\"><strong>Content \u2013 tartalom\/\u00fczleti modell<\/strong><\/a><\/li>\n<li><a href=\"https:\/\/www.minicrm.hu\/blog\/2014\/09-24\/igy-legyen-jo-kkv-web-strategiaja-3-resz-usability-hasznalhatosag\/\"><strong>Usability \u2013 weboldal \u00e9s haszn\u00e1lhat\u00f3s\u00e1g\/c\u00e9loptimaliz\u00e1l\u00e1s<\/strong><\/a><\/li>\n<li><a href=\"https:\/\/www.minicrm.hu\/blog\/2014\/10-14\/igy-legyen-jo-kkv-web-strategiaja-4-resz-seo\/\"><strong>SEO \u2013 keres\u0151optimaliz\u00e1l\u00e1s<\/strong><\/a><\/li>\n<li><a href=\"https:\/\/www.minicrm.hu\/blog\/2014\/11-04\/igy-legyen-jo-kkv-web-strategiaja-5-resz-kozossegi-media\/\"><strong>Social Media \u2013 k\u00f6z\u00f6ss\u00e9gi marketing<\/strong><\/a><\/li>\n<li><strong><a title=\"KKV web strat\u00e9gia: PPC\" href=\"https:\/\/www.minicrm.hu\/blog\/2014\/11-10\/igy-legyen-jo-kkv-web-strategiaja-6-resz-kattintas-alapu-kampanyok\/\">PPC \u2013 Kattint\u00e1s alap\u00fa hirdet\u00e9sek<\/a><\/strong><\/li>\n<li><strong><a title=\"KKV web strat\u00e9gia: gondolat\u00e9breszt\u0151\" href=\"https:\/\/www.minicrm.hu\/blog\/2014\/12-01\/igy-legyen-jo-kkv-web-strategiaja-7-resz-gondolatebreszto\/\">\u00d6sszegz\u00e9s, gondolat\u00e9breszt\u0151<\/a><\/strong><\/li>\n<\/ol>\n","protected":false},"excerpt":{"rendered":"<p>A teljes web strat\u00e9gia kialak\u00edt\u00e1s\u00e1val foglalkoz\u00f3 cikksorozatunk aktu\u00e1lis r\u00e9sz\u00e9ben a k\u00f6z\u00f6ss\u00e9gi m\u00e9dia csatorn\u00e1it \u00e1ll\u00edtjuk csatasorba. \u00c1tvessz\u00fck, hogy a web strat\u00e9gia egyik fontos elem\u00e9t hogyan tudjuk tervezetten, strat\u00e9giai szinten v\u00e1llalkoz\u00e1sunk mell\u00e9 \u00e1ll\u00edtani. A k\u00f6z\u00f6ss\u00e9gi oldalakr\u00f3l bizony\u00e1ra m\u00e1r \u00d6n is hallott, haszn\u00e1lja \u0151ket, s\u0151t ha blogunkat is olvassa, akkor m\u00e1r pontosan tudja, hogy egy v\u00e1llalkoz\u00e1s internetes jelenl\u00e9t\u00e9hez [&hellip;]<\/p>\n","protected":false},"author":66,"featured_media":9024,"comment_status":"open","ping_status":"closed","sticky":false,"template":"","format":"gallery","meta":{"inline_featured_image":false,"footnotes":""},"categories":[174],"tags":[349,377],"class_list":["post-9020","post","type-post","status-publish","format-gallery","has-post-thumbnail","hentry","category-marketing","tag-kozossegi-media","tag-web-strategia","post_format-post-format-gallery"],"yoast_head":"<!-- This site is optimized with the Yoast SEO plugin v27.1.1 - https:\/\/yoast.com\/product\/yoast-seo-wordpress\/ -->\n<title>\u00cdgy legyen j\u00f3 KKV web strat\u00e9gi\u00e1ja! (5. r\u00e9sz) \u2013 K\u00f6z\u00f6ss\u00e9gi m\u00e9dia<\/title>\n<meta name=\"description\" content=\"K\u00f6z\u00f6ss\u00e9gi m\u00e9dia a web strat\u00e9gi\u00e1ban.\" \/>\n<meta name=\"robots\" content=\"index, follow, max-snippet:-1, max-image-preview:large, max-video-preview:-1\" \/>\n<link rel=\"canonical\" href=\"https:\/\/www.minicrm.hu\/blog\/2014\/11-04\/igy-legyen-jo-kkv-web-strategiaja-5-resz-kozossegi-media\/\" \/>\n<meta property=\"og:locale\" content=\"hu_HU\" \/>\n<meta property=\"og:type\" content=\"article\" \/>\n<meta property=\"og:title\" content=\"\u00cdgy legyen j\u00f3 KKV web strat\u00e9gi\u00e1ja! (5. r\u00e9sz) \u2013 K\u00f6z\u00f6ss\u00e9gi m\u00e9dia\" \/>\n<meta property=\"og:description\" content=\"K\u00f6z\u00f6ss\u00e9gi m\u00e9dia a web strat\u00e9gi\u00e1ban.\" \/>\n<meta property=\"og:url\" content=\"https:\/\/www.minicrm.hu\/blog\/2014\/11-04\/igy-legyen-jo-kkv-web-strategiaja-5-resz-kozossegi-media\/\" \/>\n<meta property=\"og:site_name\" content=\"MiniCRM Blog\" \/>\n<meta property=\"article:published_time\" content=\"2014-11-04T14:58:54+00:00\" \/>\n<meta property=\"article:modified_time\" content=\"2014-12-01T10:04:12+00:00\" \/>\n<meta property=\"og:image\" content=\"https:\/\/minicrm-wp-hu.s3.amazonaws.com\/uploads\/2014\/11\/shutterstock_134112389.jpg\" \/>\n\t<meta property=\"og:image:width\" content=\"600\" \/>\n\t<meta property=\"og:image:height\" content=\"400\" \/>\n\t<meta property=\"og:image:type\" content=\"image\/jpeg\" \/>\n<meta name=\"author\" content=\"MiniCRM\" \/>\n<meta name=\"twitter:label1\" content=\"Szerz\u0151:\" \/>\n\t<meta name=\"twitter:data1\" content=\"MiniCRM\" \/>\n\t<meta name=\"twitter:label2\" content=\"Becs\u00fclt olvas\u00e1si id\u0151\" \/>\n\t<meta name=\"twitter:data2\" content=\"11 perc\" \/>\n<script type=\"application\/ld+json\" class=\"yoast-schema-graph\">{\"@context\":\"https:\/\/schema.org\",\"@graph\":[{\"@type\":\"Article\",\"@id\":\"https:\/\/www.minicrm.hu\/blog\/2014\/11-04\/igy-legyen-jo-kkv-web-strategiaja-5-resz-kozossegi-media\/#article\",\"isPartOf\":{\"@id\":\"https:\/\/www.minicrm.hu\/blog\/2014\/11-04\/igy-legyen-jo-kkv-web-strategiaja-5-resz-kozossegi-media\/\"},\"author\":{\"name\":\"MiniCRM\",\"@id\":\"https:\/\/www.minicrm.hu\/blog\/#\/schema\/person\/069da389ff66e1b062bfea11f5435219\"},\"headline\":\"\u00cdgy legyen j\u00f3 KKV web strat\u00e9gi\u00e1ja! (5. r\u00e9sz) \u2013 K\u00f6z\u00f6ss\u00e9gi m\u00e9dia\",\"datePublished\":\"2014-11-04T14:58:54+00:00\",\"dateModified\":\"2014-12-01T10:04:12+00:00\",\"mainEntityOfPage\":{\"@id\":\"https:\/\/www.minicrm.hu\/blog\/2014\/11-04\/igy-legyen-jo-kkv-web-strategiaja-5-resz-kozossegi-media\/\"},\"wordCount\":2121,\"commentCount\":0,\"publisher\":{\"@id\":\"https:\/\/www.minicrm.hu\/blog\/#organization\"},\"image\":{\"@id\":\"https:\/\/www.minicrm.hu\/blog\/2014\/11-04\/igy-legyen-jo-kkv-web-strategiaja-5-resz-kozossegi-media\/#primaryimage\"},\"thumbnailUrl\":\"https:\/\/minicrm-wp-hu.s3.amazonaws.com\/uploads\/2014\/11\/shutterstock_134112389.jpg\",\"keywords\":[\"K\u00f6z\u00f6ss\u00e9gi m\u00e9dia\",\"Web strat\u00e9gia\"],\"articleSection\":[\"Marketing\"],\"inLanguage\":\"hu\",\"potentialAction\":[{\"@type\":\"CommentAction\",\"name\":\"Comment\",\"target\":[\"https:\/\/www.minicrm.hu\/blog\/2014\/11-04\/igy-legyen-jo-kkv-web-strategiaja-5-resz-kozossegi-media\/#respond\"]}]},{\"@type\":\"WebPage\",\"@id\":\"https:\/\/www.minicrm.hu\/blog\/2014\/11-04\/igy-legyen-jo-kkv-web-strategiaja-5-resz-kozossegi-media\/\",\"url\":\"https:\/\/www.minicrm.hu\/blog\/2014\/11-04\/igy-legyen-jo-kkv-web-strategiaja-5-resz-kozossegi-media\/\",\"name\":\"\u00cdgy legyen j\u00f3 KKV web strat\u00e9gi\u00e1ja! (5. r\u00e9sz) \u2013 K\u00f6z\u00f6ss\u00e9gi m\u00e9dia\",\"isPartOf\":{\"@id\":\"https:\/\/www.minicrm.hu\/blog\/#website\"},\"primaryImageOfPage\":{\"@id\":\"https:\/\/www.minicrm.hu\/blog\/2014\/11-04\/igy-legyen-jo-kkv-web-strategiaja-5-resz-kozossegi-media\/#primaryimage\"},\"image\":{\"@id\":\"https:\/\/www.minicrm.hu\/blog\/2014\/11-04\/igy-legyen-jo-kkv-web-strategiaja-5-resz-kozossegi-media\/#primaryimage\"},\"thumbnailUrl\":\"https:\/\/minicrm-wp-hu.s3.amazonaws.com\/uploads\/2014\/11\/shutterstock_134112389.jpg\",\"datePublished\":\"2014-11-04T14:58:54+00:00\",\"dateModified\":\"2014-12-01T10:04:12+00:00\",\"description\":\"K\u00f6z\u00f6ss\u00e9gi m\u00e9dia a web strat\u00e9gi\u00e1ban.\",\"breadcrumb\":{\"@id\":\"https:\/\/www.minicrm.hu\/blog\/2014\/11-04\/igy-legyen-jo-kkv-web-strategiaja-5-resz-kozossegi-media\/#breadcrumb\"},\"inLanguage\":\"hu\",\"potentialAction\":[{\"@type\":\"ReadAction\",\"target\":[\"https:\/\/www.minicrm.hu\/blog\/2014\/11-04\/igy-legyen-jo-kkv-web-strategiaja-5-resz-kozossegi-media\/\"]}]},{\"@type\":\"ImageObject\",\"inLanguage\":\"hu\",\"@id\":\"https:\/\/www.minicrm.hu\/blog\/2014\/11-04\/igy-legyen-jo-kkv-web-strategiaja-5-resz-kozossegi-media\/#primaryimage\",\"url\":\"https:\/\/minicrm-wp-hu.s3.amazonaws.com\/uploads\/2014\/11\/shutterstock_134112389.jpg\",\"contentUrl\":\"https:\/\/minicrm-wp-hu.s3.amazonaws.com\/uploads\/2014\/11\/shutterstock_134112389.jpg\",\"width\":600,\"height\":400,\"caption\":\"Web strat\u00e9gia: k\u00f6z\u00f6ss\u00e9gi oldalak\"},{\"@type\":\"BreadcrumbList\",\"@id\":\"https:\/\/www.minicrm.hu\/blog\/2014\/11-04\/igy-legyen-jo-kkv-web-strategiaja-5-resz-kozossegi-media\/#breadcrumb\",\"itemListElement\":[{\"@type\":\"ListItem\",\"position\":1,\"name\":\"Home\",\"item\":\"https:\/\/www.minicrm.hu\/blog\/\"},{\"@type\":\"ListItem\",\"position\":2,\"name\":\"\u00cdgy legyen j\u00f3 KKV web strat\u00e9gi\u00e1ja! (5. r\u00e9sz) \u2013 K\u00f6z\u00f6ss\u00e9gi m\u00e9dia\"}]},{\"@type\":\"WebSite\",\"@id\":\"https:\/\/www.minicrm.hu\/blog\/#website\",\"url\":\"https:\/\/www.minicrm.hu\/blog\/\",\"name\":\"MiniCRM Blog\",\"description\":\"CRM Blog\",\"publisher\":{\"@id\":\"https:\/\/www.minicrm.hu\/blog\/#organization\"},\"potentialAction\":[{\"@type\":\"SearchAction\",\"target\":{\"@type\":\"EntryPoint\",\"urlTemplate\":\"https:\/\/www.minicrm.hu\/blog\/?s={search_term_string}\"},\"query-input\":{\"@type\":\"PropertyValueSpecification\",\"valueRequired\":true,\"valueName\":\"search_term_string\"}}],\"inLanguage\":\"hu\"},{\"@type\":\"Organization\",\"@id\":\"https:\/\/www.minicrm.hu\/blog\/#organization\",\"name\":\"MiniCRM Blog\",\"url\":\"https:\/\/www.minicrm.hu\/blog\/\",\"logo\":{\"@type\":\"ImageObject\",\"inLanguage\":\"hu\",\"@id\":\"https:\/\/www.minicrm.hu\/blog\/#\/schema\/logo\/image\/\",\"url\":\"https:\/\/minicrm-wp-hu.s3.amazonaws.com\/uploads\/2021\/04\/cropped-MC-logo-Blog-2021_G-Dark.png\",\"contentUrl\":\"https:\/\/minicrm-wp-hu.s3.amazonaws.com\/uploads\/2021\/04\/cropped-MC-logo-Blog-2021_G-Dark.png\",\"width\":91,\"height\":89,\"caption\":\"MiniCRM Blog\"},\"image\":{\"@id\":\"https:\/\/www.minicrm.hu\/blog\/#\/schema\/logo\/image\/\"}},{\"@type\":\"Person\",\"@id\":\"https:\/\/www.minicrm.hu\/blog\/#\/schema\/person\/069da389ff66e1b062bfea11f5435219\",\"name\":\"MiniCRM\",\"image\":{\"@type\":\"ImageObject\",\"inLanguage\":\"hu\",\"@id\":\"https:\/\/www.minicrm.hu\/blog\/#\/schema\/person\/image\/\",\"url\":\"https:\/\/secure.gravatar.com\/avatar\/dcefd6bba8934b04bb248dd2c1a6d1aefd3e2560e872f17db31afd984ef19a13?s=96&r=g\",\"contentUrl\":\"https:\/\/secure.gravatar.com\/avatar\/dcefd6bba8934b04bb248dd2c1a6d1aefd3e2560e872f17db31afd984ef19a13?s=96&r=g\",\"caption\":\"MiniCRM\"},\"sameAs\":[\"https:\/\/www.minicrm.hu\/\"],\"url\":\"https:\/\/www.minicrm.hu\/blog\/author\/minicrm\/\"}]}<\/script>\n<!-- \/ Yoast SEO plugin. -->","yoast_head_json":{"title":"\u00cdgy legyen j\u00f3 KKV web strat\u00e9gi\u00e1ja! (5. r\u00e9sz) \u2013 K\u00f6z\u00f6ss\u00e9gi m\u00e9dia","description":"K\u00f6z\u00f6ss\u00e9gi m\u00e9dia a web strat\u00e9gi\u00e1ban.","robots":{"index":"index","follow":"follow","max-snippet":"max-snippet:-1","max-image-preview":"max-image-preview:large","max-video-preview":"max-video-preview:-1"},"canonical":"https:\/\/www.minicrm.hu\/blog\/2014\/11-04\/igy-legyen-jo-kkv-web-strategiaja-5-resz-kozossegi-media\/","og_locale":"hu_HU","og_type":"article","og_title":"\u00cdgy legyen j\u00f3 KKV web strat\u00e9gi\u00e1ja! (5. r\u00e9sz) \u2013 K\u00f6z\u00f6ss\u00e9gi m\u00e9dia","og_description":"K\u00f6z\u00f6ss\u00e9gi m\u00e9dia a web strat\u00e9gi\u00e1ban.","og_url":"https:\/\/www.minicrm.hu\/blog\/2014\/11-04\/igy-legyen-jo-kkv-web-strategiaja-5-resz-kozossegi-media\/","og_site_name":"MiniCRM Blog","article_published_time":"2014-11-04T14:58:54+00:00","article_modified_time":"2014-12-01T10:04:12+00:00","og_image":[{"width":600,"height":400,"url":"https:\/\/minicrm-wp-hu.s3.amazonaws.com\/uploads\/2014\/11\/shutterstock_134112389.jpg","type":"image\/jpeg"}],"author":"MiniCRM","twitter_misc":{"Szerz\u0151:":"MiniCRM","Becs\u00fclt olvas\u00e1si id\u0151":"11 perc"},"schema":{"@context":"https:\/\/schema.org","@graph":[{"@type":"Article","@id":"https:\/\/www.minicrm.hu\/blog\/2014\/11-04\/igy-legyen-jo-kkv-web-strategiaja-5-resz-kozossegi-media\/#article","isPartOf":{"@id":"https:\/\/www.minicrm.hu\/blog\/2014\/11-04\/igy-legyen-jo-kkv-web-strategiaja-5-resz-kozossegi-media\/"},"author":{"name":"MiniCRM","@id":"https:\/\/www.minicrm.hu\/blog\/#\/schema\/person\/069da389ff66e1b062bfea11f5435219"},"headline":"\u00cdgy legyen j\u00f3 KKV web strat\u00e9gi\u00e1ja! (5. r\u00e9sz) \u2013 K\u00f6z\u00f6ss\u00e9gi m\u00e9dia","datePublished":"2014-11-04T14:58:54+00:00","dateModified":"2014-12-01T10:04:12+00:00","mainEntityOfPage":{"@id":"https:\/\/www.minicrm.hu\/blog\/2014\/11-04\/igy-legyen-jo-kkv-web-strategiaja-5-resz-kozossegi-media\/"},"wordCount":2121,"commentCount":0,"publisher":{"@id":"https:\/\/www.minicrm.hu\/blog\/#organization"},"image":{"@id":"https:\/\/www.minicrm.hu\/blog\/2014\/11-04\/igy-legyen-jo-kkv-web-strategiaja-5-resz-kozossegi-media\/#primaryimage"},"thumbnailUrl":"https:\/\/minicrm-wp-hu.s3.amazonaws.com\/uploads\/2014\/11\/shutterstock_134112389.jpg","keywords":["K\u00f6z\u00f6ss\u00e9gi m\u00e9dia","Web strat\u00e9gia"],"articleSection":["Marketing"],"inLanguage":"hu","potentialAction":[{"@type":"CommentAction","name":"Comment","target":["https:\/\/www.minicrm.hu\/blog\/2014\/11-04\/igy-legyen-jo-kkv-web-strategiaja-5-resz-kozossegi-media\/#respond"]}]},{"@type":"WebPage","@id":"https:\/\/www.minicrm.hu\/blog\/2014\/11-04\/igy-legyen-jo-kkv-web-strategiaja-5-resz-kozossegi-media\/","url":"https:\/\/www.minicrm.hu\/blog\/2014\/11-04\/igy-legyen-jo-kkv-web-strategiaja-5-resz-kozossegi-media\/","name":"\u00cdgy legyen j\u00f3 KKV web strat\u00e9gi\u00e1ja! (5. r\u00e9sz) \u2013 K\u00f6z\u00f6ss\u00e9gi m\u00e9dia","isPartOf":{"@id":"https:\/\/www.minicrm.hu\/blog\/#website"},"primaryImageOfPage":{"@id":"https:\/\/www.minicrm.hu\/blog\/2014\/11-04\/igy-legyen-jo-kkv-web-strategiaja-5-resz-kozossegi-media\/#primaryimage"},"image":{"@id":"https:\/\/www.minicrm.hu\/blog\/2014\/11-04\/igy-legyen-jo-kkv-web-strategiaja-5-resz-kozossegi-media\/#primaryimage"},"thumbnailUrl":"https:\/\/minicrm-wp-hu.s3.amazonaws.com\/uploads\/2014\/11\/shutterstock_134112389.jpg","datePublished":"2014-11-04T14:58:54+00:00","dateModified":"2014-12-01T10:04:12+00:00","description":"K\u00f6z\u00f6ss\u00e9gi m\u00e9dia a web strat\u00e9gi\u00e1ban.","breadcrumb":{"@id":"https:\/\/www.minicrm.hu\/blog\/2014\/11-04\/igy-legyen-jo-kkv-web-strategiaja-5-resz-kozossegi-media\/#breadcrumb"},"inLanguage":"hu","potentialAction":[{"@type":"ReadAction","target":["https:\/\/www.minicrm.hu\/blog\/2014\/11-04\/igy-legyen-jo-kkv-web-strategiaja-5-resz-kozossegi-media\/"]}]},{"@type":"ImageObject","inLanguage":"hu","@id":"https:\/\/www.minicrm.hu\/blog\/2014\/11-04\/igy-legyen-jo-kkv-web-strategiaja-5-resz-kozossegi-media\/#primaryimage","url":"https:\/\/minicrm-wp-hu.s3.amazonaws.com\/uploads\/2014\/11\/shutterstock_134112389.jpg","contentUrl":"https:\/\/minicrm-wp-hu.s3.amazonaws.com\/uploads\/2014\/11\/shutterstock_134112389.jpg","width":600,"height":400,"caption":"Web strat\u00e9gia: k\u00f6z\u00f6ss\u00e9gi oldalak"},{"@type":"BreadcrumbList","@id":"https:\/\/www.minicrm.hu\/blog\/2014\/11-04\/igy-legyen-jo-kkv-web-strategiaja-5-resz-kozossegi-media\/#breadcrumb","itemListElement":[{"@type":"ListItem","position":1,"name":"Home","item":"https:\/\/www.minicrm.hu\/blog\/"},{"@type":"ListItem","position":2,"name":"\u00cdgy legyen j\u00f3 KKV web strat\u00e9gi\u00e1ja! (5. r\u00e9sz) \u2013 K\u00f6z\u00f6ss\u00e9gi m\u00e9dia"}]},{"@type":"WebSite","@id":"https:\/\/www.minicrm.hu\/blog\/#website","url":"https:\/\/www.minicrm.hu\/blog\/","name":"MiniCRM Blog","description":"CRM Blog","publisher":{"@id":"https:\/\/www.minicrm.hu\/blog\/#organization"},"potentialAction":[{"@type":"SearchAction","target":{"@type":"EntryPoint","urlTemplate":"https:\/\/www.minicrm.hu\/blog\/?s={search_term_string}"},"query-input":{"@type":"PropertyValueSpecification","valueRequired":true,"valueName":"search_term_string"}}],"inLanguage":"hu"},{"@type":"Organization","@id":"https:\/\/www.minicrm.hu\/blog\/#organization","name":"MiniCRM Blog","url":"https:\/\/www.minicrm.hu\/blog\/","logo":{"@type":"ImageObject","inLanguage":"hu","@id":"https:\/\/www.minicrm.hu\/blog\/#\/schema\/logo\/image\/","url":"https:\/\/minicrm-wp-hu.s3.amazonaws.com\/uploads\/2021\/04\/cropped-MC-logo-Blog-2021_G-Dark.png","contentUrl":"https:\/\/minicrm-wp-hu.s3.amazonaws.com\/uploads\/2021\/04\/cropped-MC-logo-Blog-2021_G-Dark.png","width":91,"height":89,"caption":"MiniCRM Blog"},"image":{"@id":"https:\/\/www.minicrm.hu\/blog\/#\/schema\/logo\/image\/"}},{"@type":"Person","@id":"https:\/\/www.minicrm.hu\/blog\/#\/schema\/person\/069da389ff66e1b062bfea11f5435219","name":"MiniCRM","image":{"@type":"ImageObject","inLanguage":"hu","@id":"https:\/\/www.minicrm.hu\/blog\/#\/schema\/person\/image\/","url":"https:\/\/secure.gravatar.com\/avatar\/dcefd6bba8934b04bb248dd2c1a6d1aefd3e2560e872f17db31afd984ef19a13?s=96&r=g","contentUrl":"https:\/\/secure.gravatar.com\/avatar\/dcefd6bba8934b04bb248dd2c1a6d1aefd3e2560e872f17db31afd984ef19a13?s=96&r=g","caption":"MiniCRM"},"sameAs":["https:\/\/www.minicrm.hu\/"],"url":"https:\/\/www.minicrm.hu\/blog\/author\/minicrm\/"}]}},"_links":{"self":[{"href":"https:\/\/www.minicrm.hu\/blog\/wp-json\/wp\/v2\/posts\/9020","targetHints":{"allow":["GET"]}}],"collection":[{"href":"https:\/\/www.minicrm.hu\/blog\/wp-json\/wp\/v2\/posts"}],"about":[{"href":"https:\/\/www.minicrm.hu\/blog\/wp-json\/wp\/v2\/types\/post"}],"author":[{"embeddable":true,"href":"https:\/\/www.minicrm.hu\/blog\/wp-json\/wp\/v2\/users\/66"}],"replies":[{"embeddable":true,"href":"https:\/\/www.minicrm.hu\/blog\/wp-json\/wp\/v2\/comments?post=9020"}],"version-history":[{"count":8,"href":"https:\/\/www.minicrm.hu\/blog\/wp-json\/wp\/v2\/posts\/9020\/revisions"}],"predecessor-version":[{"id":9495,"href":"https:\/\/www.minicrm.hu\/blog\/wp-json\/wp\/v2\/posts\/9020\/revisions\/9495"}],"wp:featuredmedia":[{"embeddable":true,"href":"https:\/\/www.minicrm.hu\/blog\/wp-json\/wp\/v2\/media\/9024"}],"wp:attachment":[{"href":"https:\/\/www.minicrm.hu\/blog\/wp-json\/wp\/v2\/media?parent=9020"}],"wp:term":[{"taxonomy":"category","embeddable":true,"href":"https:\/\/www.minicrm.hu\/blog\/wp-json\/wp\/v2\/categories?post=9020"},{"taxonomy":"post_tag","embeddable":true,"href":"https:\/\/www.minicrm.hu\/blog\/wp-json\/wp\/v2\/tags?post=9020"}],"curies":[{"name":"wp","href":"https:\/\/api.w.org\/{rel}","templated":true}]}}