

{"id":9426,"date":"2014-12-07T12:17:20","date_gmt":"2014-12-07T11:17:20","guid":{"rendered":"https:\/\/www.minicrm.hu\/?p=9426"},"modified":"2014-12-08T11:38:14","modified_gmt":"2014-12-08T10:38:14","slug":"ajandekok-legjobb-vevoidnek","status":"publish","type":"post","link":"https:\/\/www.minicrm.hu\/blog\/2014\/12-07\/ajandekok-legjobb-vevoidnek\/","title":{"rendered":"Aj\u00e1nd\u00e9kok a legjobb vev\u0151idnek"},"content":{"rendered":"<p>Az \u00e9v sor\u00e1n a legt\u00f6bb bev\u00e9telt termel\u0151 vev\u0151id igaz\u00e1n meg\u00e9rdemlik, hogy megeml\u00e9kezz r\u00f3luk az \u00fcnnepek idej\u00e9n.<\/p>\n<p><strong><strong>1. Csak olyan aj\u00e1nd\u00e9kot adj, amit Te is sz\u00edvesen fogadn\u00e1l.<\/strong><\/strong><\/p>\n<p>A legt\u00f6bb ember \u00f6r\u00fcl, mikor egy-egy c\u00e9gnek esz\u00e9be jut, \u00e9s \u00e9rt\u00e9keli. De csak olyan aj\u00e1nd\u00e9kot adj, amit Te magad is haszn\u00e1ln\u00e1l, vagy az asztalodon tartan\u00e1l &#8211; olyat adni, amit \u00fagyis csak kidobn\u00e1nak, felesleges.<\/p>\n<p><strong>2. Vigy\u00e1zz az \u00e9tellel, \u00e9s az alkohollal.<\/strong><\/p>\n<p>Ha \u00e9telt aj\u00e1nd\u00e9kozol, nem felt\u00e9tlen\u00fcl lesz maradand\u00f3 az \u00e9lm\u00e9ny &#8211; neh\u00e9z lesz visszaeml\u00e9kezni, pontosan mit is adt\u00e1l. Alkoholt adni s\u00e9rt\u0151 lehet, eg\u00e9szs\u00e9g\u00fcgyi vagy vall\u00e1si okokb\u00f3l, ez\u00e9rt jobb t\u0151le tart\u00f3zkodni.<\/p>\n<p><strong><strong>3. Csak azokat aj\u00e1nd\u00e9kozd meg, akik m\u00e1r val\u00f3ban v\u00e1s\u00e1roltak n\u00e1lad.<\/strong><\/strong><\/p>\n<p>Csak az\u00e9rt, mert valaki fantasztikus lead-nek t\u0171nik, m\u00e9g nem ok arra, hogy megaj\u00e1nd\u00e9kozd, s\u0151t, ak\u00e1r olyan \u00e9rz\u00e9st is kelthet, mintha meg akarn\u00e1d vesztegetni. K\u00fcldj szem\u00e9lyes \u00fcdv\u00f6zl\u0151k\u00e1rty\u00e1t, de enn\u00e9l t\u00f6bbet (m\u00e9g) ne.<\/p>\n<p><strong>4. Ne adj t\u00fal dr\u00e1ga aj\u00e1nd\u00e9kot.<\/strong><\/p>\n<p>Mindenk\u00e9pp ker\u00fcld el, hogy a vev\u0151id \u00fagy \u00e9rezz\u00e9k, meg akarod \u0151ket vesztegetni &#8211; vagy \u00e9ppen azt, hogy t\u00fal sokat fizetnek a term\u00e9ked\u00e9rt, ha ilyen aj\u00e1nd\u00e9kra is telik!<\/p>\n<p><strong><strong>5. Ker\u00fcld a log\u00f3zott aj\u00e1nd\u00e9kokat.<\/strong><\/strong><\/p>\n<p>Arra k\u00e9rni a vev\u0151idet, hogy ingyen rekl\u00e1mozz\u00e1k a c\u00e9ged, nem aj\u00e1nd\u00e9koz\u00e1s.. Megjelenhet a log\u00f3 az aj\u00e1nd\u00e9kon, de nem felt\u0171n\u0151en. Ne az legyen a c\u00e9lod, hogy min\u00e9l t\u00f6bb ember l\u00e1ssa, hanem az, hogy az az egy ember, akinek az aj\u00e1nd\u00e9kot v\u00e1lasztottad, eml\u00e9kezzen, kit\u0151l kapta.<\/p>\n","protected":false},"excerpt":{"rendered":"<p>Az \u00e9v sor\u00e1n a legt\u00f6bb bev\u00e9telt termel\u0151 vev\u0151id igaz\u00e1n meg\u00e9rdemlik, hogy megeml\u00e9kezz r\u00f3luk az \u00fcnnepek idej\u00e9n. 1. Csak olyan aj\u00e1nd\u00e9kot adj, amit Te is sz\u00edvesen fogadn\u00e1l. A legt\u00f6bb ember \u00f6r\u00fcl, mikor egy-egy c\u00e9gnek esz\u00e9be jut, \u00e9s \u00e9rt\u00e9keli. De csak olyan aj\u00e1nd\u00e9kot adj, amit Te magad is haszn\u00e1ln\u00e1l, vagy az asztalodon tartan\u00e1l &#8211; olyat adni, amit [&hellip;]<\/p>\n","protected":false},"author":66,"featured_media":9614,"comment_status":"open","ping_status":"closed","sticky":false,"template":"","format":"gallery","meta":{"inline_featured_image":false,"footnotes":""},"categories":[24],"tags":[],"class_list":["post-9426","post","type-post","status-publish","format-gallery","has-post-thumbnail","hentry","category-ertekesites","post_format-post-format-gallery"],"yoast_head":"<!-- This site is optimized with the Yoast SEO plugin v27.1.1 - https:\/\/yoast.com\/product\/yoast-seo-wordpress\/ -->\n<title>Aj\u00e1nd\u00e9kok a legjobb vev\u0151idnek<\/title>\n<meta name=\"description\" content=\"Az \u00e9v sor\u00e1n a legt\u00f6bb bev\u00e9telt termel\u0151 vev\u0151id igaz\u00e1n meg\u00e9rdemlik, hogy megeml\u00e9kezz r\u00f3luk az \u00fcnnepek idej\u00e9n. 1. Csak olyan aj\u00e1nd\u00e9kot adj, amit Te is\" \/>\n<meta name=\"robots\" content=\"index, follow, max-snippet:-1, max-image-preview:large, max-video-preview:-1\" \/>\n<link rel=\"canonical\" href=\"https:\/\/www.minicrm.hu\/blog\/2014\/12-07\/ajandekok-legjobb-vevoidnek\/\" \/>\n<meta property=\"og:locale\" content=\"hu_HU\" \/>\n<meta property=\"og:type\" content=\"article\" \/>\n<meta property=\"og:title\" content=\"Aj\u00e1nd\u00e9kok a legjobb vev\u0151idnek\" \/>\n<meta property=\"og:description\" content=\"Az \u00e9v sor\u00e1n a legt\u00f6bb bev\u00e9telt termel\u0151 vev\u0151id igaz\u00e1n meg\u00e9rdemlik, hogy megeml\u00e9kezz r\u00f3luk az \u00fcnnepek idej\u00e9n. 1. Csak olyan aj\u00e1nd\u00e9kot adj, amit Te is\" \/>\n<meta property=\"og:url\" content=\"https:\/\/www.minicrm.hu\/blog\/2014\/12-07\/ajandekok-legjobb-vevoidnek\/\" \/>\n<meta property=\"og:site_name\" content=\"MiniCRM Blog\" \/>\n<meta property=\"article:published_time\" content=\"2014-12-07T11:17:20+00:00\" \/>\n<meta property=\"article:modified_time\" content=\"2014-12-08T10:38:14+00:00\" \/>\n<meta property=\"og:image\" content=\"https:\/\/minicrm-wp-hu.s3.amazonaws.com\/uploads\/2014\/12\/ajandekok-a-legjobb-vevoidnek.jpg\" \/>\n\t<meta property=\"og:image:width\" content=\"650\" \/>\n\t<meta property=\"og:image:height\" content=\"575\" \/>\n\t<meta property=\"og:image:type\" content=\"image\/jpeg\" \/>\n<meta name=\"author\" content=\"MiniCRM\" \/>\n<meta name=\"twitter:label1\" content=\"Szerz\u0151:\" \/>\n\t<meta name=\"twitter:data1\" content=\"MiniCRM\" \/>\n\t<meta name=\"twitter:label2\" content=\"Becs\u00fclt olvas\u00e1si id\u0151\" \/>\n\t<meta name=\"twitter:data2\" content=\"2 perc\" \/>\n<script type=\"application\/ld+json\" class=\"yoast-schema-graph\">{\"@context\":\"https:\/\/schema.org\",\"@graph\":[{\"@type\":\"Article\",\"@id\":\"https:\/\/www.minicrm.hu\/blog\/2014\/12-07\/ajandekok-legjobb-vevoidnek\/#article\",\"isPartOf\":{\"@id\":\"https:\/\/www.minicrm.hu\/blog\/2014\/12-07\/ajandekok-legjobb-vevoidnek\/\"},\"author\":{\"name\":\"MiniCRM\",\"@id\":\"https:\/\/www.minicrm.hu\/blog\/#\/schema\/person\/069da389ff66e1b062bfea11f5435219\"},\"headline\":\"Aj\u00e1nd\u00e9kok a legjobb vev\u0151idnek\",\"datePublished\":\"2014-12-07T11:17:20+00:00\",\"dateModified\":\"2014-12-08T10:38:14+00:00\",\"mainEntityOfPage\":{\"@id\":\"https:\/\/www.minicrm.hu\/blog\/2014\/12-07\/ajandekok-legjobb-vevoidnek\/\"},\"wordCount\":324,\"commentCount\":0,\"publisher\":{\"@id\":\"https:\/\/www.minicrm.hu\/blog\/#organization\"},\"image\":{\"@id\":\"https:\/\/www.minicrm.hu\/blog\/2014\/12-07\/ajandekok-legjobb-vevoidnek\/#primaryimage\"},\"thumbnailUrl\":\"https:\/\/minicrm-wp-hu.s3.amazonaws.com\/uploads\/2014\/12\/ajandekok-a-legjobb-vevoidnek.jpg\",\"articleSection\":[\"\u00c9rt\u00e9kes\u00edt\u00e9s\"],\"inLanguage\":\"hu\",\"potentialAction\":[{\"@type\":\"CommentAction\",\"name\":\"Comment\",\"target\":[\"https:\/\/www.minicrm.hu\/blog\/2014\/12-07\/ajandekok-legjobb-vevoidnek\/#respond\"]}]},{\"@type\":\"WebPage\",\"@id\":\"https:\/\/www.minicrm.hu\/blog\/2014\/12-07\/ajandekok-legjobb-vevoidnek\/\",\"url\":\"https:\/\/www.minicrm.hu\/blog\/2014\/12-07\/ajandekok-legjobb-vevoidnek\/\",\"name\":\"Aj\u00e1nd\u00e9kok a legjobb vev\u0151idnek\",\"isPartOf\":{\"@id\":\"https:\/\/www.minicrm.hu\/blog\/#website\"},\"primaryImageOfPage\":{\"@id\":\"https:\/\/www.minicrm.hu\/blog\/2014\/12-07\/ajandekok-legjobb-vevoidnek\/#primaryimage\"},\"image\":{\"@id\":\"https:\/\/www.minicrm.hu\/blog\/2014\/12-07\/ajandekok-legjobb-vevoidnek\/#primaryimage\"},\"thumbnailUrl\":\"https:\/\/minicrm-wp-hu.s3.amazonaws.com\/uploads\/2014\/12\/ajandekok-a-legjobb-vevoidnek.jpg\",\"datePublished\":\"2014-12-07T11:17:20+00:00\",\"dateModified\":\"2014-12-08T10:38:14+00:00\",\"description\":\"Az \u00e9v sor\u00e1n a legt\u00f6bb bev\u00e9telt termel\u0151 vev\u0151id igaz\u00e1n meg\u00e9rdemlik, hogy megeml\u00e9kezz r\u00f3luk az \u00fcnnepek idej\u00e9n. 1. Csak olyan aj\u00e1nd\u00e9kot adj, amit Te is\",\"breadcrumb\":{\"@id\":\"https:\/\/www.minicrm.hu\/blog\/2014\/12-07\/ajandekok-legjobb-vevoidnek\/#breadcrumb\"},\"inLanguage\":\"hu\",\"potentialAction\":[{\"@type\":\"ReadAction\",\"target\":[\"https:\/\/www.minicrm.hu\/blog\/2014\/12-07\/ajandekok-legjobb-vevoidnek\/\"]}]},{\"@type\":\"ImageObject\",\"inLanguage\":\"hu\",\"@id\":\"https:\/\/www.minicrm.hu\/blog\/2014\/12-07\/ajandekok-legjobb-vevoidnek\/#primaryimage\",\"url\":\"https:\/\/minicrm-wp-hu.s3.amazonaws.com\/uploads\/2014\/12\/ajandekok-a-legjobb-vevoidnek.jpg\",\"contentUrl\":\"https:\/\/minicrm-wp-hu.s3.amazonaws.com\/uploads\/2014\/12\/ajandekok-a-legjobb-vevoidnek.jpg\",\"width\":650,\"height\":575},{\"@type\":\"BreadcrumbList\",\"@id\":\"https:\/\/www.minicrm.hu\/blog\/2014\/12-07\/ajandekok-legjobb-vevoidnek\/#breadcrumb\",\"itemListElement\":[{\"@type\":\"ListItem\",\"position\":1,\"name\":\"Home\",\"item\":\"https:\/\/www.minicrm.hu\/blog\/\"},{\"@type\":\"ListItem\",\"position\":2,\"name\":\"Aj\u00e1nd\u00e9kok a legjobb vev\u0151idnek\"}]},{\"@type\":\"WebSite\",\"@id\":\"https:\/\/www.minicrm.hu\/blog\/#website\",\"url\":\"https:\/\/www.minicrm.hu\/blog\/\",\"name\":\"MiniCRM Blog\",\"description\":\"CRM Blog\",\"publisher\":{\"@id\":\"https:\/\/www.minicrm.hu\/blog\/#organization\"},\"potentialAction\":[{\"@type\":\"SearchAction\",\"target\":{\"@type\":\"EntryPoint\",\"urlTemplate\":\"https:\/\/www.minicrm.hu\/blog\/?s={search_term_string}\"},\"query-input\":{\"@type\":\"PropertyValueSpecification\",\"valueRequired\":true,\"valueName\":\"search_term_string\"}}],\"inLanguage\":\"hu\"},{\"@type\":\"Organization\",\"@id\":\"https:\/\/www.minicrm.hu\/blog\/#organization\",\"name\":\"MiniCRM Blog\",\"url\":\"https:\/\/www.minicrm.hu\/blog\/\",\"logo\":{\"@type\":\"ImageObject\",\"inLanguage\":\"hu\",\"@id\":\"https:\/\/www.minicrm.hu\/blog\/#\/schema\/logo\/image\/\",\"url\":\"https:\/\/minicrm-wp-hu.s3.amazonaws.com\/uploads\/2021\/04\/cropped-MC-logo-Blog-2021_G-Dark.png\",\"contentUrl\":\"https:\/\/minicrm-wp-hu.s3.amazonaws.com\/uploads\/2021\/04\/cropped-MC-logo-Blog-2021_G-Dark.png\",\"width\":91,\"height\":89,\"caption\":\"MiniCRM Blog\"},\"image\":{\"@id\":\"https:\/\/www.minicrm.hu\/blog\/#\/schema\/logo\/image\/\"}},{\"@type\":\"Person\",\"@id\":\"https:\/\/www.minicrm.hu\/blog\/#\/schema\/person\/069da389ff66e1b062bfea11f5435219\",\"name\":\"MiniCRM\",\"image\":{\"@type\":\"ImageObject\",\"inLanguage\":\"hu\",\"@id\":\"https:\/\/www.minicrm.hu\/blog\/#\/schema\/person\/image\/\",\"url\":\"https:\/\/secure.gravatar.com\/avatar\/dcefd6bba8934b04bb248dd2c1a6d1aefd3e2560e872f17db31afd984ef19a13?s=96&r=g\",\"contentUrl\":\"https:\/\/secure.gravatar.com\/avatar\/dcefd6bba8934b04bb248dd2c1a6d1aefd3e2560e872f17db31afd984ef19a13?s=96&r=g\",\"caption\":\"MiniCRM\"},\"sameAs\":[\"https:\/\/www.minicrm.hu\/\"],\"url\":\"https:\/\/www.minicrm.hu\/blog\/author\/minicrm\/\"}]}<\/script>\n<!-- \/ Yoast SEO plugin. -->","yoast_head_json":{"title":"Aj\u00e1nd\u00e9kok a legjobb vev\u0151idnek","description":"Az \u00e9v sor\u00e1n a legt\u00f6bb bev\u00e9telt termel\u0151 vev\u0151id igaz\u00e1n meg\u00e9rdemlik, hogy megeml\u00e9kezz r\u00f3luk az \u00fcnnepek idej\u00e9n. 1. Csak olyan aj\u00e1nd\u00e9kot adj, amit Te is","robots":{"index":"index","follow":"follow","max-snippet":"max-snippet:-1","max-image-preview":"max-image-preview:large","max-video-preview":"max-video-preview:-1"},"canonical":"https:\/\/www.minicrm.hu\/blog\/2014\/12-07\/ajandekok-legjobb-vevoidnek\/","og_locale":"hu_HU","og_type":"article","og_title":"Aj\u00e1nd\u00e9kok a legjobb vev\u0151idnek","og_description":"Az \u00e9v sor\u00e1n a legt\u00f6bb bev\u00e9telt termel\u0151 vev\u0151id igaz\u00e1n meg\u00e9rdemlik, hogy megeml\u00e9kezz r\u00f3luk az \u00fcnnepek idej\u00e9n. 1. Csak olyan aj\u00e1nd\u00e9kot adj, amit Te is","og_url":"https:\/\/www.minicrm.hu\/blog\/2014\/12-07\/ajandekok-legjobb-vevoidnek\/","og_site_name":"MiniCRM Blog","article_published_time":"2014-12-07T11:17:20+00:00","article_modified_time":"2014-12-08T10:38:14+00:00","og_image":[{"width":650,"height":575,"url":"https:\/\/minicrm-wp-hu.s3.amazonaws.com\/uploads\/2014\/12\/ajandekok-a-legjobb-vevoidnek.jpg","type":"image\/jpeg"}],"author":"MiniCRM","twitter_misc":{"Szerz\u0151:":"MiniCRM","Becs\u00fclt olvas\u00e1si id\u0151":"2 perc"},"schema":{"@context":"https:\/\/schema.org","@graph":[{"@type":"Article","@id":"https:\/\/www.minicrm.hu\/blog\/2014\/12-07\/ajandekok-legjobb-vevoidnek\/#article","isPartOf":{"@id":"https:\/\/www.minicrm.hu\/blog\/2014\/12-07\/ajandekok-legjobb-vevoidnek\/"},"author":{"name":"MiniCRM","@id":"https:\/\/www.minicrm.hu\/blog\/#\/schema\/person\/069da389ff66e1b062bfea11f5435219"},"headline":"Aj\u00e1nd\u00e9kok a legjobb vev\u0151idnek","datePublished":"2014-12-07T11:17:20+00:00","dateModified":"2014-12-08T10:38:14+00:00","mainEntityOfPage":{"@id":"https:\/\/www.minicrm.hu\/blog\/2014\/12-07\/ajandekok-legjobb-vevoidnek\/"},"wordCount":324,"commentCount":0,"publisher":{"@id":"https:\/\/www.minicrm.hu\/blog\/#organization"},"image":{"@id":"https:\/\/www.minicrm.hu\/blog\/2014\/12-07\/ajandekok-legjobb-vevoidnek\/#primaryimage"},"thumbnailUrl":"https:\/\/minicrm-wp-hu.s3.amazonaws.com\/uploads\/2014\/12\/ajandekok-a-legjobb-vevoidnek.jpg","articleSection":["\u00c9rt\u00e9kes\u00edt\u00e9s"],"inLanguage":"hu","potentialAction":[{"@type":"CommentAction","name":"Comment","target":["https:\/\/www.minicrm.hu\/blog\/2014\/12-07\/ajandekok-legjobb-vevoidnek\/#respond"]}]},{"@type":"WebPage","@id":"https:\/\/www.minicrm.hu\/blog\/2014\/12-07\/ajandekok-legjobb-vevoidnek\/","url":"https:\/\/www.minicrm.hu\/blog\/2014\/12-07\/ajandekok-legjobb-vevoidnek\/","name":"Aj\u00e1nd\u00e9kok a legjobb vev\u0151idnek","isPartOf":{"@id":"https:\/\/www.minicrm.hu\/blog\/#website"},"primaryImageOfPage":{"@id":"https:\/\/www.minicrm.hu\/blog\/2014\/12-07\/ajandekok-legjobb-vevoidnek\/#primaryimage"},"image":{"@id":"https:\/\/www.minicrm.hu\/blog\/2014\/12-07\/ajandekok-legjobb-vevoidnek\/#primaryimage"},"thumbnailUrl":"https:\/\/minicrm-wp-hu.s3.amazonaws.com\/uploads\/2014\/12\/ajandekok-a-legjobb-vevoidnek.jpg","datePublished":"2014-12-07T11:17:20+00:00","dateModified":"2014-12-08T10:38:14+00:00","description":"Az \u00e9v sor\u00e1n a legt\u00f6bb bev\u00e9telt termel\u0151 vev\u0151id igaz\u00e1n meg\u00e9rdemlik, hogy megeml\u00e9kezz r\u00f3luk az \u00fcnnepek idej\u00e9n. 1. Csak olyan aj\u00e1nd\u00e9kot adj, amit Te is","breadcrumb":{"@id":"https:\/\/www.minicrm.hu\/blog\/2014\/12-07\/ajandekok-legjobb-vevoidnek\/#breadcrumb"},"inLanguage":"hu","potentialAction":[{"@type":"ReadAction","target":["https:\/\/www.minicrm.hu\/blog\/2014\/12-07\/ajandekok-legjobb-vevoidnek\/"]}]},{"@type":"ImageObject","inLanguage":"hu","@id":"https:\/\/www.minicrm.hu\/blog\/2014\/12-07\/ajandekok-legjobb-vevoidnek\/#primaryimage","url":"https:\/\/minicrm-wp-hu.s3.amazonaws.com\/uploads\/2014\/12\/ajandekok-a-legjobb-vevoidnek.jpg","contentUrl":"https:\/\/minicrm-wp-hu.s3.amazonaws.com\/uploads\/2014\/12\/ajandekok-a-legjobb-vevoidnek.jpg","width":650,"height":575},{"@type":"BreadcrumbList","@id":"https:\/\/www.minicrm.hu\/blog\/2014\/12-07\/ajandekok-legjobb-vevoidnek\/#breadcrumb","itemListElement":[{"@type":"ListItem","position":1,"name":"Home","item":"https:\/\/www.minicrm.hu\/blog\/"},{"@type":"ListItem","position":2,"name":"Aj\u00e1nd\u00e9kok a legjobb vev\u0151idnek"}]},{"@type":"WebSite","@id":"https:\/\/www.minicrm.hu\/blog\/#website","url":"https:\/\/www.minicrm.hu\/blog\/","name":"MiniCRM Blog","description":"CRM Blog","publisher":{"@id":"https:\/\/www.minicrm.hu\/blog\/#organization"},"potentialAction":[{"@type":"SearchAction","target":{"@type":"EntryPoint","urlTemplate":"https:\/\/www.minicrm.hu\/blog\/?s={search_term_string}"},"query-input":{"@type":"PropertyValueSpecification","valueRequired":true,"valueName":"search_term_string"}}],"inLanguage":"hu"},{"@type":"Organization","@id":"https:\/\/www.minicrm.hu\/blog\/#organization","name":"MiniCRM Blog","url":"https:\/\/www.minicrm.hu\/blog\/","logo":{"@type":"ImageObject","inLanguage":"hu","@id":"https:\/\/www.minicrm.hu\/blog\/#\/schema\/logo\/image\/","url":"https:\/\/minicrm-wp-hu.s3.amazonaws.com\/uploads\/2021\/04\/cropped-MC-logo-Blog-2021_G-Dark.png","contentUrl":"https:\/\/minicrm-wp-hu.s3.amazonaws.com\/uploads\/2021\/04\/cropped-MC-logo-Blog-2021_G-Dark.png","width":91,"height":89,"caption":"MiniCRM Blog"},"image":{"@id":"https:\/\/www.minicrm.hu\/blog\/#\/schema\/logo\/image\/"}},{"@type":"Person","@id":"https:\/\/www.minicrm.hu\/blog\/#\/schema\/person\/069da389ff66e1b062bfea11f5435219","name":"MiniCRM","image":{"@type":"ImageObject","inLanguage":"hu","@id":"https:\/\/www.minicrm.hu\/blog\/#\/schema\/person\/image\/","url":"https:\/\/secure.gravatar.com\/avatar\/dcefd6bba8934b04bb248dd2c1a6d1aefd3e2560e872f17db31afd984ef19a13?s=96&r=g","contentUrl":"https:\/\/secure.gravatar.com\/avatar\/dcefd6bba8934b04bb248dd2c1a6d1aefd3e2560e872f17db31afd984ef19a13?s=96&r=g","caption":"MiniCRM"},"sameAs":["https:\/\/www.minicrm.hu\/"],"url":"https:\/\/www.minicrm.hu\/blog\/author\/minicrm\/"}]}},"_links":{"self":[{"href":"https:\/\/www.minicrm.hu\/blog\/wp-json\/wp\/v2\/posts\/9426","targetHints":{"allow":["GET"]}}],"collection":[{"href":"https:\/\/www.minicrm.hu\/blog\/wp-json\/wp\/v2\/posts"}],"about":[{"href":"https:\/\/www.minicrm.hu\/blog\/wp-json\/wp\/v2\/types\/post"}],"author":[{"embeddable":true,"href":"https:\/\/www.minicrm.hu\/blog\/wp-json\/wp\/v2\/users\/66"}],"replies":[{"embeddable":true,"href":"https:\/\/www.minicrm.hu\/blog\/wp-json\/wp\/v2\/comments?post=9426"}],"version-history":[{"count":4,"href":"https:\/\/www.minicrm.hu\/blog\/wp-json\/wp\/v2\/posts\/9426\/revisions"}],"predecessor-version":[{"id":9600,"href":"https:\/\/www.minicrm.hu\/blog\/wp-json\/wp\/v2\/posts\/9426\/revisions\/9600"}],"wp:featuredmedia":[{"embeddable":true,"href":"https:\/\/www.minicrm.hu\/blog\/wp-json\/wp\/v2\/media\/9614"}],"wp:attachment":[{"href":"https:\/\/www.minicrm.hu\/blog\/wp-json\/wp\/v2\/media?parent=9426"}],"wp:term":[{"taxonomy":"category","embeddable":true,"href":"https:\/\/www.minicrm.hu\/blog\/wp-json\/wp\/v2\/categories?post=9426"},{"taxonomy":"post_tag","embeddable":true,"href":"https:\/\/www.minicrm.hu\/blog\/wp-json\/wp\/v2\/tags?post=9426"}],"curies":[{"name":"wp","href":"https:\/\/api.w.org\/{rel}","templated":true}]}}