
{"id":17088,"date":"2019-02-18T12:11:43","date_gmt":"2019-02-18T11:11:43","guid":{"rendered":"https:\/\/www.minicrm.hu\/help\/?p=17088"},"modified":"2026-01-08T16:32:53","modified_gmt":"2026-01-08T15:32:53","slug":"telefonkonyv-szinkronizalas-iphone-on","status":"publish","type":"post","link":"https:\/\/www.minicrm.hu\/help\/telefonkonyv-szinkronizalas-iphone-on\/","title":{"rendered":"Telefonk\u00f6nyv szinkroniz\u00e1l\u00e1s iPhone-on"},"content":{"rendered":"<p>Lehet\u0151s\u00e9ged van MiniCRM kapcsolataidat szinkroniz\u00e1lni az iPhone-od telefonk\u00f6nyv\u00e9vel. Ha h\u00edv\u00e1st kapsz egy \u00fcgyfeledt\u0151l, akinek a telefonsz\u00e1ma bent van a MiniCRM rendszer\u00e9ben, akkor el\u00e9g csak r\u00e1kattintani a rendszerben az adatlapj\u00e1ra, hogy tiszt\u00e1ban legy\u00e9l azzal, mit is besz\u00e9ltetek meg el\u0151z\u0151ekben.<\/p>\n<div class=\"alert alert-info\">A funkci\u00f3 haszn\u00e1lat\u00e1hoz a <em>Kontaktok szinkroniz\u00e1l\u00e1sa<\/em> b\u0151v\u00edtm\u00e9nyre lesz sz\u00fcks\u00e9ged, melyet az El\u0151fizet\u00e9s oldalon tudsz bekapcsolni amennyiben sz\u00fcks\u00e9ges.<\/div>\n<h3>1.) Gener\u00e1lj egy jelsz\u00f3t, amit az \u00f6sszek\u00f6t\u00e9shez fogsz hasz\u00e1lni.<\/h3>\n<ol>\n<li>Kattints a jobb fels\u0151 sarokban a Profilk\u00e9pedre, majd v\u00e1laszd a <a href=\"https:\/\/www.minicrm.hu\/help\/profilbeallitasok\/\">Profil be\u00e1ll\u00edt\u00e1sok<\/a> opci\u00f3t.<\/li>\n<li>Kattints a Napt\u00e1r szinkroniz\u00e1ci\u00f3k f\u00fclre.<\/li>\n<li>Enged\u00e9lyezd az &#8220;A napt\u00e1r \u00e9s a n\u00e9vjegyz\u00e9k szinkroniz\u00e1l\u00e1sa&#8221; dobozban a hozz\u00e1f\u00e9r\u00e9st.<\/li>\n<\/ol>\n<h3><a href=\"https:\/\/minicrm-wp-help.s3.amazonaws.com\/uploads\/2019\/02\/Kepernyofoto-2025-07-25-12.08.13-scaled.png\"><img loading=\"lazy\" decoding=\"async\" class=\"alignnone wp-image-59386 size-full\" src=\"https:\/\/minicrm-wp-help.s3.amazonaws.com\/uploads\/2019\/02\/Kepernyofoto-2025-07-25-12.08.13-scaled.png\" alt=\"\" width=\"2560\" height=\"1038\" srcset=\"https:\/\/minicrm-wp-help.s3.amazonaws.com\/uploads\/2019\/02\/Kepernyofoto-2025-07-25-12.08.13-scaled.png 2560w, https:\/\/minicrm-wp-help.s3.amazonaws.com\/uploads\/2019\/02\/Kepernyofoto-2025-07-25-12.08.13-300x122.png 300w, https:\/\/minicrm-wp-help.s3.amazonaws.com\/uploads\/2019\/02\/Kepernyofoto-2025-07-25-12.08.13-1024x415.png 1024w, https:\/\/minicrm-wp-help.s3.amazonaws.com\/uploads\/2019\/02\/Kepernyofoto-2025-07-25-12.08.13-768x311.png 768w, https:\/\/minicrm-wp-help.s3.amazonaws.com\/uploads\/2019\/02\/Kepernyofoto-2025-07-25-12.08.13-1536x623.png 1536w, https:\/\/minicrm-wp-help.s3.amazonaws.com\/uploads\/2019\/02\/Kepernyofoto-2025-07-25-12.08.13-2048x831.png 2048w\" sizes=\"auto, (max-width: 2560px) 100vw, 2560px\" \/><\/a><\/h3>\n<p>Egy felugr\u00f3 ablakot fogsz l\u00e1tni, benne a jelszavaddal. Ezt fogod tudni k\u00e9s\u0151bb haszn\u00e1lni az \u00f6sszek\u00f6t\u00e9shez.<\/p>\n<div class=\"alert alert-danger\"><strong data-start=\"231\" data-end=\"242\">FONTOS!<\/strong> A jelszavadat csak egyszer jelen\u00edtj\u00fck meg, \u00e9s azt k\u00f6vet\u0151en nem t\u00e1roljuk. K\u00e9rj\u00fck, mentsd el biztons\u00e1gos helyre, mert k\u00e9s\u0151bb sz\u00fcks\u00e9ged lehet r\u00e1!<\/div>\n<h3>2.) Nyisd meg a telefonodon az \u00faj fi\u00f3k hozz\u00e1ad\u00e1s\u00e1t, \u00e9s k\u00e9sz\u00edts egy \u00faj CardDav fi\u00f3kot.<\/h3>\n<p><a href=\"https:\/\/minicrm-wp-help.s3.amazonaws.com\/uploads\/2019\/02\/image_6483441.jpg\"><img loading=\"lazy\" decoding=\"async\" class=\"alignnone wp-image-34695\" src=\"https:\/\/minicrm-wp-help.s3.amazonaws.com\/uploads\/2019\/02\/image_6483441-300x225.jpg\" alt=\"\" width=\"674\" height=\"506\" srcset=\"https:\/\/minicrm-wp-help.s3.amazonaws.com\/uploads\/2019\/02\/image_6483441-300x225.jpg 300w, https:\/\/minicrm-wp-help.s3.amazonaws.com\/uploads\/2019\/02\/image_6483441-768x576.jpg 768w, https:\/\/minicrm-wp-help.s3.amazonaws.com\/uploads\/2019\/02\/image_6483441.jpg 1024w\" sizes=\"auto, (max-width: 674px) 100vw, 674px\" \/><\/a><\/p>\n<h3>3.) Kattints az &#8220;Egy\u00e9b&#8221; opci\u00f3ra, majd a CardDAV-fi\u00f3k hozz\u00e1ad\u00e1s\u00e1ra \u00e9s add meg az al\u00e1bbi adatokat a kapcsol\u00f3d\u00e1shoz.<\/h3>\n<p><strong>Szerver: <\/strong>cal.minicrm.hu<strong><br \/>\n<\/strong><\/p>\n<p><strong>Felhaszn\u00e1l\u00f3n\u00e9v:<\/strong> A MiniCRM-be val\u00f3 bel\u00e9p\u00e9shez haszn\u00e1lt email c\u00edmed<\/p>\n<p><strong>Jelsz\u00f3:<\/strong> A Profilodban gener\u00e1lt jelszavad.<\/p>\n<p><strong>Le\u00edr\u00e1s:<\/strong> Opcion\u00e1lis<\/p>\n<p>&nbsp;<\/p>\n<p><a href=\"https:\/\/minicrm-wp-help.s3.amazonaws.com\/uploads\/2019\/02\/image_6483441-1.jpg\"><img loading=\"lazy\" decoding=\"async\" class=\"alignnone wp-image-34698\" src=\"https:\/\/minicrm-wp-help.s3.amazonaws.com\/uploads\/2019\/02\/image_6483441-1-300x225.jpg\" alt=\"\" width=\"674\" height=\"506\" srcset=\"https:\/\/minicrm-wp-help.s3.amazonaws.com\/uploads\/2019\/02\/image_6483441-1-300x225.jpg 300w, https:\/\/minicrm-wp-help.s3.amazonaws.com\/uploads\/2019\/02\/image_6483441-1-768x576.jpg 768w, https:\/\/minicrm-wp-help.s3.amazonaws.com\/uploads\/2019\/02\/image_6483441-1.jpg 1024w\" sizes=\"auto, (max-width: 674px) 100vw, 674px\" \/><\/a><\/p>\n<p>&nbsp;<\/p>\n<h3>3.) Ezut\u00e1n elindul a szinkroniz\u00e1ci\u00f3, \u00e9s megjelennek a kontaktok a telefonodban.<\/h3>\n<p>Sikeres szinkroniz\u00e1l\u00e1s eset\u00e9n, c\u00edmjegyz\u00e9kedben megjelenik a rendszer \u00e1ltal kiv\u00e1lasztott, <strong>maximum 2000 db kontakt<\/strong>. A kontaktok kiv\u00e1laszt\u00e1sa sor\u00e1n a rendszer a bel\u00e9pett felhaszn\u00e1l\u00f3k teend\u0151it vizsg\u00e1lja meg. Sorba rendezi az \u00e9rintett teend\u0151ket tev\u00e9kenys\u00e9g\/m\u00f3dos\u00edt\u00e1s d\u00e1tuma szerint, majd n\u00e9zi az azokhoz kapcsol\u00f3d\u00f3 adatlapokn\u00e1l l\u00e9v\u0151 \u00f6sszes kontaktot (m\u00e9g mindig teend\u0151t \u00e9rint\u0151 esem\u00e9ny szerint), v\u00e9g\u00fcl pedig k\u00f6z\u00fcl\u00fck azon els\u0151 2000 darabot szinkroniz\u00e1lja, akikhez van megadva telefonsz\u00e1m. Ez\u00e1ltal azon kontaktok lesznek \u00edgy el\u00e9rhet\u0151k a telefonodon vagy a sz\u00e1m\u00edt\u00f3g\u00e9peden, akikkel \u2013 elvileg akt\u00edvan \u2013 foglalkozol.<\/p>\n<div class=\"alert alert-danger\"><strong>Ha jelsz\u00f3t szeretn\u00e9l m\u00f3dos\u00edtani<\/strong>, azt a Profilbe\u00e1ll\u00edt\u00e1sok men\u00fcpontban teheted meg, a <em data-start=\"215\" data-end=\"238\">Jelsz\u00f3 \u00fajragener\u00e1l\u00e1sa<\/em> gombra kattintva. A jelsz\u00f3 megv\u00e1ltoztat\u00e1sa ut\u00e1n <strong>ne feledd friss\u00edteni az \u00faj jelsz\u00f3t a CardDAV-fi\u00f3kodban is<\/strong>, k\u00fcl\u00f6nben a szinkroniz\u00e1ci\u00f3 nem fog m\u0171k\u00f6dni.<\/div>\n","protected":false},"excerpt":{"rendered":"<p>Lehet\u0151s\u00e9ged van MiniCRM kapcsolataidat szinkroniz\u00e1lni az iPhone-od telefonk\u00f6nyv\u00e9vel. Ha h\u00edv\u00e1st kapsz egy \u00fcgyfeledt\u0151l, akinek a telefonsz\u00e1ma bent van a MiniCRM rendszer\u00e9ben, akkor el\u00e9g csak r\u00e1kattintani a rendszerben az adatlapj\u00e1ra, hogy tiszt\u00e1ban legy\u00e9l azzal, mit is besz\u00e9ltetek meg el\u0151z\u0151ekben. A funkci\u00f3 haszn\u00e1lat\u00e1hoz a Kontaktok szinkroniz\u00e1l\u00e1sa b\u0151v\u00edtm\u00e9nyre lesz sz\u00fcks\u00e9ged, melyet az El\u0151fizet\u00e9s oldalon tudsz bekapcsolni amennyiben sz\u00fcks\u00e9ges. [&hellip;]<\/p>\n","protected":false},"author":36,"featured_media":0,"comment_status":"closed","ping_status":"closed","sticky":false,"template":"","format":"standard","meta":{"footnotes":""},"categories":[2282,59],"tags":[],"class_list":["post-17088","post","type-post","status-publish","format-standard","hentry","category-dobozos-integraciok","category-integracio-utmutatok"],"yoast_head":"<!-- This site is optimized with the Yoast SEO plugin v27.1.1 - https:\/\/yoast.com\/product\/yoast-seo-wordpress\/ -->\n<title>Telefonk\u00f6nyv szinkroniz\u00e1l\u00e1s iPhone-on - Documenta\u021bie MiniCRM<\/title>\n<meta name=\"description\" content=\"Lehet\u0151s\u00e9ged van MiniCRM kapcsolataidat szinkroniz\u00e1lni az iPhone-od telefonk\u00f6nyv\u00e9vel. Ha h\u00edv\u00e1st kapsz egy \u00fcgyfeledt\u0151l, akinek a telefonsz\u00e1ma bent van a\" \/>\n<meta name=\"robots\" content=\"index, follow, max-snippet:-1, max-image-preview:large, max-video-preview:-1\" \/>\n<link rel=\"canonical\" href=\"https:\/\/www.minicrm.hu\/help\/telefonkonyv-szinkronizalas-iphone-on\/\" \/>\n<meta property=\"og:locale\" content=\"en_US\" \/>\n<meta property=\"og:type\" content=\"article\" \/>\n<meta property=\"og:title\" content=\"Telefonk\u00f6nyv szinkroniz\u00e1l\u00e1s iPhone-on - Documenta\u021bie MiniCRM\" \/>\n<meta property=\"og:description\" content=\"Lehet\u0151s\u00e9ged van MiniCRM kapcsolataidat szinkroniz\u00e1lni az iPhone-od telefonk\u00f6nyv\u00e9vel. Ha h\u00edv\u00e1st kapsz egy \u00fcgyfeledt\u0151l, akinek a telefonsz\u00e1ma bent van a\" \/>\n<meta property=\"og:url\" content=\"https:\/\/www.minicrm.hu\/help\/telefonkonyv-szinkronizalas-iphone-on\/\" \/>\n<meta property=\"og:site_name\" content=\"Documenta\u021bie MiniCRM\" \/>\n<meta property=\"article:published_time\" content=\"2019-02-18T11:11:43+00:00\" \/>\n<meta property=\"article:modified_time\" content=\"2026-01-08T15:32:53+00:00\" \/>\n<meta property=\"og:image\" content=\"https:\/\/minicrm-wp-help.s3.amazonaws.com\/uploads\/2019\/02\/Kepernyofoto-2025-07-25-12.08.13-scaled.png\" \/>\n\t<meta property=\"og:image:width\" content=\"2560\" \/>\n\t<meta property=\"og:image:height\" content=\"1038\" \/>\n\t<meta property=\"og:image:type\" content=\"image\/png\" \/>\n<meta name=\"author\" content=\"Attila Prekop\" \/>\n<meta name=\"twitter:card\" content=\"summary_large_image\" \/>\n<meta name=\"twitter:label1\" content=\"Written by\" \/>\n\t<meta name=\"twitter:data1\" content=\"Attila Prekop\" \/>\n\t<meta name=\"twitter:label2\" content=\"Est. reading time\" \/>\n\t<meta name=\"twitter:data2\" content=\"2 minutes\" \/>\n<script type=\"application\/ld+json\" class=\"yoast-schema-graph\">{\"@context\":\"https:\/\/schema.org\",\"@graph\":[{\"@type\":\"Article\",\"@id\":\"https:\/\/www.minicrm.hu\/help\/telefonkonyv-szinkronizalas-iphone-on\/#article\",\"isPartOf\":{\"@id\":\"https:\/\/www.minicrm.hu\/help\/telefonkonyv-szinkronizalas-iphone-on\/\"},\"author\":{\"name\":\"Attila Prekop\",\"@id\":\"https:\/\/www.minicrm.hu\/help\/#\/schema\/person\/864e35507e2f982aff84cadbf72a650e\"},\"headline\":\"Telefonk\u00f6nyv szinkroniz\u00e1l\u00e1s iPhone-on\",\"datePublished\":\"2019-02-18T11:11:43+00:00\",\"dateModified\":\"2026-01-08T15:32:53+00:00\",\"mainEntityOfPage\":{\"@id\":\"https:\/\/www.minicrm.hu\/help\/telefonkonyv-szinkronizalas-iphone-on\/\"},\"wordCount\":470,\"image\":{\"@id\":\"https:\/\/www.minicrm.hu\/help\/telefonkonyv-szinkronizalas-iphone-on\/#primaryimage\"},\"thumbnailUrl\":\"https:\/\/minicrm-wp-help.s3.amazonaws.com\/uploads\/2019\/02\/Kepernyofoto-2025-07-25-12.08.13-scaled.png\",\"articleSection\":[\"Dobozos integr\u00e1ci\u00f3k\",\"Integr\u00e1ci\u00f3 \u00fatmutat\u00f3k\"],\"inLanguage\":\"en-US\"},{\"@type\":\"WebPage\",\"@id\":\"https:\/\/www.minicrm.hu\/help\/telefonkonyv-szinkronizalas-iphone-on\/\",\"url\":\"https:\/\/www.minicrm.hu\/help\/telefonkonyv-szinkronizalas-iphone-on\/\",\"name\":\"Telefonk\u00f6nyv szinkroniz\u00e1l\u00e1s iPhone-on - Documenta\u021bie MiniCRM\",\"isPartOf\":{\"@id\":\"https:\/\/www.minicrm.hu\/help\/#website\"},\"primaryImageOfPage\":{\"@id\":\"https:\/\/www.minicrm.hu\/help\/telefonkonyv-szinkronizalas-iphone-on\/#primaryimage\"},\"image\":{\"@id\":\"https:\/\/www.minicrm.hu\/help\/telefonkonyv-szinkronizalas-iphone-on\/#primaryimage\"},\"thumbnailUrl\":\"https:\/\/minicrm-wp-help.s3.amazonaws.com\/uploads\/2019\/02\/Kepernyofoto-2025-07-25-12.08.13-scaled.png\",\"datePublished\":\"2019-02-18T11:11:43+00:00\",\"dateModified\":\"2026-01-08T15:32:53+00:00\",\"author\":{\"@id\":\"https:\/\/www.minicrm.hu\/help\/#\/schema\/person\/864e35507e2f982aff84cadbf72a650e\"},\"description\":\"Lehet\u0151s\u00e9ged van MiniCRM kapcsolataidat szinkroniz\u00e1lni az iPhone-od telefonk\u00f6nyv\u00e9vel. Ha h\u00edv\u00e1st kapsz egy \u00fcgyfeledt\u0151l, akinek a telefonsz\u00e1ma bent van a\",\"breadcrumb\":{\"@id\":\"https:\/\/www.minicrm.hu\/help\/telefonkonyv-szinkronizalas-iphone-on\/#breadcrumb\"},\"inLanguage\":\"en-US\",\"potentialAction\":[{\"@type\":\"ReadAction\",\"target\":[\"https:\/\/www.minicrm.hu\/help\/telefonkonyv-szinkronizalas-iphone-on\/\"]}]},{\"@type\":\"ImageObject\",\"inLanguage\":\"en-US\",\"@id\":\"https:\/\/www.minicrm.hu\/help\/telefonkonyv-szinkronizalas-iphone-on\/#primaryimage\",\"url\":\"https:\/\/minicrm-wp-help.s3.amazonaws.com\/uploads\/2019\/02\/Kepernyofoto-2025-07-25-12.08.13-scaled.png\",\"contentUrl\":\"https:\/\/minicrm-wp-help.s3.amazonaws.com\/uploads\/2019\/02\/Kepernyofoto-2025-07-25-12.08.13-scaled.png\"},{\"@type\":\"BreadcrumbList\",\"@id\":\"https:\/\/www.minicrm.hu\/help\/telefonkonyv-szinkronizalas-iphone-on\/#breadcrumb\",\"itemListElement\":[{\"@type\":\"ListItem\",\"position\":1,\"name\":\"Home\",\"item\":\"https:\/\/www.minicrm.hu\/help\/\"},{\"@type\":\"ListItem\",\"position\":2,\"name\":\"Telefonk\u00f6nyv szinkroniz\u00e1l\u00e1s iPhone-on\"}]},{\"@type\":\"WebSite\",\"@id\":\"https:\/\/www.minicrm.hu\/help\/#website\",\"url\":\"https:\/\/www.minicrm.hu\/help\/\",\"name\":\"Documenta\u021bie MiniCRM\",\"description\":\"Welcome to MiniCRM\",\"potentialAction\":[{\"@type\":\"SearchAction\",\"target\":{\"@type\":\"EntryPoint\",\"urlTemplate\":\"https:\/\/www.minicrm.hu\/help\/?s={search_term_string}\"},\"query-input\":{\"@type\":\"PropertyValueSpecification\",\"valueRequired\":true,\"valueName\":\"search_term_string\"}}],\"inLanguage\":\"en-US\"},{\"@type\":\"Person\",\"@id\":\"https:\/\/www.minicrm.hu\/help\/#\/schema\/person\/864e35507e2f982aff84cadbf72a650e\",\"name\":\"Attila Prekop\",\"image\":{\"@type\":\"ImageObject\",\"inLanguage\":\"en-US\",\"@id\":\"https:\/\/www.minicrm.hu\/help\/#\/schema\/person\/image\/\",\"url\":\"https:\/\/secure.gravatar.com\/avatar\/a68ae2b2edde2a033d58f0307473d667172b3cc08c9d5c4510fdeb7872fd74e6?s=96&d=mm&r=g\",\"contentUrl\":\"https:\/\/secure.gravatar.com\/avatar\/a68ae2b2edde2a033d58f0307473d667172b3cc08c9d5c4510fdeb7872fd74e6?s=96&d=mm&r=g\",\"caption\":\"Attila Prekop\"}}]}<\/script>\n<!-- \/ Yoast SEO plugin. -->","yoast_head_json":{"title":"Telefonk\u00f6nyv szinkroniz\u00e1l\u00e1s iPhone-on - Documenta\u021bie MiniCRM","description":"Lehet\u0151s\u00e9ged van MiniCRM kapcsolataidat szinkroniz\u00e1lni az iPhone-od telefonk\u00f6nyv\u00e9vel. Ha h\u00edv\u00e1st kapsz egy \u00fcgyfeledt\u0151l, akinek a telefonsz\u00e1ma bent van a","robots":{"index":"index","follow":"follow","max-snippet":"max-snippet:-1","max-image-preview":"max-image-preview:large","max-video-preview":"max-video-preview:-1"},"canonical":"https:\/\/www.minicrm.hu\/help\/telefonkonyv-szinkronizalas-iphone-on\/","og_locale":"en_US","og_type":"article","og_title":"Telefonk\u00f6nyv szinkroniz\u00e1l\u00e1s iPhone-on - Documenta\u021bie MiniCRM","og_description":"Lehet\u0151s\u00e9ged van MiniCRM kapcsolataidat szinkroniz\u00e1lni az iPhone-od telefonk\u00f6nyv\u00e9vel. Ha h\u00edv\u00e1st kapsz egy \u00fcgyfeledt\u0151l, akinek a telefonsz\u00e1ma bent van a","og_url":"https:\/\/www.minicrm.hu\/help\/telefonkonyv-szinkronizalas-iphone-on\/","og_site_name":"Documenta\u021bie MiniCRM","article_published_time":"2019-02-18T11:11:43+00:00","article_modified_time":"2026-01-08T15:32:53+00:00","og_image":[{"width":2560,"height":1038,"url":"https:\/\/minicrm-wp-help.s3.amazonaws.com\/uploads\/2019\/02\/Kepernyofoto-2025-07-25-12.08.13-scaled.png","type":"image\/png"}],"author":"Attila Prekop","twitter_card":"summary_large_image","twitter_misc":{"Written by":"Attila Prekop","Est. reading time":"2 minutes"},"schema":{"@context":"https:\/\/schema.org","@graph":[{"@type":"Article","@id":"https:\/\/www.minicrm.hu\/help\/telefonkonyv-szinkronizalas-iphone-on\/#article","isPartOf":{"@id":"https:\/\/www.minicrm.hu\/help\/telefonkonyv-szinkronizalas-iphone-on\/"},"author":{"name":"Attila Prekop","@id":"https:\/\/www.minicrm.hu\/help\/#\/schema\/person\/864e35507e2f982aff84cadbf72a650e"},"headline":"Telefonk\u00f6nyv szinkroniz\u00e1l\u00e1s iPhone-on","datePublished":"2019-02-18T11:11:43+00:00","dateModified":"2026-01-08T15:32:53+00:00","mainEntityOfPage":{"@id":"https:\/\/www.minicrm.hu\/help\/telefonkonyv-szinkronizalas-iphone-on\/"},"wordCount":470,"image":{"@id":"https:\/\/www.minicrm.hu\/help\/telefonkonyv-szinkronizalas-iphone-on\/#primaryimage"},"thumbnailUrl":"https:\/\/minicrm-wp-help.s3.amazonaws.com\/uploads\/2019\/02\/Kepernyofoto-2025-07-25-12.08.13-scaled.png","articleSection":["Dobozos integr\u00e1ci\u00f3k","Integr\u00e1ci\u00f3 \u00fatmutat\u00f3k"],"inLanguage":"en-US"},{"@type":"WebPage","@id":"https:\/\/www.minicrm.hu\/help\/telefonkonyv-szinkronizalas-iphone-on\/","url":"https:\/\/www.minicrm.hu\/help\/telefonkonyv-szinkronizalas-iphone-on\/","name":"Telefonk\u00f6nyv szinkroniz\u00e1l\u00e1s iPhone-on - Documenta\u021bie MiniCRM","isPartOf":{"@id":"https:\/\/www.minicrm.hu\/help\/#website"},"primaryImageOfPage":{"@id":"https:\/\/www.minicrm.hu\/help\/telefonkonyv-szinkronizalas-iphone-on\/#primaryimage"},"image":{"@id":"https:\/\/www.minicrm.hu\/help\/telefonkonyv-szinkronizalas-iphone-on\/#primaryimage"},"thumbnailUrl":"https:\/\/minicrm-wp-help.s3.amazonaws.com\/uploads\/2019\/02\/Kepernyofoto-2025-07-25-12.08.13-scaled.png","datePublished":"2019-02-18T11:11:43+00:00","dateModified":"2026-01-08T15:32:53+00:00","author":{"@id":"https:\/\/www.minicrm.hu\/help\/#\/schema\/person\/864e35507e2f982aff84cadbf72a650e"},"description":"Lehet\u0151s\u00e9ged van MiniCRM kapcsolataidat szinkroniz\u00e1lni az iPhone-od telefonk\u00f6nyv\u00e9vel. Ha h\u00edv\u00e1st kapsz egy \u00fcgyfeledt\u0151l, akinek a telefonsz\u00e1ma bent van a","breadcrumb":{"@id":"https:\/\/www.minicrm.hu\/help\/telefonkonyv-szinkronizalas-iphone-on\/#breadcrumb"},"inLanguage":"en-US","potentialAction":[{"@type":"ReadAction","target":["https:\/\/www.minicrm.hu\/help\/telefonkonyv-szinkronizalas-iphone-on\/"]}]},{"@type":"ImageObject","inLanguage":"en-US","@id":"https:\/\/www.minicrm.hu\/help\/telefonkonyv-szinkronizalas-iphone-on\/#primaryimage","url":"https:\/\/minicrm-wp-help.s3.amazonaws.com\/uploads\/2019\/02\/Kepernyofoto-2025-07-25-12.08.13-scaled.png","contentUrl":"https:\/\/minicrm-wp-help.s3.amazonaws.com\/uploads\/2019\/02\/Kepernyofoto-2025-07-25-12.08.13-scaled.png"},{"@type":"BreadcrumbList","@id":"https:\/\/www.minicrm.hu\/help\/telefonkonyv-szinkronizalas-iphone-on\/#breadcrumb","itemListElement":[{"@type":"ListItem","position":1,"name":"Home","item":"https:\/\/www.minicrm.hu\/help\/"},{"@type":"ListItem","position":2,"name":"Telefonk\u00f6nyv szinkroniz\u00e1l\u00e1s iPhone-on"}]},{"@type":"WebSite","@id":"https:\/\/www.minicrm.hu\/help\/#website","url":"https:\/\/www.minicrm.hu\/help\/","name":"Documenta\u021bie MiniCRM","description":"Welcome to MiniCRM","potentialAction":[{"@type":"SearchAction","target":{"@type":"EntryPoint","urlTemplate":"https:\/\/www.minicrm.hu\/help\/?s={search_term_string}"},"query-input":{"@type":"PropertyValueSpecification","valueRequired":true,"valueName":"search_term_string"}}],"inLanguage":"en-US"},{"@type":"Person","@id":"https:\/\/www.minicrm.hu\/help\/#\/schema\/person\/864e35507e2f982aff84cadbf72a650e","name":"Attila Prekop","image":{"@type":"ImageObject","inLanguage":"en-US","@id":"https:\/\/www.minicrm.hu\/help\/#\/schema\/person\/image\/","url":"https:\/\/secure.gravatar.com\/avatar\/a68ae2b2edde2a033d58f0307473d667172b3cc08c9d5c4510fdeb7872fd74e6?s=96&d=mm&r=g","contentUrl":"https:\/\/secure.gravatar.com\/avatar\/a68ae2b2edde2a033d58f0307473d667172b3cc08c9d5c4510fdeb7872fd74e6?s=96&d=mm&r=g","caption":"Attila Prekop"}}]}},"_links":{"self":[{"href":"https:\/\/www.minicrm.hu\/help\/wp-json\/wp\/v2\/posts\/17088","targetHints":{"allow":["GET"]}}],"collection":[{"href":"https:\/\/www.minicrm.hu\/help\/wp-json\/wp\/v2\/posts"}],"about":[{"href":"https:\/\/www.minicrm.hu\/help\/wp-json\/wp\/v2\/types\/post"}],"author":[{"embeddable":true,"href":"https:\/\/www.minicrm.hu\/help\/wp-json\/wp\/v2\/users\/36"}],"replies":[{"embeddable":true,"href":"https:\/\/www.minicrm.hu\/help\/wp-json\/wp\/v2\/comments?post=17088"}],"version-history":[{"count":5,"href":"https:\/\/www.minicrm.hu\/help\/wp-json\/wp\/v2\/posts\/17088\/revisions"}],"predecessor-version":[{"id":59400,"href":"https:\/\/www.minicrm.hu\/help\/wp-json\/wp\/v2\/posts\/17088\/revisions\/59400"}],"wp:attachment":[{"href":"https:\/\/www.minicrm.hu\/help\/wp-json\/wp\/v2\/media?parent=17088"}],"wp:term":[{"taxonomy":"category","embeddable":true,"href":"https:\/\/www.minicrm.hu\/help\/wp-json\/wp\/v2\/categories?post=17088"},{"taxonomy":"post_tag","embeddable":true,"href":"https:\/\/www.minicrm.hu\/help\/wp-json\/wp\/v2\/tags?post=17088"}],"curies":[{"name":"wp","href":"https:\/\/api.w.org\/{rel}","templated":true}]}}