
{"id":27813,"date":"2020-04-14T16:41:40","date_gmt":"2020-04-14T14:41:40","guid":{"rendered":"https:\/\/www.minicrm.hu\/help\/?p=27813"},"modified":"2026-01-12T12:39:54","modified_gmt":"2026-01-12T11:39:54","slug":"hogyan-keszithetek-egyedi-designnal-urlapot","status":"publish","type":"post","link":"https:\/\/www.minicrm.hu\/help\/hogyan-keszithetek-egyedi-designnal-urlapot\/","title":{"rendered":"Hogyan k\u00e9sz\u00edthetek egyedi designnal \u0171rlapot? (Halad\u00f3 \u0171rlapok)"},"content":{"rendered":"<div>A <strong>Halad\u00f3 \u0171rlapok<\/strong> kieg\u00e9sz\u00edt\u0151 el\u0151fizet\u00e9s\u00e9vel lehet\u0151s\u00e9ged van egyedileg testreszabni a MiniCRM-ben \u00f6ssze\u00e1ll\u00edtott \u0171rlapjaid webes kin\u00e9zet\u00e9t.<\/div>\n<div>Emellett a Halad\u00f3 \u0171rlapok seg\u00edts\u00e9g\u00e9vel hivatkoz\u00e1sokat illeszthetsz \u0171rlapjaidba, testreszabhatod az adatkezel\u00e9si t\u00e1j\u00e9koztat\u00f3 megjelen\u00edt\u00e9s\u00e9t \u00e9s az API-n kereszt\u00fcl t\u00f6rt\u00e9n\u0151 adatbek\u00fcld\u00e9shez is elengedhetetlen.<\/div>\n<div><\/div>\n<ol>\n<li><a href=\"#design_urlap\">Egyedi design haszn\u00e1lata \u0171rlapokon<\/a><\/li>\n<li><a href=\"#link_beillesztese\">Link beilleszt\u00e9se \u0171rlapba<\/a><\/li>\n<li><a href=\"#GDPR\">Adatkezel\u00e9si t\u00e1j\u00e9koztat\u00f3 &amp; GDPR be\u00e1ll\u00edt\u00e1sok<\/a><\/li>\n<li><a href=\"#urlap_api\">\u0170rlap bek\u00fcld\u00e9se MiniCRM API-val<\/a><\/li>\n<\/ol>\n<div><\/div>\n<div class=\"alert alert-danger\">Az \u0171rlapok k\u00e9sz\u00edt\u00e9s\u00e9hez adminisztr\u00e1tor jogosults\u00e1g sz\u00fcks\u00e9ges!<\/div>\n<h2 id=\"design_urlap\">\u0170rlap l\u00e9trehoz\u00e1sa egyedi designnal<\/h2>\n<h3>1.) Add meg azokat a mez\u0151ket, amiket szeretn\u00e9l az \u0171rlapon haszn\u00e1lni \u00e9s hat\u00e1rozd meg az \u0171rlap tov\u00e1bbi be\u00e1ll\u00edt\u00e1sai a jobb oldalon!<\/h3>\n<p><img loading=\"lazy\" decoding=\"async\" class=\"aligncenter wp-image-58055 size-full\" src=\"https:\/\/minicrm-wp-help.s3.amazonaws.com\/uploads\/2020\/04\/Kepernyofoto-2025-01-28-14.55.26.png\" alt=\"\" width=\"2846\" height=\"1550\" srcset=\"https:\/\/minicrm-wp-help.s3.amazonaws.com\/uploads\/2020\/04\/Kepernyofoto-2025-01-28-14.55.26.png 2846w, https:\/\/minicrm-wp-help.s3.amazonaws.com\/uploads\/2020\/04\/Kepernyofoto-2025-01-28-14.55.26-300x163.png 300w, https:\/\/minicrm-wp-help.s3.amazonaws.com\/uploads\/2020\/04\/Kepernyofoto-2025-01-28-14.55.26-1024x558.png 1024w, https:\/\/minicrm-wp-help.s3.amazonaws.com\/uploads\/2020\/04\/Kepernyofoto-2025-01-28-14.55.26-768x418.png 768w, https:\/\/minicrm-wp-help.s3.amazonaws.com\/uploads\/2020\/04\/Kepernyofoto-2025-01-28-14.55.26-1536x837.png 1536w, https:\/\/minicrm-wp-help.s3.amazonaws.com\/uploads\/2020\/04\/Kepernyofoto-2025-01-28-14.55.26-2048x1115.png 2048w\" sizes=\"auto, (max-width: 2846px) 100vw, 2846px\" \/><\/p>\n<h3>2.) Jobb oldalon, az \u0170rlap beilleszt\u00e9se weboldalba r\u00e9szn\u00e9l kattints a R\u00e9szletesebb le\u00edr\u00e1s itt linkre.<\/h3>\n<p>Itt tal\u00e1lod az \u0171rlap teljes forr\u00e1sk\u00f3dj\u00e1t, amihez egyedi CSS-t tudsz k\u00e9sz\u00edteni.<\/p>\n<div class=\"alert alert-danger\">Ahhoz, hogy a R\u00e9szletesebb le\u00edr\u00e1s itt link m\u00f6g\u00f6tt l\u00e9v\u0151 teljes forr\u00e1sk\u00f3dot el\u00e9rd, sz\u00fcks\u00e9ged lesz a Halad\u00f3 \u0170rlapok kieg\u00e9sz\u00edt\u0151re, amit az <a href=\"https:\/\/www.minicrm.hu\/help\/elofizetes-beallitasai\/\">El\u0151fizet\u00e9s<\/a> oldalon tudsz aktiv\u00e1lni.<\/div>\n<p><img loading=\"lazy\" decoding=\"async\" class=\"aligncenter wp-image-58056 size-full\" src=\"https:\/\/minicrm-wp-help.s3.amazonaws.com\/uploads\/2020\/04\/Kepernyofoto-2025-01-28-14.58.50.png\" alt=\"\" width=\"1346\" height=\"676\" srcset=\"https:\/\/minicrm-wp-help.s3.amazonaws.com\/uploads\/2020\/04\/Kepernyofoto-2025-01-28-14.58.50.png 1346w, https:\/\/minicrm-wp-help.s3.amazonaws.com\/uploads\/2020\/04\/Kepernyofoto-2025-01-28-14.58.50-300x151.png 300w, https:\/\/minicrm-wp-help.s3.amazonaws.com\/uploads\/2020\/04\/Kepernyofoto-2025-01-28-14.58.50-1024x514.png 1024w, https:\/\/minicrm-wp-help.s3.amazonaws.com\/uploads\/2020\/04\/Kepernyofoto-2025-01-28-14.58.50-768x386.png 768w\" sizes=\"auto, (max-width: 1346px) 100vw, 1346px\" \/><\/p>\n<p>Az itt kapott forr\u00e1sk\u00f3dot (2. m\u00f3dszer) CSS seg\u00edts\u00e9g\u00e9vel ig\u00e9nyeid szerint testreszabhatod. <img loading=\"lazy\" decoding=\"async\" class=\"aligncenter wp-image-58057 size-full\" src=\"https:\/\/minicrm-wp-help.s3.amazonaws.com\/uploads\/2020\/04\/Kepernyofoto-2025-01-28-15.03.29.png\" alt=\"\" width=\"1900\" height=\"1130\" srcset=\"https:\/\/minicrm-wp-help.s3.amazonaws.com\/uploads\/2020\/04\/Kepernyofoto-2025-01-28-15.03.29.png 1900w, https:\/\/minicrm-wp-help.s3.amazonaws.com\/uploads\/2020\/04\/Kepernyofoto-2025-01-28-15.03.29-300x178.png 300w, https:\/\/minicrm-wp-help.s3.amazonaws.com\/uploads\/2020\/04\/Kepernyofoto-2025-01-28-15.03.29-1024x609.png 1024w, https:\/\/minicrm-wp-help.s3.amazonaws.com\/uploads\/2020\/04\/Kepernyofoto-2025-01-28-15.03.29-768x457.png 768w, https:\/\/minicrm-wp-help.s3.amazonaws.com\/uploads\/2020\/04\/Kepernyofoto-2025-01-28-15.03.29-1536x914.png 1536w\" sizes=\"auto, (max-width: 1900px) 100vw, 1900px\" \/><\/p>\n<p>&nbsp;<\/p>\n<div class=\"alert alert-danger\">Ha a r\u00e9szletes k\u00f3dot haszn\u00e1lod az \u0171rlap testreszab\u00e1s\u00e1hoz, akkor az \u0171rlap k\u00e9s\u0151bbi m\u00f3dos\u00edt\u00e1s\u00e1t k\u00f6vet\u0151en (pl.: \u00faj mez\u0151 hozz\u00e1ad\u00e1sa) friss\u00edtened kell a forr\u00e1sk\u00f3dot is.<br \/>\nMez\u0151k k\u00f6r\u00fcli html k\u00f3dot szabadon megv\u00e1ltoztathatod. A mez\u0151k &#8220;name&#8221; attrib\u00fatum\u00e1t <strong>NE<\/strong> v\u00e1ltoztasd meg! Az alapj\u00e1n azonos\u00edtja be a MiniCRM azt a mez\u0151t, amibe az adatok ker\u00fclni fognak. Az &#8220;id&#8221; attrib\u00fatum megv\u00e1ltoztat\u00e1sa eset\u00e9n az adatok r\u00f6gz\u00edt\u00e9sre ker\u00fclnek, de esetleges kit\u00f6lt\u00e9si hib\u00e1k eset\u00e9n a script nem tal\u00e1lja meg a mez\u0151t. Ez\u00e9rt nem tud a hib\u00e1s mez\u0151re f\u00f3kusz\u00e1lni illetve arra hib\u00e1t jelz\u0151 css oszt\u00e1lyt illeszteni.<\/div>\n<div><\/div>\n<p><strong>Vide\u00f3s seg\u00edts\u00e9g halad\u00f3 \u0171rlapokhoz:<\/strong><br \/>\n<iframe loading=\"lazy\" title=\"YouTube video player\" src=\"https:\/\/www.youtube.com\/embed\/y5DroM4W5W4?si=goh9yKC5SkzDiTh8\" width=\"760\" height=\"415\" frameborder=\"0\" allowfullscreen=\"allowfullscreen\"><\/iframe><\/p>\n<h3 id=\"link_beillesztese\">Link beilleszt\u00e9se \u0171rlapba<\/h3>\n<h4>1.) V\u00e1laszd ki a MiniCRM-ben a szerkeszteni k\u00edv\u00e1nt \u0171rlapot.<\/h4>\n<h4>2.) Jobb oldalt az \u0170rlap beilleszt\u00e9se weboldalba al\u00f3l v\u00e1laszd a r\u00e9szletesebb le\u00edr\u00e1st.<\/h4>\n<address><a href=\"https:\/\/minicrm-wp-help.s3.amazonaws.com\/uploads\/2018\/06\/2022-09-14_08h04_16.png\"><img loading=\"lazy\" decoding=\"async\" class=\"aligncenter size-full wp-image-41357\" src=\"https:\/\/minicrm-wp-help.s3.amazonaws.com\/uploads\/2018\/06\/2022-09-14_08h04_16.png\" alt=\"\" width=\"1533\" height=\"604\" srcset=\"https:\/\/minicrm-wp-help.s3.amazonaws.com\/uploads\/2018\/06\/2022-09-14_08h04_16.png 1533w, https:\/\/minicrm-wp-help.s3.amazonaws.com\/uploads\/2018\/06\/2022-09-14_08h04_16-300x118.png 300w, https:\/\/minicrm-wp-help.s3.amazonaws.com\/uploads\/2018\/06\/2022-09-14_08h04_16-1024x403.png 1024w, https:\/\/minicrm-wp-help.s3.amazonaws.com\/uploads\/2018\/06\/2022-09-14_08h04_16-768x303.png 768w\" sizes=\"auto, (max-width: 1533px) 100vw, 1533px\" \/><\/a><\/address>\n<h4>3.) M\u00e1sold be a <em>2. m\u00f3dszer<\/em> alatti teljes k\u00f3dot a weboldaladba.<a href=\"https:\/\/minicrm-wp-help.s3.amazonaws.com\/uploads\/2018\/06\/2022-09-14_08h07_17.png\"><img loading=\"lazy\" decoding=\"async\" class=\"aligncenter size-full wp-image-41360\" src=\"https:\/\/minicrm-wp-help.s3.amazonaws.com\/uploads\/2018\/06\/2022-09-14_08h07_17.png\" alt=\"\" width=\"1937\" height=\"1157\" srcset=\"https:\/\/minicrm-wp-help.s3.amazonaws.com\/uploads\/2018\/06\/2022-09-14_08h07_17.png 1920w, https:\/\/minicrm-wp-help.s3.amazonaws.com\/uploads\/2018\/06\/2022-09-14_08h07_17-300x179.png 300w, https:\/\/minicrm-wp-help.s3.amazonaws.com\/uploads\/2018\/06\/2022-09-14_08h07_17-1024x612.png 1024w, https:\/\/minicrm-wp-help.s3.amazonaws.com\/uploads\/2018\/06\/2022-09-14_08h07_17-768x459.png 768w, https:\/\/minicrm-wp-help.s3.amazonaws.com\/uploads\/2018\/06\/2022-09-14_08h07_17-1536x917.png 1536w\" sizes=\"auto, (max-width: 1937px) 100vw, 1937px\" \/><\/a><\/h4>\n<h3>4.) Eg\u00e9sz\u00edtsd ki a beillesztett k\u00f3dot a linkeddel<\/h3>\n<p>Keresd meg azt a \u201cdiv\u201d tag-et ami arra a beviteli mez\u0151re vonatkozik, ami al\u00e1 be szeretn\u00e9d \u00e1gyazni a linket. ( pl. a workshopos jel\u00f6l\u0151n\u00e9gyzet a lenti k\u00e9pen).<\/p>\n<p>Illessz be al\u00e1 egy \u201cdiv\u201d majd egy \u201clink\u201d tag-et , ahol meg van adva a f\u00e1jl\/oldal el\u00e9r\u00e9si \u00fatvonal\u00e1nak URL-je, hasonl\u00f3an a al\u00e1bbi k\u00e9pen l\u00e1that\u00f3 m\u00f3don.<\/p>\n<p><a href=\"https:\/\/minicrm-wp-help.s3.amazonaws.com\/uploads\/2018\/06\/2022-09-14_08h15_40.png\"><img loading=\"lazy\" decoding=\"async\" class=\"aligncenter size-full wp-image-41363\" src=\"https:\/\/minicrm-wp-help.s3.amazonaws.com\/uploads\/2018\/06\/2022-09-14_08h15_40.png\" alt=\"\" width=\"1978\" height=\"1342\" srcset=\"https:\/\/minicrm-wp-help.s3.amazonaws.com\/uploads\/2018\/06\/2022-09-14_08h15_40.png 1887w, https:\/\/minicrm-wp-help.s3.amazonaws.com\/uploads\/2018\/06\/2022-09-14_08h15_40-300x204.png 300w, https:\/\/minicrm-wp-help.s3.amazonaws.com\/uploads\/2018\/06\/2022-09-14_08h15_40-1024x695.png 1024w, https:\/\/minicrm-wp-help.s3.amazonaws.com\/uploads\/2018\/06\/2022-09-14_08h15_40-768x521.png 768w, https:\/\/minicrm-wp-help.s3.amazonaws.com\/uploads\/2018\/06\/2022-09-14_08h15_40-1536x1042.png 1536w\" sizes=\"auto, (max-width: 1978px) 100vw, 1978px\" \/><\/a><\/p>\n<blockquote><p>&lt;div style=&#8217;text-align:center&#8217;&gt;<\/p>\n<p>&lt;a href=&#8221;https:\/\/www.pelda.hu\/eleresiutvonal&#8221; target=&#8221;_blank&#8221;&gt;Link sz\u00f6vege&lt;\/a&gt;<\/p>\n<p>&lt;\/div&gt;<\/p><\/blockquote>\n<h3 id=\"GDPR\">Adatkezel\u00e9si t\u00e1j\u00e9koztat\u00f3 \u00e9s GDPR megfelel\u00e9s halad\u00f3 be\u00e1ll\u00edt\u00e1sai:<\/h3>\n<p>A funkci\u00f3 aktiv\u00e1l\u00e1sa az \u0171rlapokon<\/p>\n<div class=\"tw-data-text tw-text-large XcVN5d tw-ta alert alert-danger\" dir=\"ltr\" data-placeholder=\"Translation\"><span class=\"Y2IQFc\" lang=\"hu\">Ez a funkci\u00f3 minden rendszerben el\u00e9rhet\u0151, a checkbox automatikusan megjelenik az \u0171rlapokon \u00e9s a hozz\u00e1j\u00e1rul\u00e1s t\u00e9nye \u00e9s sz\u00f6vege automatikusan megjelenik a Szem\u00e9ly adatlapon. A Halad\u00f3 \u0171rlap kieg\u00e9sz\u00edt\u0151vel tov\u00e1bbi be\u00e1ll\u00edt\u00e1si lehet\u0151s\u00e9gek ny\u00edlnak meg.<\/span><\/div>\n<p class=\"tw-data-text tw-text-large XcVN5d tw-ta\" dir=\"ltr\" data-placeholder=\"Translation\"><span class=\"Y2IQFc\" lang=\"hu\">A Be\u00e1ll\u00edt\u00e1sok &#8211; Rendszerbe\u00e1ll\u00edt\u00e1sok &#8211; Rendszer oldalon megjelenik egy \u00faj szakasz, ahol be\u00e1ll\u00edthatod, hogy megjelen\u00edtse-e az adatkezel\u00e9si hozz\u00e1j\u00e1rul\u00e1s checkbox-ot a (webes) \u0171rlapokon vagy sem, \u00e9s megadhatod az adatv\u00e9delmi nyilatkozat URL-j\u00e9t is.<\/span><\/p>\n<p dir=\"ltr\" data-placeholder=\"Translation\"><img loading=\"lazy\" decoding=\"async\" class=\"aligncenter wp-image-58108 size-full\" src=\"https:\/\/minicrm-wp-help.s3.amazonaws.com\/uploads\/2020\/04\/Kepernyofoto-2025-01-29-11.24.54.png\" alt=\"\" width=\"2858\" height=\"1534\" srcset=\"https:\/\/minicrm-wp-help.s3.amazonaws.com\/uploads\/2020\/04\/Kepernyofoto-2025-01-29-11.24.54.png 2858w, https:\/\/minicrm-wp-help.s3.amazonaws.com\/uploads\/2020\/04\/Kepernyofoto-2025-01-29-11.24.54-300x161.png 300w, https:\/\/minicrm-wp-help.s3.amazonaws.com\/uploads\/2020\/04\/Kepernyofoto-2025-01-29-11.24.54-1024x550.png 1024w, https:\/\/minicrm-wp-help.s3.amazonaws.com\/uploads\/2020\/04\/Kepernyofoto-2025-01-29-11.24.54-768x412.png 768w, https:\/\/minicrm-wp-help.s3.amazonaws.com\/uploads\/2020\/04\/Kepernyofoto-2025-01-29-11.24.54-1536x824.png 1536w, https:\/\/minicrm-wp-help.s3.amazonaws.com\/uploads\/2020\/04\/Kepernyofoto-2025-01-29-11.24.54-2048x1099.png 2048w\" sizes=\"auto, (max-width: 2858px) 100vw, 2858px\" \/><\/p>\n<p class=\"tw-data-text tw-text-large XcVN5d tw-ta\" dir=\"ltr\" data-placeholder=\"Translation\"><span class=\"Y2IQFc\" lang=\"hu\">\u00a0<\/span><\/p>\n<p>\u00cdgy egy szabv\u00e1nyos sz\u00f6veg automatikusan hozz\u00e1ad\u00e1sra ker\u00fcl az \u0171rlaphoz. Az \u0171rlap szerkeszt\u0151 oldalon a <em>Megjelen\u00edt\u00e9s<\/em> gombra kattintva tudod ellen\u0151rizni az \u0171rlapod megjelen\u00e9s\u00e9t.<\/p>\n<p><img loading=\"lazy\" decoding=\"async\" class=\"aligncenter wp-image-58109 size-full\" src=\"https:\/\/minicrm-wp-help.s3.amazonaws.com\/uploads\/2020\/04\/Kepernyofoto-2025-01-29-11.26.25.png\" alt=\"\" width=\"1834\" height=\"1284\" srcset=\"https:\/\/minicrm-wp-help.s3.amazonaws.com\/uploads\/2020\/04\/Kepernyofoto-2025-01-29-11.26.25.png 1834w, https:\/\/minicrm-wp-help.s3.amazonaws.com\/uploads\/2020\/04\/Kepernyofoto-2025-01-29-11.26.25-300x210.png 300w, https:\/\/minicrm-wp-help.s3.amazonaws.com\/uploads\/2020\/04\/Kepernyofoto-2025-01-29-11.26.25-1024x717.png 1024w, https:\/\/minicrm-wp-help.s3.amazonaws.com\/uploads\/2020\/04\/Kepernyofoto-2025-01-29-11.26.25-768x538.png 768w, https:\/\/minicrm-wp-help.s3.amazonaws.com\/uploads\/2020\/04\/Kepernyofoto-2025-01-29-11.26.25-1536x1075.png 1536w\" sizes=\"auto, (max-width: 1834px) 100vw, 1834px\" \/><\/p>\n<div id=\"tw-target-text\" class=\"tw-data-text tw-text-large XcVN5d tw-ta alert alert-info\" dir=\"ltr\" data-placeholder=\"Translation\"><span class=\"Y2IQFc\" lang=\"hu\">Az \u0171rlapon l\u00e1that\u00f3 c\u00e9gn\u00e9v a Be\u00e1ll\u00edt\u00e1sok &#8211; <a href=\"https:\/\/www.minicrm.hu\/help\/elofizetes-beallitasai\/\">El\u0151fizet\u00e9s oldalon<\/a> megadott Sz\u00e1ml\u00e1z\u00e1si adatokb\u00f3l sz\u00e1rmazik.<\/span><\/div>\n<p dir=\"ltr\" data-placeholder=\"Translation\"><img loading=\"lazy\" decoding=\"async\" class=\"aligncenter wp-image-58110 size-full\" src=\"https:\/\/minicrm-wp-help.s3.amazonaws.com\/uploads\/2020\/04\/Kepernyofoto-2025-01-29-11.27.57.png\" alt=\"\" width=\"1306\" height=\"1252\" srcset=\"https:\/\/minicrm-wp-help.s3.amazonaws.com\/uploads\/2020\/04\/Kepernyofoto-2025-01-29-11.27.57.png 1306w, https:\/\/minicrm-wp-help.s3.amazonaws.com\/uploads\/2020\/04\/Kepernyofoto-2025-01-29-11.27.57-300x288.png 300w, https:\/\/minicrm-wp-help.s3.amazonaws.com\/uploads\/2020\/04\/Kepernyofoto-2025-01-29-11.27.57-1024x982.png 1024w, https:\/\/minicrm-wp-help.s3.amazonaws.com\/uploads\/2020\/04\/Kepernyofoto-2025-01-29-11.27.57-768x736.png 768w\" sizes=\"auto, (max-width: 1306px) 100vw, 1306px\" \/><\/p>\n<p id=\"tw-target-text\" class=\"tw-data-text tw-text-large XcVN5d tw-ta\" dir=\"ltr\" data-placeholder=\"Translation\"><span class=\"Y2IQFc\" lang=\"hu\">Az \u0171rlap kit\u00f6lt\u00e9se \u00e9s a szem\u00e9lyes adatok feldolgoz\u00e1s\u00e1ra vonatkoz\u00f3 hozz\u00e1j\u00e1rul\u00e1s ut\u00e1n megtekintheted a r\u00f6gz\u00edtett inform\u00e1ci\u00f3t az adott szem\u00e9ly adatlapj\u00e1n, az erre kialak\u00edtott mez\u0151ben.\u00a0<\/span><\/p>\n<p><img loading=\"lazy\" decoding=\"async\" class=\"aligncenter wp-image-58111 size-full\" src=\"https:\/\/minicrm-wp-help.s3.amazonaws.com\/uploads\/2020\/04\/Kepernyofoto-2025-01-29-11.31.47.png\" alt=\"\" width=\"2866\" height=\"1410\" srcset=\"https:\/\/minicrm-wp-help.s3.amazonaws.com\/uploads\/2020\/04\/Kepernyofoto-2025-01-29-11.31.47.png 2866w, https:\/\/minicrm-wp-help.s3.amazonaws.com\/uploads\/2020\/04\/Kepernyofoto-2025-01-29-11.31.47-300x148.png 300w, https:\/\/minicrm-wp-help.s3.amazonaws.com\/uploads\/2020\/04\/Kepernyofoto-2025-01-29-11.31.47-1024x504.png 1024w, https:\/\/minicrm-wp-help.s3.amazonaws.com\/uploads\/2020\/04\/Kepernyofoto-2025-01-29-11.31.47-768x378.png 768w, https:\/\/minicrm-wp-help.s3.amazonaws.com\/uploads\/2020\/04\/Kepernyofoto-2025-01-29-11.31.47-1536x756.png 1536w, https:\/\/minicrm-wp-help.s3.amazonaws.com\/uploads\/2020\/04\/Kepernyofoto-2025-01-29-11.31.47-2048x1008.png 2048w\" sizes=\"auto, (max-width: 2866px) 100vw, 2866px\" \/><\/p>\n<p>&nbsp;<\/p>\n<h2 id=\"tw-target-text\" class=\"tw-data-text tw-text-large XcVN5d tw-ta\" dir=\"ltr\" data-placeholder=\"Translation\"><span class=\"Y2IQFc\" lang=\"hu\">Az automatikusan beillesztett mez\u0151 szem\u00e9lyre szab\u00e1sa<\/span><\/h2>\n<p class=\"tw-data-text tw-text-large XcVN5d tw-ta\" dir=\"ltr\" data-placeholder=\"Translation\"><span class=\"Y2IQFc\" lang=\"hu\">Az a<\/span><span class=\"Y2IQFc\" lang=\"hu\">datkezel\u00e9si hozz\u00e1j\u00e1rul\u00e1s sz\u00f6veg\u00e9t, <\/span><span class=\"Y2IQFc\" lang=\"hu\">lehet\u0151s\u00e9ged van az al\u00e1bbi l\u00e9p\u00e9sek szerint m\u00f3dos\u00edtani.<\/span><\/p>\n<h3 class=\"tw-data-text tw-text-large XcVN5d tw-ta\" dir=\"ltr\" data-placeholder=\"Translation\"><span class=\"Y2IQFc\" lang=\"hu\">1.) Az Adatkezel\u00e9si hozz\u00e1j\u00e1rul\u00e1s mez\u0151t add hozz\u00e1 az \u0171rlaphoz mez\u0151ihez.<\/span><\/h3>\n<p><img loading=\"lazy\" decoding=\"async\" class=\"aligncenter wp-image-58112 size-full\" src=\"https:\/\/minicrm-wp-help.s3.amazonaws.com\/uploads\/2020\/04\/Kepernyofoto-2025-01-29-11.34.02.png\" alt=\"\" width=\"1674\" height=\"1382\" srcset=\"https:\/\/minicrm-wp-help.s3.amazonaws.com\/uploads\/2020\/04\/Kepernyofoto-2025-01-29-11.34.02.png 1674w, https:\/\/minicrm-wp-help.s3.amazonaws.com\/uploads\/2020\/04\/Kepernyofoto-2025-01-29-11.34.02-300x248.png 300w, https:\/\/minicrm-wp-help.s3.amazonaws.com\/uploads\/2020\/04\/Kepernyofoto-2025-01-29-11.34.02-1024x845.png 1024w, https:\/\/minicrm-wp-help.s3.amazonaws.com\/uploads\/2020\/04\/Kepernyofoto-2025-01-29-11.34.02-768x634.png 768w, https:\/\/minicrm-wp-help.s3.amazonaws.com\/uploads\/2020\/04\/Kepernyofoto-2025-01-29-11.34.02-1536x1268.png 1536w\" sizes=\"auto, (max-width: 1674px) 100vw, 1674px\" \/><\/p>\n<h3 class=\"tw-data-text tw-text-large XcVN5d tw-ta\" dir=\"ltr\" data-placeholder=\"Translation\"><span class=\"Y2IQFc\" lang=\"hu\">2.) <\/span><span class=\"Y2IQFc\" lang=\"hu\">Ez ut\u00e1n kattints a szerkeszt\u0151 ikonra a m\u00f3dos\u00edt\u00e1shoz.<\/span><\/h3>\n<p><img loading=\"lazy\" decoding=\"async\" class=\"aligncenter wp-image-58113 size-full\" src=\"https:\/\/minicrm-wp-help.s3.amazonaws.com\/uploads\/2020\/04\/Kepernyofoto-2025-01-29-11.35.03.png\" alt=\"\" width=\"2828\" height=\"1370\" srcset=\"https:\/\/minicrm-wp-help.s3.amazonaws.com\/uploads\/2020\/04\/Kepernyofoto-2025-01-29-11.35.03.png 2828w, https:\/\/minicrm-wp-help.s3.amazonaws.com\/uploads\/2020\/04\/Kepernyofoto-2025-01-29-11.35.03-300x145.png 300w, https:\/\/minicrm-wp-help.s3.amazonaws.com\/uploads\/2020\/04\/Kepernyofoto-2025-01-29-11.35.03-1024x496.png 1024w\" sizes=\"auto, (max-width: 2828px) 100vw, 2828px\" \/><\/p>\n<h3 id=\"tw-target-text\" class=\"tw-data-text tw-text-large XcVN5d tw-ta\" dir=\"ltr\" data-placeholder=\"Translation\"><span class=\"Y2IQFc\" lang=\"hu\">3.) T\u00f6ltsd ki a megjelen\u00edteni k\u00edv\u00e1nt sz\u00f6veget, valamint \u00e1ll\u00edtsd a mez\u0151t Fix \u00e9rt\u00e9kre (rejtett mez\u0151), majd kattints a ment\u00e9sre.<\/span><\/h3>\n<p><img loading=\"lazy\" decoding=\"async\" class=\"aligncenter wp-image-58114 size-full\" src=\"https:\/\/minicrm-wp-help.s3.amazonaws.com\/uploads\/2020\/04\/Kepernyofoto-2025-01-29-11.37.29.png\" alt=\"\" width=\"1370\" height=\"1384\" srcset=\"https:\/\/minicrm-wp-help.s3.amazonaws.com\/uploads\/2020\/04\/Kepernyofoto-2025-01-29-11.37.29.png 1370w, https:\/\/minicrm-wp-help.s3.amazonaws.com\/uploads\/2020\/04\/Kepernyofoto-2025-01-29-11.37.29-297x300.png 297w, https:\/\/minicrm-wp-help.s3.amazonaws.com\/uploads\/2020\/04\/Kepernyofoto-2025-01-29-11.37.29-1014x1024.png 1014w, https:\/\/minicrm-wp-help.s3.amazonaws.com\/uploads\/2020\/04\/Kepernyofoto-2025-01-29-11.37.29-768x776.png 768w\" sizes=\"auto, (max-width: 1370px) 100vw, 1370px\" \/><\/p>\n<h3 id=\"tw-target-text\" class=\"tw-data-text tw-text-large XcVN5d tw-ta\" dir=\"ltr\" data-placeholder=\"Translation\"><span class=\"Y2IQFc\" lang=\"hu\">4.) Majd m\u00f3dos\u00edtsd az \u0171rlap forr\u00e1sk\u00f3dj\u00e1t, hogy megfelel\u0151en ker\u00fclj\u00f6n beilleszt\u00e9sre.<\/span><\/h3>\n<p>Kattints a <em>R\u00e9szletesebb le\u00edr\u00e1s itt <\/em>gombra<em>.<\/em><a href=\"https:\/\/minicrm-wp-help.s3.amazonaws.com\/uploads\/2021\/09\/Ke\u0301pernyo\u030bfoto\u0301-2021-09-17-12.30.51.png\"><br \/>\n<\/a><a href=\"https:\/\/minicrm-wp-help.s3.amazonaws.com\/uploads\/2021\/09\/Ke\u0301pernyo\u030bfoto\u0301-2021-09-17-12.30.51.png\"><img loading=\"lazy\" decoding=\"async\" class=\"aligncenter wp-image-58115 size-full\" src=\"https:\/\/minicrm-wp-help.s3.amazonaws.com\/uploads\/2020\/04\/Kepernyofoto-2025-01-29-11.38.52-e1738147385263.png\" alt=\"\" width=\"1200\" height=\"536\" \/><\/a><\/p>\n<p>&nbsp;<\/p>\n<p>Ahhoz, hogy ugyan azt a sz\u00f6veget jelen\u00edtse meg az \u0171rlap, mint amit a rejtett mez\u0151ben megadt\u00e1l, a<span class=\"Y2IQFc\" lang=\"hu\">z \u0171rlap HTML-k\u00f3dj\u00e1ban is m\u00f3dos\u00edtanod kell a sz\u00f6veget.<\/span><\/p>\n<p><img loading=\"lazy\" decoding=\"async\" class=\"aligncenter wp-image-58116 size-full\" src=\"https:\/\/minicrm-wp-help.s3.amazonaws.com\/uploads\/2020\/04\/Kepernyofoto-2025-01-29-11.41.09-e1738147354870.png\" alt=\"\" width=\"1200\" height=\"717\" \/><\/p>\n<h3 id=\"urlap_api\">\u0170rlap bek\u00fcld\u00e9se MiniCRM API-val<\/h3>\n<p><strong>A legfrissebb MiniCRM API dokument\u00e1ci\u00f3nk az al\u00e1bbi linken \u00e9rhet\u0151 el:<\/strong><br \/>\n<span style=\"text-decoration: underline;\"><a href=\"https:\/\/www.minicrm.hu\/help\/minicrm-integrations-manual-3\/\" target=\"_blank\" rel=\"noopener noreferrer\"><strong>MiniCRM Api Dokument\u00e1ci\u00f3<\/strong><\/a><\/span><\/p>\n<div class=\"alert alert-danger\">Ehhez a funkci\u00f3hoz sz\u00fcks\u00e9ges az Halad\u00f3 \u0171rlapok mellett\u00a0a <a href=\"https:\/\/www.minicrm.hu\/help\/minicrm-kiegeszitok\/#31\" target=\"_blank\" rel=\"noopener\">MiniCRM Rest Api + XML Szinkroniz\u00e1ci\u00f3<\/a> kieg\u00e9sz\u00edt\u0151 aktiv\u00e1l\u00e1sa az el\u0151fizet\u00e9sben.<\/div>\n<p>Megl\u00e9v\u0151 vagy \u00faj egyedi \u0171rlapod adatait API-n kereszt\u00fcl is bek\u00fcldheted:<\/p>\n<h3>1.) V\u00e1laszd ki vagy hozd l\u00e9tre az \u0171rlapot amire az adatokat k\u00fclden\u00e9d<\/h3>\n<p><img loading=\"lazy\" decoding=\"async\" class=\"aligncenter wp-image-58219 size-full\" src=\"https:\/\/minicrm-wp-help.s3.amazonaws.com\/uploads\/2020\/04\/Kepernyofoto-2025-01-29-15.32.53.png\" alt=\"\" width=\"2806\" height=\"1270\" srcset=\"https:\/\/minicrm-wp-help.s3.amazonaws.com\/uploads\/2020\/04\/Kepernyofoto-2025-01-29-15.32.53.png 2806w, https:\/\/minicrm-wp-help.s3.amazonaws.com\/uploads\/2020\/04\/Kepernyofoto-2025-01-29-15.32.53-300x136.png 300w, https:\/\/minicrm-wp-help.s3.amazonaws.com\/uploads\/2020\/04\/Kepernyofoto-2025-01-29-15.32.53-1024x463.png 1024w, https:\/\/minicrm-wp-help.s3.amazonaws.com\/uploads\/2020\/04\/Kepernyofoto-2025-01-29-15.32.53-768x348.png 768w, https:\/\/minicrm-wp-help.s3.amazonaws.com\/uploads\/2020\/04\/Kepernyofoto-2025-01-29-15.32.53-1536x695.png 1536w, https:\/\/minicrm-wp-help.s3.amazonaws.com\/uploads\/2020\/04\/Kepernyofoto-2025-01-29-15.32.53-2048x927.png 2048w\" sizes=\"auto, (max-width: 2806px) 100vw, 2806px\" \/><\/p>\n<h3>2.) Az \u0171rlap mez\u0151k &#8220;Name&#8221; attrib\u00fatum\u00e1t sz\u00fcks\u00e9ges kider\u00edteni, illetve a &#8220;FormHash&#8221; param\u00e9tert amit az \u0171rlap &#8220;R\u00e9szletesebb le\u00edr\u00e1s itt&#8221; gombj\u00e1ra kattintva megtehetsz az \u0171rlap forr\u00e1sk\u00f3dj\u00e1b\u00f3l (2. m\u00f3dszer)<\/h3>\n<p><a href=\"https:\/\/minicrm-wp-help.s3.amazonaws.com\/uploads\/2021\/01\/Ke\u0301pernyo\u030bfoto\u0301-2021-01-21-14.02.41-e1668788329325.png\"><img loading=\"lazy\" decoding=\"async\" class=\"aligncenter wp-image-32814 size-full\" src=\"https:\/\/minicrm-wp-help.s3.amazonaws.com\/uploads\/2021\/01\/Ke\u0301pernyo\u030bfoto\u0301-2021-01-21-14.02.41-e1668788329325.png\" alt=\"urlap mezo name attributum\" width=\"1196\" height=\"682\" srcset=\"https:\/\/minicrm-wp-help.s3.amazonaws.com\/uploads\/2021\/01\/Ke\u0301pernyo\u030bfoto\u0301-2021-01-21-14.02.41-e1668788329325.png 1196w, https:\/\/minicrm-wp-help.s3.amazonaws.com\/uploads\/2021\/01\/Ke\u0301pernyo\u030bfoto\u0301-2021-01-21-14.02.41-e1668788329325-300x171.png 300w, https:\/\/minicrm-wp-help.s3.amazonaws.com\/uploads\/2021\/01\/Ke\u0301pernyo\u030bfoto\u0301-2021-01-21-14.02.41-e1668788329325-1024x584.png 1024w, https:\/\/minicrm-wp-help.s3.amazonaws.com\/uploads\/2021\/01\/Ke\u0301pernyo\u030bfoto\u0301-2021-01-21-14.02.41-e1668788329325-768x438.png 768w\" sizes=\"auto, (max-width: 1196px) 100vw, 1196px\" \/><\/a><\/p>\n<p>Ezut\u00e1n lehet\u0151s\u00e9ged van POST param\u00e9terrel requestet k\u00fcldeni a &#8220;https:\/\/r3.minicrm.hu\/Api\/Signup&#8221; v\u00e9gpontra. Param\u00e9ter \u00e9rt\u00e9kk\u00e9nt sz\u00fcks\u00e9ges, hogy szerepeljenek a MiniCRM-beli name attrib\u00fatumok, \u00e9rt\u00e9kk\u00e9nt a kit\u00f6lt\u00f6tt \u0171rlapod adatai:<\/p>\n<div class=\"alert alert-info\">Fontos: a <strong>FormHash<\/strong> param\u00e9ter \u00e9rt\u00e9ke minden esetben a <strong>MiniCRM \u0171rlap FormHash<\/strong> \u00e9rt\u00e9ke sz\u00fcks\u00e9ges, hogy legyen<\/div>\n<pre>curl --form \"FormHash=41516-asdasdasdasdasdasd<wbr \/>asd\" \\\r\n  \u00a0 --form \"Contact[1891][FirstName]=John<wbr \/>\" \\\r\n  \u00a0 --form \"Contact[1891][LastName]=Doe\" \\\r\n  \u00a0 --form \"Contact[1234][Comment]= Teszt megjegyz\u00e9s\" \\ <a href=\"https:\/\/r3.minicrm.hu\/Api\/Signup\" target=\"_blank\" rel=\"noopener noreferrer\" data-saferedirecturl=\"https:\/\/www.google.com\/url?q=https:\/\/r3.minicrm.hu\/Api\/Signup&amp;source=gmail&amp;ust=1611319911564000&amp;usg=AFQjCNFuq_wcNYD0U_SFH3u9i4GoGtqWvg\">https:\/\/r3.minicrm.hu\/Api\/<wbr \/>Signup<\/a><\/pre>\n","protected":false},"excerpt":{"rendered":"<p>A Halad\u00f3 \u0171rlapok kieg\u00e9sz\u00edt\u0151 el\u0151fizet\u00e9s\u00e9vel lehet\u0151s\u00e9ged van egyedileg testreszabni a MiniCRM-ben \u00f6ssze\u00e1ll\u00edtott \u0171rlapjaid webes kin\u00e9zet\u00e9t. Emellett a Halad\u00f3 \u0171rlapok seg\u00edts\u00e9g\u00e9vel hivatkoz\u00e1sokat illeszthetsz \u0171rlapjaidba, testreszabhatod az adatkezel\u00e9si t\u00e1j\u00e9koztat\u00f3 megjelen\u00edt\u00e9s\u00e9t \u00e9s az API-n kereszt\u00fcl t\u00f6rt\u00e9n\u0151 adatbek\u00fcld\u00e9shez is elengedhetetlen. Egyedi design haszn\u00e1lata \u0171rlapokon Link beilleszt\u00e9se \u0171rlapba Adatkezel\u00e9si t\u00e1j\u00e9koztat\u00f3 &amp; GDPR be\u00e1ll\u00edt\u00e1sok \u0170rlap bek\u00fcld\u00e9se MiniCRM API-val Az \u0171rlapok k\u00e9sz\u00edt\u00e9s\u00e9hez [&hellip;]<\/p>\n","protected":false},"author":36,"featured_media":0,"comment_status":"closed","ping_status":"closed","sticky":false,"template":"","format":"standard","meta":{"footnotes":""},"categories":[2437,2441,2435,2273,2261],"tags":[],"class_list":["post-27813","post","type-post","status-publish","format-standard","hentry","category-adminisztratorok-es-vezetok-szamara","category-egyeb-hasznos-funkciok","category-elso-lepesek","category-kiegeszitok-hu","category-termekek-es-kiegeszitok"],"yoast_head":"<!-- This site is optimized with the Yoast SEO plugin v27.1.1 - https:\/\/yoast.com\/product\/yoast-seo-wordpress\/ -->\n<title>Hogyan k\u00e9sz\u00edthetek egyedi designnal \u0171rlapot? (Halad\u00f3 \u0171rlapok) - Documenta\u021bie MiniCRM<\/title>\n<meta name=\"description\" content=\"A Halad\u00f3 \u0171rlapok kieg\u00e9sz\u00edt\u0151 el\u0151fizet\u00e9s\u00e9vel lehet\u0151s\u00e9ged van egyedileg testreszabni a MiniCRM-ben \u00f6ssze\u00e1ll\u00edtott \u0171rlapjaid webes kin\u00e9zet\u00e9t. Emellett a Halad\u00f3\" \/>\n<meta name=\"robots\" content=\"index, follow, max-snippet:-1, max-image-preview:large, max-video-preview:-1\" \/>\n<link rel=\"canonical\" href=\"https:\/\/www.minicrm.hu\/help\/hogyan-keszithetek-egyedi-designnal-urlapot\/\" \/>\n<meta property=\"og:locale\" content=\"en_US\" \/>\n<meta property=\"og:type\" content=\"article\" \/>\n<meta property=\"og:title\" content=\"Hogyan k\u00e9sz\u00edthetek egyedi designnal \u0171rlapot? (Halad\u00f3 \u0171rlapok) - Documenta\u021bie MiniCRM\" \/>\n<meta property=\"og:description\" content=\"A Halad\u00f3 \u0171rlapok kieg\u00e9sz\u00edt\u0151 el\u0151fizet\u00e9s\u00e9vel lehet\u0151s\u00e9ged van egyedileg testreszabni a MiniCRM-ben \u00f6ssze\u00e1ll\u00edtott \u0171rlapjaid webes kin\u00e9zet\u00e9t. Emellett a Halad\u00f3\" \/>\n<meta property=\"og:url\" content=\"https:\/\/www.minicrm.hu\/help\/hogyan-keszithetek-egyedi-designnal-urlapot\/\" \/>\n<meta property=\"og:site_name\" content=\"Documenta\u021bie MiniCRM\" \/>\n<meta property=\"article:published_time\" content=\"2020-04-14T14:41:40+00:00\" \/>\n<meta property=\"article:modified_time\" content=\"2026-01-12T11:39:54+00:00\" \/>\n<meta property=\"og:image\" content=\"https:\/\/minicrm-wp-help.s3.amazonaws.com\/uploads\/2020\/04\/Kepernyofoto-2025-01-28-14.55.26.png\" \/>\n\t<meta property=\"og:image:width\" content=\"2846\" \/>\n\t<meta property=\"og:image:height\" content=\"1550\" \/>\n\t<meta property=\"og:image:type\" content=\"image\/png\" \/>\n<meta name=\"author\" content=\"Attila Prekop\" \/>\n<meta name=\"twitter:card\" content=\"summary_large_image\" \/>\n<meta name=\"twitter:label1\" content=\"Written by\" \/>\n\t<meta name=\"twitter:data1\" content=\"Attila Prekop\" \/>\n\t<meta name=\"twitter:label2\" content=\"Est. reading time\" \/>\n\t<meta name=\"twitter:data2\" content=\"7 minutes\" \/>\n<script type=\"application\/ld+json\" class=\"yoast-schema-graph\">{\"@context\":\"https:\/\/schema.org\",\"@graph\":[{\"@type\":\"Article\",\"@id\":\"https:\/\/www.minicrm.hu\/help\/hogyan-keszithetek-egyedi-designnal-urlapot\/#article\",\"isPartOf\":{\"@id\":\"https:\/\/www.minicrm.hu\/help\/hogyan-keszithetek-egyedi-designnal-urlapot\/\"},\"author\":{\"name\":\"Attila Prekop\",\"@id\":\"https:\/\/www.minicrm.hu\/help\/#\/schema\/person\/864e35507e2f982aff84cadbf72a650e\"},\"headline\":\"Hogyan k\u00e9sz\u00edthetek egyedi designnal \u0171rlapot? (Halad\u00f3 \u0171rlapok)\",\"datePublished\":\"2020-04-14T14:41:40+00:00\",\"dateModified\":\"2026-01-12T11:39:54+00:00\",\"mainEntityOfPage\":{\"@id\":\"https:\/\/www.minicrm.hu\/help\/hogyan-keszithetek-egyedi-designnal-urlapot\/\"},\"wordCount\":1077,\"image\":{\"@id\":\"https:\/\/www.minicrm.hu\/help\/hogyan-keszithetek-egyedi-designnal-urlapot\/#primaryimage\"},\"thumbnailUrl\":\"https:\/\/minicrm-wp-help.s3.amazonaws.com\/uploads\/2020\/04\/Kepernyofoto-2025-01-28-14.55.26.png\",\"articleSection\":[\"Adminisztr\u00e1torok \u00e9s Vezet\u0151k sz\u00e1m\u00e1ra\",\"Egy\u00e9b hasznos funkci\u00f3k\",\"Els\u0151 l\u00e9p\u00e9sek\",\"Kieg\u00e9sz\u00edt\u0151k\",\"Term\u00e9kek \u00e9s kieg\u00e9sz\u00edt\u0151k\"],\"inLanguage\":\"en-US\"},{\"@type\":\"WebPage\",\"@id\":\"https:\/\/www.minicrm.hu\/help\/hogyan-keszithetek-egyedi-designnal-urlapot\/\",\"url\":\"https:\/\/www.minicrm.hu\/help\/hogyan-keszithetek-egyedi-designnal-urlapot\/\",\"name\":\"Hogyan k\u00e9sz\u00edthetek egyedi designnal \u0171rlapot? (Halad\u00f3 \u0171rlapok) - Documenta\u021bie MiniCRM\",\"isPartOf\":{\"@id\":\"https:\/\/www.minicrm.hu\/help\/#website\"},\"primaryImageOfPage\":{\"@id\":\"https:\/\/www.minicrm.hu\/help\/hogyan-keszithetek-egyedi-designnal-urlapot\/#primaryimage\"},\"image\":{\"@id\":\"https:\/\/www.minicrm.hu\/help\/hogyan-keszithetek-egyedi-designnal-urlapot\/#primaryimage\"},\"thumbnailUrl\":\"https:\/\/minicrm-wp-help.s3.amazonaws.com\/uploads\/2020\/04\/Kepernyofoto-2025-01-28-14.55.26.png\",\"datePublished\":\"2020-04-14T14:41:40+00:00\",\"dateModified\":\"2026-01-12T11:39:54+00:00\",\"author\":{\"@id\":\"https:\/\/www.minicrm.hu\/help\/#\/schema\/person\/864e35507e2f982aff84cadbf72a650e\"},\"description\":\"A Halad\u00f3 \u0171rlapok kieg\u00e9sz\u00edt\u0151 el\u0151fizet\u00e9s\u00e9vel lehet\u0151s\u00e9ged van egyedileg testreszabni a MiniCRM-ben \u00f6ssze\u00e1ll\u00edtott \u0171rlapjaid webes kin\u00e9zet\u00e9t. Emellett a Halad\u00f3\",\"breadcrumb\":{\"@id\":\"https:\/\/www.minicrm.hu\/help\/hogyan-keszithetek-egyedi-designnal-urlapot\/#breadcrumb\"},\"inLanguage\":\"en-US\",\"potentialAction\":[{\"@type\":\"ReadAction\",\"target\":[\"https:\/\/www.minicrm.hu\/help\/hogyan-keszithetek-egyedi-designnal-urlapot\/\"]}]},{\"@type\":\"ImageObject\",\"inLanguage\":\"en-US\",\"@id\":\"https:\/\/www.minicrm.hu\/help\/hogyan-keszithetek-egyedi-designnal-urlapot\/#primaryimage\",\"url\":\"https:\/\/minicrm-wp-help.s3.amazonaws.com\/uploads\/2020\/04\/Kepernyofoto-2025-01-28-14.55.26.png\",\"contentUrl\":\"https:\/\/minicrm-wp-help.s3.amazonaws.com\/uploads\/2020\/04\/Kepernyofoto-2025-01-28-14.55.26.png\"},{\"@type\":\"BreadcrumbList\",\"@id\":\"https:\/\/www.minicrm.hu\/help\/hogyan-keszithetek-egyedi-designnal-urlapot\/#breadcrumb\",\"itemListElement\":[{\"@type\":\"ListItem\",\"position\":1,\"name\":\"Home\",\"item\":\"https:\/\/www.minicrm.hu\/help\/\"},{\"@type\":\"ListItem\",\"position\":2,\"name\":\"Hogyan k\u00e9sz\u00edthetek egyedi designnal \u0171rlapot? (Halad\u00f3 \u0171rlapok)\"}]},{\"@type\":\"WebSite\",\"@id\":\"https:\/\/www.minicrm.hu\/help\/#website\",\"url\":\"https:\/\/www.minicrm.hu\/help\/\",\"name\":\"Documenta\u021bie MiniCRM\",\"description\":\"Welcome to MiniCRM\",\"potentialAction\":[{\"@type\":\"SearchAction\",\"target\":{\"@type\":\"EntryPoint\",\"urlTemplate\":\"https:\/\/www.minicrm.hu\/help\/?s={search_term_string}\"},\"query-input\":{\"@type\":\"PropertyValueSpecification\",\"valueRequired\":true,\"valueName\":\"search_term_string\"}}],\"inLanguage\":\"en-US\"},{\"@type\":\"Person\",\"@id\":\"https:\/\/www.minicrm.hu\/help\/#\/schema\/person\/864e35507e2f982aff84cadbf72a650e\",\"name\":\"Attila Prekop\",\"image\":{\"@type\":\"ImageObject\",\"inLanguage\":\"en-US\",\"@id\":\"https:\/\/www.minicrm.hu\/help\/#\/schema\/person\/image\/\",\"url\":\"https:\/\/secure.gravatar.com\/avatar\/a68ae2b2edde2a033d58f0307473d667172b3cc08c9d5c4510fdeb7872fd74e6?s=96&d=mm&r=g\",\"contentUrl\":\"https:\/\/secure.gravatar.com\/avatar\/a68ae2b2edde2a033d58f0307473d667172b3cc08c9d5c4510fdeb7872fd74e6?s=96&d=mm&r=g\",\"caption\":\"Attila Prekop\"}}]}<\/script>\n<!-- \/ Yoast SEO plugin. -->","yoast_head_json":{"title":"Hogyan k\u00e9sz\u00edthetek egyedi designnal \u0171rlapot? (Halad\u00f3 \u0171rlapok) - Documenta\u021bie MiniCRM","description":"A Halad\u00f3 \u0171rlapok kieg\u00e9sz\u00edt\u0151 el\u0151fizet\u00e9s\u00e9vel lehet\u0151s\u00e9ged van egyedileg testreszabni a MiniCRM-ben \u00f6ssze\u00e1ll\u00edtott \u0171rlapjaid webes kin\u00e9zet\u00e9t. Emellett a Halad\u00f3","robots":{"index":"index","follow":"follow","max-snippet":"max-snippet:-1","max-image-preview":"max-image-preview:large","max-video-preview":"max-video-preview:-1"},"canonical":"https:\/\/www.minicrm.hu\/help\/hogyan-keszithetek-egyedi-designnal-urlapot\/","og_locale":"en_US","og_type":"article","og_title":"Hogyan k\u00e9sz\u00edthetek egyedi designnal \u0171rlapot? (Halad\u00f3 \u0171rlapok) - Documenta\u021bie MiniCRM","og_description":"A Halad\u00f3 \u0171rlapok kieg\u00e9sz\u00edt\u0151 el\u0151fizet\u00e9s\u00e9vel lehet\u0151s\u00e9ged van egyedileg testreszabni a MiniCRM-ben \u00f6ssze\u00e1ll\u00edtott \u0171rlapjaid webes kin\u00e9zet\u00e9t. Emellett a Halad\u00f3","og_url":"https:\/\/www.minicrm.hu\/help\/hogyan-keszithetek-egyedi-designnal-urlapot\/","og_site_name":"Documenta\u021bie MiniCRM","article_published_time":"2020-04-14T14:41:40+00:00","article_modified_time":"2026-01-12T11:39:54+00:00","og_image":[{"width":2846,"height":1550,"url":"https:\/\/minicrm-wp-help.s3.amazonaws.com\/uploads\/2020\/04\/Kepernyofoto-2025-01-28-14.55.26.png","type":"image\/png"}],"author":"Attila Prekop","twitter_card":"summary_large_image","twitter_misc":{"Written by":"Attila Prekop","Est. reading time":"7 minutes"},"schema":{"@context":"https:\/\/schema.org","@graph":[{"@type":"Article","@id":"https:\/\/www.minicrm.hu\/help\/hogyan-keszithetek-egyedi-designnal-urlapot\/#article","isPartOf":{"@id":"https:\/\/www.minicrm.hu\/help\/hogyan-keszithetek-egyedi-designnal-urlapot\/"},"author":{"name":"Attila Prekop","@id":"https:\/\/www.minicrm.hu\/help\/#\/schema\/person\/864e35507e2f982aff84cadbf72a650e"},"headline":"Hogyan k\u00e9sz\u00edthetek egyedi designnal \u0171rlapot? (Halad\u00f3 \u0171rlapok)","datePublished":"2020-04-14T14:41:40+00:00","dateModified":"2026-01-12T11:39:54+00:00","mainEntityOfPage":{"@id":"https:\/\/www.minicrm.hu\/help\/hogyan-keszithetek-egyedi-designnal-urlapot\/"},"wordCount":1077,"image":{"@id":"https:\/\/www.minicrm.hu\/help\/hogyan-keszithetek-egyedi-designnal-urlapot\/#primaryimage"},"thumbnailUrl":"https:\/\/minicrm-wp-help.s3.amazonaws.com\/uploads\/2020\/04\/Kepernyofoto-2025-01-28-14.55.26.png","articleSection":["Adminisztr\u00e1torok \u00e9s Vezet\u0151k sz\u00e1m\u00e1ra","Egy\u00e9b hasznos funkci\u00f3k","Els\u0151 l\u00e9p\u00e9sek","Kieg\u00e9sz\u00edt\u0151k","Term\u00e9kek \u00e9s kieg\u00e9sz\u00edt\u0151k"],"inLanguage":"en-US"},{"@type":"WebPage","@id":"https:\/\/www.minicrm.hu\/help\/hogyan-keszithetek-egyedi-designnal-urlapot\/","url":"https:\/\/www.minicrm.hu\/help\/hogyan-keszithetek-egyedi-designnal-urlapot\/","name":"Hogyan k\u00e9sz\u00edthetek egyedi designnal \u0171rlapot? (Halad\u00f3 \u0171rlapok) - Documenta\u021bie MiniCRM","isPartOf":{"@id":"https:\/\/www.minicrm.hu\/help\/#website"},"primaryImageOfPage":{"@id":"https:\/\/www.minicrm.hu\/help\/hogyan-keszithetek-egyedi-designnal-urlapot\/#primaryimage"},"image":{"@id":"https:\/\/www.minicrm.hu\/help\/hogyan-keszithetek-egyedi-designnal-urlapot\/#primaryimage"},"thumbnailUrl":"https:\/\/minicrm-wp-help.s3.amazonaws.com\/uploads\/2020\/04\/Kepernyofoto-2025-01-28-14.55.26.png","datePublished":"2020-04-14T14:41:40+00:00","dateModified":"2026-01-12T11:39:54+00:00","author":{"@id":"https:\/\/www.minicrm.hu\/help\/#\/schema\/person\/864e35507e2f982aff84cadbf72a650e"},"description":"A Halad\u00f3 \u0171rlapok kieg\u00e9sz\u00edt\u0151 el\u0151fizet\u00e9s\u00e9vel lehet\u0151s\u00e9ged van egyedileg testreszabni a MiniCRM-ben \u00f6ssze\u00e1ll\u00edtott \u0171rlapjaid webes kin\u00e9zet\u00e9t. Emellett a Halad\u00f3","breadcrumb":{"@id":"https:\/\/www.minicrm.hu\/help\/hogyan-keszithetek-egyedi-designnal-urlapot\/#breadcrumb"},"inLanguage":"en-US","potentialAction":[{"@type":"ReadAction","target":["https:\/\/www.minicrm.hu\/help\/hogyan-keszithetek-egyedi-designnal-urlapot\/"]}]},{"@type":"ImageObject","inLanguage":"en-US","@id":"https:\/\/www.minicrm.hu\/help\/hogyan-keszithetek-egyedi-designnal-urlapot\/#primaryimage","url":"https:\/\/minicrm-wp-help.s3.amazonaws.com\/uploads\/2020\/04\/Kepernyofoto-2025-01-28-14.55.26.png","contentUrl":"https:\/\/minicrm-wp-help.s3.amazonaws.com\/uploads\/2020\/04\/Kepernyofoto-2025-01-28-14.55.26.png"},{"@type":"BreadcrumbList","@id":"https:\/\/www.minicrm.hu\/help\/hogyan-keszithetek-egyedi-designnal-urlapot\/#breadcrumb","itemListElement":[{"@type":"ListItem","position":1,"name":"Home","item":"https:\/\/www.minicrm.hu\/help\/"},{"@type":"ListItem","position":2,"name":"Hogyan k\u00e9sz\u00edthetek egyedi designnal \u0171rlapot? (Halad\u00f3 \u0171rlapok)"}]},{"@type":"WebSite","@id":"https:\/\/www.minicrm.hu\/help\/#website","url":"https:\/\/www.minicrm.hu\/help\/","name":"Documenta\u021bie MiniCRM","description":"Welcome to MiniCRM","potentialAction":[{"@type":"SearchAction","target":{"@type":"EntryPoint","urlTemplate":"https:\/\/www.minicrm.hu\/help\/?s={search_term_string}"},"query-input":{"@type":"PropertyValueSpecification","valueRequired":true,"valueName":"search_term_string"}}],"inLanguage":"en-US"},{"@type":"Person","@id":"https:\/\/www.minicrm.hu\/help\/#\/schema\/person\/864e35507e2f982aff84cadbf72a650e","name":"Attila Prekop","image":{"@type":"ImageObject","inLanguage":"en-US","@id":"https:\/\/www.minicrm.hu\/help\/#\/schema\/person\/image\/","url":"https:\/\/secure.gravatar.com\/avatar\/a68ae2b2edde2a033d58f0307473d667172b3cc08c9d5c4510fdeb7872fd74e6?s=96&d=mm&r=g","contentUrl":"https:\/\/secure.gravatar.com\/avatar\/a68ae2b2edde2a033d58f0307473d667172b3cc08c9d5c4510fdeb7872fd74e6?s=96&d=mm&r=g","caption":"Attila Prekop"}}]}},"_links":{"self":[{"href":"https:\/\/www.minicrm.hu\/help\/wp-json\/wp\/v2\/posts\/27813","targetHints":{"allow":["GET"]}}],"collection":[{"href":"https:\/\/www.minicrm.hu\/help\/wp-json\/wp\/v2\/posts"}],"about":[{"href":"https:\/\/www.minicrm.hu\/help\/wp-json\/wp\/v2\/types\/post"}],"author":[{"embeddable":true,"href":"https:\/\/www.minicrm.hu\/help\/wp-json\/wp\/v2\/users\/36"}],"replies":[{"embeddable":true,"href":"https:\/\/www.minicrm.hu\/help\/wp-json\/wp\/v2\/comments?post=27813"}],"version-history":[{"count":5,"href":"https:\/\/www.minicrm.hu\/help\/wp-json\/wp\/v2\/posts\/27813\/revisions"}],"predecessor-version":[{"id":58223,"href":"https:\/\/www.minicrm.hu\/help\/wp-json\/wp\/v2\/posts\/27813\/revisions\/58223"}],"wp:attachment":[{"href":"https:\/\/www.minicrm.hu\/help\/wp-json\/wp\/v2\/media?parent=27813"}],"wp:term":[{"taxonomy":"category","embeddable":true,"href":"https:\/\/www.minicrm.hu\/help\/wp-json\/wp\/v2\/categories?post=27813"},{"taxonomy":"post_tag","embeddable":true,"href":"https:\/\/www.minicrm.hu\/help\/wp-json\/wp\/v2\/tags?post=27813"}],"curies":[{"name":"wp","href":"https:\/\/api.w.org\/{rel}","templated":true}]}}