
{"id":39468,"date":"2022-04-21T18:58:06","date_gmt":"2022-04-21T16:58:06","guid":{"rendered":"https:\/\/www.minicrm.hu\/help\/?p=39468"},"modified":"2025-11-18T09:58:01","modified_gmt":"2025-11-18T08:58:01","slug":"menedzser-q-a","status":"publish","type":"post","link":"https:\/\/www.minicrm.hu\/help\/menedzser-q-a\/","title":{"rendered":"Bevezet\u00e9si seg\u00e9dlet vezet\u0151knek"},"content":{"rendered":"<h3><\/h3>\n<h3><img loading=\"lazy\" decoding=\"async\" class=\" wp-image-39984 aligncenter\" src=\"https:\/\/minicrm-wp-help.s3.amazonaws.com\/uploads\/2022\/04\/MiniCRM_7.Lepes_.Vezetoi.itiner-300x169.jpg\" alt=\"\" width=\"583\" height=\"328\" srcset=\"https:\/\/minicrm-wp-help.s3.amazonaws.com\/uploads\/2022\/04\/MiniCRM_7.Lepes_.Vezetoi.itiner-300x169.jpg 300w, https:\/\/minicrm-wp-help.s3.amazonaws.com\/uploads\/2022\/04\/MiniCRM_7.Lepes_.Vezetoi.itiner-1024x576.jpg 1024w, https:\/\/minicrm-wp-help.s3.amazonaws.com\/uploads\/2022\/04\/MiniCRM_7.Lepes_.Vezetoi.itiner-768x432.jpg 768w, https:\/\/minicrm-wp-help.s3.amazonaws.com\/uploads\/2022\/04\/MiniCRM_7.Lepes_.Vezetoi.itiner.jpg 1280w\" sizes=\"auto, (max-width: 583px) 100vw, 583px\" \/><\/h3>\n<p>Tartalomjegyz\u00e9k:<\/p>\n<ol>\n<li><b> <\/b><a href=\"#1\">Milyen felel\u0151ss\u00e9gi k\u00f6r\u00f6kre van sz\u00fcks\u00e9g a MiniCRM bevezet\u00e9shez?<\/a><\/li>\n<li><a href=\"#2\">Mi az account manager \/ tan\u00e1csad\u00f3 szerepe?<\/a><\/li>\n<li><a href=\"#3\">Mikor kezdjen el dolgozni a csapat a MiniCRM-ben?<\/a><\/li>\n<li><a href=\"#4\">Bevonhatom a csapatom a rendszer testreszab\u00e1s\u00e1ba? Hogy c\u00e9lszer\u0171 ezt csin\u00e1lnom?<\/a><\/li>\n<li><a href=\"#5\">Kire \u00e9s mikor ruh\u00e1zhatom \u00e1t a felel\u0151ss\u00e9get a CRM bevezet\u00e9s\u00e9\u00e9rt?<\/a><\/li>\n<li><a href=\"#6\">Milyen el\u0151ny\u00f6kkel j\u00e1r a MiniCRM a csapatom sz\u00e1m\u00e1ra?<\/a><\/li>\n<li><a href=\"#7\">A csapatom nem akarja haszn\u00e1lni a MiniCRM-et. Mit mondjak nekik?<\/a><\/li>\n<li><a href=\"#8\">A terepen dolgoz\u00f3 koll\u00e9g\u00e1k nem akarnak MiniCRM-et haszn\u00e1lni. Mit tegyek?<\/a><\/li>\n<li><a href=\"#9\">Mikor z\u00e1rult le a bevezet\u00e9s?<\/a><\/li>\n<li><a href=\"#10\">Van egy \u00faj koll\u00e9g\u00e1nk, aki nem tudja a rendszer haszn\u00e1lat\u00e1t. Hogyan tanulja meg?<\/a><\/li>\n<\/ol>\n<p>&nbsp;<\/p>\n<h3 id=\"1\" style=\"text-align: justify;\">1. Milyen felel\u0151ss\u00e9gi k\u00f6r\u00f6kre van sz\u00fcks\u00e9g a MiniCRM bevezet\u00e9shez?<\/h3>\n<p><iframe loading=\"lazy\" title=\"Vezet\u0151i MiniCRM Workshop 1. | Felel\u0151ss\u00e9gi k\u00f6r\u00f6k\" width=\"500\" height=\"281\" src=\"https:\/\/www.youtube.com\/embed\/pmEUZLu-d4A?feature=oembed\" frameborder=\"0\" allow=\"accelerometer; autoplay; clipboard-write; encrypted-media; gyroscope; picture-in-picture; web-share\" referrerpolicy=\"strict-origin-when-cross-origin\" allowfullscreen><\/iframe><\/p>\n<p>\u00dcgyf\u00e9l oldalon a MiniCRM bevezet\u00e9s 3 f\u0151 felel\u0151ss\u00e9gi k\u00f6rt foglal mag\u00e1ba:<\/p>\n<ul>\n<li style=\"list-style-type: none;\">\n<ul>\n<li style=\"list-style-type: none;\">\n<ul>\n<li style=\"font-weight: 400;\" aria-level=\"2\">Strat\u00e9giai tervez\u00e9s (vezet\u0151i feladat)<\/li>\n<\/ul>\n<\/li>\n<\/ul>\n<\/li>\n<\/ul>\n<ul>\n<li style=\"list-style-type: none;\">\n<ul>\n<li style=\"list-style-type: none;\">\n<ul>\n<li aria-level=\"2\">Munkat\u00e1rsak bevon\u00e1sa (vezet\u0151i feladat)<\/li>\n<\/ul>\n<\/li>\n<\/ul>\n<\/li>\n<\/ul>\n<ul>\n<li style=\"list-style-type: none;\">\n<ul>\n<li style=\"list-style-type: none;\">\n<ul>\n<li style=\"font-weight: 400;\" aria-level=\"2\">Technikai h\u00e1tt\u00e9rfeladatok (kiszervezhet\u0151)<\/li>\n<\/ul>\n<\/li>\n<\/ul>\n<\/li>\n<li style=\"font-weight: 400;\" aria-level=\"1\"><strong>STRAT\u00c9GIAI TERVEZ\u00c9S:<br \/>\n<\/strong>Tulajdonosi szeml\u00e9letet k\u00edv\u00e1n\u00f3 teend\u0151k:<\/p>\n<ul>\n<li style=\"list-style-type: none;\">\n<ul>\n<li style=\"font-weight: 400;\" aria-level=\"2\">MiniCRM projekt c\u00e9lj\u00e1t kijel\u00f6li az els\u0151 4-6 h\u00e9tre<\/li>\n<li style=\"font-weight: 400;\" aria-level=\"2\"><strong><a href=\"https:\/\/docs.google.com\/document\/d\/1TjUPl9IUZ0aB1RqnXCPqg7jVVhH61ru8Osz9jGODmOY\/edit?usp=sharing\">Szerepenk\u00e9nti munkat\u00e1rsi itinert<\/a><\/strong> vezet\u0151 rakja \u00f6ssze (elv\u00e1r\u00e1sok adott szerep\u00e9rt felel\u0151s koll\u00e9g\u00e1nak)<\/li>\n<li style=\"font-weight: 400;\" aria-level=\"2\">Testreszab\u00e1shoz a f\u0151 \u00fczleti probl\u00e9m\u00e1t \u0151 jel\u00f6li meg. Riport ig\u00e9nyeket \u0151 hat\u00e1rozza meg.<\/li>\n<\/ul>\n<\/li>\n<\/ul>\n<\/li>\n<li style=\"font-weight: 400;\" aria-level=\"1\"><strong>MUNKAT\u00c1RSAK BEVON\u00c1SA:<br \/>\n<\/strong>Munkat\u00e1rsakat tapasztalat szerint az tudja bevonni, aki fizet\u00e9st oszt.<\/li>\n<li style=\"font-weight: 400;\" aria-level=\"1\"><strong>TECHNIKAI H\u00c1TT\u00c9RFELADATOK:<br \/>\n<\/strong>A CRM felel\u0151s szerepet az operat\u00edv vezet\u0151 is viheti, ha kis c\u00e9gr\u0151l van sz\u00f3. (Javasoljuk, hogy erre a feladatk\u00f6rre legyen egy dedik\u00e1lt szem\u00e9ly a szervezeten bel\u00fcl). Az CRM felel\u0151s seg\u00edt a technikai el\u0151felt\u00e9telek megteremt\u00e9s\u00e9ben (\u00fcgyf\u00e9lt\u00f6rzs \u00e1tn\u00e9z\u00e9se, kitiszt\u00e1z\u00e1sa, technikai &#8216;back office&#8217; feladatok elv\u00e9gz\u00e9se).<br \/>\nKiszervezhet\u0151:<\/p>\n<ul>\n<li style=\"list-style-type: none;\">\n<ul>\n<li style=\"font-weight: 400;\" aria-level=\"2\">C\u00e9gen bel\u00fcl (CRM menedzser)<\/li>\n<li style=\"font-weight: 400;\" aria-level=\"2\">MiniCRM-t\u0151l b\u00e9relhet\u0151 \u00f3rad\u00edjban (technikai tan\u00e1csad\u00f3)<\/li>\n<\/ul>\n<\/li>\n<\/ul>\n<\/li>\n<\/ul>\n<h3 id=\"2\" style=\"text-align: justify;\">2. Mi az account manager \/ tan\u00e1csad\u00f3 szerepe?<\/h3>\n<ul>\n<li style=\"font-weight: 400;\" aria-level=\"1\"><span style=\"font-weight: 400;\">A megval\u00f3s\u00edt\u00e1s koordin\u00e1l\u00e1s\u00e1\u00e9rt az Account Menedzser felel\u0151s. Feladata strat\u00e9giai: v\u00e9gigvezet T\u00e9ged a megval\u00f3s\u00edt\u00e1son, hogy a MiniCRM min\u00e9l gyorsabban \u00e9rt\u00e9ket termeljen. \u0150 biztos\u00edtja a sz\u00fcks\u00e9ges er\u0151forr\u00e1sokat is (Oktat\u00e1si anyagok, gyakorlati k\u00e9pz\u00e9sek, adott esetben tan\u00e1csad\u00f3i t\u00e1mogat\u00e1s Neked \u00e9s csapatodnak), hogy a lehet\u0151 legt\u00f6bbet hozhasd ki a MiniCRM-b\u0151l. <\/span><span style=\"font-weight: 400;\"><br \/>\n<\/span><\/li>\n<\/ul>\n<p><span style=\"font-weight: 400;\">FONTOS: <\/span><span style=\"font-weight: 400;\"><br \/>\n<\/span><span style=\"font-weight: 400;\">Account Menedzser NEM felel a m\u0171szaki be\u00e1ll\u00edt\u00e1sok elv\u00e9gz\u00e9s\u00e9\u00e9rt.<\/span><\/p>\n<ul>\n<li style=\"font-weight: 400;\" aria-level=\"1\"><span style=\"font-weight: 400;\">A tan\u00e1csad\u00f3 (ha ig\u00e9nyelt\u00e9l technikai tan\u00e1csad\u00f3t a bevezet\u00e9si csomaghoz) seg\u00edt a testreszab\u00e1sban, technikai be\u00e1ll\u00edt\u00e1sokban. B\u00e1r a technikai feladatok egy r\u00e9sz\u00e9t \u00e1tadhatod neki, fontos, hogy a c\u00e9gedben kijel\u00f6lt CRM felel\u0151s is eligazodjon a legfontosabb funkci\u00f3kban.<\/span><\/li>\n<\/ul>\n<h3 id=\"3\" style=\"text-align: justify;\">3. Mikor kezdjen el dolgozni a csapat a MiniCRM-ben?<\/h3>\n<p><iframe loading=\"lazy\" title=\"Vezet\u0151i MiniCRM seg\u00e9dlet 2. | Mit v\u00e1rjak el a koll\u00e9g\u00e1imt\u00f3l?\" width=\"500\" height=\"281\" src=\"https:\/\/www.youtube.com\/embed\/QcgNWm4kiqA?feature=oembed\" frameborder=\"0\" allow=\"accelerometer; autoplay; clipboard-write; encrypted-media; gyroscope; picture-in-picture; web-share\" referrerpolicy=\"strict-origin-when-cross-origin\" allowfullscreen><\/iframe><\/p>\n<ul>\n<li style=\"font-weight: 400;\" aria-level=\"1\"><span style=\"font-weight: 400;\">Legfeljebb 3 nappal a kickoff ut\u00e1n (az a besz\u00e9lget\u00e9s, amelyen az Account Menedzser bemutatta a rendszert) vedd fel a koll\u00e9g\u00e1kat felhaszn\u00e1l\u00f3k\u00e9nt a rendszerbe;<\/span><\/li>\n<li style=\"font-weight: 400;\" aria-level=\"1\"><span style=\"font-weight: 400;\">Hozz\u00e1ad\u00e1s ut\u00e1n \u00e1ll\u00edts egy konkr\u00e9t hat\u00e1rid\u0151t, amikort\u00f3l \u00e1tk\u00f6lt\u00f6zt\u00f6k a kor\u00e1bban haszn\u00e1lt megold\u00e1sb\u00f3l a MiniCRM-be. A hat\u00e1rid\u0151t\u0151l kezdve legyen kimondott elv\u00e1r\u00e1s, hogy mindent a MiniCRM-be \u00edrjanak be a kor\u00e1bbi Excel, cetli, stb. helyett.<\/span><\/li>\n<\/ul>\n<p><span style=\"font-weight: 400;\">FONTOS:<\/span><span style=\"font-weight: 400;\"><br \/>\n<\/span><span style=\"font-weight: 400;\">Ha a bek\u00f6lt\u00f6z\u00e9ssel meg akarod v\u00e1rni, am\u00edg a teljes rendszer kialak\u00edt\u00e1sra ker\u00fcl, k\u00e9t dologra sz\u00e1m\u00edthatsz:<\/span><span style=\"font-weight: 400;\"><br \/>\n<\/span><\/p>\n<ul>\n<li style=\"list-style-type: none;\">\n<ul>\n<li style=\"font-weight: 400;\" aria-level=\"2\"><span style=\"font-weight: 400;\">Hetekig csak munk\u00e1d lesz a rendszerrel, de m\u00e9rhet\u0151 eredm\u00e9nyt nem veszel ki bel\u0151le.<\/span><\/li>\n<li style=\"font-weight: 400;\" aria-level=\"2\"><span style=\"font-weight: 400;\">Egyszerre t\u00fal sok dolgot kell megtanulni a koll\u00e9g\u00e1knak, k\u00f6nny\u0171 agyonnyomni \u0151ket.<\/span><\/li>\n<li style=\"font-weight: 400;\" aria-level=\"2\"><span style=\"font-weight: 400;\">A bevezet\u00e9s v\u00e9g\u00e9ig nem lesz \u00e9rdemi tapasztalatod a MiniCRM haszn\u00e1lat\u00e1r\u00f3l, \u00edgy heteket cs\u00faszhat a v\u00e9gleges b\u00e1zis rendszer kialak\u00edt\u00e1sa.<\/span><\/li>\n<\/ul>\n<\/li>\n<\/ul>\n<p><b>J\u00d3 GYAKORLAT:<\/b><span style=\"font-weight: 400;\"><br \/>\n<\/span><span style=\"font-weight: 400;\">A <\/span><span style=\"font-weight: 400;\">fokozatoss\u00e1g elve<\/span><span style=\"font-weight: 400;\"> szerint sokkal k\u00f6nnyebb lesz koll\u00e9g\u00e1idnak \u00e1tszokni a MiniCRM-be. Ez\u00e1ltal kisebb stressznek \u00e9lik meg a v\u00e1lt\u00e1st \u00e9s a menet k\u00f6zben adott visszajelz\u00e9sek seg\u00edtenek, hogy a bevezet\u00e9s v\u00e9g\u00e9re kialakuljon az a b\u00e1zis rendszer, amit \u00f6r\u00f6mmel haszn\u00e1l az eg\u00e9sz csapat.<\/span><\/p>\n<h3 id=\"4\" style=\"text-align: justify;\">4. Bevonhatom a csapatom a rendszer testreszab\u00e1s\u00e1ba? Hogy c\u00e9lszer\u0171 ezt csin\u00e1lnom?<\/h3>\n<ul>\n<li style=\"font-weight: 400;\" aria-level=\"1\"><span style=\"font-weight: 400;\">A CRM felel\u0151snek (Neked, vagy egy, a csapatodb\u00f3l kiv\u00e1lasztott szem\u00e9lynek) Adminisztr\u00e1tor jogosults\u00e1gra lesz sz\u00fcks\u00e9ge, az \u0151 felel\u0151ss\u00e9ge a testreszab\u00e1s, term\u00e9kek be\u00e1ll\u00edt\u00e1sa, felhaszn\u00e1l\u00f3i jogosults\u00e1gok, stb.\u00a0<\/span><\/li>\n<li style=\"font-weight: 400;\" aria-level=\"1\"><span style=\"font-weight: 400;\">\u00c9rdemes bevonni a koll\u00e9g\u00e1kat a saj\u00e1t szerep\u00fcket \u00e9rint\u0151 sablonok, folyamatok kialak\u00edt\u00e1s\u00e1ba. T\u0151l\u00fck az elv\u00e1r\u00e1s nem annyira a technikai h\u00e1tt\u00e9r ismerete els\u0151 k\u00f6rben, hanem a praktikus, napi rutinhoz sz\u00fcks\u00e9ges adatok, sablonok kialak\u00edt\u00e1s\u00e1hoz a hozott tapasztalat.\u00a0<\/span><\/li>\n<li style=\"font-weight: 400;\" aria-level=\"1\"><span style=\"font-weight: 400;\">Nagyon fontos, hogy minden egyes koll\u00e9ga r\u00e9szt vegyen az al\u00e1bbi 2 alap k\u00e9pz\u00e9sen:<\/span>\n<ul>\n<li style=\"font-weight: 400;\" aria-level=\"2\"><span style=\"font-weight: 400;\">Teend\u0151kezel\u00e9s a MiniCRM-ben:<\/span> <a href=\"https:\/\/www.minicrm.hu\/training\/userws\/\">https:\/\/www.minicrm.hu\/training\/userws\/<\/a><\/li>\n<li style=\"font-weight: 400;\" aria-level=\"2\">Sz\u0171r\u0151k \u00e9s automatizmusok: <a href=\"https:\/\/www.minicrm.hu\/training\/filters\/\">https:\/\/www.minicrm.hu\/training\/filters\/<\/a><\/li>\n<\/ul>\n<\/li>\n<\/ul>\n<h3 id=\"5\" style=\"text-align: justify;\">5. Kire \u00e9s mikor ruh\u00e1zhatom \u00e1t a felel\u0151ss\u00e9get a CRM bevezet\u00e9s\u00e9\u00e9rt?<\/h3>\n<p><span style=\"font-weight: 400;\">A projekt k\u00e9szen \u00e1ll arra, hogy \u00faj koll\u00e9g\u00e1nak adj\u00e1k \u00e1t, ha az al\u00e1bbi \u00e1ll\u00edt\u00e1sok mindegyike igaz:<\/span><\/p>\n<ul>\n<li style=\"list-style-type: none;\">\n<ul>\n<li style=\"font-weight: 400;\" aria-level=\"2\"><span style=\"font-weight: 400;\">Csapatod minden tagj\u00e1nak elk\u00e9sz\u00fclt a munkat\u00e1rsi itiner, melyben szerepelnek a legfontosabb sablonok, szem\u00e9lyes riportok, m\u00e9r\u0151sz\u00e1mok, napi munk\u00e1t t\u00e1mogat\u00f3 sz\u0171r\u0151k.<\/span><\/li>\n<li style=\"font-weight: 400;\" aria-level=\"2\"><span style=\"font-weight: 400;\">A csapatod teljesen \u00e1tk\u00f6lt\u00f6z\u00f6tt a kor\u00e1bbi megold\u00e1sb\u00f3l (Excel, Outlook, offline cetlik, stb.) \u00e9s minden \u00fcgyf\u00e9l ill. Minden t\u00f6rt\u00e9n\u00e9s beker\u00fcl a MiniCRM-be.<\/span><\/li>\n<li style=\"font-weight: 400;\" aria-level=\"2\"><span style=\"font-weight: 400;\">Minden koll\u00e9ga reggel \u00e9s este a \u2018Mai Napom\u2019 k\u00e9perny\u0151vel kezdi ill. fejezi be a napj\u00e1t.<\/span><\/li>\n<li style=\"font-weight: 400;\" aria-level=\"2\"><span style=\"font-weight: 400;\">A MiniCRM Account menedzserrel t\u00f6rt\u00e9n\u0151 kialak\u00edt\u00e1sa befejez\u0151d\u00f6tt, kialakult a b\u00e1zis rendszer, amit\u00a0 a koll\u00e9g\u00e1k visszajelz\u00e9sei alapj\u00e1n a bevezet\u00e9s alatt igaz\u00edtottak a val\u00f3s ig\u00e9nyekhez.;<\/span><\/li>\n<li style=\"font-weight: 400;\" aria-level=\"2\"><span style=\"font-weight: 400;\">C\u00e9ged f\u0151 folyamatai (amelyeket MiniCRM-mel szeretn\u00e9l kezelni) \u00e1tl\u00e1that\u00f3an, elk\u00fcl\u00f6n\u00edtve k\u00f6vethet\u0151ek a MiniCRM-ben.<\/span><\/li>\n<\/ul>\n<\/li>\n<\/ul>\n<h3 id=\"6\" style=\"text-align: justify;\"><span style=\"font-weight: 400;\">6. Milyen el\u0151ny\u00f6kkel j\u00e1r a MiniCRM a csapatom sz\u00e1m\u00e1ra?\u00a0<\/span><\/h3>\n<ul>\n<li><span style=\"font-weight: 400;\"><strong>Minden adat egy helyen<\/strong>: a nyers adatok (hat\u00e1rid\u0151k, dokumentumok, k\u00e9rt term\u00e9k\/szolg\u00e1ltat\u00e1s, stb.) \u00e9s a &#8220;ki kivel mit besz\u00e9l meg, mit \u00edg\u00e9rt\u00fcnk, mit kell megk\u00e9rdezni\/elmondani&#8221; t\u00edpus\u00fa inform\u00e1ci\u00f3k is egy gombnyom\u00e1sra el\u00e9rhet\u0151ek (irod\u00e1b\u00f3l \u00e9s terepen is). Nem \u00e9g t\u00f6bb id\u0151 email-ek, Excel t\u00e1bl\u00e1k \u00e9s cetlik k\u00f6z\u00f6tt keresg\u00e9l\u00e9ssel.<\/span><\/li>\n<li style=\"font-weight: 400;\" aria-level=\"1\"><strong>A g\u00e9pel\u00e9ssel t\u00f6lt\u00f6tt id\u0151 t\u00f6red\u00e9k\u00e9re cs\u00f6kken. <\/strong>Email \u00e9s teend\u0151 sablonok seg\u00edtenek felsz\u00e1molni a felesleges adatr\u00f6gz\u00edt\u00e9st.<\/li>\n<li style=\"font-weight: 400;\" aria-level=\"1\"><span style=\"font-weight: 400;\"><strong>Nem lesz t\u00f6bb elfelejtett hat\u00e1rid\u0151.<\/strong> Automata eml\u00e9keztet\u0151t kap a megfelel\u0151 koll\u00e9ga arr\u00f3l, kivel, mikor mit kell megbesz\u00e9ljen.<\/span><\/li>\n<li><span style=\"font-weight: 400;\"><strong>Kiszervezhetsz magadr\u00f3l nem csak egy-egy tennival\u00f3t, de ak\u00e1r egy teljes \u00fczleti folyamatot<\/strong>. A MiniCRM figyelmeztetni tud, ha valaki hib\u00e1zott, hogy gyorsan tudj korrig\u00e1lni \u00e9s nyugodtan alhass. (Sablonok + automatizmusok)<\/span><\/li>\n<li style=\"font-weight: 400;\" aria-level=\"1\"><span style=\"font-weight: 400;\"><strong>A MiniCRM seg\u00edts\u00e9g\u00e9vel a munkafolyamatok szabv\u00e1nyos\u00edthat\u00f3k.<\/strong> \u00cdgy minden koll\u00e9g\u00e1d tudja, mit \u00e9s hogyan tegyen an\u00e9lk\u00fcl, hogy dokumentumokat kellene n\u00e9znie vagy m\u00e1sokat megk\u00e9rdeznie.\u00a0<\/span><\/li>\n<\/ul>\n<h3 id=\"7\" style=\"text-align: justify;\">7. A csapatom nem akarja haszn\u00e1lni a MiniCRM-et. Mit mondjak nekik?<\/h3>\n<p><img loading=\"lazy\" decoding=\"async\" class=\" wp-image-41261 aligncenter\" src=\"https:\/\/minicrm-wp-help.s3.amazonaws.com\/uploads\/2022\/04\/KIFOGASKEZELES.MiniCRM.Thumbnail-300x169.png\" alt=\"KIFOGASKEZELES.MiniCRM.Thumbnail\" width=\"534\" height=\"301\" srcset=\"https:\/\/minicrm-wp-help.s3.amazonaws.com\/uploads\/2022\/04\/KIFOGASKEZELES.MiniCRM.Thumbnail-300x169.png 300w, https:\/\/minicrm-wp-help.s3.amazonaws.com\/uploads\/2022\/04\/KIFOGASKEZELES.MiniCRM.Thumbnail-1024x576.png 1024w, https:\/\/minicrm-wp-help.s3.amazonaws.com\/uploads\/2022\/04\/KIFOGASKEZELES.MiniCRM.Thumbnail-768x432.png 768w, https:\/\/minicrm-wp-help.s3.amazonaws.com\/uploads\/2022\/04\/KIFOGASKEZELES.MiniCRM.Thumbnail.png 1280w\" sizes=\"auto, (max-width: 534px) 100vw, 534px\" \/><\/p>\n<p><iframe loading=\"lazy\" title=\"Vezet\u0151i MiniCRM seg\u00e9dlet 3. | TOP 5 kifog\u00e1s \u00e9s kezel\u00e9shez tippek\" width=\"500\" height=\"281\" src=\"https:\/\/www.youtube.com\/embed\/swVL73iaj-I?feature=oembed\" frameborder=\"0\" allow=\"accelerometer; autoplay; clipboard-write; encrypted-media; gyroscope; picture-in-picture; web-share\" referrerpolicy=\"strict-origin-when-cross-origin\" allowfullscreen><\/iframe><\/p>\n<p><span style=\"font-weight: 400;\">Az els\u0151 l\u00e9p\u00e9s az, hogy p\u00e9ld\u00e1t mutass: haszn\u00e1ld a MiniCRM-et a napi tev\u00e9kenys\u00e9geidhez m\u00e1r a bevezet\u00e9s els\u0151 napj\u00e1t\u00f3l! <\/span><b>J\u00f3l tudod, hogy munkat\u00e1rsaidt\u00f3l maximum annyit v\u00e1rhatsz el, amennyit te magad beleteszel!<\/b><\/p>\n<p><span style=\"font-weight: 400;\">Mutasd meg nekik, hogy a MiniCRM megk\u00f6nny\u00edtheti az \u00e9let\u00fcket! Tudd meg, milyen f\u00e1jdalmai vannak koll\u00e9g\u00e1idnak, mi zavarja \u0151ket legjobban a napi munka sor\u00e1n, vagy milyen frusztr\u00e1ci\u00f3ik vannak, \u00e9s oldd meg ezeket a MiniCRM seg\u00edts\u00e9g\u00e9vel. A leggyakoribb p\u00e9ld\u00e1k a MiniCRM-mel megoldhat\u00f3 probl\u00e9m\u00e1kra, amelyeket koll\u00e9g\u00e1kt\u00f3l hallhatsz:<\/span><\/p>\n<ul>\n<li style=\"list-style-type: none;\">\n<ul>\n<li style=\"font-weight: 400;\" aria-level=\"2\"><span style=\"font-weight: 400;\">Rengeteg id\u0151 megtal\u00e1lni kulcsadatokat emailek \u00e9s cetlik k\u00f6z\u00f6tt, Excel t\u00e1bl\u00e1kban.<\/span><\/li>\n<li style=\"font-weight: 400;\" aria-level=\"2\"><span style=\"font-weight: 400;\">T\u00fal sok id\u0151t vesz el a g\u00e9pel\u00e9s, adatok r\u00f6gz\u00edt\u00e9se.<\/span><\/li>\n<li style=\"font-weight: 400;\" aria-level=\"2\"><span style=\"font-weight: 400;\">Folyton f\u00e9lbeszak\u00edtanak, nem tudok a munk\u00e1mra koncentr\u00e1lni<\/span><\/li>\n<li style=\"font-weight: 400;\" aria-level=\"2\"><span style=\"font-weight: 400;\">A fontos adatok Viber, Skype, Messenger vagy Whatsapp csoportokban vannak. K\u00f6vethetetlen, ki mir\u0151l tud, ut\u00f3lag lehetetlen el\u0151zm\u00e9nyeket visszakeresni.\u00a0<\/span><\/li>\n<li style=\"font-weight: 400;\" aria-level=\"2\"><span style=\"font-weight: 400;\">T\u00fal sok adat\/tud\u00e1s egy koll\u00e9ga fej\u00e9ben van (a Tiedben?). Folyamatosan feltartj\u00e1k a koll\u00e9g\u00e1k a k\u00e9rd\u00e9sekkel, nem tud haladni.<\/span><\/li>\n<\/ul>\n<\/li>\n<\/ul>\n<h3 id=\"8\" style=\"text-align: justify;\">8. A terepen dolgoz\u00f3 koll\u00e9g\u00e1k nem akarnak MiniCRM-et haszn\u00e1lni. Mit tegyek?<\/h3>\n<p><iframe loading=\"lazy\" title=\"Vezet\u0151i MiniCRM seg\u00e9dlet 4. | &quot;Reality Check&quot;\" width=\"500\" height=\"281\" src=\"https:\/\/www.youtube.com\/embed\/FfbOKfwpFzo?feature=oembed\" frameborder=\"0\" allow=\"accelerometer; autoplay; clipboard-write; encrypted-media; gyroscope; picture-in-picture; web-share\" referrerpolicy=\"strict-origin-when-cross-origin\" allowfullscreen><\/iframe><\/p>\n<p><span style=\"font-weight: 400;\">A MiniCRM a terepen dolgoz\u00f3 koll\u00e9g\u00e1k munk\u00e1j\u00e1t is t\u00e1mogatja.<\/span><\/p>\n<ul>\n<li style=\"list-style-type: none;\">\n<ul>\n<li style=\"font-weight: 400;\" aria-level=\"2\"><span style=\"font-weight: 400;\">Mobil alkalmaz\u00e1s &#8211; a munkanap minden l\u00e9nyeges r\u00e9sz\u00e9hez haszn\u00e1lhat\u00f3: Feladatkezel\u00e9s, \u00dcgyf\u00e9linform\u00e1ci\u00f3k feljegyz\u00e9se, Fontos \u00fcgyf\u00e9llist\u00e1k gyors megtekint\u00e9se vagy dokumentumok hozz\u00e1ad\u00e1sa;<\/span><\/li>\n<li style=\"font-weight: 400;\" aria-level=\"2\">Kontakt szinkroniz\u00e1ci\u00f3: Mindig tudom, ki h\u00edv! People sync vagy Open sync haszn\u00e1lhat\u00f3 &#8211; Apple eset\u00e9n be van \u00e9p\u00edtve az oper\u00e1ci\u00f3s rendszerbe<span style=\"font-weight: 400;\">\u00a0&#8211; ezzel az alkalmaz\u00e1ssal a mobil telefonk\u00f6nyv szinkroniz\u00e1lhat\u00f3 a MiniCRM \u00fcgyf\u00e9ladatb\u00e1zissal. Az \u00fcgyfelek telefonsz\u00e1mai automatikusan szinkroniz\u00e1l\u00f3dnak a mobil eszk\u00f6zre.<\/span><\/li>\n<li style=\"font-weight: 400;\" aria-level=\"2\"><span style=\"font-weight: 400;\">MiniCRM CallLog &#8211; annak \u00e9rdek\u00e9ben, hogy ne vesz\u00edtsen id\u0151t a telefonh\u00edv\u00e1sok feljegyz\u00e9s\u00e9vel kapcsolatos adminisztrat\u00edv munk\u00e1val, ez az alkalmaz\u00e1s automatikusan elmenti a h\u00edv\u00e1s idej\u00e9t \u00e9s t\u00edpus\u00e1t az \u00fcgyf\u00e9l el\u0151zm\u00e9nyeiben; (csak Androidon el\u00e9rhet\u0151)<\/span><\/li>\n<li style=\"font-weight: 400;\" aria-level=\"2\"><span style=\"font-weight: 400;\">Adatbeviteli \u0171rlapok a rendszerben &#8211; Ha sok vev\u0151adatot kell bek\u00e9rni, gyorsan kit\u00f6lthet\u0151 \u0171rlapokat k\u00e9sz\u00edthetsz, hogy a sz\u00fcks\u00e9ges inform\u00e1ci\u00f3kat egyszer\u0171en beker\u00fclhessenek a rendszerbe.<\/span><\/li>\n<\/ul>\n<\/li>\n<\/ul>\n<h3 id=\"9\" style=\"text-align: justify;\">9. Mikor z\u00e1rult le a bevezet\u00e9s?<\/h3>\n<p><span style=\"font-weight: 400;\">A MiniCRM bevezet\u00e9si projekt sikeres volt, mikor:<br \/>\n<\/span><\/p>\n<ol>\n<li style=\"font-weight: 400;\" aria-level=\"2\">A k\u00e9rd\u00e9ses \u00fczleti folyamat 100%-ban \u00e1tk\u00f6lt\u00f6z\u00f6tt MiniCRM-be a r\u00e9gi alkalmaz\u00e1sb\u00f3l.<\/li>\n<li style=\"font-weight: 400;\" aria-level=\"2\">Minden koll\u00e9ga a kapott itiner szerint MiniCRM-ben vezeti a kijel\u00f6lt feladatokat, reggel-este a &#8216;Mai napom&#8217; k\u00e9perny\u0151n k\u00f6veti feladatait.<\/li>\n<li style=\"font-weight: 400;\" aria-level=\"2\">Vezet\u0151 a &#8216;Mai napom&#8217; k\u00e9perny\u0151n elmentett kontroll sz\u0171r\u0151kben tudja ellen\u0151rizni \u00e9s \u00e1tl\u00e1tni az elv\u00e9gzett feladatokat.<\/li>\n<\/ol>\n<p><strong>J\u00d3 GYAKORLAT:<\/strong><\/p>\n<p><span style=\"font-weight: 400;\">3-4 havonta \u00e9rdemes megn\u00e9zni, milyen \u00fajdons\u00e1gok \u00e9lesedtek, amik hasznosak a csapatod sz\u00e1m\u00e1ra. Ebben seg\u00edt a MiniCRM Tr\u00e9ning csapat rendszeres online workshopokkal \u00e9s vide\u00f3 list\u00e1kkal.<\/span><\/p>\n<h3 id=\"10\" style=\"text-align: justify;\">10. Van egy \u00faj koll\u00e9g\u00e1nk, aki m\u00e9g nem ismeri a MiniCRM-et. Ki fogja neki megmutatni?<\/h3>\n<p><span style=\"font-weight: 400;\">A bevezet\u00e9s kezdet\u00e9n (amikor a koll\u00e9g\u00e1kat felhaszn\u00e1l\u00f3k\u00e9nt veszed fel a rendszerbe) \u00e9s amikor \u00faj koll\u00e9ga van, ezeken a gyakorlati MiniCRM alapk\u00e9pz\u00e9seken kell r\u00e9szt venni:<\/span><\/p>\n<ul>\n<li style=\"list-style-type: none;\">\n<ul>\n<li style=\"font-weight: 400;\" aria-level=\"2\"><span style=\"font-weight: 400;\">Teend\u0151kezel\u00e9s a MiniCRM-ben:<\/span> <a href=\"https:\/\/www.minicrm.hu\/training\/userws\/\">https:\/\/www.minicrm.hu\/training\/userws\/<\/a><\/li>\n<li style=\"font-weight: 400;\" aria-level=\"2\">Sz\u0171r\u0151k \u00e9s automatizmusok: <a href=\"https:\/\/www.minicrm.hu\/training\/filters\/\">https:\/\/www.minicrm.hu\/training\/filters\/<\/a><\/li>\n<\/ul>\n<\/li>\n<\/ul>\n<p>A k\u00e9pz\u00e9sen r\u00e9szv\u00e9tel ut\u00e1n javasolt k\u00f6z\u00f6sen \u00e1tn\u00e9zni az \u00faj koll\u00e9g\u00e1val a Ti MiniCRM-etekben zajl\u00f3 folyamatot l\u00e9p\u00e9senk\u00e9nt. Itt tudod \u00e1tadni a Te c\u00e9gedben specifikus j\u00f3 gyakorlatokat, elv\u00e1r\u00e1sokat.<\/p>\n<h3 style=\"text-align: left;\">Mi a Te tennival\u00f3d most?<\/h3>\n<ul>\n<li aria-level=\"1\"><b>\u00cdrd fel a napt\u00e1radba az \u00f6sszes tan\u00e1csad\u00f3i h\u00edv\u00e1st \u00e9s vegy\u00e9l is r\u00e9szt!<\/b><\/li>\n<\/ul>\n<ul>\n<li aria-level=\"1\"><b>\u00dctemezz be napi 90 perces MiniCRM id\u0151ablakot magadnak a k\u00f6vetkez\u0151 6 h\u00e9tre! Legyen a f\u00f3kuszodban a MiniCRM projekt, tudatosan tegy\u00e9l figyelmet arra, hogy a strat\u00e9giai (tervez\u00e9s) \u00e9s technikai (testreszab\u00e1s, adatbet\u00f6lt\u00e9s) feladatokat is figyelemmel tudd k\u00eds\u00e9rni!<\/b><\/li>\n<\/ul>\n<ul>\n<li aria-level=\"1\"><b>Regisztr\u00e1lj \u00e9s teljes figyelmeddel vegy\u00e9l r\u00e9szt a legk\u00f6zelebbi <\/b><a href=\"https:\/\/www.minicrm.hu\/training\/userws\/\"><b>Els\u0151 l\u00e9p\u00e9sek a MiniCRM-ben <\/b><\/a><b>illetve <\/b><a href=\"https:\/\/www.minicrm.hu\/training\/filters\/\"><b>Sz\u0171r\u0151k \u00e9s automatizmusok<\/b><\/a><b>\u00a0workshopon!<\/b><\/li>\n<\/ul>\n<p>&nbsp;<\/p>\n","protected":false},"excerpt":{"rendered":"<p>Tartalomjegyz\u00e9k: Milyen felel\u0151ss\u00e9gi k\u00f6r\u00f6kre van sz\u00fcks\u00e9g a MiniCRM bevezet\u00e9shez? Mi az account manager \/ tan\u00e1csad\u00f3 szerepe? Mikor kezdjen el dolgozni a csapat a MiniCRM-ben? Bevonhatom a csapatom a rendszer testreszab\u00e1s\u00e1ba? Hogy c\u00e9lszer\u0171 ezt csin\u00e1lnom? Kire \u00e9s mikor ruh\u00e1zhatom \u00e1t a felel\u0151ss\u00e9get a CRM bevezet\u00e9s\u00e9\u00e9rt? Milyen el\u0151ny\u00f6kkel j\u00e1r a MiniCRM a csapatom sz\u00e1m\u00e1ra? A csapatom nem [&hellip;]<\/p>\n","protected":false},"author":84,"featured_media":0,"comment_status":"closed","ping_status":"closed","sticky":false,"template":"","format":"standard","meta":{"footnotes":""},"categories":[2437,2435],"tags":[],"class_list":["post-39468","post","type-post","status-publish","format-standard","hentry","category-adminisztratorok-es-vezetok-szamara","category-elso-lepesek"],"yoast_head":"<!-- This site is optimized with the Yoast SEO plugin v27.1.1 - https:\/\/yoast.com\/product\/yoast-seo-wordpress\/ -->\n<title>Bevezet\u00e9si seg\u00e9dlet vezet\u0151knek - Documenta\u021bie MiniCRM<\/title>\n<meta name=\"description\" content=\"Mi kell a sikeres MiniCRM bevezet\u00e9shez? Vezet\u0151i teend\u0151lista \u00e9s r\u00f6vid vide\u00f3k.\" \/>\n<meta name=\"robots\" content=\"index, follow, max-snippet:-1, max-image-preview:large, max-video-preview:-1\" \/>\n<link rel=\"canonical\" href=\"https:\/\/www.minicrm.hu\/help\/menedzser-q-a\/\" \/>\n<meta property=\"og:locale\" content=\"en_US\" \/>\n<meta property=\"og:type\" content=\"article\" \/>\n<meta property=\"og:title\" content=\"Bevezet\u00e9si seg\u00e9dlet vezet\u0151knek - Documenta\u021bie MiniCRM\" \/>\n<meta property=\"og:description\" content=\"Mi kell a sikeres MiniCRM bevezet\u00e9shez? Vezet\u0151i teend\u0151lista \u00e9s r\u00f6vid vide\u00f3k.\" \/>\n<meta property=\"og:url\" content=\"https:\/\/www.minicrm.hu\/help\/menedzser-q-a\/\" \/>\n<meta property=\"og:site_name\" content=\"Documenta\u021bie MiniCRM\" \/>\n<meta property=\"article:published_time\" content=\"2022-04-21T16:58:06+00:00\" \/>\n<meta property=\"article:modified_time\" content=\"2025-11-18T08:58:01+00:00\" \/>\n<meta property=\"og:image\" content=\"https:\/\/minicrm-wp-help.s3.amazonaws.com\/uploads\/2022\/04\/MiniCRM_7.Lepes_.Vezetoi.itiner.jpg\" \/>\n\t<meta property=\"og:image:width\" content=\"1280\" \/>\n\t<meta property=\"og:image:height\" content=\"720\" \/>\n\t<meta property=\"og:image:type\" content=\"image\/jpeg\" \/>\n<meta name=\"author\" content=\"Lajos Hompoth\" \/>\n<meta name=\"twitter:card\" content=\"summary_large_image\" \/>\n<meta name=\"twitter:label1\" content=\"Written by\" \/>\n\t<meta name=\"twitter:data1\" content=\"Lajos Hompoth\" \/>\n\t<meta name=\"twitter:label2\" content=\"Est. reading time\" \/>\n\t<meta name=\"twitter:data2\" content=\"7 minutes\" \/>\n<script type=\"application\/ld+json\" class=\"yoast-schema-graph\">{\"@context\":\"https:\/\/schema.org\",\"@graph\":[{\"@type\":\"Article\",\"@id\":\"https:\/\/www.minicrm.hu\/help\/menedzser-q-a\/#article\",\"isPartOf\":{\"@id\":\"https:\/\/www.minicrm.hu\/help\/menedzser-q-a\/\"},\"author\":{\"name\":\"Lajos Hompoth\",\"@id\":\"https:\/\/www.minicrm.hu\/help\/#\/schema\/person\/7aeda83e95d0c3f5c8328f28bc5e84ea\"},\"headline\":\"Bevezet\u00e9si seg\u00e9dlet vezet\u0151knek\",\"datePublished\":\"2022-04-21T16:58:06+00:00\",\"dateModified\":\"2025-11-18T08:58:01+00:00\",\"mainEntityOfPage\":{\"@id\":\"https:\/\/www.minicrm.hu\/help\/menedzser-q-a\/\"},\"wordCount\":2009,\"image\":{\"@id\":\"https:\/\/www.minicrm.hu\/help\/menedzser-q-a\/#primaryimage\"},\"thumbnailUrl\":\"https:\/\/minicrm-wp-help.s3.amazonaws.com\/uploads\/2022\/04\/MiniCRM_7.Lepes_.Vezetoi.itiner-300x169.jpg\",\"articleSection\":[\"Adminisztr\u00e1torok \u00e9s Vezet\u0151k sz\u00e1m\u00e1ra\",\"Els\u0151 l\u00e9p\u00e9sek\"],\"inLanguage\":\"en-US\"},{\"@type\":\"WebPage\",\"@id\":\"https:\/\/www.minicrm.hu\/help\/menedzser-q-a\/\",\"url\":\"https:\/\/www.minicrm.hu\/help\/menedzser-q-a\/\",\"name\":\"Bevezet\u00e9si seg\u00e9dlet vezet\u0151knek - Documenta\u021bie MiniCRM\",\"isPartOf\":{\"@id\":\"https:\/\/www.minicrm.hu\/help\/#website\"},\"primaryImageOfPage\":{\"@id\":\"https:\/\/www.minicrm.hu\/help\/menedzser-q-a\/#primaryimage\"},\"image\":{\"@id\":\"https:\/\/www.minicrm.hu\/help\/menedzser-q-a\/#primaryimage\"},\"thumbnailUrl\":\"https:\/\/minicrm-wp-help.s3.amazonaws.com\/uploads\/2022\/04\/MiniCRM_7.Lepes_.Vezetoi.itiner-300x169.jpg\",\"datePublished\":\"2022-04-21T16:58:06+00:00\",\"dateModified\":\"2025-11-18T08:58:01+00:00\",\"author\":{\"@id\":\"https:\/\/www.minicrm.hu\/help\/#\/schema\/person\/7aeda83e95d0c3f5c8328f28bc5e84ea\"},\"description\":\"Mi kell a sikeres MiniCRM bevezet\u00e9shez? Vezet\u0151i teend\u0151lista \u00e9s r\u00f6vid vide\u00f3k.\",\"breadcrumb\":{\"@id\":\"https:\/\/www.minicrm.hu\/help\/menedzser-q-a\/#breadcrumb\"},\"inLanguage\":\"en-US\",\"potentialAction\":[{\"@type\":\"ReadAction\",\"target\":[\"https:\/\/www.minicrm.hu\/help\/menedzser-q-a\/\"]}]},{\"@type\":\"ImageObject\",\"inLanguage\":\"en-US\",\"@id\":\"https:\/\/www.minicrm.hu\/help\/menedzser-q-a\/#primaryimage\",\"url\":\"https:\/\/minicrm-wp-help.s3.amazonaws.com\/uploads\/2022\/04\/MiniCRM_7.Lepes_.Vezetoi.itiner-300x169.jpg\",\"contentUrl\":\"https:\/\/minicrm-wp-help.s3.amazonaws.com\/uploads\/2022\/04\/MiniCRM_7.Lepes_.Vezetoi.itiner-300x169.jpg\"},{\"@type\":\"BreadcrumbList\",\"@id\":\"https:\/\/www.minicrm.hu\/help\/menedzser-q-a\/#breadcrumb\",\"itemListElement\":[{\"@type\":\"ListItem\",\"position\":1,\"name\":\"Home\",\"item\":\"https:\/\/www.minicrm.hu\/help\/\"},{\"@type\":\"ListItem\",\"position\":2,\"name\":\"Bevezet\u00e9si seg\u00e9dlet vezet\u0151knek\"}]},{\"@type\":\"WebSite\",\"@id\":\"https:\/\/www.minicrm.hu\/help\/#website\",\"url\":\"https:\/\/www.minicrm.hu\/help\/\",\"name\":\"Documenta\u021bie MiniCRM\",\"description\":\"Welcome to MiniCRM\",\"potentialAction\":[{\"@type\":\"SearchAction\",\"target\":{\"@type\":\"EntryPoint\",\"urlTemplate\":\"https:\/\/www.minicrm.hu\/help\/?s={search_term_string}\"},\"query-input\":{\"@type\":\"PropertyValueSpecification\",\"valueRequired\":true,\"valueName\":\"search_term_string\"}}],\"inLanguage\":\"en-US\"},{\"@type\":\"Person\",\"@id\":\"https:\/\/www.minicrm.hu\/help\/#\/schema\/person\/7aeda83e95d0c3f5c8328f28bc5e84ea\",\"name\":\"Lajos Hompoth\",\"image\":{\"@type\":\"ImageObject\",\"inLanguage\":\"en-US\",\"@id\":\"https:\/\/www.minicrm.hu\/help\/#\/schema\/person\/image\/\",\"url\":\"https:\/\/secure.gravatar.com\/avatar\/0b70315ab4745db48dbd6b1c219e3b91bf2ae341e3915b8cace00cd1e99d05a3?s=96&d=mm&r=g\",\"contentUrl\":\"https:\/\/secure.gravatar.com\/avatar\/0b70315ab4745db48dbd6b1c219e3b91bf2ae341e3915b8cace00cd1e99d05a3?s=96&d=mm&r=g\",\"caption\":\"Lajos Hompoth\"},\"sameAs\":[\"https:\/\/www.minicrm.hu\/\"]}]}<\/script>\n<!-- \/ Yoast SEO plugin. -->","yoast_head_json":{"title":"Bevezet\u00e9si seg\u00e9dlet vezet\u0151knek - Documenta\u021bie MiniCRM","description":"Mi kell a sikeres MiniCRM bevezet\u00e9shez? Vezet\u0151i teend\u0151lista \u00e9s r\u00f6vid vide\u00f3k.","robots":{"index":"index","follow":"follow","max-snippet":"max-snippet:-1","max-image-preview":"max-image-preview:large","max-video-preview":"max-video-preview:-1"},"canonical":"https:\/\/www.minicrm.hu\/help\/menedzser-q-a\/","og_locale":"en_US","og_type":"article","og_title":"Bevezet\u00e9si seg\u00e9dlet vezet\u0151knek - Documenta\u021bie MiniCRM","og_description":"Mi kell a sikeres MiniCRM bevezet\u00e9shez? Vezet\u0151i teend\u0151lista \u00e9s r\u00f6vid vide\u00f3k.","og_url":"https:\/\/www.minicrm.hu\/help\/menedzser-q-a\/","og_site_name":"Documenta\u021bie MiniCRM","article_published_time":"2022-04-21T16:58:06+00:00","article_modified_time":"2025-11-18T08:58:01+00:00","og_image":[{"width":1280,"height":720,"url":"https:\/\/minicrm-wp-help.s3.amazonaws.com\/uploads\/2022\/04\/MiniCRM_7.Lepes_.Vezetoi.itiner.jpg","type":"image\/jpeg"}],"author":"Lajos Hompoth","twitter_card":"summary_large_image","twitter_misc":{"Written by":"Lajos Hompoth","Est. reading time":"7 minutes"},"schema":{"@context":"https:\/\/schema.org","@graph":[{"@type":"Article","@id":"https:\/\/www.minicrm.hu\/help\/menedzser-q-a\/#article","isPartOf":{"@id":"https:\/\/www.minicrm.hu\/help\/menedzser-q-a\/"},"author":{"name":"Lajos Hompoth","@id":"https:\/\/www.minicrm.hu\/help\/#\/schema\/person\/7aeda83e95d0c3f5c8328f28bc5e84ea"},"headline":"Bevezet\u00e9si seg\u00e9dlet vezet\u0151knek","datePublished":"2022-04-21T16:58:06+00:00","dateModified":"2025-11-18T08:58:01+00:00","mainEntityOfPage":{"@id":"https:\/\/www.minicrm.hu\/help\/menedzser-q-a\/"},"wordCount":2009,"image":{"@id":"https:\/\/www.minicrm.hu\/help\/menedzser-q-a\/#primaryimage"},"thumbnailUrl":"https:\/\/minicrm-wp-help.s3.amazonaws.com\/uploads\/2022\/04\/MiniCRM_7.Lepes_.Vezetoi.itiner-300x169.jpg","articleSection":["Adminisztr\u00e1torok \u00e9s Vezet\u0151k sz\u00e1m\u00e1ra","Els\u0151 l\u00e9p\u00e9sek"],"inLanguage":"en-US"},{"@type":"WebPage","@id":"https:\/\/www.minicrm.hu\/help\/menedzser-q-a\/","url":"https:\/\/www.minicrm.hu\/help\/menedzser-q-a\/","name":"Bevezet\u00e9si seg\u00e9dlet vezet\u0151knek - Documenta\u021bie MiniCRM","isPartOf":{"@id":"https:\/\/www.minicrm.hu\/help\/#website"},"primaryImageOfPage":{"@id":"https:\/\/www.minicrm.hu\/help\/menedzser-q-a\/#primaryimage"},"image":{"@id":"https:\/\/www.minicrm.hu\/help\/menedzser-q-a\/#primaryimage"},"thumbnailUrl":"https:\/\/minicrm-wp-help.s3.amazonaws.com\/uploads\/2022\/04\/MiniCRM_7.Lepes_.Vezetoi.itiner-300x169.jpg","datePublished":"2022-04-21T16:58:06+00:00","dateModified":"2025-11-18T08:58:01+00:00","author":{"@id":"https:\/\/www.minicrm.hu\/help\/#\/schema\/person\/7aeda83e95d0c3f5c8328f28bc5e84ea"},"description":"Mi kell a sikeres MiniCRM bevezet\u00e9shez? Vezet\u0151i teend\u0151lista \u00e9s r\u00f6vid vide\u00f3k.","breadcrumb":{"@id":"https:\/\/www.minicrm.hu\/help\/menedzser-q-a\/#breadcrumb"},"inLanguage":"en-US","potentialAction":[{"@type":"ReadAction","target":["https:\/\/www.minicrm.hu\/help\/menedzser-q-a\/"]}]},{"@type":"ImageObject","inLanguage":"en-US","@id":"https:\/\/www.minicrm.hu\/help\/menedzser-q-a\/#primaryimage","url":"https:\/\/minicrm-wp-help.s3.amazonaws.com\/uploads\/2022\/04\/MiniCRM_7.Lepes_.Vezetoi.itiner-300x169.jpg","contentUrl":"https:\/\/minicrm-wp-help.s3.amazonaws.com\/uploads\/2022\/04\/MiniCRM_7.Lepes_.Vezetoi.itiner-300x169.jpg"},{"@type":"BreadcrumbList","@id":"https:\/\/www.minicrm.hu\/help\/menedzser-q-a\/#breadcrumb","itemListElement":[{"@type":"ListItem","position":1,"name":"Home","item":"https:\/\/www.minicrm.hu\/help\/"},{"@type":"ListItem","position":2,"name":"Bevezet\u00e9si seg\u00e9dlet vezet\u0151knek"}]},{"@type":"WebSite","@id":"https:\/\/www.minicrm.hu\/help\/#website","url":"https:\/\/www.minicrm.hu\/help\/","name":"Documenta\u021bie MiniCRM","description":"Welcome to MiniCRM","potentialAction":[{"@type":"SearchAction","target":{"@type":"EntryPoint","urlTemplate":"https:\/\/www.minicrm.hu\/help\/?s={search_term_string}"},"query-input":{"@type":"PropertyValueSpecification","valueRequired":true,"valueName":"search_term_string"}}],"inLanguage":"en-US"},{"@type":"Person","@id":"https:\/\/www.minicrm.hu\/help\/#\/schema\/person\/7aeda83e95d0c3f5c8328f28bc5e84ea","name":"Lajos Hompoth","image":{"@type":"ImageObject","inLanguage":"en-US","@id":"https:\/\/www.minicrm.hu\/help\/#\/schema\/person\/image\/","url":"https:\/\/secure.gravatar.com\/avatar\/0b70315ab4745db48dbd6b1c219e3b91bf2ae341e3915b8cace00cd1e99d05a3?s=96&d=mm&r=g","contentUrl":"https:\/\/secure.gravatar.com\/avatar\/0b70315ab4745db48dbd6b1c219e3b91bf2ae341e3915b8cace00cd1e99d05a3?s=96&d=mm&r=g","caption":"Lajos Hompoth"},"sameAs":["https:\/\/www.minicrm.hu\/"]}]}},"_links":{"self":[{"href":"https:\/\/www.minicrm.hu\/help\/wp-json\/wp\/v2\/posts\/39468","targetHints":{"allow":["GET"]}}],"collection":[{"href":"https:\/\/www.minicrm.hu\/help\/wp-json\/wp\/v2\/posts"}],"about":[{"href":"https:\/\/www.minicrm.hu\/help\/wp-json\/wp\/v2\/types\/post"}],"author":[{"embeddable":true,"href":"https:\/\/www.minicrm.hu\/help\/wp-json\/wp\/v2\/users\/84"}],"replies":[{"embeddable":true,"href":"https:\/\/www.minicrm.hu\/help\/wp-json\/wp\/v2\/comments?post=39468"}],"version-history":[{"count":3,"href":"https:\/\/www.minicrm.hu\/help\/wp-json\/wp\/v2\/posts\/39468\/revisions"}],"predecessor-version":[{"id":58025,"href":"https:\/\/www.minicrm.hu\/help\/wp-json\/wp\/v2\/posts\/39468\/revisions\/58025"}],"wp:attachment":[{"href":"https:\/\/www.minicrm.hu\/help\/wp-json\/wp\/v2\/media?parent=39468"}],"wp:term":[{"taxonomy":"category","embeddable":true,"href":"https:\/\/www.minicrm.hu\/help\/wp-json\/wp\/v2\/categories?post=39468"},{"taxonomy":"post_tag","embeddable":true,"href":"https:\/\/www.minicrm.hu\/help\/wp-json\/wp\/v2\/tags?post=39468"}],"curies":[{"name":"wp","href":"https:\/\/api.w.org\/{rel}","templated":true}]}}